{"id":27459,"date":"2017-04-25T19:21:23","date_gmt":"2017-04-25T17:21:23","guid":{"rendered":"https:\/\/www.stepienybarno.es\/blog\/?p=27459"},"modified":"2017-04-25T10:27:04","modified_gmt":"2017-04-25T08:27:04","slug":"ciudades-intensas-mejor-que-ciudades-densas-2","status":"publish","type":"post","link":"https:\/\/stepienybarno.es\/blog\/2017\/04\/25\/ciudades-intensas-mejor-que-ciudades-densas-2\/","title":{"rendered":"CIUDADES INTENSAS MEJOR QUE CIUDADES DENSAS"},"content":{"rendered":"<p><img loading=\"lazy\" decoding=\"async\" class=\"aligncenter size-medium wp-image-27460\" src=\"https:\/\/stepienybarno.es\/blog\/wp-content\/uploads\/2017\/04\/stepienybarno-stepien-y-barno-arquitectura-francisco-camino-arias-550x337.jpg\" alt=\"stepienybarno-stepien-y-barno-arquitectura-francisco-camino-arias\" width=\"550\" height=\"337\" srcset=\"https:\/\/stepienybarno.es\/blog\/wp-content\/uploads\/2017\/04\/stepienybarno-stepien-y-barno-arquitectura-francisco-camino-arias-550x337.jpg 550w, https:\/\/stepienybarno.es\/blog\/wp-content\/uploads\/2017\/04\/stepienybarno-stepien-y-barno-arquitectura-francisco-camino-arias-180x110.jpg 180w, https:\/\/stepienybarno.es\/blog\/wp-content\/uploads\/2017\/04\/stepienybarno-stepien-y-barno-arquitectura-francisco-camino-arias-316x194.jpg 316w, https:\/\/stepienybarno.es\/blog\/wp-content\/uploads\/2017\/04\/stepienybarno-stepien-y-barno-arquitectura-francisco-camino-arias.jpg 640w\" sizes=\"(max-width: 550px) 100vw, 550px\" \/><\/p>\n<p><strong>Por <a href=\"http:\/\/franciscocaminoarias.com\/\" target=\"_blank\">Francisco Camino<\/a><\/strong><\/p>\n<p><!--more--><\/p>\n<p style=\"text-align: justify;\">\u201cHa sido un dogma para los profesionales de la\u00a0<strong>construcci\u00f3n de la ciudad<\/strong>, del\u00a0<strong>dise\u00f1o urbano<\/strong>, de la\u00a0<strong>planificaci\u00f3n territorial<\/strong>\u00a0y del\u00a0<strong>urbanismo<\/strong>\u00a0en general, que son deseables las ciudades con una elevada densidad.\u00a0<strong>Durante varios lustros hemos estado de acuerdo en que las urbes con alta densidad eran m\u00e1s f\u00e1ciles de gestionar y financiar que las<\/strong><strong>\u00a0<\/strong><strong><a href=\"http:\/\/www.paisajetransversal.org\/2016\/02\/el-coste-de-la-ciudad-dispersa-arquitasa.html\">ciudades dispersas<\/a><\/strong>, que ocupan y despilfarran ingentes cantidades de territorio. Todos est\u00e1bamos de acuerdo en considerar a las\u00a0<strong>ciudades densas<\/strong>\u00a0como m\u00e1s sostenibles y m\u00e1s adecuadas para mejorar la libertad y la igualdad entre sus habitantes.<\/p>\n<p style=\"text-align: justify;\">Continuamos estando, en principio, de acuerdo con estas afirmaciones, que tambi\u00e9n nosotros hemos defendido, incluso con una cierta vehemencia. Pero unas reflexiones realizadas dentro del\u00a0<strong>Foro<\/strong>, recientemente celebrado en Quito,\u00a0<a href=\"https:\/\/habitat3.org\/\"><strong>HABITAT III<\/strong><\/a>, nos han hecho matizar algo esta creencia. Este tipo de encuentros, con independencia de facilitar el turismo subvencionado de los profesionales m\u00e1s pr\u00f3ximos al poder establecido, no suelen hacer grandes aportaciones para ayudar a solventar los graves\u00a0<strong>problemas urbanos<\/strong>\u00a0existentes. Pero, ha sido el controvertido y medi\u00e1tico arquitecto chileno\u00a0<a href=\"http:\/\/cultura.elpais.com\/cultura\/2016\/10\/25\/babelia\/1477403562_316562.html\"><strong>Alejandro Aravena<\/strong><\/a>, del que no somos especialmente seguidores, quien ha introducido y contrapuesto al concepto \u201c<em><strong>densidad\u201d<\/strong><\/em>\u00a0su variable \u201c<strong>intensidad<\/strong>\u201d, induci\u00e9ndonos a profundizar en la referida contraposici\u00f3n.<\/p>\n<p style=\"text-align: justify;\">Es un hecho incontestable que un gran porcentaje de la poblaci\u00f3n mundial vive en \u201c<em><strong>ciudades<\/strong><\/em>\u201d y en grandes aglomeraciones.\u00a0<strong>Una gran parte de esta poblaci\u00f3n \u201c<\/strong><em><strong>habita<\/strong><\/em><strong>\u201d hacinada en informales asentamientos con deficientes servicios urbanos<\/strong>. Es previsible que esta tendencia aumentar\u00e1 considerablemente en los pr\u00f3ximos a\u00f1os.\u00a0<strong>La pobreza, la desigualdad, el expolio de las grandes compa\u00f1\u00edas transnacionales, adem\u00e1s de los nocivos efectos del \u201c<\/strong><em><strong>cambio clim\u00e1tico<\/strong><\/em><strong>\u201d aceleran estos procesos migratorios del<\/strong><strong>\u00a0<\/strong><strong><a href=\"http:\/\/www.tendencias21.net\/El-60-de-la-poblacion-mundial-vivira-en-ciudades-en-2030_a2715.html\">\u201c<em>campo a la ciudad<\/em>\u201d<\/a>.<\/strong>\u00a0La elevad\u00edsima densidad de estas aglomeraciones, no es garant\u00eda, m\u00e1s bien lo contrario, de ninguna mejora en las condiciones de vida de sus habitantes (\u2026)\u201d<\/p>\n<p>&nbsp;<\/p>\n<p>&nbsp;<\/p>\n<p>&nbsp;<\/p>\n<p style=\"text-align: center;\"><strong>Accede al art\u00edculo,\u00a0<a href=\"http:\/\/franciscocaminoarias.com\/ciudades-intensas-mejor-que-ciudades-densas\/\" target=\"_blank\">AQU\u00cd<\/a><\/strong><\/p>\n<p><strong>\u00a0<\/strong><\/p>\n<p>&nbsp;<\/p>\n<p><span style=\"color: #999999;\"><em>Noticia seleccionada por el Canal de arquitectura STEPIENYBARNO.\u00a0<\/em><\/span><\/p>\n<p><a href=\"https:\/\/twitter.com\/stepienybarno\"><em>STEPIENYBARNO EN TWITTER _ @stepienybarno<\/em><\/a><\/p>\n<p><a href=\"http:\/\/www.linkedin.com\/company\/stepienybarno\"><em>STEPIENYBARNO EN LINKEDIN<\/em><\/a><\/p>\n<p><a href=\"https:\/\/www.facebook.com\/StepienybarnoCANAL\"><em>STEPIENYBARNO EN FACEBOOK<\/em><\/a><\/p>\n<p><span style=\"color: #999999;\"><em>*Stepienybarno est\u00e1 formado por Agnieszka Stepien y Lorenzo Barn\u00f3 y desde mayo del 2009 estamos en la red con\u00a0 la presente publicaci\u00f3n digital (Blog) de arquitectura.<\/em><\/span><\/p>\n<p><span style=\"color: #999999;\"><em>Nuestra actividad se sustenta en tres pilares b\u00e1sicos: la investigaci\u00f3n, la publicaci\u00f3n (comunicaci\u00f3n y difusi\u00f3n) y la redacci\u00f3n de proyectos de arquitectura.<\/em><\/span><\/p>\n<p><span style=\"color: #999999;\"><em>A su vez, somos socios cofundadores de<\/em><\/span><em>\u00a0<\/em><a href=\"http:\/\/sinergiasostenible.org\/\"><em>SINERGIA SOSTENIBLE<\/em><\/a><span style=\"color: #999999;\"><em>, redactores de<\/em><\/span><em>\u00a0<\/em><a href=\"http:\/\/www.laciudadviva.org\/blogs\/?author=45\"><em>LA CIUDAD VIVA<\/em><\/a><em>\u00a0<\/em><span style=\"color: #999999;\"><em>y directores del blog de<\/em><\/span><em>\u00a0<\/em><a href=\"http:\/\/blogfundacion.arquia.es\/\"><em>FUNDACI\u00d3N ARQUIA<\/em><\/a><span style=\"color: #999999;\"><em>.<\/em><\/span><\/p>\n<p><span style=\"color: #999999;\"><em>* Los editores de esta publicaci\u00f3n digital no nos hacemos cargo de de los comentarios y\u00a0 conceptos vertidos en los textos firmados por otras personas, siendo \u00e9stos de responsabilidad exclusiva de sus autores.<\/em><\/span><\/p>\n<p><span style=\"color: #999999;\"><em>* Tu comentario podr\u00e1 ser moderado, por lo tanto, aunque aparezca inmediatamente al ser publicado en la entrada, los editores de esta publicaci\u00f3n digital nos reservamos el derecho tanto de editarlo (si fuera necesario, para hacerlo m\u00e1s legible) como de eliminarlo en el caso de que se usen expresiones incorrectas (descalificaciones, palabras malsonantes\u2026). A su vez, si quieres comentar desde el anonimato puedes hacerlo, aunque, nosotros personalmente, agradecemos que tod@s nos podamos identificar.<\/em><\/span><\/p>\n","protected":false},"excerpt":{"rendered":"<p>Por Francisco Camino<\/p>\n","protected":false},"author":9,"featured_media":27460,"comment_status":"open","ping_status":"closed","sticky":false,"template":"","format":"standard","meta":{"om_disable_all_campaigns":false,"_monsterinsights_skip_tracking":false,"_monsterinsights_sitenote_active":false,"_monsterinsights_sitenote_note":"","_monsterinsights_sitenote_category":0,"_uf_show_specific_survey":0,"_uf_disable_surveys":false,"episode_type":"","audio_file":"","cover_image":"","cover_image_id":"","duration":"","filesize":"","date_recorded":"","explicit":"","block":"","filesize_raw":"","footnotes":""},"categories":[244],"tags":[3159],"series":[],"class_list":["post-27459","post","type-post","status-publish","format-standard","has-post-thumbnail","hentry","category-canal-de-arquitectura","tag-francisco-camino"],"aioseo_notices":[],"episode_featured_image":"https:\/\/stepienybarno.es\/blog\/wp-content\/uploads\/2017\/04\/stepienybarno-stepien-y-barno-arquitectura-francisco-camino-arias.jpg","episode_player_image":"https:\/\/stepienybarno.es\/blog\/wp-content\/uploads\/2020\/11\/stepienybarno-podcast-scaled.jpg","download_link":"","player_link":"","audio_player":false,"episode_data":{"playerMode":"dark","subscribeUrls":[],"rssFeedUrl":"https:\/\/stepienybarno.es\/blog\/feed\/podcast\/podcast-de-stepienybarno","embedCode":"<blockquote class=\"wp-embedded-content\" data-secret=\"mezCNLjwA1\"><a href=\"https:\/\/stepienybarno.es\/blog\/2017\/04\/25\/ciudades-intensas-mejor-que-ciudades-densas-2\/\">CIUDADES INTENSAS MEJOR QUE CIUDADES DENSAS<\/a><\/blockquote><iframe sandbox=\"allow-scripts\" security=\"restricted\" src=\"https:\/\/stepienybarno.es\/blog\/2017\/04\/25\/ciudades-intensas-mejor-que-ciudades-densas-2\/embed\/#?secret=mezCNLjwA1\" width=\"500\" height=\"350\" title=\"\u00abCIUDADES INTENSAS MEJOR QUE CIUDADES DENSAS\u00bb \u2014 Blog de STEPIEN Y BARNO - publicaci\u00f3n digital sobre arquitectura\" data-secret=\"mezCNLjwA1\" frameborder=\"0\" marginwidth=\"0\" marginheight=\"0\" scrolling=\"no\" class=\"wp-embedded-content\"><\/iframe><script type=\"text\/javascript\">\n\/* <![CDATA[ *\/\n\/*! This file is auto-generated *\/\n!function(d,l){\"use strict\";l.querySelector&&d.addEventListener&&\"undefined\"!=typeof URL&&(d.wp=d.wp||{},d.wp.receiveEmbedMessage||(d.wp.receiveEmbedMessage=function(e){var t=e.data;if((t||t.secret||t.message||t.value)&&!\/[^a-zA-Z0-9]\/.test(t.secret)){for(var s,r,n,a=l.querySelectorAll('iframe[data-secret=\"'+t.secret+'\"]'),o=l.querySelectorAll('blockquote[data-secret=\"'+t.secret+'\"]'),c=new RegExp(\"^https?:$\",\"i\"),i=0;i<o.length;i++)o[i].style.display=\"none\";for(i=0;i<a.length;i++)s=a[i],e.source===s.contentWindow&&(s.removeAttribute(\"style\"),\"height\"===t.message?(1e3<(r=parseInt(t.value,10))?r=1e3:~~r<200&&(r=200),s.height=r):\"link\"===t.message&&(r=new URL(s.getAttribute(\"src\")),n=new URL(t.value),c.test(n.protocol))&&n.host===r.host&&l.activeElement===s&&(d.top.location.href=t.value))}},d.addEventListener(\"message\",d.wp.receiveEmbedMessage,!1),l.addEventListener(\"DOMContentLoaded\",function(){for(var e,t,s=l.querySelectorAll(\"iframe.wp-embedded-content\"),r=0;r<s.length;r++)(t=(e=s[r]).getAttribute(\"data-secret\"))||(t=Math.random().toString(36).substring(2,12),e.src+=\"#?secret=\"+t,e.setAttribute(\"data-secret\",t)),e.contentWindow.postMessage({message:\"ready\",secret:t},\"*\")},!1)))}(window,document);\n\/* ]]> *\/\n<\/script>\n"},"_links":{"self":[{"href":"https:\/\/stepienybarno.es\/blog\/wp-json\/wp\/v2\/posts\/27459"}],"collection":[{"href":"https:\/\/stepienybarno.es\/blog\/wp-json\/wp\/v2\/posts"}],"about":[{"href":"https:\/\/stepienybarno.es\/blog\/wp-json\/wp\/v2\/types\/post"}],"author":[{"embeddable":true,"href":"https:\/\/stepienybarno.es\/blog\/wp-json\/wp\/v2\/users\/9"}],"replies":[{"embeddable":true,"href":"https:\/\/stepienybarno.es\/blog\/wp-json\/wp\/v2\/comments?post=27459"}],"version-history":[{"count":1,"href":"https:\/\/stepienybarno.es\/blog\/wp-json\/wp\/v2\/posts\/27459\/revisions"}],"predecessor-version":[{"id":27461,"href":"https:\/\/stepienybarno.es\/blog\/wp-json\/wp\/v2\/posts\/27459\/revisions\/27461"}],"wp:featuredmedia":[{"embeddable":true,"href":"https:\/\/stepienybarno.es\/blog\/wp-json\/wp\/v2\/media\/27460"}],"wp:attachment":[{"href":"https:\/\/stepienybarno.es\/blog\/wp-json\/wp\/v2\/media?parent=27459"}],"wp:term":[{"taxonomy":"category","embeddable":true,"href":"https:\/\/stepienybarno.es\/blog\/wp-json\/wp\/v2\/categories?post=27459"},{"taxonomy":"post_tag","embeddable":true,"href":"https:\/\/stepienybarno.es\/blog\/wp-json\/wp\/v2\/tags?post=27459"},{"taxonomy":"series","embeddable":true,"href":"https:\/\/stepienybarno.es\/blog\/wp-json\/wp\/v2\/series?post=27459"}],"curies":[{"name":"wp","href":"https:\/\/api.w.org\/{rel}","templated":true}]}}