{"id":27629,"date":"2017-05-08T09:21:10","date_gmt":"2017-05-08T07:21:10","guid":{"rendered":"https:\/\/www.stepienybarno.es\/blog\/?p=27629"},"modified":"2017-05-07T22:46:48","modified_gmt":"2017-05-07T20:46:48","slug":"18-obras-de-arquitectura-para-ninos-que-ofrecen-espacios-para-jugar-y-aprender","status":"publish","type":"post","link":"https:\/\/stepienybarno.es\/blog\/2017\/05\/08\/18-obras-de-arquitectura-para-ninos-que-ofrecen-espacios-para-jugar-y-aprender\/","title":{"rendered":"18 OBRAS DE ARQUITECTURA PARA NI\u00d1OS QUE OFRECEN ESPACIOS PARA JUGAR Y APRENDER"},"content":{"rendered":"<p><img loading=\"lazy\" decoding=\"async\" class=\"aligncenter wp-image-27633\" src=\"https:\/\/stepienybarno.es\/blog\/wp-content\/uploads\/2017\/05\/Stepienybarno-stepien-y-barno-blog-arquitectura-plataforma-infancia-1-550x367.gif\" alt=\"Stepienybarno-stepien-y-barno-blog-arquitectura-plataforma-infancia\" width=\"500\" height=\"334\" srcset=\"https:\/\/stepienybarno.es\/blog\/wp-content\/uploads\/2017\/05\/Stepienybarno-stepien-y-barno-blog-arquitectura-plataforma-infancia-1-550x367.gif 550w, https:\/\/stepienybarno.es\/blog\/wp-content\/uploads\/2017\/05\/Stepienybarno-stepien-y-barno-blog-arquitectura-plataforma-infancia-1-180x120.gif 180w, https:\/\/stepienybarno.es\/blog\/wp-content\/uploads\/2017\/05\/Stepienybarno-stepien-y-barno-blog-arquitectura-plataforma-infancia-1-316x211.gif 316w\" sizes=\"(max-width: 500px) 100vw, 500px\" \/><br \/>\n<strong>Desde <a href=\"http:\/\/www.plataformaarquitectura.cl\/\" target=\"_blank\">Plataforma Arquitectura<\/a><\/strong><\/p>\n<p><!--more--><\/p>\n<p style=\"text-align: justify;\">\u201cLa arquitectura para ni\u00f1os no necesariamente se refleja en juegos para ellos. En el caso de los jardines infantiles, parques y escuelas, el proceso de dise\u00f1o es realizado por adultos, sin embargo los fieles usuarios son los ni\u00f1os. Por lo tanto, los arquitectos tenemos la responsabilidad de garantizar que el entorno construido ofrezca a los ni\u00f1os la oportunidad de jugar, explorar y aprender en el espacio f\u00edsico, incluso en esta era digital.<\/p>\n<p>Con esto en mente, presentamos 18 espacios dise\u00f1ados especialmente para ni\u00f1os -ambientes que tal vez puedan inspirar a los Foster, Hadids y Le Corbusiers del ma\u00f1ana.<\/p>\n<p style=\"text-align: justify;\"><a style=\"font-style: inherit; font-weight: inherit;\" href=\"http:\/\/www.plataformaarquitectura.cl\/cl\/764590\/patio-de-acceso-a-la-seccion-juvenil-de-educacion-artistica-ifat-finkelman-plus-deborah-warschawski\" target=\"_blank\">Patio de Acceso a la Secci\u00f3n Juvenil de Educaci\u00f3n Art\u00edstica \/ Ifat Finkelman + Deborah Warschawski<\/a> (\u2026)\u201d<\/p>\n<p>&nbsp;<\/p>\n<p style=\"text-align: center;\"><strong>Accede al art\u00edculo, <a href=\"http:\/\/www.plataformaarquitectura.cl\/cl\/869949\/18-obras-de-arquitectura-para-ninos-que-ofrecen-espacios-para-jugar-y-aprender\" target=\"_blank\">AQU\u00cd<\/a><\/strong><\/p>\n<p>&nbsp;<\/p>\n<p><span style=\"color: #999999;\"><em>*Noticia seleccionada por el Canal de arquitectura STEPIENYBARNO.\u00a0<\/em><\/span><\/p>\n<p><a href=\"https:\/\/twitter.com\/stepienybarno\"><em>STEPIENYBARNO EN TWITTER _ @stepienybarno<\/em><\/a><\/p>\n<p><a href=\"http:\/\/www.linkedin.com\/company\/stepienybarno\"><em>STEPIENYBARNO EN LINKEDIN<\/em><\/a><\/p>\n<p><a href=\"https:\/\/www.facebook.com\/StepienybarnoCANAL\"><em>STEPIENYBARNO EN FACEBOOK<\/em><\/a><\/p>\n<p><span style=\"color: #999999;\"><em>*Stepienybarno est\u00e1 formado por Agnieszka Stepien y Lorenzo Barn\u00f3 y desde mayo del 2009 estamos en la red con\u00a0 la presente publicaci\u00f3n digital (Blog) de arquitectura.<\/em><\/span><\/p>\n<p><span style=\"color: #999999;\"><em>Nuestra actividad se sustenta en tres pilares b\u00e1sicos: la investigaci\u00f3n, la publicaci\u00f3n (comunicaci\u00f3n y difusi\u00f3n) y la redacci\u00f3n de proyectos de arquitectura.<\/em><\/span><\/p>\n<p><span style=\"color: #999999;\"><em>A su vez, somos socios cofundadores de<\/em><\/span><em>\u00a0<\/em><a href=\"http:\/\/sinergiasostenible.org\/\"><em>SINERGIA SOSTENIBLE<\/em><\/a><span style=\"color: #999999;\"><em>,<\/em><em>\u00a0<\/em><em>redactores de<\/em><em>\u00a0<\/em><\/span><a href=\"http:\/\/www.laciudadviva.org\/blogs\/?author=45\"><em>LA CIUDAD VIVA<\/em><\/a><span style=\"color: #999999;\"><em>\u00a0<\/em><em>y directores del blog de<\/em><em>\u00a0<\/em><\/span><a href=\"http:\/\/blogfundacion.arquia.es\/\"><em>FUNDACI\u00d3N ARQUIA<\/em><\/a><span style=\"color: #999999;\"><em>.<\/em><\/span><\/p>\n<p><span style=\"color: #999999;\"><em>* Los editores de esta publicaci\u00f3n digital no nos hacemos cargo de de los comentarios y\u00a0 conceptos vertidos en los textos firmados por otras personas, siendo \u00e9stos de responsabilidad exclusiva de sus autores.<\/em><\/span><\/p>\n<p><span style=\"color: #999999;\"><em>* Tu comentario podr\u00e1 ser moderado, por lo tanto, aunque aparezca inmediatamente al ser publicado en la entrada, los editores de esta publicaci\u00f3n digital nos reservamos el derecho tanto de editarlo (si fuera necesario, para hacerlo m\u00e1s legible) como de eliminarlo en el caso de que se usen expresiones incorrectas (descalificaciones, palabras malsonantes\u2026). A su vez, si quieres comentar desde el anonimato puedes hacerlo, aunque, nosotros personalmente, agradecemos que tod@s nos podamos identificar.<\/em><\/span><\/p>\n","protected":false},"excerpt":{"rendered":"<p>Desde Plataforma Arquitectura<\/p>\n","protected":false},"author":9,"featured_media":27630,"comment_status":"open","ping_status":"closed","sticky":false,"template":"","format":"standard","meta":{"om_disable_all_campaigns":false,"_monsterinsights_skip_tracking":false,"_monsterinsights_sitenote_active":false,"_monsterinsights_sitenote_note":"","_monsterinsights_sitenote_category":0,"_uf_show_specific_survey":0,"_uf_disable_surveys":false,"episode_type":"","audio_file":"","cover_image":"","cover_image_id":"","duration":"","filesize":"","date_recorded":"","explicit":"","block":"","filesize_raw":"","footnotes":""},"categories":[244],"tags":[921],"series":[],"class_list":["post-27629","post","type-post","status-publish","format-standard","has-post-thumbnail","hentry","category-canal-de-arquitectura","tag-plataforma-arquitectura"],"aioseo_notices":[],"episode_featured_image":"https:\/\/stepienybarno.es\/blog\/wp-content\/uploads\/2017\/05\/Stepienybarno-stepien-y-barno-blog-arquitectura-plataforma-infancia.gif","episode_player_image":"https:\/\/stepienybarno.es\/blog\/wp-content\/uploads\/2020\/11\/stepienybarno-podcast-scaled.jpg","download_link":"","player_link":"","audio_player":false,"episode_data":{"playerMode":"dark","subscribeUrls":[],"rssFeedUrl":"https:\/\/stepienybarno.es\/blog\/feed\/podcast\/podcast-de-stepienybarno","embedCode":"<blockquote class=\"wp-embedded-content\" data-secret=\"BAV7LCO0Pt\"><a href=\"https:\/\/stepienybarno.es\/blog\/2017\/05\/08\/18-obras-de-arquitectura-para-ninos-que-ofrecen-espacios-para-jugar-y-aprender\/\">18 OBRAS DE ARQUITECTURA PARA NI\u00d1OS QUE OFRECEN ESPACIOS PARA JUGAR Y APRENDER<\/a><\/blockquote><iframe sandbox=\"allow-scripts\" security=\"restricted\" src=\"https:\/\/stepienybarno.es\/blog\/2017\/05\/08\/18-obras-de-arquitectura-para-ninos-que-ofrecen-espacios-para-jugar-y-aprender\/embed\/#?secret=BAV7LCO0Pt\" width=\"500\" height=\"350\" title=\"\u00ab18 OBRAS DE ARQUITECTURA PARA NI\u00d1OS QUE OFRECEN ESPACIOS PARA JUGAR Y APRENDER\u00bb \u2014 Blog de STEPIEN Y BARNO - publicaci\u00f3n digital sobre arquitectura\" data-secret=\"BAV7LCO0Pt\" frameborder=\"0\" marginwidth=\"0\" marginheight=\"0\" scrolling=\"no\" class=\"wp-embedded-content\"><\/iframe><script type=\"text\/javascript\">\n\/* <![CDATA[ *\/\n\/*! This file is auto-generated *\/\n!function(d,l){\"use strict\";l.querySelector&&d.addEventListener&&\"undefined\"!=typeof URL&&(d.wp=d.wp||{},d.wp.receiveEmbedMessage||(d.wp.receiveEmbedMessage=function(e){var t=e.data;if((t||t.secret||t.message||t.value)&&!\/[^a-zA-Z0-9]\/.test(t.secret)){for(var s,r,n,a=l.querySelectorAll('iframe[data-secret=\"'+t.secret+'\"]'),o=l.querySelectorAll('blockquote[data-secret=\"'+t.secret+'\"]'),c=new RegExp(\"^https?:$\",\"i\"),i=0;i<o.length;i++)o[i].style.display=\"none\";for(i=0;i<a.length;i++)s=a[i],e.source===s.contentWindow&&(s.removeAttribute(\"style\"),\"height\"===t.message?(1e3<(r=parseInt(t.value,10))?r=1e3:~~r<200&&(r=200),s.height=r):\"link\"===t.message&&(r=new URL(s.getAttribute(\"src\")),n=new URL(t.value),c.test(n.protocol))&&n.host===r.host&&l.activeElement===s&&(d.top.location.href=t.value))}},d.addEventListener(\"message\",d.wp.receiveEmbedMessage,!1),l.addEventListener(\"DOMContentLoaded\",function(){for(var e,t,s=l.querySelectorAll(\"iframe.wp-embedded-content\"),r=0;r<s.length;r++)(t=(e=s[r]).getAttribute(\"data-secret\"))||(t=Math.random().toString(36).substring(2,12),e.src+=\"#?secret=\"+t,e.setAttribute(\"data-secret\",t)),e.contentWindow.postMessage({message:\"ready\",secret:t},\"*\")},!1)))}(window,document);\n\/* ]]> *\/\n<\/script>\n"},"_links":{"self":[{"href":"https:\/\/stepienybarno.es\/blog\/wp-json\/wp\/v2\/posts\/27629"}],"collection":[{"href":"https:\/\/stepienybarno.es\/blog\/wp-json\/wp\/v2\/posts"}],"about":[{"href":"https:\/\/stepienybarno.es\/blog\/wp-json\/wp\/v2\/types\/post"}],"author":[{"embeddable":true,"href":"https:\/\/stepienybarno.es\/blog\/wp-json\/wp\/v2\/users\/9"}],"replies":[{"embeddable":true,"href":"https:\/\/stepienybarno.es\/blog\/wp-json\/wp\/v2\/comments?post=27629"}],"version-history":[{"count":3,"href":"https:\/\/stepienybarno.es\/blog\/wp-json\/wp\/v2\/posts\/27629\/revisions"}],"predecessor-version":[{"id":27634,"href":"https:\/\/stepienybarno.es\/blog\/wp-json\/wp\/v2\/posts\/27629\/revisions\/27634"}],"wp:featuredmedia":[{"embeddable":true,"href":"https:\/\/stepienybarno.es\/blog\/wp-json\/wp\/v2\/media\/27630"}],"wp:attachment":[{"href":"https:\/\/stepienybarno.es\/blog\/wp-json\/wp\/v2\/media?parent=27629"}],"wp:term":[{"taxonomy":"category","embeddable":true,"href":"https:\/\/stepienybarno.es\/blog\/wp-json\/wp\/v2\/categories?post=27629"},{"taxonomy":"post_tag","embeddable":true,"href":"https:\/\/stepienybarno.es\/blog\/wp-json\/wp\/v2\/tags?post=27629"},{"taxonomy":"series","embeddable":true,"href":"https:\/\/stepienybarno.es\/blog\/wp-json\/wp\/v2\/series?post=27629"}],"curies":[{"name":"wp","href":"https:\/\/api.w.org\/{rel}","templated":true}]}}