{"id":27645,"date":"2017-05-08T19:19:44","date_gmt":"2017-05-08T17:19:44","guid":{"rendered":"https:\/\/www.stepienybarno.es\/blog\/?p=27645"},"modified":"2017-05-15T11:21:00","modified_gmt":"2017-05-15T09:21:00","slug":"tercer-entorno-progreso-o-retroceso","status":"publish","type":"post","link":"https:\/\/stepienybarno.es\/blog\/2017\/05\/08\/tercer-entorno-progreso-o-retroceso\/","title":{"rendered":"TERCER ENTORNO: \u00bfPROGRESO O RETROCESO?"},"content":{"rendered":"<p style=\"text-align: center;\"><img loading=\"lazy\" decoding=\"async\" class=\"alignnone size-full wp-image-27646\" src=\"https:\/\/stepienybarno.es\/blog\/wp-content\/uploads\/2017\/05\/TERCER-ENTORNO-Teresa-Camino-S\u00e1nchez-y-Francisco-Camino-S\u00e1nchez-STEPIENYBARNO.jpg\" alt=\"TERCER ENTORNO - Teresa Camino S\u00e1nchez y Francisco Camino S\u00e1nchez - STEPIENYBARNO\" width=\"600\" height=\"270\" srcset=\"https:\/\/stepienybarno.es\/blog\/wp-content\/uploads\/2017\/05\/TERCER-ENTORNO-Teresa-Camino-S\u00e1nchez-y-Francisco-Camino-S\u00e1nchez-STEPIENYBARNO.jpg 600w, https:\/\/stepienybarno.es\/blog\/wp-content\/uploads\/2017\/05\/TERCER-ENTORNO-Teresa-Camino-S\u00e1nchez-y-Francisco-Camino-S\u00e1nchez-STEPIENYBARNO-180x81.jpg 180w, https:\/\/stepienybarno.es\/blog\/wp-content\/uploads\/2017\/05\/TERCER-ENTORNO-Teresa-Camino-S\u00e1nchez-y-Francisco-Camino-S\u00e1nchez-STEPIENYBARNO-550x248.jpg 550w, https:\/\/stepienybarno.es\/blog\/wp-content\/uploads\/2017\/05\/TERCER-ENTORNO-Teresa-Camino-S\u00e1nchez-y-Francisco-Camino-S\u00e1nchez-STEPIENYBARNO-316x142.jpg 316w\" sizes=\"(max-width: 600px) 100vw, 600px\" \/><\/p>\n<p>Hoy os presentamos el post que nos hacen llegar Teresa Camino S\u00e1nchez\u00a0\u00a0 y Francisco Camino S\u00e1nchez, dos de nuestros alumnos de la \u00faltima edici\u00f3n del curso online de identidad digital para arquitectos.<\/p>\n<p>\u00a1Seguro que os encanta!<\/p>\n<p><!--more--><\/p>\n<p style=\"text-align: center;\"><span style=\"color: #808080;\">&#8230;&#8230;&#8230;&#8230;&#8230;&#8230;&#8230;&#8230;&#8230;&#8230;&#8230;&#8230;&#8230;&#8230;&#8230;&#8230;&#8230;&#8230;&#8230;&#8230;&#8230;&#8230;..<\/span><\/p>\n<p>El fil\u00f3sofo <strong>Javier Echeverr\u00eda <\/strong>habla del <strong>tercer entorno <\/strong>como un espacio virtual donde interactuamos sin estar necesariamente presentes en el plano f\u00edsico. Un mundo digital en el que compartimos, creamos y vinculamos nuestras acciones mediante las nuevas tecnolog\u00edas.<\/p>\n<p>De alguna manera, si no nos adaptamos al r\u00e1pido cambio que experimenta la sociedad contempor\u00e1nea digital nos sentiremos excluidos. Por lo que estamos atados a un <strong>determinismo tecnol\u00f3gico<\/strong>. Como dec\u00eda <strong>Darwin<\/strong>, <strong>la mejor adaptaci\u00f3n al cambio garantiza la supervivencia.<\/strong> Con la tecnolog\u00eda y el mundo laboral en el que vivimos pasa algo parecido. Si no nos subimos al caballo de las nuevas tecnolog\u00edas, nuestra vida en el \u00e1mbito laboral e incluso social se va a ver afectada por el avance del resto.<\/p>\n<p>Es decir, el cambio va a escoger a aquellas personas que mejor adaptadas est\u00e9n a este nuevo entorno. Aunque no estamos de acuerdo con el darwinismo social en el que prima la supervivencia del m\u00e1s apto dentro de la sociedad, lo cierto es que hay una realidad f\u00e9rrea con la que lidiamos. Esta realidad parte de la premisa que estamos en una sociedad en la que si\u00a0 nuestras competencias digitales no est\u00e1n bien desarrolladas no estamos a la altura para llevar una vida din\u00e1mica y en paralelo con las personas que la conforman.<\/p>\n<p>&nbsp;<\/p>\n<p>Por otro lado, <strong>la tecnolog\u00eda y la era digital son parte progreso<\/strong>, no nos cabe duda. Gracias a ella la ciencia ha avanzado exponencialmente estas \u00faltimas d\u00e9cadas. Pero sin una educaci\u00f3n concienzuda de <strong>c\u00f3mo utilizar estos avances digitales<\/strong>, el exceso de informaci\u00f3n para la sociedad unido los intereses pol\u00edticos o econ\u00f3micos pueden mediar con la manera en que nos afecta este tercer entorno. A veces para bien, a veces para mal. Al fin y al cabo, estamos en un mundo globalizado en el que hay siempre un <strong>inter\u00e9s pol\u00edtico, econ\u00f3mico o cultural<\/strong> que hace que determinados aspectos avancen y otros, por lo contrario, se estanquen.<\/p>\n<p>&nbsp;<\/p>\n<p>Creemos que bien utilizadas las herramientas digitales son maravillosas, pero como ocurre en las historias de ciencia-ficci\u00f3n y\u00a0 literatura, un uso incorrecto puede llevarnos a <strong>deshumanizarnos<\/strong> e ir hacia un mundo que parece avanzar pero sin una direcci\u00f3n espec\u00edfica. Por eso nos animamos a hacer la siguiente reflexi\u00f3n:<\/p>\n<p>Muchas veces nos replanteamos las distintas rutas que existen para llevar a cabo el proyecto de la vida y nos damos cuenta de lo que nos horrorizan las nuevas formas que hemos elegido para vivir. Nos asusta la dependencia que tenemos sobre los nuevos aparatos electr\u00f3nicos; el s\u00edndrome de la notificaci\u00f3n fantasma, el af\u00e1n por vigilar las vidas de otros, el af\u00e1n por que otros vigilen nuestras vidas. Todo esto nos causa, a menudo, una <strong>sensaci\u00f3n de asfixia.<\/strong><\/p>\n<p>Entonces disparamos desde nuestra boca un pu\u00f1ado de terminolog\u00eda hiriente hacia el mundo y su sinsentido. Y, pasado un rato, volvemos a deslizar nuestro dedo por la pantalla y publicamos un discurso barato sobre el cabreo que nos producen los nuevos giros que ha tomado la sociedad.<\/p>\n<p>&nbsp;<\/p>\n<p>Este \u2018fuck the system\u2019 no nos parece nada productivo. El mundo gira, salta, vuela y en nuestra mano est\u00e1 ir al comp\u00e1s. Esto no quiere decir que tengamos que asesinar a nuestro pensamiento cr\u00edtico y acatar todo lo impuesto. Esto quiere decir que, de la misma forma que el conocimiento nos hace libres, entender c\u00f3mo funciona este tercer entorno del que habla Javier Echevarr\u00eda, tambi\u00e9n. Lo mencionaba tambi\u00e9n Laura Ribas en uno de sus v\u00eddeos, \u201clas RRSS no te llevan a ti, eres t\u00fa quien las lleva\u201d. Esto es importante que lo asimilemos; somos <strong>nosotros quienes hacemos un buen o mal uso de las cosas.<\/strong> <strong>Las redes te pueden asfixiar, s\u00ed; pero tambi\u00e9n te pueden dar alas. <\/strong><\/p>\n<p>El \u2018no hay trabajo\u2019, \u2018no hay futuro\u2019 son frases c\u00f3modas que nos incomodan demasiado. No hay trabajo si seguimos entendiendo \u00e9ste como algo del pasado. En nuestro caso, hemos estudiado Comunicaci\u00f3n Audiovisual, Publicidad y Psicolog\u00eda. <strong>Nos gustar\u00eda informar y ayudar a formar la opini\u00f3n p\u00fablica.<\/strong> Escuchamos con bastante frecuencia las negativas de nuestros compa\u00f1eros frente a la situaci\u00f3n actual. La mayor\u00eda est\u00e1 a la espera de que su tel\u00e9fono suene con alg\u00fan milagro hecho contrato: emisoras de radio, canales de televisi\u00f3n, revistas, agencias\u2026 Pero no se dan cuenta de lo m\u00e1s importante: <strong>los mejores medios son ellos mismos.<\/strong> Esa llamada hace tiempo que son\u00f3. \u00bfLa quieres coger?<\/p>\n<p>&nbsp;<\/p>\n<h3>Autores:<\/h3>\n<h3>Francisco Camino:<\/h3>\n<p>Psic\u00f3logo en Neurociencias y recursos humanos.<\/p>\n<h3>Teresa Camino:<\/h3>\n<p>Publicista y Comunicadora audiovisual.<\/p>\n<p>&nbsp;<\/p>\n<h3 style=\"text-align: center;\"><span style=\"color: #0000ff;\">Ah!! Y ya es posible que te apuntes a la S\u00c9PTIMA EDICI\u00d3N DE NUESTRO CURSO ONLINE DE IDENTIDAD DIGITAL PARA ARQUITECTOS<\/span><\/h3>\n<h3 style=\"text-align: center;\"><span style=\"color: #0000ff;\"><a style=\"color: #0000ff;\" href=\"https:\/\/stepienybarno.es\/blog\/2017\/05\/03\/septima-edicion-de-nuestro-curso-online-de-identidad-digital-para-arquitectos\/\" target=\"_blank\">Acceder<\/a><\/span><\/h3>\n<blockquote>\n<h5 style=\"text-align: center;\">Editores del post: <a href=\"https:\/\/stepienybarno.es\/blog\/2011\/09\/04\/las-fortalezas-del-arquitecto\/\">Stepienybarno<\/a> _ Agnieszka Stepien y Lorenzo Barn\u00f3<\/h5>\n<\/blockquote>\n<p>Y como siempre, si te gust\u00f3 el post,\u00a0estar\u00eda genial que lo compartas\u00a0en tus redes sociales.<\/p>\n<p>A su vez, si todav\u00eda no est\u00e1s suscrito a nuestra Newsletter, te animamos a hacerlo en la casilla que tienes al terminar este art\u00edculo.<\/p>\n<p>&nbsp;<\/p>\n<p>Si te interesa contactar con nosotros para que te ayudemos a mejorar tu visibilidad online y, en consecuencia, mejorar tus oportunidades laborales, no dudes en escribirnos a: <a href=\"mailto:blog@stepienybarno.es\">blog@stepienybarno.es<\/a><\/p>\n<p>&nbsp;<\/p>\n<p>*<em><span style=\"color: #808080;\"> Este art\u00edculo ha sido escrito con car\u00e1cter divulgativo y sin ning\u00fan tipo de \u00e1nimo de lucro.<\/span><\/em><\/p>\n<p><em><span style=\"color: #808080;\"><a style=\"color: #808080;\" href=\"https:\/\/twitter.com\/stepienybarno\">STEPIENYBARNO EN TWITTER _ @stepienybarno<\/a><\/span><\/em><\/p>\n<p><em><span style=\"color: #808080;\"><a style=\"color: #808080;\" href=\"http:\/\/www.linkedin.com\/company\/stepienybarno\">STEPIENYBARNO EN LINKEDIN<\/a><\/span><\/em><\/p>\n<p><em><span style=\"color: #808080;\"><a style=\"color: #808080;\" href=\"https:\/\/www.facebook.com\/pages\/BLOG-DE-STEPIENYBARNO\/78001079029\">STEPIENYBARNO EN FACEBOOK<\/a><\/span><\/em><\/p>\n<p><em><span style=\"color: #808080;\">* <a style=\"color: #808080;\" href=\"https:\/\/stepienybarno.es\/blog\/2011\/09\/04\/las-fortalezas-del-arquitecto\/\">Stepienybarno<\/a> est\u00e1 formado por Agnieszka Stepien y Lorenzo Barn\u00f3 y desde mayo del 2009 estamos en la red con\u00a0 la presente publicaci\u00f3n digital (Blog) de arquitectura.<\/span><\/em><\/p>\n<p><em><span style=\"color: #808080;\">Nuestra actividad se sustenta en tres pilares b\u00e1sicos: la investigaci\u00f3n, la publicaci\u00f3n y la redacci\u00f3n de proyectos de arquitectura.<\/span><\/em><\/p>\n<p><em><span style=\"color: #808080;\">A su vez, somos socios cofundadores de <a style=\"color: #808080;\" href=\"http:\/\/sinergiasostenible.org\/\">SINERGIA SOSTENIBLE<\/a>, redactores de <a style=\"color: #808080;\" href=\"http:\/\/www.laciudadviva.org\/blogs\/?author=45\">LA CIUDAD VIVA<\/a> y directores del blog de FUNDACI\u00d3N ARQUIA.<\/span><\/em><\/p>\n<p><em><span style=\"color: #808080;\">* Los editores de esta publicaci\u00f3n digital no nos hacemos cargo de de los comentarios y\u00a0 conceptos vertidos en los textos firmados por otras personas, siendo \u00e9stos de responsabilidad exclusiva de sus autores.<\/span><\/em><\/p>\n<p><em><span style=\"color: #808080;\">* Tu comentario pudiera ser moderado, por lo tanto, aunque aparezca inmediatamente al ser publicado en la entrada, los editores de esta publicaci\u00f3n digital nos reservamos el derecho tanto de editarlo (si fuera necesario, para hacerlo m\u00e1s legible) como de eliminarlo en el caso de que se usen expresiones incorrectas (descalificaciones, palabras malsonantes\u2026). A su vez, si quieres comentar desde el anonimato puedes hacerlo, aunque, nosotros personalmente, agradecemos que tod@s nos podamos identificar.<\/span><\/em><\/p>\n","protected":false},"excerpt":{"rendered":"<p>Hoy os presentamos el post que nos hacen llegar Teresa<\/p>\n","protected":false},"author":2,"featured_media":27646,"comment_status":"open","ping_status":"closed","sticky":false,"template":"","format":"standard","meta":{"om_disable_all_campaigns":false,"_monsterinsights_skip_tracking":false,"_monsterinsights_sitenote_active":false,"_monsterinsights_sitenote_note":"","_monsterinsights_sitenote_category":0,"_uf_show_specific_survey":0,"_uf_disable_surveys":false,"episode_type":"","audio_file":"","cover_image":"","cover_image_id":"","duration":"","filesize":"","date_recorded":"","explicit":"","block":"","filesize_raw":"","footnotes":""},"categories":[244],"tags":[4292,5373,5372],"series":[],"class_list":["post-27645","post","type-post","status-publish","format-standard","has-post-thumbnail","hentry","category-canal-de-arquitectura","tag-curso-de-identidad-digital-para-arquitectos","tag-francisco-camino-sanchez","tag-teresa-camino-sanchez"],"aioseo_notices":[],"episode_featured_image":"https:\/\/stepienybarno.es\/blog\/wp-content\/uploads\/2017\/05\/TERCER-ENTORNO-Teresa-Camino-S\u00e1nchez-y-Francisco-Camino-S\u00e1nchez-STEPIENYBARNO.jpg","episode_player_image":"https:\/\/stepienybarno.es\/blog\/wp-content\/uploads\/2020\/11\/stepienybarno-podcast-scaled.jpg","download_link":"","player_link":"","audio_player":false,"episode_data":{"playerMode":"dark","subscribeUrls":[],"rssFeedUrl":"https:\/\/stepienybarno.es\/blog\/feed\/podcast\/podcast-de-stepienybarno","embedCode":"<blockquote class=\"wp-embedded-content\" data-secret=\"MYzhtQOynt\"><a href=\"https:\/\/stepienybarno.es\/blog\/2017\/05\/08\/tercer-entorno-progreso-o-retroceso\/\">TERCER ENTORNO: \u00bfPROGRESO O RETROCESO?<\/a><\/blockquote><iframe sandbox=\"allow-scripts\" security=\"restricted\" src=\"https:\/\/stepienybarno.es\/blog\/2017\/05\/08\/tercer-entorno-progreso-o-retroceso\/embed\/#?secret=MYzhtQOynt\" width=\"500\" height=\"350\" title=\"\u00abTERCER ENTORNO: \u00bfPROGRESO O RETROCESO?\u00bb \u2014 Blog de STEPIEN Y BARNO - publicaci\u00f3n digital sobre arquitectura\" data-secret=\"MYzhtQOynt\" frameborder=\"0\" marginwidth=\"0\" marginheight=\"0\" scrolling=\"no\" class=\"wp-embedded-content\"><\/iframe><script type=\"text\/javascript\">\n\/* <![CDATA[ *\/\n\/*! This file is auto-generated *\/\n!function(d,l){\"use strict\";l.querySelector&&d.addEventListener&&\"undefined\"!=typeof URL&&(d.wp=d.wp||{},d.wp.receiveEmbedMessage||(d.wp.receiveEmbedMessage=function(e){var t=e.data;if((t||t.secret||t.message||t.value)&&!\/[^a-zA-Z0-9]\/.test(t.secret)){for(var s,r,n,a=l.querySelectorAll('iframe[data-secret=\"'+t.secret+'\"]'),o=l.querySelectorAll('blockquote[data-secret=\"'+t.secret+'\"]'),c=new RegExp(\"^https?:$\",\"i\"),i=0;i<o.length;i++)o[i].style.display=\"none\";for(i=0;i<a.length;i++)s=a[i],e.source===s.contentWindow&&(s.removeAttribute(\"style\"),\"height\"===t.message?(1e3<(r=parseInt(t.value,10))?r=1e3:~~r<200&&(r=200),s.height=r):\"link\"===t.message&&(r=new URL(s.getAttribute(\"src\")),n=new URL(t.value),c.test(n.protocol))&&n.host===r.host&&l.activeElement===s&&(d.top.location.href=t.value))}},d.addEventListener(\"message\",d.wp.receiveEmbedMessage,!1),l.addEventListener(\"DOMContentLoaded\",function(){for(var e,t,s=l.querySelectorAll(\"iframe.wp-embedded-content\"),r=0;r<s.length;r++)(t=(e=s[r]).getAttribute(\"data-secret\"))||(t=Math.random().toString(36).substring(2,12),e.src+=\"#?secret=\"+t,e.setAttribute(\"data-secret\",t)),e.contentWindow.postMessage({message:\"ready\",secret:t},\"*\")},!1)))}(window,document);\n\/* ]]> *\/\n<\/script>\n"},"_links":{"self":[{"href":"https:\/\/stepienybarno.es\/blog\/wp-json\/wp\/v2\/posts\/27645"}],"collection":[{"href":"https:\/\/stepienybarno.es\/blog\/wp-json\/wp\/v2\/posts"}],"about":[{"href":"https:\/\/stepienybarno.es\/blog\/wp-json\/wp\/v2\/types\/post"}],"author":[{"embeddable":true,"href":"https:\/\/stepienybarno.es\/blog\/wp-json\/wp\/v2\/users\/2"}],"replies":[{"embeddable":true,"href":"https:\/\/stepienybarno.es\/blog\/wp-json\/wp\/v2\/comments?post=27645"}],"version-history":[{"count":3,"href":"https:\/\/stepienybarno.es\/blog\/wp-json\/wp\/v2\/posts\/27645\/revisions"}],"predecessor-version":[{"id":27649,"href":"https:\/\/stepienybarno.es\/blog\/wp-json\/wp\/v2\/posts\/27645\/revisions\/27649"}],"wp:featuredmedia":[{"embeddable":true,"href":"https:\/\/stepienybarno.es\/blog\/wp-json\/wp\/v2\/media\/27646"}],"wp:attachment":[{"href":"https:\/\/stepienybarno.es\/blog\/wp-json\/wp\/v2\/media?parent=27645"}],"wp:term":[{"taxonomy":"category","embeddable":true,"href":"https:\/\/stepienybarno.es\/blog\/wp-json\/wp\/v2\/categories?post=27645"},{"taxonomy":"post_tag","embeddable":true,"href":"https:\/\/stepienybarno.es\/blog\/wp-json\/wp\/v2\/tags?post=27645"},{"taxonomy":"series","embeddable":true,"href":"https:\/\/stepienybarno.es\/blog\/wp-json\/wp\/v2\/series?post=27645"}],"curies":[{"name":"wp","href":"https:\/\/api.w.org\/{rel}","templated":true}]}}