{"id":27740,"date":"2017-05-11T12:17:49","date_gmt":"2017-05-11T10:17:49","guid":{"rendered":"https:\/\/www.stepienybarno.es\/blog\/?p=27740"},"modified":"2017-05-11T12:19:27","modified_gmt":"2017-05-11T10:19:27","slug":"arquetipos-nuevo-proyecto-editorial-de-fundacion-arquia","status":"publish","type":"post","link":"https:\/\/stepienybarno.es\/blog\/2017\/05\/11\/arquetipos-nuevo-proyecto-editorial-de-fundacion-arquia\/","title":{"rendered":"ARQUETIPOS: NUEVO PROYECTO EDITORIAL DE FUNDACI\u00d3N ARQUIA"},"content":{"rendered":"<p style=\"text-align: center;\"><img loading=\"lazy\" decoding=\"async\" class=\"alignnone size-full wp-image-27741\" src=\"https:\/\/stepienybarno.es\/blog\/wp-content\/uploads\/2017\/05\/0.-arquetipos-FUNDACION-ARQUIA-REVISTA-MAGAZINE-BLOG.png\" alt=\"0. arquetipos-FUNDACION ARQUIA - REVISTA - MAGAZINE - BLOG\" width=\"750\" height=\"332\" srcset=\"https:\/\/stepienybarno.es\/blog\/wp-content\/uploads\/2017\/05\/0.-arquetipos-FUNDACION-ARQUIA-REVISTA-MAGAZINE-BLOG.png 750w, https:\/\/stepienybarno.es\/blog\/wp-content\/uploads\/2017\/05\/0.-arquetipos-FUNDACION-ARQUIA-REVISTA-MAGAZINE-BLOG-180x80.png 180w, https:\/\/stepienybarno.es\/blog\/wp-content\/uploads\/2017\/05\/0.-arquetipos-FUNDACION-ARQUIA-REVISTA-MAGAZINE-BLOG-550x243.png 550w, https:\/\/stepienybarno.es\/blog\/wp-content\/uploads\/2017\/05\/0.-arquetipos-FUNDACION-ARQUIA-REVISTA-MAGAZINE-BLOG-316x140.png 316w\" sizes=\"(max-width: 750px) 100vw, 750px\" \/><\/p>\n<p>Os animamos a echar un ojo a la nueva aventura editorial que se pone en marcha desde Fundaci\u00f3n Arquia.<\/p>\n<p><!--more--><\/p>\n<p style=\"text-align: center;\"><span style=\"color: #999999;\">&#8230;&#8230;&#8230;&#8230;&#8230;&#8230;&#8230;&#8230;&#8230;&#8230;&#8230;&#8230;&#8230;&#8230;&#8230;&#8230;&#8230;<\/span><\/p>\n<p>\u00abARQUETIPOS es un nuevo proyecto editorial que indaga en la vida y obra de creativos vinculados a la arquitectura.<\/p>\n<p>ARQUETIPOS\u00a0es un nuevo proyecto editorial en entorno digital,\u00a0 producido por Fundaci\u00f3n Arquia y basado en la producci\u00f3n, distribuci\u00f3n y comunicaci\u00f3n de conocimiento y valores de disciplinas que guardan cierta afinidad, vinculaci\u00f3n y proximidad con la arquitectura dot\u00e1ndola de nuevos enfoques, perspectivas y profundidades.<\/p>\n<p>Explora el formato entrevista con enfoque period\u00edstico para desplegar y generar conocimiento entorno a la arquitectura d\u00e1ndole un tratamiento creativo que proyecta al entrevistado y su trabajo (obra, proyecto, pensamiento, tesis&#8230;) hacia un discurso emocionante.<\/p>\n<p>Omar Sosa, es el entrevistado en este primer n\u00famero donde incide en &#8216;Un nuevo modelo est\u00e9tico de los interiores y su influencia\u201d<\/p>\n<p>Dise\u00f1ador gr\u00e1fico\u00a0 y editor de Apartamento, una publicaci\u00f3n ampliamente reconocida como la revista de interiores m\u00e1s influyente, inspiradora y honesta de hoy en d\u00eda. Ha aparecido destacada en distintos medios de alcance nacional e internacional como en New York Times y The Guardian.\u00bb<\/p>\n<blockquote>\n<p style=\"text-align: center;\"><span style=\"color: #800080;\">YA PUEDES DESCUBRIRLA en\u00a0<a style=\"color: #800080;\" href=\"https:\/\/www.arquetipos.co\/\" target=\"_blank\">https:\/\/www.arquetipos.co\/<\/a><\/span><\/p>\n<\/blockquote>\n<p>&nbsp;<\/p>\n<blockquote>\n<p style=\"text-align: center;\">Y como siempre, si te gust\u00f3 el post,\u00a0estar\u00eda genial que lo compartas\u00a0en tus redes sociales.<\/p>\n<p style=\"text-align: center;\">A su vez, si todav\u00eda no est\u00e1s suscrito a nuestra Newsletter, te animamos a hacerlo en la casilla que tienes al terminar este art\u00edculo.<\/p>\n<p style=\"text-align: center;\">Si te interesa contactar con nosotros para que te ayudemos a mejorar tu visibilidad online y, en consecuencia, mejorar tus oportunidades laborales, no dudes en escribirnos a: <a href=\"mailto:blog@stepienybarno.es\">blog@stepienybarno.es<\/a><\/p>\n<\/blockquote>\n<p>&nbsp;<\/p>\n<p>* <em><span style=\"color: #999999;\">Este art\u00edculo ha sido escrito con car\u00e1cter divulgativo y sin ning\u00fan tipo de \u00e1nimo de lucro.<\/span><\/em><\/p>\n<p><em><span style=\"color: #999999;\"><a style=\"color: #999999;\" href=\"https:\/\/twitter.com\/stepienybarno\">STEPIENYBARNO EN TWITTER _ @stepienybarno<\/a><\/span><\/em><\/p>\n<p><em><span style=\"color: #999999;\"><a style=\"color: #999999;\" href=\"http:\/\/www.linkedin.com\/company\/stepienybarno\">STEPIENYBARNO EN LINKEDIN<\/a><\/span><\/em><\/p>\n<p><em><span style=\"color: #999999;\"><a style=\"color: #999999;\" href=\"https:\/\/www.facebook.com\/pages\/BLOG-DE-STEPIENYBARNO\/78001079029\">STEPIENYBARNO EN FACEBOOK<\/a><\/span><\/em><\/p>\n<p><em><span style=\"color: #999999;\">* <a style=\"color: #999999;\" href=\"https:\/\/stepienybarno.es\/blog\/2011\/09\/04\/las-fortalezas-del-arquitecto\/\">Stepienybarno<\/a> est\u00e1 formado por Agnieszka Stepien y Lorenzo Barn\u00f3 y desde mayo del 2009 estamos en la red con\u00a0 la presente publicaci\u00f3n digital (Blog) de arquitectura.<\/span><\/em><\/p>\n<p><em><span style=\"color: #999999;\">Nuestra actividad se sustenta en tres pilares b\u00e1sicos: la investigaci\u00f3n, la publicaci\u00f3n y la redacci\u00f3n de proyectos de arquitectura.<\/span><\/em><\/p>\n<p><em><span style=\"color: #999999;\">A su vez, somos socios cofundadores de <a style=\"color: #999999;\" href=\"http:\/\/sinergiasostenible.org\/\">SINERGIA SOSTENIBLE<\/a>, redactores de <a style=\"color: #999999;\" href=\"http:\/\/www.laciudadviva.org\/blogs\/?author=45\">LA CIUDAD VIVA<\/a> y directores del blog de FUNDACI\u00d3N ARQUIA.<\/span><\/em><\/p>\n<p><em><span style=\"color: #999999;\">* Los editores de esta publicaci\u00f3n digital no nos hacemos cargo de de los comentarios y\u00a0 conceptos vertidos en los textos firmados por otras personas, siendo \u00e9stos de responsabilidad exclusiva de sus autores.<\/span><\/em><\/p>\n<p><em><span style=\"color: #999999;\">* Tu comentario pudiera ser moderado, por lo tanto, aunque aparezca inmediatamente al ser publicado en la entrada, los editores de esta publicaci\u00f3n digital nos reservamos el derecho tanto de editarlo (si fuera necesario, para hacerlo m\u00e1s legible) como de eliminarlo en el caso de que se usen expresiones incorrectas (descalificaciones, palabras malsonantes\u2026). A su vez, si quieres comentar desde el anonimato puedes hacerlo, aunque, nosotros personalmente, agradecemos que tod@s nos podamos identificar.<\/span><\/em><\/p>\n","protected":false},"excerpt":{"rendered":"<p>Os animamos a echar un ojo a la nueva aventura<\/p>\n","protected":false},"author":2,"featured_media":27741,"comment_status":"open","ping_status":"closed","sticky":false,"template":"","format":"standard","meta":{"om_disable_all_campaigns":false,"_monsterinsights_skip_tracking":false,"_monsterinsights_sitenote_active":false,"_monsterinsights_sitenote_note":"","_monsterinsights_sitenote_category":0,"_uf_show_specific_survey":0,"_uf_disable_surveys":false,"episode_type":"","audio_file":"","cover_image":"","cover_image_id":"","duration":"","filesize":"","date_recorded":"","explicit":"","block":"","filesize_raw":"","footnotes":""},"categories":[244],"tags":[5381,2886],"series":[],"class_list":["post-27740","post","type-post","status-publish","format-standard","has-post-thumbnail","hentry","category-canal-de-arquitectura","tag-arquetipos","tag-fundacion-arquia"],"aioseo_notices":[],"episode_featured_image":"https:\/\/stepienybarno.es\/blog\/wp-content\/uploads\/2017\/05\/0.-arquetipos-FUNDACION-ARQUIA-REVISTA-MAGAZINE-BLOG.png","episode_player_image":"https:\/\/stepienybarno.es\/blog\/wp-content\/uploads\/2020\/11\/stepienybarno-podcast-scaled.jpg","download_link":"","player_link":"","audio_player":false,"episode_data":{"playerMode":"dark","subscribeUrls":[],"rssFeedUrl":"https:\/\/stepienybarno.es\/blog\/feed\/podcast\/podcast-de-stepienybarno","embedCode":"<blockquote class=\"wp-embedded-content\" data-secret=\"TD3pjCKMw9\"><a href=\"https:\/\/stepienybarno.es\/blog\/2017\/05\/11\/arquetipos-nuevo-proyecto-editorial-de-fundacion-arquia\/\">ARQUETIPOS: NUEVO PROYECTO EDITORIAL DE FUNDACI\u00d3N ARQUIA<\/a><\/blockquote><iframe sandbox=\"allow-scripts\" security=\"restricted\" src=\"https:\/\/stepienybarno.es\/blog\/2017\/05\/11\/arquetipos-nuevo-proyecto-editorial-de-fundacion-arquia\/embed\/#?secret=TD3pjCKMw9\" width=\"500\" height=\"350\" title=\"\u00abARQUETIPOS: NUEVO PROYECTO EDITORIAL DE FUNDACI\u00d3N ARQUIA\u00bb \u2014 Blog de STEPIEN Y BARNO - publicaci\u00f3n digital sobre arquitectura\" data-secret=\"TD3pjCKMw9\" frameborder=\"0\" marginwidth=\"0\" marginheight=\"0\" scrolling=\"no\" class=\"wp-embedded-content\"><\/iframe><script type=\"text\/javascript\">\n\/* <![CDATA[ *\/\n\/*! This file is auto-generated *\/\n!function(d,l){\"use strict\";l.querySelector&&d.addEventListener&&\"undefined\"!=typeof URL&&(d.wp=d.wp||{},d.wp.receiveEmbedMessage||(d.wp.receiveEmbedMessage=function(e){var t=e.data;if((t||t.secret||t.message||t.value)&&!\/[^a-zA-Z0-9]\/.test(t.secret)){for(var s,r,n,a=l.querySelectorAll('iframe[data-secret=\"'+t.secret+'\"]'),o=l.querySelectorAll('blockquote[data-secret=\"'+t.secret+'\"]'),c=new RegExp(\"^https?:$\",\"i\"),i=0;i<o.length;i++)o[i].style.display=\"none\";for(i=0;i<a.length;i++)s=a[i],e.source===s.contentWindow&&(s.removeAttribute(\"style\"),\"height\"===t.message?(1e3<(r=parseInt(t.value,10))?r=1e3:~~r<200&&(r=200),s.height=r):\"link\"===t.message&&(r=new URL(s.getAttribute(\"src\")),n=new URL(t.value),c.test(n.protocol))&&n.host===r.host&&l.activeElement===s&&(d.top.location.href=t.value))}},d.addEventListener(\"message\",d.wp.receiveEmbedMessage,!1),l.addEventListener(\"DOMContentLoaded\",function(){for(var e,t,s=l.querySelectorAll(\"iframe.wp-embedded-content\"),r=0;r<s.length;r++)(t=(e=s[r]).getAttribute(\"data-secret\"))||(t=Math.random().toString(36).substring(2,12),e.src+=\"#?secret=\"+t,e.setAttribute(\"data-secret\",t)),e.contentWindow.postMessage({message:\"ready\",secret:t},\"*\")},!1)))}(window,document);\n\/* ]]> *\/\n<\/script>\n"},"_links":{"self":[{"href":"https:\/\/stepienybarno.es\/blog\/wp-json\/wp\/v2\/posts\/27740"}],"collection":[{"href":"https:\/\/stepienybarno.es\/blog\/wp-json\/wp\/v2\/posts"}],"about":[{"href":"https:\/\/stepienybarno.es\/blog\/wp-json\/wp\/v2\/types\/post"}],"author":[{"embeddable":true,"href":"https:\/\/stepienybarno.es\/blog\/wp-json\/wp\/v2\/users\/2"}],"replies":[{"embeddable":true,"href":"https:\/\/stepienybarno.es\/blog\/wp-json\/wp\/v2\/comments?post=27740"}],"version-history":[{"count":3,"href":"https:\/\/stepienybarno.es\/blog\/wp-json\/wp\/v2\/posts\/27740\/revisions"}],"predecessor-version":[{"id":27744,"href":"https:\/\/stepienybarno.es\/blog\/wp-json\/wp\/v2\/posts\/27740\/revisions\/27744"}],"wp:featuredmedia":[{"embeddable":true,"href":"https:\/\/stepienybarno.es\/blog\/wp-json\/wp\/v2\/media\/27741"}],"wp:attachment":[{"href":"https:\/\/stepienybarno.es\/blog\/wp-json\/wp\/v2\/media?parent=27740"}],"wp:term":[{"taxonomy":"category","embeddable":true,"href":"https:\/\/stepienybarno.es\/blog\/wp-json\/wp\/v2\/categories?post=27740"},{"taxonomy":"post_tag","embeddable":true,"href":"https:\/\/stepienybarno.es\/blog\/wp-json\/wp\/v2\/tags?post=27740"},{"taxonomy":"series","embeddable":true,"href":"https:\/\/stepienybarno.es\/blog\/wp-json\/wp\/v2\/series?post=27740"}],"curies":[{"name":"wp","href":"https:\/\/api.w.org\/{rel}","templated":true}]}}