{"id":27934,"date":"2017-05-29T09:45:31","date_gmt":"2017-05-29T07:45:31","guid":{"rendered":"https:\/\/www.stepienybarno.es\/blog\/?p=27934"},"modified":"2017-05-29T09:45:31","modified_gmt":"2017-05-29T07:45:31","slug":"asi-ha-sido-la-construccion-del-apple-campus-en-un-ano","status":"publish","type":"post","link":"https:\/\/stepienybarno.es\/blog\/2017\/05\/29\/asi-ha-sido-la-construccion-del-apple-campus-en-un-ano\/","title":{"rendered":"AS\u00cd HA SIDO LA CONSTRUCCI\u00d3N DEL APPLE CAMPUS EN UN A\u00d1O"},"content":{"rendered":"<p><img loading=\"lazy\" decoding=\"async\" class=\"aligncenter size-medium wp-image-27936\" src=\"https:\/\/stepienybarno.es\/blog\/wp-content\/uploads\/2017\/05\/stepienybarno-arquitectura-stepien-y-barno-blog-merca-2.0-Octavio-Noguez.png\" alt=\"stepienybarno-arquitectura-stepien-y-barno-blog-merca-2.0-Octavio Noguez\" width=\"500\" height=\"278\" srcset=\"https:\/\/stepienybarno.es\/blog\/wp-content\/uploads\/2017\/05\/stepienybarno-arquitectura-stepien-y-barno-blog-merca-2.0-Octavio-Noguez.png 500w, https:\/\/stepienybarno.es\/blog\/wp-content\/uploads\/2017\/05\/stepienybarno-arquitectura-stepien-y-barno-blog-merca-2.0-Octavio-Noguez-180x100.png 180w, https:\/\/stepienybarno.es\/blog\/wp-content\/uploads\/2017\/05\/stepienybarno-arquitectura-stepien-y-barno-blog-merca-2.0-Octavio-Noguez-316x176.png 316w\" sizes=\"(max-width: 500px) 100vw, 500px\" \/><\/p>\n<p><strong>Por <a href=\"https:\/\/www.merca20.com\/author\/octavio-noguez\/\" target=\"_blank\">Octavio Noguez\u00a0<\/a><\/strong><\/p>\n<p><strong>Desde <a href=\"https:\/\/www.merca20.com\/\" target=\"_blank\">Merca2.0<\/a><\/strong><\/p>\n<p><!--more--><\/p>\n<p style=\"text-align: justify;\">\u201cEl\u00a0<em>Apple Campus<\/em>\u00a0se ha convertido en el referente arquitect\u00f3nico en el mercado tecnol\u00f3gico, debido a la historia que guarda dentro de su establecimiento, donde competir en innovaci\u00f3n es una media fundamental.<\/p>\n<p style=\"text-align: justify;\">La inauguraci\u00f3n del lugar estaba planeada para el mes de mayo, sin embargo, la ultimaci\u00f3n de detalles ha prolongado su apertura, en medio de una cadena de historias, donde lo mismo se publican cr\u00edticas de la plantaci\u00f3n de \u00e1rboles, que se habla de la pauta que ha creado dentro de la industria, motivando a compa\u00f1\u00edas como\u00a0<a href=\"https:\/\/www.merca20.com\/google-ahora-quiere-informacion-genetica-de-sus-usuarios\/\"><em>Google<\/em><\/a>\u00a0a contar con su propio campus.<\/p>\n<p style=\"text-align: justify;\">A la par de lo que se cuenta, ya hemos publicado la estrategia de contenido que han encontrado canales de YouTube en la generaci\u00f3n de videos donde se muestra el avance en la construcci\u00f3n del Campus, desde la \u00f3ptica de un dron.<\/p>\n<p style=\"text-align: justify;\">El \u00faltimo video publicado por\u00a0<strong>Matthew Roberts<\/strong>\u00a0suma m\u00e1s de 305 mil reproducciones en la plataforma, donde el inter\u00e9s de las audiencias por conocer el avance del proyecto se ha vuelto una referencia no solo de ocio, sino arquitect\u00f3nica (\u2026)\u201d<\/p>\n<p><strong>\u00a0<\/strong><\/p>\n<p style=\"text-align: center;\"><strong>Accede al art\u00edculo,<\/strong><strong> <a href=\"https:\/\/www.merca20.com\/asi-ha-sido-la-construccion-del-apple-campus-en-un-ano\/\" target=\"_blank\">AQU\u00cd<\/a><\/strong><\/p>\n<p>&nbsp;<\/p>\n<blockquote>\n<h5 style=\"text-align: center;\"><span style=\"color: #ff0000;\">Ya es posible inscribirse a la s\u00e9ptima edici\u00f3n de nuestro CURSO ONLINE de IDENTIDAD DIGITAL para arquitectos.<\/span><\/h5>\n<h5 style=\"text-align: center;\"><span style=\"color: #ff0000;\">Un curso hecho por arquitectos, para arquitectos. Si te interesa mejorar tu visibilidad en la red y, por lo tanto, tus posibilidades laborales \u00a1este es tu curso!<\/span><\/h5>\n<h5 style=\"text-align: center;\"><span style=\"color: #ff0000;\">&gt;&gt;<a style=\"color: #ff0000;\" href=\"https:\/\/stepienybarno.es\/blog\/2017\/05\/03\/septima-edicion-de-nuestro-curso-online-de-identidad-digital-para-arquitectos\/\" target=\"_blank\">Acceder<\/a>&lt;&lt;<\/span><\/h5>\n<\/blockquote>\n<p>&nbsp;<\/p>\n<p><span style=\"color: #999999;\"><em>*Noticia seleccionada por el Canal de arquitectura STEPIENYBARNO.\u00a0<\/em><\/span><\/p>\n<p><a href=\"https:\/\/twitter.com\/stepienybarno\"><em>STEPIENYBARNO EN TWITTER _ @stepienybarno<\/em><\/a><\/p>\n<p><a href=\"http:\/\/www.linkedin.com\/company\/stepienybarno\"><em>STEPIENYBARNO EN LINKEDIN<\/em><\/a><\/p>\n<p><a href=\"https:\/\/www.facebook.com\/StepienybarnoCANAL\"><em>STEPIENYBARNO EN FACEBOOK<\/em><\/a><\/p>\n<p><span style=\"color: #999999;\"><em>*Stepienybarno est\u00e1 formado por Agnieszka Stepien y Lorenzo Barn\u00f3 y desde mayo del 2009 estamos en la red con\u00a0 la presente publicaci\u00f3n digital (Blog) de arquitectura.<\/em><\/span><\/p>\n<p><span style=\"color: #999999;\"><em>Nuestra actividad se sustenta en tres pilares b\u00e1sicos: la investigaci\u00f3n, la publicaci\u00f3n (comunicaci\u00f3n y difusi\u00f3n) y la redacci\u00f3n de proyectos de arquitectura.<\/em><\/span><\/p>\n<p><span style=\"color: #999999;\"><em>A su vez, somos socios cofundadores de<\/em><em>\u00a0<\/em><\/span><a href=\"http:\/\/sinergiasostenible.org\/\"><em>SINERGIA SOSTENIBLE<\/em><\/a><span style=\"color: #999999;\"><em>,<\/em><em>\u00a0<\/em><em>redactores de<\/em><em>\u00a0<\/em><\/span><a href=\"http:\/\/www.laciudadviva.org\/blogs\/?author=45\"><em>LA CIUDAD VIVA<\/em><\/a><span style=\"color: #999999;\"><em>\u00a0<\/em><em>y directores del blog de<\/em><em>\u00a0<\/em><\/span><a href=\"http:\/\/blogfundacion.arquia.es\/\"><em>FUNDACI\u00d3N ARQUIA<\/em><\/a><span style=\"color: #999999;\"><em>.<\/em><\/span><\/p>\n<p><span style=\"color: #999999;\"><em>* Los editores de esta publicaci\u00f3n digital no nos hacemos cargo de de los comentarios y\u00a0 conceptos vertidos en los textos firmados por otras personas, siendo \u00e9stos de responsabilidad exclusiva de sus autores.<\/em><\/span><\/p>\n<p><span style=\"color: #999999;\"><em>* Tu comentario podr\u00e1 ser moderado, por lo tanto, aunque aparezca inmediatamente al ser publicado en la entrada, los editores de esta publicaci\u00f3n digital nos reservamos el derecho tanto de editarlo (si fuera necesario, para hacerlo m\u00e1s legible) como de eliminarlo en el caso de que se usen expresiones incorrectas (descalificaciones, palabras malsonantes\u2026). A su vez, si quieres comentar desde el anonimato puedes hacerlo, aunque, nosotros personalmente, agradecemos que tod@s nos podamos identificar.<\/em><\/span><\/p>\n","protected":false},"excerpt":{"rendered":"<p>Por Octavio Noguez\u00a0 Desde Merca2.0<\/p>\n","protected":false},"author":9,"featured_media":27936,"comment_status":"open","ping_status":"closed","sticky":false,"template":"","format":"standard","meta":{"om_disable_all_campaigns":false,"_monsterinsights_skip_tracking":false,"_monsterinsights_sitenote_active":false,"_monsterinsights_sitenote_note":"","_monsterinsights_sitenote_category":0,"_uf_show_specific_survey":0,"_uf_disable_surveys":false,"episode_type":"","audio_file":"","cover_image":"","cover_image_id":"","duration":"","filesize":"","date_recorded":"","explicit":"","block":"","filesize_raw":"","footnotes":""},"categories":[244],"tags":[5330,5329],"series":[],"class_list":["post-27934","post","type-post","status-publish","format-standard","has-post-thumbnail","hentry","category-canal-de-arquitectura","tag-merca2-0","tag-octavio-noguez"],"aioseo_notices":[],"episode_featured_image":"https:\/\/stepienybarno.es\/blog\/wp-content\/uploads\/2017\/05\/stepienybarno-arquitectura-stepien-y-barno-blog-merca-2.0-Octavio-Noguez.png","episode_player_image":"https:\/\/stepienybarno.es\/blog\/wp-content\/uploads\/2020\/11\/stepienybarno-podcast-scaled.jpg","download_link":"","player_link":"","audio_player":false,"episode_data":{"playerMode":"dark","subscribeUrls":[],"rssFeedUrl":"https:\/\/stepienybarno.es\/blog\/feed\/podcast\/podcast-de-stepienybarno","embedCode":"<blockquote class=\"wp-embedded-content\" data-secret=\"gRxhOMZ7vT\"><a href=\"https:\/\/stepienybarno.es\/blog\/2017\/05\/29\/asi-ha-sido-la-construccion-del-apple-campus-en-un-ano\/\">AS\u00cd HA SIDO LA CONSTRUCCI\u00d3N DEL APPLE CAMPUS EN UN A\u00d1O<\/a><\/blockquote><iframe sandbox=\"allow-scripts\" security=\"restricted\" src=\"https:\/\/stepienybarno.es\/blog\/2017\/05\/29\/asi-ha-sido-la-construccion-del-apple-campus-en-un-ano\/embed\/#?secret=gRxhOMZ7vT\" width=\"500\" height=\"350\" title=\"\u00abAS\u00cd HA SIDO LA CONSTRUCCI\u00d3N DEL APPLE CAMPUS EN UN A\u00d1O\u00bb \u2014 Blog de STEPIEN Y BARNO - publicaci\u00f3n digital sobre arquitectura\" data-secret=\"gRxhOMZ7vT\" frameborder=\"0\" marginwidth=\"0\" marginheight=\"0\" scrolling=\"no\" class=\"wp-embedded-content\"><\/iframe><script type=\"text\/javascript\">\n\/* <![CDATA[ *\/\n\/*! This file is auto-generated *\/\n!function(d,l){\"use strict\";l.querySelector&&d.addEventListener&&\"undefined\"!=typeof URL&&(d.wp=d.wp||{},d.wp.receiveEmbedMessage||(d.wp.receiveEmbedMessage=function(e){var t=e.data;if((t||t.secret||t.message||t.value)&&!\/[^a-zA-Z0-9]\/.test(t.secret)){for(var s,r,n,a=l.querySelectorAll('iframe[data-secret=\"'+t.secret+'\"]'),o=l.querySelectorAll('blockquote[data-secret=\"'+t.secret+'\"]'),c=new RegExp(\"^https?:$\",\"i\"),i=0;i<o.length;i++)o[i].style.display=\"none\";for(i=0;i<a.length;i++)s=a[i],e.source===s.contentWindow&&(s.removeAttribute(\"style\"),\"height\"===t.message?(1e3<(r=parseInt(t.value,10))?r=1e3:~~r<200&&(r=200),s.height=r):\"link\"===t.message&&(r=new URL(s.getAttribute(\"src\")),n=new URL(t.value),c.test(n.protocol))&&n.host===r.host&&l.activeElement===s&&(d.top.location.href=t.value))}},d.addEventListener(\"message\",d.wp.receiveEmbedMessage,!1),l.addEventListener(\"DOMContentLoaded\",function(){for(var e,t,s=l.querySelectorAll(\"iframe.wp-embedded-content\"),r=0;r<s.length;r++)(t=(e=s[r]).getAttribute(\"data-secret\"))||(t=Math.random().toString(36).substring(2,12),e.src+=\"#?secret=\"+t,e.setAttribute(\"data-secret\",t)),e.contentWindow.postMessage({message:\"ready\",secret:t},\"*\")},!1)))}(window,document);\n\/* ]]> *\/\n<\/script>\n"},"_links":{"self":[{"href":"https:\/\/stepienybarno.es\/blog\/wp-json\/wp\/v2\/posts\/27934"}],"collection":[{"href":"https:\/\/stepienybarno.es\/blog\/wp-json\/wp\/v2\/posts"}],"about":[{"href":"https:\/\/stepienybarno.es\/blog\/wp-json\/wp\/v2\/types\/post"}],"author":[{"embeddable":true,"href":"https:\/\/stepienybarno.es\/blog\/wp-json\/wp\/v2\/users\/9"}],"replies":[{"embeddable":true,"href":"https:\/\/stepienybarno.es\/blog\/wp-json\/wp\/v2\/comments?post=27934"}],"version-history":[{"count":1,"href":"https:\/\/stepienybarno.es\/blog\/wp-json\/wp\/v2\/posts\/27934\/revisions"}],"predecessor-version":[{"id":27937,"href":"https:\/\/stepienybarno.es\/blog\/wp-json\/wp\/v2\/posts\/27934\/revisions\/27937"}],"wp:featuredmedia":[{"embeddable":true,"href":"https:\/\/stepienybarno.es\/blog\/wp-json\/wp\/v2\/media\/27936"}],"wp:attachment":[{"href":"https:\/\/stepienybarno.es\/blog\/wp-json\/wp\/v2\/media?parent=27934"}],"wp:term":[{"taxonomy":"category","embeddable":true,"href":"https:\/\/stepienybarno.es\/blog\/wp-json\/wp\/v2\/categories?post=27934"},{"taxonomy":"post_tag","embeddable":true,"href":"https:\/\/stepienybarno.es\/blog\/wp-json\/wp\/v2\/tags?post=27934"},{"taxonomy":"series","embeddable":true,"href":"https:\/\/stepienybarno.es\/blog\/wp-json\/wp\/v2\/series?post=27934"}],"curies":[{"name":"wp","href":"https:\/\/api.w.org\/{rel}","templated":true}]}}