{"id":27943,"date":"2017-05-29T19:11:09","date_gmt":"2017-05-29T17:11:09","guid":{"rendered":"https:\/\/www.stepienybarno.es\/blog\/?p=27943"},"modified":"2017-05-29T13:52:17","modified_gmt":"2017-05-29T11:52:17","slug":"eduardo-de-miguel-la-luz-es-el-tema","status":"publish","type":"post","link":"https:\/\/stepienybarno.es\/blog\/2017\/05\/29\/eduardo-de-miguel-la-luz-es-el-tema\/","title":{"rendered":"EDUARDO DE MIGUEL. LA LUZ ES EL TEMA"},"content":{"rendered":"<p><img loading=\"lazy\" decoding=\"async\" class=\"aligncenter size-medium wp-image-27944\" src=\"https:\/\/stepienybarno.es\/blog\/wp-content\/uploads\/2017\/05\/stepienybarno-stepien-y-barno-arquitectura-revista-diagonal-Oscar-Linares-de-la-Torre-eduardo-de-miguel-446x550.jpg\" alt=\"stepienybarno-stepien-y-barno-arquitectura-revista-diagonal-Oscar Linares de la Torre-eduardo-de-miguel\" width=\"446\" height=\"550\" srcset=\"https:\/\/stepienybarno.es\/blog\/wp-content\/uploads\/2017\/05\/stepienybarno-stepien-y-barno-arquitectura-revista-diagonal-Oscar-Linares-de-la-Torre-eduardo-de-miguel-446x550.jpg 446w, https:\/\/stepienybarno.es\/blog\/wp-content\/uploads\/2017\/05\/stepienybarno-stepien-y-barno-arquitectura-revista-diagonal-Oscar-Linares-de-la-Torre-eduardo-de-miguel-146x180.jpg 146w, https:\/\/stepienybarno.es\/blog\/wp-content\/uploads\/2017\/05\/stepienybarno-stepien-y-barno-arquitectura-revista-diagonal-Oscar-Linares-de-la-Torre-eduardo-de-miguel-316x390.jpg 316w, https:\/\/stepienybarno.es\/blog\/wp-content\/uploads\/2017\/05\/stepienybarno-stepien-y-barno-arquitectura-revista-diagonal-Oscar-Linares-de-la-Torre-eduardo-de-miguel.jpg 500w\" sizes=\"(max-width: 446px) 100vw, 446px\" \/><\/p>\n<p><strong>Por <a href=\"http:\/\/www.revistadiagonal.com\/author\/oscar-linares\/\" target=\"_blank\">Oscar Linares de la Torre<\/a>\u00a0<\/strong><\/p>\n<p><strong>Desde <a href=\"http:\/\/www.revistadiagonal.com\/\" target=\"_blank\">Revista Diagonal<\/a><\/strong><\/p>\n<p><!--more--><\/p>\n<p>\u201c<strong>\u00bfQu\u00e9 importancia tiene la luz en la arquitectura?<\/strong><\/p>\n<p style=\"text-align: justify;\">\u00c9sta es una de esas preguntas que, en mi opini\u00f3n, son incontestables. Me recuerda a la pregunta que, al comienzo de cada curso, les hago a mis alumnos \u201c\u00bfqu\u00e9 es la arquitectura?\u201d De repente se quedan sin respuesta porque la sencillez de su formulaci\u00f3n plantea lo inabarcable. Pero, si tuviera que responder algo, te dir\u00eda que es la arquitectura misma y lo que sorprende es que todav\u00eda no se haya escrito su historia.<\/p>\n<p style=\"text-align: justify;\"><strong style=\"font-style: inherit;\">Tu Tesis Doctoral<\/strong><strong>\u00a0<\/strong><em style=\"font-weight: inherit;\"><strong>La luz en la configuraci\u00f3n del espacio<\/strong><\/em><strong>\u00a0<\/strong><strong>podr\u00eda entenderse como una aproximaci\u00f3n a la importancia de la luz en la arquitectura\u2026<\/strong><\/p>\n<p style=\"text-align: justify;\">Tiene que ver con eso. Siendo estudiante algo intu\u00eda, pero nadie supo hacernos entender la trascendencia de ese material inmaterial; cualquier referencia era muy general o acababa en lugares comunes: \u201cqu\u00e9 importante es la luz en la definici\u00f3n del espacio, qu\u00e9 bien trata la luz determinado arquitecto\u2026\u201d, pero sin decir exactamente por qu\u00e9, probablemente debido a su complejidad. En cambio, es a partir de mis primeras experiencias como arquitecto cuando fui progresivamente consciente de que las decisiones importantes que se adoptan a lo largo del proceso del proyecto son en funci\u00f3n de \u00e9sta.<\/p>\n<p style=\"text-align: justify;\"><strong style=\"font-style: inherit;\">Ahora que eres profesor de proyectos arquitect\u00f3nicos, \u00bfc\u00f3mo intentas transmitir a tus alumnos el inter\u00e9s que para ti tiene la luz en la arquitectura?<\/strong><\/p>\n<p style=\"text-align: justify;\">A lo largo del curso procuro encontrar un momento en el que abordar de forma espec\u00edfica este tema, intentando hacer el esfuerzo de explicar, con la m\u00e1xima sencillez, aquellas cuestiones determinantes en la configuraci\u00f3n del espacio y que tienen que ver con la luz y su control, pero tambi\u00e9n dejando claro que, por fundamental que sea, no es ante la luz a la que se debe dar respuesta, salvo en aquellas arquitecturas en las que se convierte en el soporte simb\u00f3lico de sus propuestas. En cambio, en los cursos de doctorado se desarrolla un estudio m\u00e1s intenso y lo que sorprende es comprobar c\u00f3mo los trabajos de investigaci\u00f3n que analizan el tratamiento de la luz en un proyecto determinado, lo hacen exclusivamente a trav\u00e9s de la palabra apoyada con im\u00e1genes, poniendo de manifiesto que, aunque el dibujo es nuestro medio de expresi\u00f3n, existe una tremenda dificultad para plasmar gr\u00e1ficamente su presencia. A lo mejor es imposible, no lo s\u00e9; yo intent\u00e9 hacer este esfuerzo en la tesis (\u2026)\u201d<\/p>\n<p>&nbsp;<\/p>\n<p style=\"text-align: center;\">\n<p style=\"text-align: center;\"><strong>Accede \u00a0a la entrevista,\u00a0<a href=\"http:\/\/www.revistadiagonal.com\/entrevistes\/la-luz-es-el-tema\/eduardo-de-miguel\/\" target=\"_blank\">AQU\u00cd<\/a><\/strong><\/p>\n<p><strong>\u00a0<\/strong><\/p>\n<blockquote>\n<h5 style=\"text-align: center;\"><span style=\"color: #ff0000;\">Ya es posible inscribirse a la s\u00e9ptima edici\u00f3n de nuestro CURSO ONLINE de IDENTIDAD DIGITAL para arquitectos.<\/span><\/h5>\n<h5 style=\"text-align: center;\"><span style=\"color: #ff0000;\">Un curso hecho por arquitectos, para arquitectos. Si te interesa mejorar tu visibilidad en la red y, por lo tanto, tus posibilidades laborales \u00a1este es tu curso!<\/span><\/h5>\n<h5 style=\"text-align: center;\"><span style=\"color: #ff0000;\">&gt;&gt;<a style=\"color: #ff0000;\" href=\"https:\/\/stepienybarno.es\/blog\/2017\/05\/03\/septima-edicion-de-nuestro-curso-online-de-identidad-digital-para-arquitectos\/\" target=\"_blank\">Acceder<\/a>&lt;&lt;<\/span><\/h5>\n<\/blockquote>\n<p><strong>\u00a0<\/strong><\/p>\n<p>&nbsp;<\/p>\n<p><span style=\"color: #999999;\"><em>Noticia seleccionada por el Canal de arquitectura STEPIENYBARNO.\u00a0<\/em><\/span><\/p>\n<p><a href=\"https:\/\/twitter.com\/stepienybarno\"><em>STEPIENYBARNO EN TWITTER _ @stepienybarno<\/em><\/a><\/p>\n<p><a href=\"http:\/\/www.linkedin.com\/company\/stepienybarno\"><em>STEPIENYBARNO EN LINKEDIN<\/em><\/a><\/p>\n<p><a href=\"https:\/\/www.facebook.com\/StepienybarnoCANAL\"><em>STEPIENYBARNO EN FACEBOOK<\/em><\/a><\/p>\n<p><span style=\"color: #999999;\"><em>*Stepienybarno est\u00e1 formado por Agnieszka Stepien y Lorenzo Barn\u00f3 y desde mayo del 2009 estamos en la red con\u00a0 la presente publicaci\u00f3n digital (Blog) de arquitectura.<\/em><\/span><\/p>\n<p><span style=\"color: #999999;\"><em>Nuestra actividad se sustenta en tres pilares b\u00e1sicos: la investigaci\u00f3n, la publicaci\u00f3n (comunicaci\u00f3n y difusi\u00f3n) y la redacci\u00f3n de proyectos de arquitectura.<\/em><\/span><\/p>\n<p><span style=\"color: #999999;\"><em>A su vez, somos socios cofundadores de<\/em><\/span><em>\u00a0<\/em><a href=\"http:\/\/sinergiasostenible.org\/\"><em>SINERGIA SOSTENIBLE<\/em><\/a><span style=\"color: #999999;\"><em>, redactores de<\/em><\/span><em>\u00a0<\/em><a href=\"http:\/\/www.laciudadviva.org\/blogs\/?author=45\"><em>LA CIUDAD VIVA<\/em><\/a><span style=\"color: #999999;\"><em>\u00a0<\/em><em>y directores del blog de<\/em><\/span><em>\u00a0<\/em><a href=\"http:\/\/blogfundacion.arquia.es\/\"><em>FUNDACI\u00d3N ARQUIA<\/em><\/a><span style=\"color: #999999;\"><em>.<\/em><\/span><\/p>\n<p><span style=\"color: #999999;\"><em>* Los editores de esta publicaci\u00f3n digital no nos hacemos cargo de de los comentarios y\u00a0 conceptos vertidos en los textos firmados por otras personas, siendo \u00e9stos de responsabilidad exclusiva de sus autores.<\/em><\/span><\/p>\n<p><span style=\"color: #999999;\"><em>* Tu comentario podr\u00e1 ser moderado, por lo tanto, aunque aparezca inmediatamente al ser publicado en la entrada, los editores de esta publicaci\u00f3n digital nos reservamos el derecho tanto de editarlo (si fuera necesario, para hacerlo m\u00e1s legible) como de eliminarlo en el caso de que se usen expresiones incorrectas (descalificaciones, palabras malsonantes\u2026). A su vez, si quieres comentar desde el anonimato puedes hacerlo, aunque, nosotros personalmente, agradecemos que tod@s nos podamos identificar.<\/em><\/span><\/p>\n","protected":false},"excerpt":{"rendered":"<p>Por Oscar Linares de la Torre\u00a0 Desde Revista Diagonal<\/p>\n","protected":false},"author":9,"featured_media":27944,"comment_status":"open","ping_status":"closed","sticky":false,"template":"","format":"standard","meta":{"om_disable_all_campaigns":false,"_monsterinsights_skip_tracking":false,"_monsterinsights_sitenote_active":false,"_monsterinsights_sitenote_note":"","_monsterinsights_sitenote_category":0,"_uf_show_specific_survey":0,"_uf_disable_surveys":false,"episode_type":"","audio_file":"","cover_image":"","cover_image_id":"","duration":"","filesize":"","date_recorded":"","explicit":"","block":"","filesize_raw":"","footnotes":""},"categories":[244],"tags":[5421,5422],"series":[],"class_list":["post-27943","post","type-post","status-publish","format-standard","has-post-thumbnail","hentry","category-canal-de-arquitectura","tag-oscar-linares-de-la-torre","tag-revista-diagonal"],"aioseo_notices":[],"episode_featured_image":"https:\/\/stepienybarno.es\/blog\/wp-content\/uploads\/2017\/05\/stepienybarno-stepien-y-barno-arquitectura-revista-diagonal-Oscar-Linares-de-la-Torre-eduardo-de-miguel.jpg","episode_player_image":"https:\/\/stepienybarno.es\/blog\/wp-content\/uploads\/2020\/11\/stepienybarno-podcast-scaled.jpg","download_link":"","player_link":"","audio_player":false,"episode_data":{"playerMode":"dark","subscribeUrls":[],"rssFeedUrl":"https:\/\/stepienybarno.es\/blog\/feed\/podcast\/podcast-de-stepienybarno","embedCode":"<blockquote class=\"wp-embedded-content\" data-secret=\"a9iPS3Wbm5\"><a href=\"https:\/\/stepienybarno.es\/blog\/2017\/05\/29\/eduardo-de-miguel-la-luz-es-el-tema\/\">EDUARDO DE MIGUEL. LA LUZ ES EL TEMA<\/a><\/blockquote><iframe sandbox=\"allow-scripts\" security=\"restricted\" src=\"https:\/\/stepienybarno.es\/blog\/2017\/05\/29\/eduardo-de-miguel-la-luz-es-el-tema\/embed\/#?secret=a9iPS3Wbm5\" width=\"500\" height=\"350\" title=\"\u00abEDUARDO DE MIGUEL. LA LUZ ES EL TEMA\u00bb \u2014 Blog de STEPIEN Y BARNO - publicaci\u00f3n digital sobre arquitectura\" data-secret=\"a9iPS3Wbm5\" frameborder=\"0\" marginwidth=\"0\" marginheight=\"0\" scrolling=\"no\" class=\"wp-embedded-content\"><\/iframe><script type=\"text\/javascript\">\n\/* <![CDATA[ *\/\n\/*! This file is auto-generated *\/\n!function(d,l){\"use strict\";l.querySelector&&d.addEventListener&&\"undefined\"!=typeof URL&&(d.wp=d.wp||{},d.wp.receiveEmbedMessage||(d.wp.receiveEmbedMessage=function(e){var t=e.data;if((t||t.secret||t.message||t.value)&&!\/[^a-zA-Z0-9]\/.test(t.secret)){for(var s,r,n,a=l.querySelectorAll('iframe[data-secret=\"'+t.secret+'\"]'),o=l.querySelectorAll('blockquote[data-secret=\"'+t.secret+'\"]'),c=new RegExp(\"^https?:$\",\"i\"),i=0;i<o.length;i++)o[i].style.display=\"none\";for(i=0;i<a.length;i++)s=a[i],e.source===s.contentWindow&&(s.removeAttribute(\"style\"),\"height\"===t.message?(1e3<(r=parseInt(t.value,10))?r=1e3:~~r<200&&(r=200),s.height=r):\"link\"===t.message&&(r=new URL(s.getAttribute(\"src\")),n=new URL(t.value),c.test(n.protocol))&&n.host===r.host&&l.activeElement===s&&(d.top.location.href=t.value))}},d.addEventListener(\"message\",d.wp.receiveEmbedMessage,!1),l.addEventListener(\"DOMContentLoaded\",function(){for(var e,t,s=l.querySelectorAll(\"iframe.wp-embedded-content\"),r=0;r<s.length;r++)(t=(e=s[r]).getAttribute(\"data-secret\"))||(t=Math.random().toString(36).substring(2,12),e.src+=\"#?secret=\"+t,e.setAttribute(\"data-secret\",t)),e.contentWindow.postMessage({message:\"ready\",secret:t},\"*\")},!1)))}(window,document);\n\/* ]]> *\/\n<\/script>\n"},"_links":{"self":[{"href":"https:\/\/stepienybarno.es\/blog\/wp-json\/wp\/v2\/posts\/27943"}],"collection":[{"href":"https:\/\/stepienybarno.es\/blog\/wp-json\/wp\/v2\/posts"}],"about":[{"href":"https:\/\/stepienybarno.es\/blog\/wp-json\/wp\/v2\/types\/post"}],"author":[{"embeddable":true,"href":"https:\/\/stepienybarno.es\/blog\/wp-json\/wp\/v2\/users\/9"}],"replies":[{"embeddable":true,"href":"https:\/\/stepienybarno.es\/blog\/wp-json\/wp\/v2\/comments?post=27943"}],"version-history":[{"count":1,"href":"https:\/\/stepienybarno.es\/blog\/wp-json\/wp\/v2\/posts\/27943\/revisions"}],"predecessor-version":[{"id":27945,"href":"https:\/\/stepienybarno.es\/blog\/wp-json\/wp\/v2\/posts\/27943\/revisions\/27945"}],"wp:featuredmedia":[{"embeddable":true,"href":"https:\/\/stepienybarno.es\/blog\/wp-json\/wp\/v2\/media\/27944"}],"wp:attachment":[{"href":"https:\/\/stepienybarno.es\/blog\/wp-json\/wp\/v2\/media?parent=27943"}],"wp:term":[{"taxonomy":"category","embeddable":true,"href":"https:\/\/stepienybarno.es\/blog\/wp-json\/wp\/v2\/categories?post=27943"},{"taxonomy":"post_tag","embeddable":true,"href":"https:\/\/stepienybarno.es\/blog\/wp-json\/wp\/v2\/tags?post=27943"},{"taxonomy":"series","embeddable":true,"href":"https:\/\/stepienybarno.es\/blog\/wp-json\/wp\/v2\/series?post=27943"}],"curies":[{"name":"wp","href":"https:\/\/api.w.org\/{rel}","templated":true}]}}