{"id":27959,"date":"2017-05-31T09:16:03","date_gmt":"2017-05-31T07:16:03","guid":{"rendered":"https:\/\/www.stepienybarno.es\/blog\/?p=27959"},"modified":"2017-05-31T09:16:16","modified_gmt":"2017-05-31T07:16:16","slug":"el-dia-de-un-arquitecto","status":"publish","type":"post","link":"https:\/\/stepienybarno.es\/blog\/2017\/05\/31\/el-dia-de-un-arquitecto\/","title":{"rendered":"EL D\u00cdA DE UN ARQUITECTO"},"content":{"rendered":"<p><img loading=\"lazy\" decoding=\"async\" class=\"aligncenter size-full wp-image-27960\" src=\"https:\/\/stepienybarno.es\/blog\/wp-content\/uploads\/2017\/05\/stepienybarno-arquitectura-stepien-y-barno-blog-Facultad-de-Arquitectura-de-la-Universidad-Cat\u00f3lica-de-Santa-Fe-UCSF-Esteban-Tomatis.png\" alt=\"stepienybarno-arquitectura-stepien-y-barno-blog-Facultad de Arquitectura de la Universidad Cat\u00f3lica de Santa Fe-UCSF- Esteban Tomatis\" width=\"500\" height=\"280\" srcset=\"https:\/\/stepienybarno.es\/blog\/wp-content\/uploads\/2017\/05\/stepienybarno-arquitectura-stepien-y-barno-blog-Facultad-de-Arquitectura-de-la-Universidad-Cat\u00f3lica-de-Santa-Fe-UCSF-Esteban-Tomatis.png 500w, https:\/\/stepienybarno.es\/blog\/wp-content\/uploads\/2017\/05\/stepienybarno-arquitectura-stepien-y-barno-blog-Facultad-de-Arquitectura-de-la-Universidad-Cat\u00f3lica-de-Santa-Fe-UCSF-Esteban-Tomatis-180x101.png 180w, https:\/\/stepienybarno.es\/blog\/wp-content\/uploads\/2017\/05\/stepienybarno-arquitectura-stepien-y-barno-blog-Facultad-de-Arquitectura-de-la-Universidad-Cat\u00f3lica-de-Santa-Fe-UCSF-Esteban-Tomatis-316x177.png 316w\" sizes=\"(max-width: 500px) 100vw, 500px\" \/><\/p>\n<p><strong>Por <a href=\"http:\/\/faucsf.blogspot.com.ar\/\" target=\"_blank\">Facultad de Arquitectura de la Universidad Cat\u00f3lica de Santa Fe (UCSF<\/a>)<\/strong><\/p>\n<p><strong>V\u00eda <a href=\"https:\/\/www.youtube.com\/channel\/UCpS9HbdDNtzbDZSo285klYQ\" target=\"_blank\">Esteban Tomatis<\/a><\/strong><\/p>\n<p><!--more--><\/p>\n<p>\u201c\u00bfQu\u00e9 hace un arquitecto un d\u00eda cualquiera de su vida?<br \/>\nTrabajo, familia, descanso&#8230;\u201d<\/p>\n<p><strong>\u00a0<\/strong><\/p>\n<blockquote>\n<p style=\"text-align: center;\"><strong>Accede al v\u00eddeo,<\/strong><strong> <a href=\"https:\/\/www.youtube.com\/watch?v=enY-cg3LfsI\" target=\"_blank\">AQU\u00cd<\/a><\/strong><\/p>\n<\/blockquote>\n<p style=\"line-height: 13.5pt; background: white; margin: 0cm 0cm 7.5pt; text-align: justify;\"><em><span style=\"font-size: 9.0pt; font-family: 'Open Sans','sans-serif'; color: #999999; background: white;\">*Noticia seleccionada por el Canal de arquitectura STEPIENYBARNO.\u00a0<\/span><\/em><\/p>\n<p style=\"line-height: 13.5pt; background: white; margin: 0cm 0cm 7.5pt; text-align: justify;\"><span style=\"font-size: 9.0pt; font-family: 'Open Sans','sans-serif'; color: #666666;\"><a href=\"https:\/\/twitter.com\/stepienybarno\"><em><span style=\"font-family: 'Open Sans','sans-serif'; color: #666666;\">STEPIENYBARNO EN TWITTER _ @stepienybarno<\/span><\/em><\/a><\/span><\/p>\n<p style=\"line-height: 13.5pt; background: white; margin: 0cm 0cm 7.5pt; text-align: justify;\"><span style=\"font-size: 9.0pt; font-family: 'Open Sans','sans-serif'; color: #666666;\"><a href=\"http:\/\/www.linkedin.com\/company\/stepienybarno\"><em><span style=\"font-family: 'Open Sans','sans-serif'; color: #666666;\">STEPIENYBARNO EN LINKEDIN<\/span><\/em><\/a><\/span><\/p>\n<p style=\"line-height: 13.5pt; background: white; margin: 0cm 0cm 7.5pt; text-align: justify;\"><span style=\"font-size: 9.0pt; font-family: 'Open Sans','sans-serif'; color: #666666;\"><a href=\"https:\/\/www.facebook.com\/StepienybarnoCANAL\"><em><span style=\"font-family: 'Open Sans','sans-serif'; color: #666666;\">STEPIENYBARNO EN FACEBOOK<\/span><\/em><\/a><\/span><\/p>\n<p style=\"line-height: 13.5pt; background: white; margin: 0cm 0cm 7.5pt; text-align: justify;\"><em><span style=\"font-size: 9.0pt; font-family: 'Open Sans','sans-serif'; color: #999999;\">*Stepienybarno est\u00e1 formado por Agnieszka Stepien y Lorenzo Barn\u00f3 y desde mayo del 2009 estamos en la red con\u00a0 la presente publicaci\u00f3n digital (Blog) de arquitectura.<\/span><\/em><\/p>\n<p style=\"line-height: 13.5pt; background: white; margin: 0cm 0cm 7.5pt; text-align: justify;\"><em><span style=\"font-size: 9.0pt; font-family: 'Open Sans','sans-serif'; color: #999999;\">Nuestra actividad se sustenta en tres pilares b\u00e1sicos: la investigaci\u00f3n, la publicaci\u00f3n (comunicaci\u00f3n y difusi\u00f3n) y la redacci\u00f3n de proyectos de arquitectura.<\/span><\/em><\/p>\n<p style=\"line-height: 13.5pt; background: white; margin: 0cm 0cm 7.5pt; text-align: justify;\"><em><span style=\"font-size: 9.0pt; font-family: 'Open Sans','sans-serif'; color: #999999;\">A su vez, somos socios cofundadores de<\/span><\/em><em><span style=\"font-size: 9.0pt; font-family: 'Open Sans','sans-serif'; color: #666666;\">\u00a0<\/span><\/em><span style=\"font-size: 9.0pt; font-family: 'Open Sans','sans-serif'; color: #666666;\"><a href=\"http:\/\/sinergiasostenible.org\/\"><em><span style=\"font-family: 'Open Sans','sans-serif'; color: #666666;\">SINERGIA SOSTENIBLE<\/span><\/em><\/a><em><span style=\"font-family: 'Open Sans','sans-serif';\">,<\/span><\/em><span class=\"apple-converted-space\"><i>\u00a0<\/i><\/span><\/span><em><span style=\"font-size: 9.0pt; font-family: 'Open Sans','sans-serif'; color: #999999;\">redactores de<\/span><\/em><em><span style=\"font-size: 9.0pt; font-family: 'Open Sans','sans-serif'; color: #666666;\">\u00a0<\/span><\/em><span style=\"font-size: 9.0pt; font-family: 'Open Sans','sans-serif'; color: #666666;\"><a href=\"http:\/\/www.laciudadviva.org\/blogs\/?author=45\"><em><span style=\"font-family: 'Open Sans','sans-serif'; color: #666666;\">LA CIUDAD VIVA<\/span><\/em><\/a><em><span style=\"font-family: 'Open Sans','sans-serif';\">\u00a0<\/span><\/em><\/span><em><span style=\"font-size: 9.0pt; font-family: 'Open Sans','sans-serif'; color: #999999;\">y directores del blog de<\/span><\/em><em><span style=\"font-size: 9.0pt; font-family: 'Open Sans','sans-serif'; color: #666666;\">\u00a0<\/span><\/em><span style=\"font-size: 9.0pt; font-family: 'Open Sans','sans-serif'; color: #666666;\"><a href=\"http:\/\/blogfundacion.arquia.es\/\"><em><span style=\"font-family: 'Open Sans','sans-serif'; color: #666666;\">FUNDACI\u00d3N ARQUIA<\/span><\/em><\/a><\/span><em><span style=\"font-size: 9.0pt; font-family: 'Open Sans','sans-serif'; color: #999999;\">.<\/span><\/em><\/p>\n<p style=\"line-height: 13.5pt; background: white; margin: 0cm 0cm 7.5pt; text-align: justify;\"><em><span style=\"font-size: 9.0pt; font-family: 'Open Sans','sans-serif'; color: #999999;\">* Los editores de esta publicaci\u00f3n digital no nos hacemos cargo de de los comentarios y\u00a0 conceptos vertidos en los textos firmados por otras personas, siendo \u00e9stos de responsabilidad exclusiva de sus autores.<\/span><\/em><\/p>\n<p style=\"line-height: 13.5pt; background: white; margin: 0cm 0cm 7.5pt; text-align: justify;\"><em><span style=\"font-size: 9.0pt; font-family: 'Open Sans','sans-serif'; color: #999999;\">* Tu comentario podr\u00e1 ser moderado, por lo tanto, aunque aparezca inmediatamente al ser publicado en la entrada, los editores de esta publicaci\u00f3n digital nos reservamos el derecho tanto de editarlo (si fuera necesario, para hacerlo m\u00e1s legible) como de eliminarlo en el caso de que se usen expresiones incorrectas (descalificaciones, palabras malsonantes\u2026). A su vez, si quieres comentar desde el anonimato puedes hacerlo, aunque, nosotros personalmente, agradecemos que tod@s nos podamos identificar.<\/span><\/em><\/p>\n","protected":false},"excerpt":{"rendered":"<p>Por Facultad de Arquitectura de la Universidad Cat\u00f3lica de Santa<\/p>\n","protected":false},"author":9,"featured_media":27960,"comment_status":"open","ping_status":"closed","sticky":false,"template":"","format":"standard","meta":{"om_disable_all_campaigns":false,"_monsterinsights_skip_tracking":false,"_monsterinsights_sitenote_active":false,"_monsterinsights_sitenote_note":"","_monsterinsights_sitenote_category":0,"_uf_show_specific_survey":0,"_uf_disable_surveys":false,"episode_type":"","audio_file":"","cover_image":"","cover_image_id":"","duration":"","filesize":"","date_recorded":"","explicit":"","block":"","filesize_raw":"","footnotes":""},"categories":[244],"tags":[5429,5427,5428],"series":[],"class_list":["post-27959","post","type-post","status-publish","format-standard","has-post-thumbnail","hentry","category-canal-de-arquitectura","tag-esteban-tomatis","tag-facultad-de-arquitectura-de-la-universidad-catolica-de-santa-fe","tag-ucsf"],"aioseo_notices":[],"episode_featured_image":"https:\/\/stepienybarno.es\/blog\/wp-content\/uploads\/2017\/05\/stepienybarno-arquitectura-stepien-y-barno-blog-Facultad-de-Arquitectura-de-la-Universidad-Cat\u00f3lica-de-Santa-Fe-UCSF-Esteban-Tomatis.png","episode_player_image":"https:\/\/stepienybarno.es\/blog\/wp-content\/uploads\/2020\/11\/stepienybarno-podcast-scaled.jpg","download_link":"","player_link":"","audio_player":false,"episode_data":{"playerMode":"dark","subscribeUrls":[],"rssFeedUrl":"https:\/\/stepienybarno.es\/blog\/feed\/podcast\/podcast-de-stepienybarno","embedCode":"<blockquote class=\"wp-embedded-content\" data-secret=\"N4h4mytgHu\"><a href=\"https:\/\/stepienybarno.es\/blog\/2017\/05\/31\/el-dia-de-un-arquitecto\/\">EL D\u00cdA DE UN ARQUITECTO<\/a><\/blockquote><iframe sandbox=\"allow-scripts\" security=\"restricted\" src=\"https:\/\/stepienybarno.es\/blog\/2017\/05\/31\/el-dia-de-un-arquitecto\/embed\/#?secret=N4h4mytgHu\" width=\"500\" height=\"350\" title=\"\u00abEL D\u00cdA DE UN ARQUITECTO\u00bb \u2014 Blog de STEPIEN Y BARNO - publicaci\u00f3n digital sobre arquitectura\" data-secret=\"N4h4mytgHu\" frameborder=\"0\" marginwidth=\"0\" marginheight=\"0\" scrolling=\"no\" class=\"wp-embedded-content\"><\/iframe><script type=\"text\/javascript\">\n\/* <![CDATA[ *\/\n\/*! This file is auto-generated *\/\n!function(d,l){\"use strict\";l.querySelector&&d.addEventListener&&\"undefined\"!=typeof URL&&(d.wp=d.wp||{},d.wp.receiveEmbedMessage||(d.wp.receiveEmbedMessage=function(e){var t=e.data;if((t||t.secret||t.message||t.value)&&!\/[^a-zA-Z0-9]\/.test(t.secret)){for(var s,r,n,a=l.querySelectorAll('iframe[data-secret=\"'+t.secret+'\"]'),o=l.querySelectorAll('blockquote[data-secret=\"'+t.secret+'\"]'),c=new RegExp(\"^https?:$\",\"i\"),i=0;i<o.length;i++)o[i].style.display=\"none\";for(i=0;i<a.length;i++)s=a[i],e.source===s.contentWindow&&(s.removeAttribute(\"style\"),\"height\"===t.message?(1e3<(r=parseInt(t.value,10))?r=1e3:~~r<200&&(r=200),s.height=r):\"link\"===t.message&&(r=new URL(s.getAttribute(\"src\")),n=new URL(t.value),c.test(n.protocol))&&n.host===r.host&&l.activeElement===s&&(d.top.location.href=t.value))}},d.addEventListener(\"message\",d.wp.receiveEmbedMessage,!1),l.addEventListener(\"DOMContentLoaded\",function(){for(var e,t,s=l.querySelectorAll(\"iframe.wp-embedded-content\"),r=0;r<s.length;r++)(t=(e=s[r]).getAttribute(\"data-secret\"))||(t=Math.random().toString(36).substring(2,12),e.src+=\"#?secret=\"+t,e.setAttribute(\"data-secret\",t)),e.contentWindow.postMessage({message:\"ready\",secret:t},\"*\")},!1)))}(window,document);\n\/* ]]> *\/\n<\/script>\n"},"_links":{"self":[{"href":"https:\/\/stepienybarno.es\/blog\/wp-json\/wp\/v2\/posts\/27959"}],"collection":[{"href":"https:\/\/stepienybarno.es\/blog\/wp-json\/wp\/v2\/posts"}],"about":[{"href":"https:\/\/stepienybarno.es\/blog\/wp-json\/wp\/v2\/types\/post"}],"author":[{"embeddable":true,"href":"https:\/\/stepienybarno.es\/blog\/wp-json\/wp\/v2\/users\/9"}],"replies":[{"embeddable":true,"href":"https:\/\/stepienybarno.es\/blog\/wp-json\/wp\/v2\/comments?post=27959"}],"version-history":[{"count":2,"href":"https:\/\/stepienybarno.es\/blog\/wp-json\/wp\/v2\/posts\/27959\/revisions"}],"predecessor-version":[{"id":27962,"href":"https:\/\/stepienybarno.es\/blog\/wp-json\/wp\/v2\/posts\/27959\/revisions\/27962"}],"wp:featuredmedia":[{"embeddable":true,"href":"https:\/\/stepienybarno.es\/blog\/wp-json\/wp\/v2\/media\/27960"}],"wp:attachment":[{"href":"https:\/\/stepienybarno.es\/blog\/wp-json\/wp\/v2\/media?parent=27959"}],"wp:term":[{"taxonomy":"category","embeddable":true,"href":"https:\/\/stepienybarno.es\/blog\/wp-json\/wp\/v2\/categories?post=27959"},{"taxonomy":"post_tag","embeddable":true,"href":"https:\/\/stepienybarno.es\/blog\/wp-json\/wp\/v2\/tags?post=27959"},{"taxonomy":"series","embeddable":true,"href":"https:\/\/stepienybarno.es\/blog\/wp-json\/wp\/v2\/series?post=27959"}],"curies":[{"name":"wp","href":"https:\/\/api.w.org\/{rel}","templated":true}]}}