{"id":28000,"date":"2017-06-02T10:15:30","date_gmt":"2017-06-02T08:15:30","guid":{"rendered":"https:\/\/www.stepienybarno.es\/blog\/?p=28000"},"modified":"2018-07-20T17:50:37","modified_gmt":"2018-07-20T15:50:37","slug":"para-que-sirve-un-arquitecto-a-miguel-angel-alonso-del-val","status":"publish","type":"post","link":"https:\/\/stepienybarno.es\/blog\/2017\/06\/02\/para-que-sirve-un-arquitecto-a-miguel-angel-alonso-del-val\/","title":{"rendered":"\u00bfPARA QU\u00c9 SIRVE UN ARQUITECTO\/A? Por Miguel \u00c1ngel Alonso"},"content":{"rendered":"<div style=\"position: relative; height: 0px; padding-bottom: 56.25%; text-align: center;\"><iframe loading=\"lazy\" style=\"position: absolute; width: 100%; height: 100%; left: 0;\" src=\"https:\/\/www.youtube.com\/embed\/8U9YxLj-UJw?ecver=2\" width=\"750\" height=\"422\" frameborder=\"0\" allowfullscreen=\"allowfullscreen\"><\/iframe><\/div>\n<p>&nbsp;<\/p>\n<p><strong>Por <a href=\"http:\/\/www.ahasociados.com\/es\/equipo.html\" target=\"_blank\" rel=\"noopener\">Miguel \u00c1ngel Alonso del Val<\/a> | <a href=\"http:\/\/www.unav.edu\/web\/escuela-tecnica-superior-de-arquitectura\" target=\"_blank\" rel=\"noopener\">Director de la Escuela T\u00e9cnica Superior de Arquitectura de la Universidad de Navarra<\/a><\/strong><!--more--><\/p>\n<p>Hoy, viernes, continuamos con la secci\u00f3n \u00a0<strong>\u00bfPara qu\u00e9 sirve un arquitect@?<\/strong><\/p>\n<p>Estamos entrevistando a varios arquitect@s con esta pregunta y antes de contestar les animamos a que lo hagan como si fuera a o\u00edrlo (y entenderlo) su padre o su novi@; vaya, el com\u00fan de los mortales.<\/p>\n<p>As\u00ed, os dejamos\u00a0con <strong>Miguel \u00c1ngel Alonso del Val<\/strong>, Director de la <strong>ETSAUN.<\/strong><\/p>\n<p style=\"text-align: justify; line-height: 13.5pt; background: white; margin: 0cm 0cm 7.5pt 0cm;\"><span style=\"font-size: 9.0pt; font-family: 'Open Sans','sans-serif'; color: #666666;\"><a href=\"https:\/\/twitter.com\/stepienybarno\"><em><span style=\"font-family: 'Open Sans','sans-serif'; color: #666666;\">STEPIENYBARNO EN TWITTER _ @stepienybarno<\/span><\/em><\/a><\/span><\/p>\n<p style=\"text-align: justify; line-height: 13.5pt; background: white; margin: 0cm 0cm 7.5pt 0cm;\"><span style=\"font-size: 9.0pt; font-family: 'Open Sans','sans-serif'; color: #666666;\"><a href=\"http:\/\/www.linkedin.com\/company\/stepienybarno\"><em><span style=\"font-family: 'Open Sans','sans-serif'; color: #666666;\">STEPIENYBARNO EN LINKEDIN<\/span><\/em><\/a><\/span><\/p>\n<p style=\"text-align: justify; line-height: 13.5pt; background: white; margin: 0cm 0cm 7.5pt 0cm;\"><span style=\"font-size: 9.0pt; font-family: 'Open Sans','sans-serif'; color: #666666;\"><a href=\"https:\/\/www.facebook.com\/StepienybarnoCANAL\"><em><span style=\"font-family: 'Open Sans','sans-serif'; color: #666666;\">STEPIENYBARNO EN FACEBOOK<\/span><\/em><\/a><\/span><\/p>\n<p style=\"text-align: justify; line-height: 13.5pt; background: white; margin: 0cm 0cm 7.5pt 0cm;\"><em><span style=\"font-size: 9.0pt; font-family: 'Open Sans','sans-serif'; color: #999999;\">*Stepienybarno est\u00e1 formado por Agnieszka Stepien y Lorenzo Barn\u00f3 y desde mayo del 2009 estamos en la red con\u00a0 la presente publicaci\u00f3n digital (Blog) de arquitectura.<\/span><\/em><\/p>\n<p style=\"text-align: justify; line-height: 13.5pt; background: white; margin: 0cm 0cm 7.5pt 0cm;\"><em><span style=\"font-size: 9.0pt; font-family: 'Open Sans','sans-serif'; color: #999999;\">Nuestra actividad se sustenta en tres pilares b\u00e1sicos: la investigaci\u00f3n, la publicaci\u00f3n (comunicaci\u00f3n y difusi\u00f3n) y la redacci\u00f3n de proyectos de arquitectura.<\/span><\/em><\/p>\n<p style=\"text-align: justify; line-height: 13.5pt; background: white; margin: 0cm 0cm 7.5pt 0cm;\"><em><span style=\"font-size: 9.0pt; font-family: 'Open Sans','sans-serif'; color: #999999;\">A su vez, somos socios cofundadores de<\/span><\/em><em><span style=\"font-size: 9.0pt; font-family: 'Open Sans','sans-serif'; color: #666666;\">\u00a0<\/span><\/em><span style=\"font-size: 9.0pt; font-family: 'Open Sans','sans-serif'; color: #666666;\"><a href=\"http:\/\/sinergiasostenible.org\/\"><em><span style=\"font-family: 'Open Sans','sans-serif'; color: #666666;\">SINERGIA SOSTENIBLE<\/span><\/em><\/a><em><span style=\"font-family: 'Open Sans','sans-serif';\">,<\/span><\/em><span class=\"apple-converted-space\"><i>\u00a0<\/i><\/span><\/span><em><span style=\"font-size: 9.0pt; font-family: 'Open Sans','sans-serif'; color: #999999;\">redactores de<\/span><\/em><em><span style=\"font-size: 9.0pt; font-family: 'Open Sans','sans-serif'; color: #666666;\">\u00a0<\/span><\/em><span style=\"font-size: 9.0pt; font-family: 'Open Sans','sans-serif'; color: #666666;\"><a href=\"http:\/\/www.laciudadviva.org\/blogs\/?author=45\"><em><span style=\"font-family: 'Open Sans','sans-serif'; color: #666666;\">LA CIUDAD VIVA<\/span><\/em><\/a><em><span style=\"font-family: 'Open Sans','sans-serif';\">\u00a0<\/span><\/em><\/span><em><span style=\"font-size: 9.0pt; font-family: 'Open Sans','sans-serif'; color: #999999;\">y directores del blog de<\/span><\/em><em><span style=\"font-size: 9.0pt; font-family: 'Open Sans','sans-serif'; color: #666666;\">\u00a0<\/span><\/em><span style=\"font-size: 9.0pt; font-family: 'Open Sans','sans-serif'; color: #666666;\"><a href=\"http:\/\/blogfundacion.arquia.es\/\"><em><span style=\"font-family: 'Open Sans','sans-serif'; color: #666666;\">FUNDACI\u00d3N ARQUIA<\/span><\/em><\/a><\/span><em><span style=\"font-size: 9.0pt; font-family: 'Open Sans','sans-serif'; color: #999999;\">.<\/span><\/em><\/p>\n<p style=\"text-align: justify; line-height: 13.5pt; background: white; margin: 0cm 0cm 7.5pt 0cm;\"><em><span style=\"font-size: 9.0pt; font-family: 'Open Sans','sans-serif'; color: #999999;\">* Los editores de esta publicaci\u00f3n digital no nos hacemos cargo de de los comentarios y\u00a0 conceptos vertidos en los textos firmados por otras personas, siendo \u00e9stos de responsabilidad exclusiva de sus autores.<\/span><\/em><\/p>\n<p style=\"text-align: justify; line-height: 13.5pt; background: white; margin: 0cm 0cm 7.5pt 0cm;\"><em><span style=\"font-size: 9.0pt; font-family: 'Open Sans','sans-serif'; color: #999999;\">* Tu comentario podr\u00e1 ser moderado, por lo tanto, aunque aparezca inmediatamente al ser publicado en la entrada, los editores de esta publicaci\u00f3n digital nos reservamos el derecho tanto de editarlo (si fuera necesario, para hacerlo m\u00e1s legible) como de eliminarlo en el caso de que se usen expresiones incorrectas (descalificaciones, palabras malsonantes\u2026). A su vez, si quieres comentar desde el anonimato puedes hacerlo, aunque, nosotros personalmente, agradecemos que tod@s nos podamos identificar.<\/span><\/em><\/p>\n","protected":false},"excerpt":{"rendered":"<p>&nbsp; Por Miguel \u00c1ngel Alonso del Val | Director de<\/p>\n","protected":false},"author":9,"featured_media":32571,"comment_status":"open","ping_status":"closed","sticky":false,"template":"","format":"standard","meta":{"om_disable_all_campaigns":false,"_monsterinsights_skip_tracking":false,"_monsterinsights_sitenote_active":false,"_monsterinsights_sitenote_note":"","_monsterinsights_sitenote_category":0,"_uf_show_specific_survey":0,"_uf_disable_surveys":false,"episode_type":"","audio_file":"","cover_image":"","cover_image_id":"","duration":"","filesize":"","date_recorded":"","explicit":"","block":"","filesize_raw":"","footnotes":""},"categories":[63,2976],"tags":[1620,5439,2655,1257,4890,6054],"series":[],"class_list":["post-28000","post","type-post","status-publish","format-standard","has-post-thumbnail","hentry","category-arqui-entrevista","category-profesion-arquitecto","tag-ah-asociados","tag-director-de-la-escuela-tecnica-superior-de-arquitectura-de-la-universidad-de-navarra","tag-etsaun","tag-miguel-angel-alonso-del-val","tag-minientrevista","tag-para-que-sirve-un-arquitectoa"],"aioseo_notices":[],"episode_featured_image":"https:\/\/stepienybarno.es\/blog\/wp-content\/uploads\/2017\/06\/para-que-sirve-un-arquitecto-miguel-angel-alonso-del-val-stepienybarno.png","episode_player_image":"https:\/\/stepienybarno.es\/blog\/wp-content\/uploads\/2020\/11\/stepienybarno-podcast-scaled.jpg","download_link":"","player_link":"","audio_player":false,"episode_data":{"playerMode":"dark","subscribeUrls":[],"rssFeedUrl":"https:\/\/stepienybarno.es\/blog\/feed\/podcast\/podcast-de-stepienybarno","embedCode":"<blockquote class=\"wp-embedded-content\" data-secret=\"3g1p9d7ZFj\"><a href=\"https:\/\/stepienybarno.es\/blog\/2017\/06\/02\/para-que-sirve-un-arquitecto-a-miguel-angel-alonso-del-val\/\">\u00bfPARA QU\u00c9 SIRVE UN ARQUITECTO\/A? Por Miguel \u00c1ngel Alonso<\/a><\/blockquote><iframe sandbox=\"allow-scripts\" security=\"restricted\" src=\"https:\/\/stepienybarno.es\/blog\/2017\/06\/02\/para-que-sirve-un-arquitecto-a-miguel-angel-alonso-del-val\/embed\/#?secret=3g1p9d7ZFj\" width=\"500\" height=\"350\" title=\"\u00ab\u00bfPARA QU\u00c9 SIRVE UN ARQUITECTO\/A? Por Miguel \u00c1ngel Alonso\u00bb \u2014 Blog de STEPIEN Y BARNO - publicaci\u00f3n digital sobre arquitectura\" data-secret=\"3g1p9d7ZFj\" frameborder=\"0\" marginwidth=\"0\" marginheight=\"0\" scrolling=\"no\" class=\"wp-embedded-content\"><\/iframe><script type=\"text\/javascript\">\n\/* <![CDATA[ *\/\n\/*! This file is auto-generated *\/\n!function(d,l){\"use strict\";l.querySelector&&d.addEventListener&&\"undefined\"!=typeof URL&&(d.wp=d.wp||{},d.wp.receiveEmbedMessage||(d.wp.receiveEmbedMessage=function(e){var t=e.data;if((t||t.secret||t.message||t.value)&&!\/[^a-zA-Z0-9]\/.test(t.secret)){for(var s,r,n,a=l.querySelectorAll('iframe[data-secret=\"'+t.secret+'\"]'),o=l.querySelectorAll('blockquote[data-secret=\"'+t.secret+'\"]'),c=new RegExp(\"^https?:$\",\"i\"),i=0;i<o.length;i++)o[i].style.display=\"none\";for(i=0;i<a.length;i++)s=a[i],e.source===s.contentWindow&&(s.removeAttribute(\"style\"),\"height\"===t.message?(1e3<(r=parseInt(t.value,10))?r=1e3:~~r<200&&(r=200),s.height=r):\"link\"===t.message&&(r=new URL(s.getAttribute(\"src\")),n=new URL(t.value),c.test(n.protocol))&&n.host===r.host&&l.activeElement===s&&(d.top.location.href=t.value))}},d.addEventListener(\"message\",d.wp.receiveEmbedMessage,!1),l.addEventListener(\"DOMContentLoaded\",function(){for(var e,t,s=l.querySelectorAll(\"iframe.wp-embedded-content\"),r=0;r<s.length;r++)(t=(e=s[r]).getAttribute(\"data-secret\"))||(t=Math.random().toString(36).substring(2,12),e.src+=\"#?secret=\"+t,e.setAttribute(\"data-secret\",t)),e.contentWindow.postMessage({message:\"ready\",secret:t},\"*\")},!1)))}(window,document);\n\/* ]]> *\/\n<\/script>\n"},"_links":{"self":[{"href":"https:\/\/stepienybarno.es\/blog\/wp-json\/wp\/v2\/posts\/28000"}],"collection":[{"href":"https:\/\/stepienybarno.es\/blog\/wp-json\/wp\/v2\/posts"}],"about":[{"href":"https:\/\/stepienybarno.es\/blog\/wp-json\/wp\/v2\/types\/post"}],"author":[{"embeddable":true,"href":"https:\/\/stepienybarno.es\/blog\/wp-json\/wp\/v2\/users\/9"}],"replies":[{"embeddable":true,"href":"https:\/\/stepienybarno.es\/blog\/wp-json\/wp\/v2\/comments?post=28000"}],"version-history":[{"count":8,"href":"https:\/\/stepienybarno.es\/blog\/wp-json\/wp\/v2\/posts\/28000\/revisions"}],"predecessor-version":[{"id":32572,"href":"https:\/\/stepienybarno.es\/blog\/wp-json\/wp\/v2\/posts\/28000\/revisions\/32572"}],"wp:featuredmedia":[{"embeddable":true,"href":"https:\/\/stepienybarno.es\/blog\/wp-json\/wp\/v2\/media\/32571"}],"wp:attachment":[{"href":"https:\/\/stepienybarno.es\/blog\/wp-json\/wp\/v2\/media?parent=28000"}],"wp:term":[{"taxonomy":"category","embeddable":true,"href":"https:\/\/stepienybarno.es\/blog\/wp-json\/wp\/v2\/categories?post=28000"},{"taxonomy":"post_tag","embeddable":true,"href":"https:\/\/stepienybarno.es\/blog\/wp-json\/wp\/v2\/tags?post=28000"},{"taxonomy":"series","embeddable":true,"href":"https:\/\/stepienybarno.es\/blog\/wp-json\/wp\/v2\/series?post=28000"}],"curies":[{"name":"wp","href":"https:\/\/api.w.org\/{rel}","templated":true}]}}