{"id":28017,"date":"2017-06-05T09:21:05","date_gmt":"2017-06-05T07:21:05","guid":{"rendered":"https:\/\/www.stepienybarno.es\/blog\/?p=28017"},"modified":"2017-06-05T09:21:05","modified_gmt":"2017-06-05T07:21:05","slug":"20-anos-de-europan-en-espana","status":"publish","type":"post","link":"https:\/\/stepienybarno.es\/blog\/2017\/06\/05\/20-anos-de-europan-en-espana\/","title":{"rendered":"20 A\u00d1OS DE EUROPAN EN ESPA\u00d1A"},"content":{"rendered":"<p><img loading=\"lazy\" decoding=\"async\" class=\"aligncenter size-medium wp-image-28019\" src=\"https:\/\/stepienybarno.es\/blog\/wp-content\/uploads\/2017\/06\/stepienybarno-arquitectura-stepien-y-barno-blog-Polipapers-UPV-Carmona-Belda-350x550.jpg\" alt=\"stepienybarno-arquitectura-stepien-y-barno-blog-Polipapers-UPV- Carmona Belda\" width=\"350\" height=\"550\" srcset=\"https:\/\/stepienybarno.es\/blog\/wp-content\/uploads\/2017\/06\/stepienybarno-arquitectura-stepien-y-barno-blog-Polipapers-UPV-Carmona-Belda-350x550.jpg 350w, https:\/\/stepienybarno.es\/blog\/wp-content\/uploads\/2017\/06\/stepienybarno-arquitectura-stepien-y-barno-blog-Polipapers-UPV-Carmona-Belda-115x180.jpg 115w, https:\/\/stepienybarno.es\/blog\/wp-content\/uploads\/2017\/06\/stepienybarno-arquitectura-stepien-y-barno-blog-Polipapers-UPV-Carmona-Belda-445x700.jpg 445w, https:\/\/stepienybarno.es\/blog\/wp-content\/uploads\/2017\/06\/stepienybarno-arquitectura-stepien-y-barno-blog-Polipapers-UPV-Carmona-Belda-254x400.jpg 254w, https:\/\/stepienybarno.es\/blog\/wp-content\/uploads\/2017\/06\/stepienybarno-arquitectura-stepien-y-barno-blog-Polipapers-UPV-Carmona-Belda.jpg 500w\" sizes=\"(max-width: 350px) 100vw, 350px\" \/><\/p>\n<p><strong>Por <a href=\"https:\/\/polipapers.upv.es\/index.php\/enblanco\/article\/view\/4643\/4898\" target=\"_blank\">Carmona Belda<\/a><\/strong><\/p>\n<p><strong>Desde <a href=\"https:\/\/polipapers.upv.es\/\" target=\"_blank\">Polipapers UPV<\/a><\/strong><\/p>\n<p><!--more--><\/p>\n<p style=\"text-align: justify;\">\u201cEuropan aparece en un momento clave: a finales del siglo XX, en una \u00e9poca de cambios sociales y culturales importantes motivados principalmente por el desarrollo de las nuevas tecnolog\u00edas. Es un concurso con el que se identifican algunos problemas arquitect\u00f3nicos existentes resolvi\u00e9ndolos desde la ciudad, una radiograf\u00eda que ayuda a entender mejor la arquitectura.\u201cTres aspectos principales como se\u00f1a de identidad de Europan: \u00e9xito de la organizaci\u00f3n con un perseverante y riguroso esfuerzo en la b\u00fasqueda de la excelencia, oportunidad de debate y estudio sobre el modo en que se produce la ciudad contempor\u00e1nea (creaci\u00f3n de foros y actividades en torno al pensamiento arquitect\u00f3nico, utilidad de las publicaciones que se realizan) y la adecuaci\u00f3n de las condiciones de concurso y de la b\u00fasqueda de las oportunidades de proyecto a lo que el devenir de los tiempos y del espacio com\u00fan de la convivencia que es la ciudad han ido marcando\u201d1.<\/p>\n<p style=\"text-align: justify;\">Pero Europan es algo m\u00e1s que un concurso. Designa un foro de debate sobre la vivienda, la arquitectura y el urbanismo que pretende reunir a todas aquellas personas, instituciones y Administraci\u00f3n del \u00e1mbito estatal, auton\u00f3mico o local, que deseen participar en la labor de desarrollo de las ciudades. Su objeto primordial es aumentar el intercambio de ideas entre los profesionales europeos y extraer reflexiones innovadoras as\u00ed como la m\u00e1xima calidad de la arquitectura y el urbanismo para nuestras ciudades.Pero ese idealismo de sus propuestas choca la mayor\u00eda de veces con la realidad existente. Europan termina siempre con una publicaci\u00f3n en la que se comunica a la sociedad la investigaci\u00f3n realizada (FIG. 01 Y FIG. 02). Es por tanto, una plataforma de lanzamiento donde algunos equipos de renombrados arquitectos espa\u00f1oles han comenzado su salto a la fama: Aranguren y Gallegos, Nieto y Sobejano, Morales y Mariscal,&#8230; entre otros. Se podr\u00eda asemejar a un ritual inici\u00e1tico de entrada en la vida profesional donde reci\u00e9n titulados y profesionales comparten conocimiento (\u2026)\u201d<\/p>\n<p><strong>\u00a0<\/strong><\/p>\n<blockquote>\n<p style=\"text-align: center;\"><strong>Accede al art\u00edculo,<\/strong><strong> <a href=\"https:\/\/polipapers.upv.es\/index.php\/enblanco\/article\/view\/4643\/4898\" target=\"_blank\">AQU\u00cd<\/a><\/strong><\/p>\n<\/blockquote>\n<p>&nbsp;<\/p>\n<p><span style=\"color: #999999;\"><em>*Noticia seleccionada por el Canal de arquitectura STEPIENYBARNO.\u00a0<\/em><\/span><\/p>\n<p><a href=\"https:\/\/twitter.com\/stepienybarno\"><em>STEPIENYBARNO EN TWITTER _ @stepienybarno<\/em><\/a><\/p>\n<p><a href=\"http:\/\/www.linkedin.com\/company\/stepienybarno\"><em>STEPIENYBARNO EN LINKEDIN<\/em><\/a><\/p>\n<p><a href=\"https:\/\/www.facebook.com\/StepienybarnoCANAL\"><em>STEPIENYBARNO EN FACEBOOK<\/em><\/a><\/p>\n<p><span style=\"color: #999999;\"><em>*Stepienybarno est\u00e1 formado por Agnieszka Stepien y Lorenzo Barn\u00f3 y desde mayo del 2009 estamos en la red con\u00a0 la presente publicaci\u00f3n digital (Blog) de arquitectura.<\/em><\/span><\/p>\n<p><span style=\"color: #999999;\"><em>Nuestra actividad se sustenta en tres pilares b\u00e1sicos: la investigaci\u00f3n, la publicaci\u00f3n (comunicaci\u00f3n y difusi\u00f3n) y la redacci\u00f3n de proyectos de arquitectura.<\/em><\/span><\/p>\n<p><span style=\"color: #999999;\"><em>A su vez, somos socios cofundadores de<\/em><\/span><em>\u00a0<\/em><a href=\"http:\/\/sinergiasostenible.org\/\"><em>SINERGIA SOSTENIBLE<\/em><\/a><span style=\"color: #999999;\"><em>,<\/em><em>\u00a0<\/em><em>redactores de<\/em><\/span><em>\u00a0<\/em><a href=\"http:\/\/www.laciudadviva.org\/blogs\/?author=45\"><em>LA CIUDAD VIVA<\/em><\/a><span style=\"color: #999999;\"><em>\u00a0<\/em><em>y directores del blog de<\/em><\/span><em>\u00a0<\/em><a href=\"http:\/\/blogfundacion.arquia.es\/\"><em>FUNDACI\u00d3N ARQUIA<\/em><\/a><span style=\"color: #999999;\"><em>.<\/em><\/span><\/p>\n<p><span style=\"color: #999999;\"><em>* Los editores de esta publicaci\u00f3n digital no nos hacemos cargo de de los comentarios y\u00a0 conceptos vertidos en los textos firmados por otras personas, siendo \u00e9stos de responsabilidad exclusiva de sus autores.<\/em><\/span><\/p>\n<p><span style=\"color: #999999;\"><em>* Tu comentario podr\u00e1 ser moderado, por lo tanto, aunque aparezca inmediatamente al ser publicado en la entrada, los editores de esta publicaci\u00f3n digital nos reservamos el derecho tanto de editarlo (si fuera necesario, para hacerlo m\u00e1s legible) como de eliminarlo en el caso de que se usen expresiones incorrectas (descalificaciones, palabras malsonantes\u2026). A su vez, si quieres comentar desde el anonimato puedes hacerlo, aunque, nosotros personalmente, agradecemos que tod@s nos podamos identificar.<\/em><\/span><\/p>\n","protected":false},"excerpt":{"rendered":"<p>Por Carmona Belda Desde Polipapers UPV<\/p>\n","protected":false},"author":9,"featured_media":28019,"comment_status":"open","ping_status":"closed","sticky":false,"template":"","format":"standard","meta":{"om_disable_all_campaigns":false,"_monsterinsights_skip_tracking":false,"_monsterinsights_sitenote_active":false,"_monsterinsights_sitenote_note":"","_monsterinsights_sitenote_category":0,"_uf_show_specific_survey":0,"_uf_disable_surveys":false,"episode_type":"","audio_file":"","cover_image":"","cover_image_id":"","duration":"","filesize":"","date_recorded":"","explicit":"","block":"","filesize_raw":"","footnotes":""},"categories":[244],"tags":[5444,5445,3333],"series":[],"class_list":["post-28017","post","type-post","status-publish","format-standard","has-post-thumbnail","hentry","category-canal-de-arquitectura","tag-carmona-belda","tag-polipapers","tag-upv"],"aioseo_notices":[],"episode_featured_image":"https:\/\/stepienybarno.es\/blog\/wp-content\/uploads\/2017\/06\/stepienybarno-arquitectura-stepien-y-barno-blog-Polipapers-UPV-Carmona-Belda.jpg","episode_player_image":"https:\/\/stepienybarno.es\/blog\/wp-content\/uploads\/2020\/11\/stepienybarno-podcast-scaled.jpg","download_link":"","player_link":"","audio_player":false,"episode_data":{"playerMode":"dark","subscribeUrls":[],"rssFeedUrl":"https:\/\/stepienybarno.es\/blog\/feed\/podcast\/podcast-de-stepienybarno","embedCode":"<blockquote class=\"wp-embedded-content\" data-secret=\"bxfnQKhDxK\"><a href=\"https:\/\/stepienybarno.es\/blog\/2017\/06\/05\/20-anos-de-europan-en-espana\/\">20 A\u00d1OS DE EUROPAN EN ESPA\u00d1A<\/a><\/blockquote><iframe sandbox=\"allow-scripts\" security=\"restricted\" src=\"https:\/\/stepienybarno.es\/blog\/2017\/06\/05\/20-anos-de-europan-en-espana\/embed\/#?secret=bxfnQKhDxK\" width=\"500\" height=\"350\" title=\"\u00ab20 A\u00d1OS DE EUROPAN EN ESPA\u00d1A\u00bb \u2014 Blog de STEPIEN Y BARNO - publicaci\u00f3n digital sobre arquitectura\" data-secret=\"bxfnQKhDxK\" frameborder=\"0\" marginwidth=\"0\" marginheight=\"0\" scrolling=\"no\" class=\"wp-embedded-content\"><\/iframe><script type=\"text\/javascript\">\n\/* <![CDATA[ *\/\n\/*! This file is auto-generated *\/\n!function(d,l){\"use strict\";l.querySelector&&d.addEventListener&&\"undefined\"!=typeof URL&&(d.wp=d.wp||{},d.wp.receiveEmbedMessage||(d.wp.receiveEmbedMessage=function(e){var t=e.data;if((t||t.secret||t.message||t.value)&&!\/[^a-zA-Z0-9]\/.test(t.secret)){for(var s,r,n,a=l.querySelectorAll('iframe[data-secret=\"'+t.secret+'\"]'),o=l.querySelectorAll('blockquote[data-secret=\"'+t.secret+'\"]'),c=new RegExp(\"^https?:$\",\"i\"),i=0;i<o.length;i++)o[i].style.display=\"none\";for(i=0;i<a.length;i++)s=a[i],e.source===s.contentWindow&&(s.removeAttribute(\"style\"),\"height\"===t.message?(1e3<(r=parseInt(t.value,10))?r=1e3:~~r<200&&(r=200),s.height=r):\"link\"===t.message&&(r=new URL(s.getAttribute(\"src\")),n=new URL(t.value),c.test(n.protocol))&&n.host===r.host&&l.activeElement===s&&(d.top.location.href=t.value))}},d.addEventListener(\"message\",d.wp.receiveEmbedMessage,!1),l.addEventListener(\"DOMContentLoaded\",function(){for(var e,t,s=l.querySelectorAll(\"iframe.wp-embedded-content\"),r=0;r<s.length;r++)(t=(e=s[r]).getAttribute(\"data-secret\"))||(t=Math.random().toString(36).substring(2,12),e.src+=\"#?secret=\"+t,e.setAttribute(\"data-secret\",t)),e.contentWindow.postMessage({message:\"ready\",secret:t},\"*\")},!1)))}(window,document);\n\/* ]]> *\/\n<\/script>\n"},"_links":{"self":[{"href":"https:\/\/stepienybarno.es\/blog\/wp-json\/wp\/v2\/posts\/28017"}],"collection":[{"href":"https:\/\/stepienybarno.es\/blog\/wp-json\/wp\/v2\/posts"}],"about":[{"href":"https:\/\/stepienybarno.es\/blog\/wp-json\/wp\/v2\/types\/post"}],"author":[{"embeddable":true,"href":"https:\/\/stepienybarno.es\/blog\/wp-json\/wp\/v2\/users\/9"}],"replies":[{"embeddable":true,"href":"https:\/\/stepienybarno.es\/blog\/wp-json\/wp\/v2\/comments?post=28017"}],"version-history":[{"count":1,"href":"https:\/\/stepienybarno.es\/blog\/wp-json\/wp\/v2\/posts\/28017\/revisions"}],"predecessor-version":[{"id":28020,"href":"https:\/\/stepienybarno.es\/blog\/wp-json\/wp\/v2\/posts\/28017\/revisions\/28020"}],"wp:featuredmedia":[{"embeddable":true,"href":"https:\/\/stepienybarno.es\/blog\/wp-json\/wp\/v2\/media\/28019"}],"wp:attachment":[{"href":"https:\/\/stepienybarno.es\/blog\/wp-json\/wp\/v2\/media?parent=28017"}],"wp:term":[{"taxonomy":"category","embeddable":true,"href":"https:\/\/stepienybarno.es\/blog\/wp-json\/wp\/v2\/categories?post=28017"},{"taxonomy":"post_tag","embeddable":true,"href":"https:\/\/stepienybarno.es\/blog\/wp-json\/wp\/v2\/tags?post=28017"},{"taxonomy":"series","embeddable":true,"href":"https:\/\/stepienybarno.es\/blog\/wp-json\/wp\/v2\/series?post=28017"}],"curies":[{"name":"wp","href":"https:\/\/api.w.org\/{rel}","templated":true}]}}