{"id":28221,"date":"2017-06-15T09:01:25","date_gmt":"2017-06-15T07:01:25","guid":{"rendered":"https:\/\/www.stepienybarno.es\/blog\/?p=28221"},"modified":"2017-06-15T11:16:17","modified_gmt":"2017-06-15T09:16:17","slug":"lo-que-deberias-saber-sobre-bim","status":"publish","type":"post","link":"https:\/\/stepienybarno.es\/blog\/2017\/06\/15\/lo-que-deberias-saber-sobre-bim\/","title":{"rendered":"LO QUE DEBER\u00cdAS SABER SOBRE BIM"},"content":{"rendered":"<p style=\"text-align: justify;\"><img loading=\"lazy\" decoding=\"async\" class=\"aligncenter size-medium wp-image-28223\" src=\"https:\/\/stepienybarno.es\/blog\/wp-content\/uploads\/2017\/06\/01_Factoria5_Training_Hub-Stepienybarno-550x198.jpg\" alt=\"01_Factoria5_Training_Hub-Stepienybarno\" width=\"550\" height=\"198\" srcset=\"https:\/\/stepienybarno.es\/blog\/wp-content\/uploads\/2017\/06\/01_Factoria5_Training_Hub-Stepienybarno-550x198.jpg 550w, https:\/\/stepienybarno.es\/blog\/wp-content\/uploads\/2017\/06\/01_Factoria5_Training_Hub-Stepienybarno-180x65.jpg 180w, https:\/\/stepienybarno.es\/blog\/wp-content\/uploads\/2017\/06\/01_Factoria5_Training_Hub-Stepienybarno-316x114.jpg 316w, https:\/\/stepienybarno.es\/blog\/wp-content\/uploads\/2017\/06\/01_Factoria5_Training_Hub-Stepienybarno.jpg 650w\" sizes=\"(max-width: 550px) 100vw, 550px\" \/><\/p>\n<p style=\"text-align: justify;\">Todos hemos o\u00eddo hablar de la <strong>metodolog\u00eda BIM<\/strong> en alg\u00fan momento durante los \u00faltimos a\u00f1os, pero lo cierto es que son pocos los que saben realmente en qu\u00e9 consiste y el porqu\u00e9 es tan importante de cara a un futuro cercano. A continuaci\u00f3n voy a explicarte de forma sencilla la utilidad del sistema de trabajo que t\u00fa mismo utilizar\u00e1s en menos tiempo de lo que piensas.<\/p>\n<p style=\"text-align: justify;\"><strong>Pero, \u00bfqu\u00e9 es BIM?<\/strong><\/p>\n<p style=\"text-align: justify;\">BIM no es s\u00f3lo un sistema de modelizaci\u00f3n param\u00e9trica (<em>Building Information Modeling<\/em>). Es una metodolog\u00eda de trabajo para <strong>dise\u00f1ar, representar y gestionar de forma integral<\/strong> todos los aspectos de una edificaci\u00f3n o infraestructura, desde antes de su construcci\u00f3n hasta el final de su vida \u00fatil. \u00bfA\u00fan no lo tienes claro? Atento a este v\u00eddeo:<\/p>\n<div style=\"position: relative; height: 0; padding-bottom: 56.25%;\"><iframe loading=\"lazy\" style=\"position: absolute; width: 100%; height: 100%; left: 0;\" src=\"https:\/\/www.youtube.com\/embed\/N1J9ImxFebs?ecver=2\" width=\"640\" height=\"360\" frameborder=\"0\" allowfullscreen=\"allowfullscreen\"><\/iframe><\/div>\n<p style=\"text-align: center;\"><a href=\"https:\/\/youtu.be\/N1J9ImxFebs\" target=\"_blank\"><em>\u00bfQu\u00e9 es BIM?<\/em><\/a><\/p>\n<p style=\"text-align: justify;\"><strong>\u00bfY por qu\u00e9 deber\u00eda de aprender BIM?<\/strong><\/p>\n<p style=\"text-align: justify;\">Por varias razones. Quiz\u00e1s la m\u00e1s apremiante de todas es que dentro de muy poco ser\u00e1 obligatorio. La Uni\u00f3n Europea ha elaborado una normativa para <strong>que todos los pa\u00edses miembros adopten el sistema BIM<\/strong>. En Espa\u00f1a, ser\u00e1 obligatorio para licitaciones p\u00fablicas a partir de 2018.<\/p>\n<p style=\"text-align: justify;\">Sin embargo, la raz\u00f3n principal deber\u00eda ser toda la lista de <strong>ventajas<\/strong> que trae esta metodolog\u00eda. Entre muchas otras:<\/p>\n<ol style=\"text-align: justify;\">\n<li>BIM consigue generar pr\u00e1cticamente todos los documentos de un proyecto de forma m\u00e1s precisa y en unos tiempos menores.<\/li>\n<li>Facilita la comunicaci\u00f3n entre todos los agentes que intervienen en el proceso de edificaci\u00f3n (cliente, arquitecto, aparejador, ingeniero, delineante, gestor, constructor\u2026)<\/li>\n<li>Reduce considerablemente errores e incoherencias en el proyecto, lo que supone un ahorro de tiempos que repercute directamente en la eficiencia y productividad del mismo.<\/li>\n<li>Permite la obtenci\u00f3n digital y autom\u00e1tica de todos los datos correspondientes a las fases del proceso (planificaci\u00f3n, dise\u00f1o, construcci\u00f3n y explotaci\u00f3n) facilitando enormemente el control y la gesti\u00f3n de cada una de ellas.<\/li>\n<\/ol>\n<p style=\"text-align: justify;\"><strong>\u00bfA\u00fan no est\u00e1s convencido de las bondades del BIM? Pues atento a lo que nos espera<\/strong><\/p>\n<p style=\"text-align: justify;\">BIM es m\u00e1s que una herramienta, es una forma de trabajo en continua expansi\u00f3n. Continuamente salen al mercado nuevas aplicaciones que conectan BIM con nuevos usos y tecnolog\u00edas aplicados a la edificaci\u00f3n, como por ejemplo <strong>la realidad virtual, la rob\u00f3tica, la impresi\u00f3n 3d, los sistemas de cartograf\u00eda y geolocalizaci\u00f3n, los drones\u2026<\/strong> todo ello partiendo de un \u00fanico modelo BIM capaz de albergar un volumen de informaci\u00f3n tan importante como para permitir transformar el conocimiento en cualquier aplicaci\u00f3n que puedas imaginar. El potencial de BIM, como ves, no tiene l\u00edmites.<\/p>\n<div id=\"attachment_28224\" style=\"width: 560px\" class=\"wp-caption aligncenter\"><img loading=\"lazy\" decoding=\"async\" aria-describedby=\"caption-attachment-28224\" class=\"wp-image-28224 size-medium\" src=\"https:\/\/stepienybarno.es\/blog\/wp-content\/uploads\/2017\/06\/03_Revit_Realidad_Virtual_Factoria5_TrainingHub-Stepienybarno-550x310.jpg\" alt=\"03_Revit_Realidad_Virtual_Factoria5_TrainingHub-Stepienybarno\" width=\"550\" height=\"310\" srcset=\"https:\/\/stepienybarno.es\/blog\/wp-content\/uploads\/2017\/06\/03_Revit_Realidad_Virtual_Factoria5_TrainingHub-Stepienybarno-550x310.jpg 550w, https:\/\/stepienybarno.es\/blog\/wp-content\/uploads\/2017\/06\/03_Revit_Realidad_Virtual_Factoria5_TrainingHub-Stepienybarno-180x101.jpg 180w, https:\/\/stepienybarno.es\/blog\/wp-content\/uploads\/2017\/06\/03_Revit_Realidad_Virtual_Factoria5_TrainingHub-Stepienybarno-316x178.jpg 316w, https:\/\/stepienybarno.es\/blog\/wp-content\/uploads\/2017\/06\/03_Revit_Realidad_Virtual_Factoria5_TrainingHub-Stepienybarno.jpg 650w\" sizes=\"(max-width: 550px) 100vw, 550px\" \/><p id=\"caption-attachment-28224\" class=\"wp-caption-text\">Ya es posible experimentar los edificios BIM en realidad virtual.<\/p><\/div>\n<p style=\"text-align: justify;\"><strong>Vale, estoy convencido, tengo que aprender BIM. \u00bfPor d\u00f3nde empiezo?<\/strong><\/p>\n<p style=\"text-align: justify;\">Cada vez existe un abanico m\u00e1s amplio de posibilidades a la hora de buscar c\u00f3mo formarse en BIM. Desde cursos online hasta escuelas y centros de formaci\u00f3n especializados.<\/p>\n<p style=\"text-align: justify;\">En <strong>Factor\u00eda 5 Training Hub<\/strong>, <strong>Centro Autorizado Autodesk<\/strong> de aprendizaje de tecnolog\u00edas aplicadas a la arquitectura, la ingenier\u00eda y el dise\u00f1o, te ofrecemos un sistema de formaci\u00f3n en BIM centrado en la metodolog\u00eda de trabajo real en el mundo laboral.<\/p>\n<div id=\"attachment_28225\" style=\"width: 560px\" class=\"wp-caption aligncenter\"><img loading=\"lazy\" decoding=\"async\" aria-describedby=\"caption-attachment-28225\" class=\"wp-image-28225 size-medium\" src=\"https:\/\/stepienybarno.es\/blog\/wp-content\/uploads\/2017\/06\/04_Instalaciones_Factoria5_TrainingHub-Stepienybarno-550x310.jpg\" alt=\"04_Instalaciones_Factoria5_TrainingHub-Stepienybarno\" width=\"550\" height=\"310\" srcset=\"https:\/\/stepienybarno.es\/blog\/wp-content\/uploads\/2017\/06\/04_Instalaciones_Factoria5_TrainingHub-Stepienybarno-550x310.jpg 550w, https:\/\/stepienybarno.es\/blog\/wp-content\/uploads\/2017\/06\/04_Instalaciones_Factoria5_TrainingHub-Stepienybarno-180x101.jpg 180w, https:\/\/stepienybarno.es\/blog\/wp-content\/uploads\/2017\/06\/04_Instalaciones_Factoria5_TrainingHub-Stepienybarno-316x178.jpg 316w, https:\/\/stepienybarno.es\/blog\/wp-content\/uploads\/2017\/06\/04_Instalaciones_Factoria5_TrainingHub-Stepienybarno.jpg 650w\" sizes=\"(max-width: 550px) 100vw, 550px\" \/><p id=\"caption-attachment-28225\" class=\"wp-caption-text\">Aula LogIN-1 de Factor\u00eda 5 Training Hub.<\/p><\/div>\n<p style=\"text-align: justify;\">Hemos detectado que algunos alumnos de formaci\u00f3n BIM se encuentran con <strong>lagunas importantes<\/strong> a la hora de afrontar su primer trabajo profesional con esta nueva disciplina. Como hemos mencionado, BIM no es solo una herramienta, sino un sistema de trabajo colaborativo. Es por ello que apostamos por una formaci\u00f3n de calidad acompa\u00f1ada de simulaciones y pr\u00e1cticas colaborativas donde el alumno aprende los diferentes roles dentro del sistema BIM y la <strong>forma real de trabajar en las empresas.<\/strong><\/p>\n<p style=\"text-align: justify;\">En el siguiente v\u00eddeo entrevistamos a <strong>Rodrigo G\u00f3mez Rubio<\/strong>, uno de nuestros profesores BIM con una s\u00f3lida experiencia profesional con la nueva metodolog\u00eda.<\/p>\n<div style=\"position: relative; height: 0; padding-bottom: 56.25%;\"><iframe loading=\"lazy\" style=\"position: absolute; width: 100%; height: 100%; left: 0;\" src=\"https:\/\/www.youtube.com\/embed\/oRYjSYnIDGY?ecver=2\" width=\"640\" height=\"360\" frameborder=\"0\" allowfullscreen=\"allowfullscreen\"><\/iframe><\/div>\n<p style=\"text-align: center;\"><a href=\"https:\/\/youtu.be\/oRYjSYnIDGY\" target=\"_blank\"><em>Entrevista a Rodrigo G\u00f3mez Rubio, formador BIM en Factor\u00eda 5<\/em><\/a><\/p>\n<p style=\"text-align: justify;\"><strong>\u00a1No esperes m\u00e1s y da el salto al BIM con los Cursos y el M\u00e1ster de Factor\u00eda 5 Training Hub!<\/strong><\/p>\n<p style=\"text-align: center;\">Accede a toda la informaci\u00f3n en la web de<\/p>\n<p style=\"text-align: center;\"><strong><a href=\"http:\/\/www.factoria5hub.com\" target=\"_blank\">Factoria5hub<\/a><\/strong><\/p>\n<blockquote>\n<p style=\"text-align: center;\">*Este post ha sido publicado dentro de nuestra secci\u00f3n de Posts patrocinados.<\/p>\n<p style=\"text-align: center;\">Si te interesa aparecer en nuestro blog tienes toda informaci\u00f3n<a href=\"https:\/\/stepienybarno.es\/blog\/contacto\/publicitarte-en-stepienybarno\/\">\u00a0por aqu\u00ed<\/a><\/p>\n<p style=\"text-align: center;\">\n<\/blockquote>\n<p style=\"text-align: justify;\"><em><span style=\"color: #999999;\">Y como siempre, si te gust\u00f3 el post,\u00a0estar\u00eda genial que lo compartas\u00a0en tus redes sociales.<\/span><\/em><\/p>\n<p style=\"text-align: justify;\"><em><span style=\"color: #999999;\">A su vez, si todav\u00eda no est\u00e1s suscrito a nuestra Newsletter, te animamos a hacerlo en la casilla que tienes al terminar este art\u00edculo.<\/span><\/em><\/p>\n<p style=\"text-align: justify;\"><em><span style=\"color: #999999;\">Si te interesa contactar con nosotros para que te ayudemos a mejorar tu visibilidad online y, en consecuencia, mejorar tus oportunidades laborales, no dudes en escribirnos a:\u00a0<a style=\"color: #999999;\" href=\"mailto:blog@stepienybarno.es\">blog@stepienybarno.es<\/a><\/span><\/em><\/p>\n<p style=\"text-align: justify;\"><em><a href=\"https:\/\/twitter.com\/stepienybarno\">STEPIENYBARNO EN TWITTER _ @stepienybarno<\/a><\/em><\/p>\n<p style=\"text-align: justify;\"><em><a href=\"http:\/\/www.linkedin.com\/company\/stepienybarno\">STEPIENYBARNO EN LINKEDIN<\/a><\/em><\/p>\n<p style=\"text-align: justify;\"><em><a href=\"https:\/\/www.facebook.com\/pages\/BLOG-DE-STEPIENYBARNO\/78001079029\">STEPIENYBARNO EN FACEBOOK<\/a><\/em><\/p>\n<p style=\"text-align: justify;\"><em>*\u00a0<a href=\"https:\/\/stepienybarno.es\/blog\/2011\/09\/04\/las-fortalezas-del-arquitecto\/\">Stepienybarno<\/a><span style=\"color: #999999;\">\u00a0est\u00e1 formado por Agnieszka Stepien y Lorenzo Barn\u00f3 y desde mayo del 2009 estamos en la red con\u00a0 la presente publicaci\u00f3n digital (Blog) de arquitectura.<\/span><\/em><\/p>\n<p style=\"text-align: justify;\"><em><span style=\"color: #999999;\">Nuestra actividad se sustenta en tres pilares b\u00e1sicos: la investigaci\u00f3n, la publicaci\u00f3n y la redacci\u00f3n de proyectos de arquitectura.<\/span><\/em><\/p>\n<p style=\"text-align: justify;\"><em><span style=\"color: #999999;\">A su vez, somos socios cofundadores de<\/span>\u00a0<a href=\"http:\/\/sinergiasostenible.org\/\">SINERGIA SOSTENIBLE<\/a><span style=\"color: #999999;\">, redactores de<\/span>\u00a0<a href=\"http:\/\/www.laciudadviva.org\/blogs\/?author=45\">LA CIUDAD VIVA<\/a>\u00a0<span style=\"color: #999999;\">y directores del blog de FUNDACI\u00d3N ARQUIA.<\/span><\/em><\/p>\n<p style=\"text-align: justify;\"><em><span style=\"color: #999999;\">* Los editores de esta publicaci\u00f3n digital no nos hacemos cargo de de los comentarios y\u00a0 conceptos vertidos en los textos firmados por otras personas, siendo \u00e9stos de responsabilidad exclusiva de sus autores.<\/span><\/em><\/p>\n<p style=\"text-align: justify;\"><em><span style=\"color: #999999;\">* Tu comentario pudiera ser moderado, por lo tanto, aunque aparezca inmediatamente al ser publicado en la entrada, los editores de esta publicaci\u00f3n digital nos reservamos el derecho tanto de editarlo (si fuera necesario, para hacerlo m\u00e1s legible) como de eliminarlo en el caso de que se usen expresiones incorrectas (descalificaciones, palabras malsonantes\u2026). A su vez, si quieres comentar desde el anonimato puedes hacerlo, aunque, nosotros personalmente, agradecemos que tod@s nos podamos identificar.<\/span><\/em><\/p>\n","protected":false},"excerpt":{"rendered":"<p>Todos hemos o\u00eddo hablar de la metodolog\u00eda BIM en alg\u00fan<\/p>\n","protected":false},"author":9,"featured_media":28226,"comment_status":"open","ping_status":"closed","sticky":false,"template":"","format":"standard","meta":{"om_disable_all_campaigns":false,"_monsterinsights_skip_tracking":false,"_monsterinsights_sitenote_active":false,"_monsterinsights_sitenote_note":"","_monsterinsights_sitenote_category":0,"_uf_show_specific_survey":0,"_uf_disable_surveys":false,"episode_type":"","audio_file":"","cover_image":"","cover_image_id":"","duration":"","filesize":"","date_recorded":"","explicit":"","block":"","filesize_raw":"","footnotes":""},"categories":[34,2976],"tags":[2757,5487,5486],"series":[],"class_list":["post-28221","post","type-post","status-publish","format-standard","has-post-thumbnail","hentry","category-actualidad","category-profesion-arquitecto","tag-bim","tag-factoria-5-hub","tag-factoria-5-training-hub"],"aioseo_notices":[],"episode_featured_image":"https:\/\/stepienybarno.es\/blog\/wp-content\/uploads\/2017\/06\/03_Revit_Realidad_Virtual_Factoria5_TrainingHub-Stepienybarno-1.jpg","episode_player_image":"https:\/\/stepienybarno.es\/blog\/wp-content\/uploads\/2020\/11\/stepienybarno-podcast-scaled.jpg","download_link":"","player_link":"","audio_player":false,"episode_data":{"playerMode":"dark","subscribeUrls":[],"rssFeedUrl":"https:\/\/stepienybarno.es\/blog\/feed\/podcast\/podcast-de-stepienybarno","embedCode":"<blockquote class=\"wp-embedded-content\" data-secret=\"OBmEKYVIBC\"><a href=\"https:\/\/stepienybarno.es\/blog\/2017\/06\/15\/lo-que-deberias-saber-sobre-bim\/\">LO QUE DEBER\u00cdAS SABER SOBRE BIM<\/a><\/blockquote><iframe sandbox=\"allow-scripts\" security=\"restricted\" src=\"https:\/\/stepienybarno.es\/blog\/2017\/06\/15\/lo-que-deberias-saber-sobre-bim\/embed\/#?secret=OBmEKYVIBC\" width=\"500\" height=\"350\" title=\"\u00abLO QUE DEBER\u00cdAS SABER SOBRE BIM\u00bb \u2014 Blog de STEPIEN Y BARNO - publicaci\u00f3n digital sobre arquitectura\" data-secret=\"OBmEKYVIBC\" frameborder=\"0\" marginwidth=\"0\" marginheight=\"0\" scrolling=\"no\" class=\"wp-embedded-content\"><\/iframe><script type=\"text\/javascript\">\n\/* <![CDATA[ *\/\n\/*! This file is auto-generated *\/\n!function(d,l){\"use strict\";l.querySelector&&d.addEventListener&&\"undefined\"!=typeof URL&&(d.wp=d.wp||{},d.wp.receiveEmbedMessage||(d.wp.receiveEmbedMessage=function(e){var t=e.data;if((t||t.secret||t.message||t.value)&&!\/[^a-zA-Z0-9]\/.test(t.secret)){for(var s,r,n,a=l.querySelectorAll('iframe[data-secret=\"'+t.secret+'\"]'),o=l.querySelectorAll('blockquote[data-secret=\"'+t.secret+'\"]'),c=new RegExp(\"^https?:$\",\"i\"),i=0;i<o.length;i++)o[i].style.display=\"none\";for(i=0;i<a.length;i++)s=a[i],e.source===s.contentWindow&&(s.removeAttribute(\"style\"),\"height\"===t.message?(1e3<(r=parseInt(t.value,10))?r=1e3:~~r<200&&(r=200),s.height=r):\"link\"===t.message&&(r=new URL(s.getAttribute(\"src\")),n=new URL(t.value),c.test(n.protocol))&&n.host===r.host&&l.activeElement===s&&(d.top.location.href=t.value))}},d.addEventListener(\"message\",d.wp.receiveEmbedMessage,!1),l.addEventListener(\"DOMContentLoaded\",function(){for(var e,t,s=l.querySelectorAll(\"iframe.wp-embedded-content\"),r=0;r<s.length;r++)(t=(e=s[r]).getAttribute(\"data-secret\"))||(t=Math.random().toString(36).substring(2,12),e.src+=\"#?secret=\"+t,e.setAttribute(\"data-secret\",t)),e.contentWindow.postMessage({message:\"ready\",secret:t},\"*\")},!1)))}(window,document);\n\/* ]]> *\/\n<\/script>\n"},"_links":{"self":[{"href":"https:\/\/stepienybarno.es\/blog\/wp-json\/wp\/v2\/posts\/28221"}],"collection":[{"href":"https:\/\/stepienybarno.es\/blog\/wp-json\/wp\/v2\/posts"}],"about":[{"href":"https:\/\/stepienybarno.es\/blog\/wp-json\/wp\/v2\/types\/post"}],"author":[{"embeddable":true,"href":"https:\/\/stepienybarno.es\/blog\/wp-json\/wp\/v2\/users\/9"}],"replies":[{"embeddable":true,"href":"https:\/\/stepienybarno.es\/blog\/wp-json\/wp\/v2\/comments?post=28221"}],"version-history":[{"count":5,"href":"https:\/\/stepienybarno.es\/blog\/wp-json\/wp\/v2\/posts\/28221\/revisions"}],"predecessor-version":[{"id":28233,"href":"https:\/\/stepienybarno.es\/blog\/wp-json\/wp\/v2\/posts\/28221\/revisions\/28233"}],"wp:featuredmedia":[{"embeddable":true,"href":"https:\/\/stepienybarno.es\/blog\/wp-json\/wp\/v2\/media\/28226"}],"wp:attachment":[{"href":"https:\/\/stepienybarno.es\/blog\/wp-json\/wp\/v2\/media?parent=28221"}],"wp:term":[{"taxonomy":"category","embeddable":true,"href":"https:\/\/stepienybarno.es\/blog\/wp-json\/wp\/v2\/categories?post=28221"},{"taxonomy":"post_tag","embeddable":true,"href":"https:\/\/stepienybarno.es\/blog\/wp-json\/wp\/v2\/tags?post=28221"},{"taxonomy":"series","embeddable":true,"href":"https:\/\/stepienybarno.es\/blog\/wp-json\/wp\/v2\/series?post=28221"}],"curies":[{"name":"wp","href":"https:\/\/api.w.org\/{rel}","templated":true}]}}