{"id":28350,"date":"2017-06-28T09:21:03","date_gmt":"2017-06-28T07:21:03","guid":{"rendered":"https:\/\/www.stepienybarno.es\/blog\/?p=28350"},"modified":"2017-06-24T12:14:28","modified_gmt":"2017-06-24T10:14:28","slug":"julius-shulman-el-mejor-fotografo-de-arquitectura","status":"publish","type":"post","link":"https:\/\/stepienybarno.es\/blog\/2017\/06\/28\/julius-shulman-el-mejor-fotografo-de-arquitectura\/","title":{"rendered":"JULIUS SHULMAN: EL MEJOR FOT\u00d3GRAFO DE ARQUITECTURA"},"content":{"rendered":"<p><img loading=\"lazy\" decoding=\"async\" class=\"aligncenter size-medium wp-image-28351\" src=\"https:\/\/stepienybarno.es\/blog\/wp-content\/uploads\/2017\/06\/stepienybarno-stepien-y-barno-arquitectura-michistips-julius-shulman-550x309.jpg\" alt=\"stepienybarno-stepien-y-barno-arquitectura-michistips-julius-shulman\" width=\"550\" height=\"309\" srcset=\"https:\/\/stepienybarno.es\/blog\/wp-content\/uploads\/2017\/06\/stepienybarno-stepien-y-barno-arquitectura-michistips-julius-shulman-550x309.jpg 550w, https:\/\/stepienybarno.es\/blog\/wp-content\/uploads\/2017\/06\/stepienybarno-stepien-y-barno-arquitectura-michistips-julius-shulman-180x101.jpg 180w, https:\/\/stepienybarno.es\/blog\/wp-content\/uploads\/2017\/06\/stepienybarno-stepien-y-barno-arquitectura-michistips-julius-shulman-316x178.jpg 316w, https:\/\/stepienybarno.es\/blog\/wp-content\/uploads\/2017\/06\/stepienybarno-stepien-y-barno-arquitectura-michistips-julius-shulman.jpg 970w\" sizes=\"(max-width: 550px) 100vw, 550px\" \/><\/p>\n<p><strong>Por\u00a0<a href=\"http:\/\/michistips.com\/author\/miguelpelegrin\/\" target=\"_blank\">Miguel L\u00f3pez-Pelegr\u00edn<\/a><\/strong><\/p>\n<p><strong>Desde <a href=\"http:\/\/michistips.com\/\" target=\"_blank\">Michistips<\/a><\/strong><\/p>\n<p><!--more--><\/p>\n<p style=\"text-align: justify;\">\u201cEn la obra de\u00a0<strong>Julius Shulman<\/strong>\u00a0se unen dos de mis grandes pasiones, la fotograf\u00eda y la arquitectura.<\/p>\n<p style=\"text-align: justify;\">Considerado como el mejor fot\u00f3grafo de arquitectura del mundo, Shulman (1910-2009) fue testigo y retratista excepcional del desarrollo de la ciudad de Los Angeles.<\/p>\n<p style=\"text-align: justify;\">Sus im\u00e1genes de arquitectura y del american way of life californiano son iconos de Los \u00c1ngeles, la ciudad que mejor representa el sue\u00f1o americano.<\/p>\n<p style=\"text-align: justify;\">La gran aportaci\u00f3n de Shulman fue el incluir la figura humana dentro de los universos arquitect\u00f3nicos.<\/p>\n<p style=\"text-align: justify;\">En sus retratos las casas se llenan de vida con familias felices, parejas charlando o ni\u00f1os desayunando.<\/p>\n<p style=\"text-align: justify;\">Algunas de sus fotograf\u00edas arquitect\u00f3nicas, como las de las obras de\u00a0<strong>Frank Lloyd Wright<\/strong>,\u00a0<strong>Pierre Koenig<\/strong>,\u00a0<strong>Charles Eames<\/strong>,\u00a0<strong>Richard Neutra<\/strong>,\u00a0<strong>\u00d3scar Niemeyer<\/strong>\u00a0o\u00a0<strong>Rafael Soriano<\/strong>\u00a0se han convertido en referentes de la arquitectura del\u00a0<strong>Movimiento Moderno<\/strong><strong> (\u2026)\u201d<\/strong><\/p>\n<h1 style=\"text-align: center;\"><strong>\u00a0<\/strong><\/h1>\n<h2 style=\"text-align: center;\"><strong>\u00a0<\/strong><\/h2>\n<p style=\"text-align: center;\"><strong>Accede al art\u00edculo,\u00a0<a href=\"http:\/\/michistips.com\/julius-shulman-el-mejor-fotografo-de-arquitectura\/\" target=\"_blank\">AQU\u00cd<\/a><\/strong><\/p>\n<p><strong>\u00a0<\/strong><\/p>\n<p><strong>\u00a0<\/strong><\/p>\n<p>&nbsp;<\/p>\n<p><span style=\"color: #999999;\"><em>Noticia seleccionada por el Canal de arquitectura STEPIENYBARNO.\u00a0<\/em><\/span><\/p>\n<p><a href=\"https:\/\/twitter.com\/stepienybarno\"><em>STEPIENYBARNO EN TWITTER _ @stepienybarno<\/em><\/a><\/p>\n<p><a href=\"http:\/\/www.linkedin.com\/company\/stepienybarno\"><em>STEPIENYBARNO EN LINKEDIN<\/em><\/a><\/p>\n<p><a href=\"https:\/\/www.facebook.com\/StepienybarnoCANAL\"><em>STEPIENYBARNO EN FACEBOOK<\/em><\/a><\/p>\n<p><span style=\"color: #999999;\"><em>*Stepienybarno est\u00e1 formado por Agnieszka Stepien y Lorenzo Barn\u00f3 y desde mayo del 2009 estamos en la red con\u00a0 la presente publicaci\u00f3n digital (Blog) de arquitectura.<\/em><\/span><\/p>\n<p><span style=\"color: #999999;\"><em>Nuestra actividad se sustenta en tres pilares b\u00e1sicos: la investigaci\u00f3n, la publicaci\u00f3n (comunicaci\u00f3n y difusi\u00f3n) y la redacci\u00f3n de proyectos de arquitectura.<\/em><\/span><\/p>\n<p><span style=\"color: #999999;\"><em>A su vez, somos socios cofundadores de<\/em><\/span><em>\u00a0<\/em><a href=\"http:\/\/sinergiasostenible.org\/\"><em>SINERGIA SOSTENIBLE<\/em><\/a><span style=\"color: #999999;\"><em>, redactores de<\/em><\/span><em>\u00a0<\/em><a href=\"http:\/\/www.laciudadviva.org\/blogs\/?author=45\"><em>LA CIUDAD VIVA<\/em><\/a><em>\u00a0<\/em><span style=\"color: #999999;\"><em>y directores del blog de<\/em><\/span><em>\u00a0<\/em><a href=\"http:\/\/blogfundacion.arquia.es\/\"><em>FUNDACI\u00d3N ARQUIA<\/em><\/a><span style=\"color: #999999;\"><em>.<\/em><\/span><\/p>\n<p><span style=\"color: #999999;\"><em>* Los editores de esta publicaci\u00f3n digital no nos hacemos cargo de de los comentarios y\u00a0 conceptos vertidos en los textos firmados por otras personas, siendo \u00e9stos de responsabilidad exclusiva de sus autores.<\/em><\/span><\/p>\n<p><span style=\"color: #999999;\"><em>* Tu comentario podr\u00e1 ser moderado, por lo tanto, aunque aparezca inmediatamente al ser publicado en la entrada, los editores de esta publicaci\u00f3n digital nos reservamos el derecho tanto de editarlo (si fuera necesario, para hacerlo m\u00e1s legible) como de eliminarlo en el caso de que se usen expresiones incorrectas (descalificaciones, palabras malsonantes\u2026). A su vez, si quieres comentar desde el anonimato puedes hacerlo, aunque, nosotros personalmente, agradecemos que tod@s nos podamos identificar.<\/em><\/span><\/p>\n","protected":false},"excerpt":{"rendered":"<p>Por\u00a0Miguel L\u00f3pez-Pelegr\u00edn Desde Michistips<\/p>\n","protected":false},"author":9,"featured_media":28351,"comment_status":"open","ping_status":"closed","sticky":false,"template":"","format":"standard","meta":{"om_disable_all_campaigns":false,"_monsterinsights_skip_tracking":false,"_monsterinsights_sitenote_active":false,"_monsterinsights_sitenote_note":"","_monsterinsights_sitenote_category":0,"_uf_show_specific_survey":0,"_uf_disable_surveys":false,"episode_type":"","audio_file":"","cover_image":"","cover_image_id":"","duration":"","filesize":"","date_recorded":"","explicit":"","block":"","filesize_raw":"","footnotes":""},"categories":[244],"tags":[5517,5516],"series":[],"class_list":["post-28350","post","type-post","status-publish","format-standard","has-post-thumbnail","hentry","category-canal-de-arquitectura","tag-michistips","tag-miguel-lopez-pelegrin"],"aioseo_notices":[],"episode_featured_image":"https:\/\/stepienybarno.es\/blog\/wp-content\/uploads\/2017\/06\/stepienybarno-stepien-y-barno-arquitectura-michistips-julius-shulman.jpg","episode_player_image":"https:\/\/stepienybarno.es\/blog\/wp-content\/uploads\/2020\/11\/stepienybarno-podcast-scaled.jpg","download_link":"","player_link":"","audio_player":false,"episode_data":{"playerMode":"dark","subscribeUrls":[],"rssFeedUrl":"https:\/\/stepienybarno.es\/blog\/feed\/podcast\/podcast-de-stepienybarno","embedCode":"<blockquote class=\"wp-embedded-content\" data-secret=\"stPFDJRY0d\"><a href=\"https:\/\/stepienybarno.es\/blog\/2017\/06\/28\/julius-shulman-el-mejor-fotografo-de-arquitectura\/\">JULIUS SHULMAN: EL MEJOR FOT\u00d3GRAFO DE ARQUITECTURA<\/a><\/blockquote><iframe sandbox=\"allow-scripts\" security=\"restricted\" src=\"https:\/\/stepienybarno.es\/blog\/2017\/06\/28\/julius-shulman-el-mejor-fotografo-de-arquitectura\/embed\/#?secret=stPFDJRY0d\" width=\"500\" height=\"350\" title=\"\u00abJULIUS SHULMAN: EL MEJOR FOT\u00d3GRAFO DE ARQUITECTURA\u00bb \u2014 Blog de STEPIEN Y BARNO - publicaci\u00f3n digital sobre arquitectura\" data-secret=\"stPFDJRY0d\" frameborder=\"0\" marginwidth=\"0\" marginheight=\"0\" scrolling=\"no\" class=\"wp-embedded-content\"><\/iframe><script type=\"text\/javascript\">\n\/* <![CDATA[ *\/\n\/*! This file is auto-generated *\/\n!function(d,l){\"use strict\";l.querySelector&&d.addEventListener&&\"undefined\"!=typeof URL&&(d.wp=d.wp||{},d.wp.receiveEmbedMessage||(d.wp.receiveEmbedMessage=function(e){var t=e.data;if((t||t.secret||t.message||t.value)&&!\/[^a-zA-Z0-9]\/.test(t.secret)){for(var s,r,n,a=l.querySelectorAll('iframe[data-secret=\"'+t.secret+'\"]'),o=l.querySelectorAll('blockquote[data-secret=\"'+t.secret+'\"]'),c=new RegExp(\"^https?:$\",\"i\"),i=0;i<o.length;i++)o[i].style.display=\"none\";for(i=0;i<a.length;i++)s=a[i],e.source===s.contentWindow&&(s.removeAttribute(\"style\"),\"height\"===t.message?(1e3<(r=parseInt(t.value,10))?r=1e3:~~r<200&&(r=200),s.height=r):\"link\"===t.message&&(r=new URL(s.getAttribute(\"src\")),n=new URL(t.value),c.test(n.protocol))&&n.host===r.host&&l.activeElement===s&&(d.top.location.href=t.value))}},d.addEventListener(\"message\",d.wp.receiveEmbedMessage,!1),l.addEventListener(\"DOMContentLoaded\",function(){for(var e,t,s=l.querySelectorAll(\"iframe.wp-embedded-content\"),r=0;r<s.length;r++)(t=(e=s[r]).getAttribute(\"data-secret\"))||(t=Math.random().toString(36).substring(2,12),e.src+=\"#?secret=\"+t,e.setAttribute(\"data-secret\",t)),e.contentWindow.postMessage({message:\"ready\",secret:t},\"*\")},!1)))}(window,document);\n\/* ]]> *\/\n<\/script>\n"},"_links":{"self":[{"href":"https:\/\/stepienybarno.es\/blog\/wp-json\/wp\/v2\/posts\/28350"}],"collection":[{"href":"https:\/\/stepienybarno.es\/blog\/wp-json\/wp\/v2\/posts"}],"about":[{"href":"https:\/\/stepienybarno.es\/blog\/wp-json\/wp\/v2\/types\/post"}],"author":[{"embeddable":true,"href":"https:\/\/stepienybarno.es\/blog\/wp-json\/wp\/v2\/users\/9"}],"replies":[{"embeddable":true,"href":"https:\/\/stepienybarno.es\/blog\/wp-json\/wp\/v2\/comments?post=28350"}],"version-history":[{"count":1,"href":"https:\/\/stepienybarno.es\/blog\/wp-json\/wp\/v2\/posts\/28350\/revisions"}],"predecessor-version":[{"id":28352,"href":"https:\/\/stepienybarno.es\/blog\/wp-json\/wp\/v2\/posts\/28350\/revisions\/28352"}],"wp:featuredmedia":[{"embeddable":true,"href":"https:\/\/stepienybarno.es\/blog\/wp-json\/wp\/v2\/media\/28351"}],"wp:attachment":[{"href":"https:\/\/stepienybarno.es\/blog\/wp-json\/wp\/v2\/media?parent=28350"}],"wp:term":[{"taxonomy":"category","embeddable":true,"href":"https:\/\/stepienybarno.es\/blog\/wp-json\/wp\/v2\/categories?post=28350"},{"taxonomy":"post_tag","embeddable":true,"href":"https:\/\/stepienybarno.es\/blog\/wp-json\/wp\/v2\/tags?post=28350"},{"taxonomy":"series","embeddable":true,"href":"https:\/\/stepienybarno.es\/blog\/wp-json\/wp\/v2\/series?post=28350"}],"curies":[{"name":"wp","href":"https:\/\/api.w.org\/{rel}","templated":true}]}}