{"id":28359,"date":"2017-06-28T19:21:16","date_gmt":"2017-06-28T17:21:16","guid":{"rendered":"https:\/\/www.stepienybarno.es\/blog\/?p=28359"},"modified":"2017-06-24T13:11:09","modified_gmt":"2017-06-24T11:11:09","slug":"primer-directo-via-facebook-para-el-grupo-identidad-digital-para-arquitectos","status":"publish","type":"post","link":"https:\/\/stepienybarno.es\/blog\/2017\/06\/28\/primer-directo-via-facebook-para-el-grupo-identidad-digital-para-arquitectos\/","title":{"rendered":"PRIMER DIRECTO V\u00cdA FACEBOOK PARA EL GRUPO \u00abIDENTIDAD DIGITAL PARA ARQUITECTOS\u00bb"},"content":{"rendered":"<p><img loading=\"lazy\" decoding=\"async\" class=\"aligncenter size-full wp-image-28360\" src=\"https:\/\/stepienybarno.es\/blog\/wp-content\/uploads\/2017\/06\/stepienybarno-stepien-y-barno-arquitectura-Ana-mombiedro-grupo-identidad-digital-facebook.jpg\" alt=\"stepienybarno-stepien-y-barno-arquitectura-Ana-mombiedro-grupo-identidad-digital-facebook\" width=\"500\" height=\"299\" srcset=\"https:\/\/stepienybarno.es\/blog\/wp-content\/uploads\/2017\/06\/stepienybarno-stepien-y-barno-arquitectura-Ana-mombiedro-grupo-identidad-digital-facebook.jpg 500w, https:\/\/stepienybarno.es\/blog\/wp-content\/uploads\/2017\/06\/stepienybarno-stepien-y-barno-arquitectura-Ana-mombiedro-grupo-identidad-digital-facebook-180x108.jpg 180w, https:\/\/stepienybarno.es\/blog\/wp-content\/uploads\/2017\/06\/stepienybarno-stepien-y-barno-arquitectura-Ana-mombiedro-grupo-identidad-digital-facebook-316x189.jpg 316w\" sizes=\"(max-width: 500px) 100vw, 500px\" \/><\/p>\n<p><strong>Por <a href=\"https:\/\/www.youtube.com\/channel\/UCqkR7urbdbQZafaBbZZHBiA\" target=\"_blank\">Ana Mombiedro<\/a><\/strong><\/p>\n<p><!--more--><\/p>\n<p style=\"text-align: justify;\">Estamos encantados de poder compartir con vosotros este proyecto, que empez\u00f3 como un peque\u00f1o experimento y\u00a0 poco a poco va cogiendo intensidad.<\/p>\n<p style=\"text-align: justify;\">Os dejamos con las reflexiones e intervenci\u00f3n de Ana Mombiedro:<\/p>\n<p style=\"text-align: justify;\">\u201cComo parte de un proyecto impulsado por el equipo de StepienyBarno IDENTIDAD DIGITAL PARA ARQUITECTOS la ma\u00f1ana del 2 de Junio entr\u00e9 en directo para compartir mi perspectiva del \u00e1mbito profesional de la arquitectura en esta era digital en la que vivimos\u201d<\/p>\n<p>&nbsp;<\/p>\n<p style=\"text-align: center;\"><strong>Accede \u00a0al v\u00eddeo,\u00a0<a href=\"https:\/\/www.youtube.com\/watch?v=xQXFNHrjP1k\" target=\"_blank\">AQU\u00cd<\/a><\/strong><\/p>\n<p><strong>\u00a0<\/strong><\/p>\n<p><strong>\u00a0<\/strong><\/p>\n<p>&nbsp;<\/p>\n<p><span style=\"color: #999999;\"><em>Noticia seleccionada por el Canal de arquitectura STEPIENYBARNO.\u00a0<\/em><\/span><\/p>\n<p><a href=\"https:\/\/twitter.com\/stepienybarno\">STEPIENYBARNO EN TWITTER _ @stepienybarno<\/a><\/p>\n<p><a href=\"http:\/\/www.linkedin.com\/company\/stepienybarno\"><em>STEPIENYBARNO EN LINKEDIN<\/em><\/a><\/p>\n<p><a href=\"https:\/\/www.facebook.com\/StepienybarnoCANAL\">STEPIENYBARNO EN FACEBOOK<\/a><\/p>\n<p><span style=\"color: #999999;\"><em>*Stepienybarno est\u00e1 formado por Agnieszka Stepien y Lorenzo Barn\u00f3 y desde mayo del 2009 estamos en la red con\u00a0 la presente publicaci\u00f3n digital (Blog) de arquitectura.<\/em><\/span><\/p>\n<p><span style=\"color: #999999;\"><em>Nuestra actividad se sustenta en tres pilares b\u00e1sicos: la investigaci\u00f3n, la publicaci\u00f3n (comunicaci\u00f3n y difusi\u00f3n) y la redacci\u00f3n de proyectos de arquitectura.<\/em><\/span><\/p>\n<p><span style=\"color: #999999;\"><em>A su vez, somos socios cofundadores de<\/em><\/span><em>\u00a0<\/em><a href=\"http:\/\/sinergiasostenible.org\/\">SINERGIA SOSTENIBLE<\/a><span style=\"color: #999999;\"><em>, redactores de<\/em><\/span><em>\u00a0<\/em><a href=\"http:\/\/www.laciudadviva.org\/blogs\/?author=45\">LA CIUDAD VIVA<\/a><span style=\"color: #999999;\"><em>\u00a0<\/em><em>y directores del blog de<\/em><\/span><em>\u00a0<\/em><a href=\"http:\/\/blogfundacion.arquia.es\/\">FUNDACI\u00d3N ARQUIA<\/a><span style=\"color: #999999;\"><em>.<\/em><\/span><\/p>\n<p><span style=\"color: #999999;\"><em>* Los editores de esta publicaci\u00f3n digital no nos hacemos cargo de de los comentarios y\u00a0 conceptos vertidos en los textos firmados por otras personas, siendo \u00e9stos de responsabilidad exclusiva de sus autores.<\/em><\/span><\/p>\n<p><span style=\"color: #999999;\"><em>* Tu comentario podr\u00e1 ser moderado, por lo tanto, aunque aparezca inmediatamente al ser publicado en la entrada, los editores de esta publicaci\u00f3n digital nos reservamos el derecho tanto de editarlo (si fuera necesario, para hacerlo m\u00e1s legible) como de eliminarlo en el caso de que se usen expresiones incorrectas (descalificaciones, palabras malsonantes\u2026). A su vez, si quieres comentar desde el anonimato puedes hacerlo, aunque, nosotros personalmente, agradecemos que tod@s nos podamos identificar.<\/em><\/span><\/p>\n","protected":false},"excerpt":{"rendered":"<p>Por Ana Mombiedro<\/p>\n","protected":false},"author":9,"featured_media":28360,"comment_status":"open","ping_status":"closed","sticky":false,"template":"","format":"standard","meta":{"om_disable_all_campaigns":false,"_monsterinsights_skip_tracking":false,"_monsterinsights_sitenote_active":false,"_monsterinsights_sitenote_note":"","_monsterinsights_sitenote_category":0,"_uf_show_specific_survey":0,"_uf_disable_surveys":false,"episode_type":"","audio_file":"","cover_image":"","cover_image_id":"","duration":"","filesize":"","date_recorded":"","explicit":"","block":"","filesize_raw":"","footnotes":""},"categories":[244],"tags":[4036,5519],"series":[],"class_list":["post-28359","post","type-post","status-publish","format-standard","has-post-thumbnail","hentry","category-canal-de-arquitectura","tag-ana-mombiedro","tag-grupo-de-identidad-digital"],"aioseo_notices":[],"episode_featured_image":"https:\/\/stepienybarno.es\/blog\/wp-content\/uploads\/2017\/06\/stepienybarno-stepien-y-barno-arquitectura-Ana-mombiedro-grupo-identidad-digital-facebook.jpg","episode_player_image":"https:\/\/stepienybarno.es\/blog\/wp-content\/uploads\/2020\/11\/stepienybarno-podcast-scaled.jpg","download_link":"","player_link":"","audio_player":false,"episode_data":{"playerMode":"dark","subscribeUrls":[],"rssFeedUrl":"https:\/\/stepienybarno.es\/blog\/feed\/podcast\/podcast-de-stepienybarno","embedCode":"<blockquote class=\"wp-embedded-content\" data-secret=\"pIVeYLUk2F\"><a href=\"https:\/\/stepienybarno.es\/blog\/2017\/06\/28\/primer-directo-via-facebook-para-el-grupo-identidad-digital-para-arquitectos\/\">PRIMER DIRECTO V\u00cdA FACEBOOK PARA EL GRUPO \u00abIDENTIDAD DIGITAL PARA ARQUITECTOS\u00bb<\/a><\/blockquote><iframe sandbox=\"allow-scripts\" security=\"restricted\" src=\"https:\/\/stepienybarno.es\/blog\/2017\/06\/28\/primer-directo-via-facebook-para-el-grupo-identidad-digital-para-arquitectos\/embed\/#?secret=pIVeYLUk2F\" width=\"500\" height=\"350\" title=\"\u00abPRIMER DIRECTO V\u00cdA FACEBOOK PARA EL GRUPO \u00abIDENTIDAD DIGITAL PARA ARQUITECTOS\u00bb\u00bb \u2014 Blog de STEPIEN Y BARNO - publicaci\u00f3n digital sobre arquitectura\" data-secret=\"pIVeYLUk2F\" frameborder=\"0\" marginwidth=\"0\" marginheight=\"0\" scrolling=\"no\" class=\"wp-embedded-content\"><\/iframe><script type=\"text\/javascript\">\n\/* <![CDATA[ *\/\n\/*! This file is auto-generated *\/\n!function(d,l){\"use strict\";l.querySelector&&d.addEventListener&&\"undefined\"!=typeof URL&&(d.wp=d.wp||{},d.wp.receiveEmbedMessage||(d.wp.receiveEmbedMessage=function(e){var t=e.data;if((t||t.secret||t.message||t.value)&&!\/[^a-zA-Z0-9]\/.test(t.secret)){for(var s,r,n,a=l.querySelectorAll('iframe[data-secret=\"'+t.secret+'\"]'),o=l.querySelectorAll('blockquote[data-secret=\"'+t.secret+'\"]'),c=new RegExp(\"^https?:$\",\"i\"),i=0;i<o.length;i++)o[i].style.display=\"none\";for(i=0;i<a.length;i++)s=a[i],e.source===s.contentWindow&&(s.removeAttribute(\"style\"),\"height\"===t.message?(1e3<(r=parseInt(t.value,10))?r=1e3:~~r<200&&(r=200),s.height=r):\"link\"===t.message&&(r=new URL(s.getAttribute(\"src\")),n=new URL(t.value),c.test(n.protocol))&&n.host===r.host&&l.activeElement===s&&(d.top.location.href=t.value))}},d.addEventListener(\"message\",d.wp.receiveEmbedMessage,!1),l.addEventListener(\"DOMContentLoaded\",function(){for(var e,t,s=l.querySelectorAll(\"iframe.wp-embedded-content\"),r=0;r<s.length;r++)(t=(e=s[r]).getAttribute(\"data-secret\"))||(t=Math.random().toString(36).substring(2,12),e.src+=\"#?secret=\"+t,e.setAttribute(\"data-secret\",t)),e.contentWindow.postMessage({message:\"ready\",secret:t},\"*\")},!1)))}(window,document);\n\/* ]]> *\/\n<\/script>\n"},"_links":{"self":[{"href":"https:\/\/stepienybarno.es\/blog\/wp-json\/wp\/v2\/posts\/28359"}],"collection":[{"href":"https:\/\/stepienybarno.es\/blog\/wp-json\/wp\/v2\/posts"}],"about":[{"href":"https:\/\/stepienybarno.es\/blog\/wp-json\/wp\/v2\/types\/post"}],"author":[{"embeddable":true,"href":"https:\/\/stepienybarno.es\/blog\/wp-json\/wp\/v2\/users\/9"}],"replies":[{"embeddable":true,"href":"https:\/\/stepienybarno.es\/blog\/wp-json\/wp\/v2\/comments?post=28359"}],"version-history":[{"count":1,"href":"https:\/\/stepienybarno.es\/blog\/wp-json\/wp\/v2\/posts\/28359\/revisions"}],"predecessor-version":[{"id":28361,"href":"https:\/\/stepienybarno.es\/blog\/wp-json\/wp\/v2\/posts\/28359\/revisions\/28361"}],"wp:featuredmedia":[{"embeddable":true,"href":"https:\/\/stepienybarno.es\/blog\/wp-json\/wp\/v2\/media\/28360"}],"wp:attachment":[{"href":"https:\/\/stepienybarno.es\/blog\/wp-json\/wp\/v2\/media?parent=28359"}],"wp:term":[{"taxonomy":"category","embeddable":true,"href":"https:\/\/stepienybarno.es\/blog\/wp-json\/wp\/v2\/categories?post=28359"},{"taxonomy":"post_tag","embeddable":true,"href":"https:\/\/stepienybarno.es\/blog\/wp-json\/wp\/v2\/tags?post=28359"},{"taxonomy":"series","embeddable":true,"href":"https:\/\/stepienybarno.es\/blog\/wp-json\/wp\/v2\/series?post=28359"}],"curies":[{"name":"wp","href":"https:\/\/api.w.org\/{rel}","templated":true}]}}