{"id":28377,"date":"2017-06-29T19:21:29","date_gmt":"2017-06-29T17:21:29","guid":{"rendered":"https:\/\/www.stepienybarno.es\/blog\/?p=28377"},"modified":"2017-06-27T12:06:02","modified_gmt":"2017-06-27T10:06:02","slug":"shulman-inspired-california-desired","status":"publish","type":"post","link":"https:\/\/stepienybarno.es\/blog\/2017\/06\/29\/shulman-inspired-california-desired\/","title":{"rendered":"SHULMAN INSPIRED, CALIFORNIA DESIRED"},"content":{"rendered":"<p><img loading=\"lazy\" decoding=\"async\" class=\"aligncenter size-medium wp-image-28378\" src=\"https:\/\/stepienybarno.es\/blog\/wp-content\/uploads\/2017\/06\/stepienybarno-stepien-y-barno-arquitectura-MARINA-CHETNER-julius-shulman-442x550.jpg\" alt=\"stepienybarno-stepien-y-barno-arquitectura-MARINA-CHETNER-julius-shulman\" width=\"442\" height=\"550\" srcset=\"https:\/\/stepienybarno.es\/blog\/wp-content\/uploads\/2017\/06\/stepienybarno-stepien-y-barno-arquitectura-MARINA-CHETNER-julius-shulman-442x550.jpg 442w, https:\/\/stepienybarno.es\/blog\/wp-content\/uploads\/2017\/06\/stepienybarno-stepien-y-barno-arquitectura-MARINA-CHETNER-julius-shulman-145x180.jpg 145w, https:\/\/stepienybarno.es\/blog\/wp-content\/uploads\/2017\/06\/stepienybarno-stepien-y-barno-arquitectura-MARINA-CHETNER-julius-shulman-316x393.jpg 316w, https:\/\/stepienybarno.es\/blog\/wp-content\/uploads\/2017\/06\/stepienybarno-stepien-y-barno-arquitectura-MARINA-CHETNER-julius-shulman.jpg 500w\" sizes=\"(max-width: 442px) 100vw, 442px\" \/><\/p>\n<p><strong>Por \u00a0Marina Chetner<\/strong><\/p>\n<p><!--more--><\/p>\n<p style=\"text-align: justify;\">\u00a0\u201c<em>I think it\u2019s just a beautiful way of thinking of my dad and Los Angeles as siblings. They really did grow up together.<\/em>\u00a0<strong>~ Judy McKee, daughter of Julius Shulman<\/strong><\/p>\n<p style=\"text-align: justify;\"><em>Shulman\u2019s pictures have this base of romance to them. His work represents a certain ideal that happened years ago.<\/em>\u00a0<strong>~ Ed Ruscha, artist<\/strong><\/p>\n<p style=\"text-align: justify;\"><em>History is strange. Here, it becomes mystical.<\/em>\u00a0<strong>~ Julius Shulman<\/strong>\u00a0on Los Angeles.<\/p>\n<p style=\"text-align: justify;\">Within 24 hours, I have garnered a greater appreciation for Californian architecture than ever before thanks to the works of a leading photographers in the 20<sup>th<\/sup>\u00a0century, the late Julius Schulman (1910-2009).<\/p>\n<p style=\"text-align: justify;\">This happened while watching the 90-minute documentary,\u00a0<em>Visual Acoustics: The Modernism of Julius Schulman<\/em>, and afterwards, while researching what I had seen. I appreciate that fellow bloggers,\u00a0<a href=\"http:\/\/allabouttravelokc.wordpress.com\/\" target=\"_blank\">All About Travel<\/a>\u00a0and\u00a0<a href=\"http:\/\/xinapray.wordpress.com\/\" target=\"_blank\">The Way I See It\u00a0<\/a>recommended I see the film (in response to my\u00a0<a href=\"http:\/\/wp.me\/p1YdU5-HA\" target=\"_blank\">Vintage Inspired California<\/a>\u00a0post).<\/p>\n<p style=\"text-align: justify;\"><em>I was ordained to become a photographer, I was destined..<\/em>.\u00a0<strong>~ Julius Shulman<\/strong><strong>.<\/strong> (\u2026)\u201d<\/p>\n<p>&nbsp;<\/p>\n<p>&nbsp;<\/p>\n<p style=\"text-align: center;\"><strong>Accede \u00a0al art\u00edculo,\u00a0<a href=\"https:\/\/marinachetner.wordpress.com\/2012\/03\/05\/shulman-inspired-california-desired\/amp\/\" target=\"_blank\">AQU\u00cd<\/a><\/strong><\/p>\n<p><strong>\u00a0<\/strong><\/p>\n<p><strong>\u00a0<\/strong><\/p>\n<p>&nbsp;<\/p>\n<p><span style=\"color: #999999;\"><em>Noticia seleccionada por el Canal de arquitectura STEPIENYBARNO.\u00a0<\/em><\/span><\/p>\n<p><a href=\"https:\/\/twitter.com\/stepienybarno\">STEPIENYBARNO EN TWITTER _ @stepienybarno<\/a><\/p>\n<p><a href=\"http:\/\/www.linkedin.com\/company\/stepienybarno\"><em>STEPIENYBARNO EN LINKEDIN<\/em><\/a><\/p>\n<p><a href=\"https:\/\/www.facebook.com\/StepienybarnoCANAL\">STEPIENYBARNO EN FACEBOOK<\/a><\/p>\n<p><span style=\"color: #999999;\"><em>*Stepienybarno est\u00e1 formado por Agnieszka Stepien y Lorenzo Barn\u00f3 y desde mayo del 2009 estamos en la red con\u00a0 la presente publicaci\u00f3n digital (Blog) de arquitectura.<\/em><\/span><\/p>\n<p><span style=\"color: #999999;\"><em>Nuestra actividad se sustenta en tres pilares b\u00e1sicos: la investigaci\u00f3n, la publicaci\u00f3n (comunicaci\u00f3n y difusi\u00f3n) y la redacci\u00f3n de proyectos de arquitectura.<\/em><\/span><\/p>\n<p><span style=\"color: #999999;\"><em>A su vez, somos socios cofundadores de<\/em><\/span><em>\u00a0<\/em><a href=\"http:\/\/sinergiasostenible.org\/\">SINERGIA SOSTENIBLE<\/a><span style=\"color: #999999;\"><em>, redactores de<\/em><\/span><em>\u00a0<\/em><a href=\"http:\/\/www.laciudadviva.org\/blogs\/?author=45\">LA CIUDAD VIVA<\/a><em>\u00a0<\/em><span style=\"color: #999999;\"><em>y directores del blog de<\/em><em>\u00a0<\/em><\/span><a href=\"http:\/\/blogfundacion.arquia.es\/\">FUNDACI\u00d3N ARQUIA<\/a><span style=\"color: #999999;\"><em>.<\/em><\/span><\/p>\n<p><span style=\"color: #999999;\"><em>* Los editores de esta publicaci\u00f3n digital no nos hacemos cargo de de los comentarios y\u00a0 conceptos vertidos en los textos firmados por otras personas, siendo \u00e9stos de responsabilidad exclusiva de sus autores.<\/em><\/span><\/p>\n<p><span style=\"color: #999999;\"><em>* Tu comentario podr\u00e1 ser moderado, por lo tanto, aunque aparezca inmediatamente al ser publicado en la entrada, los editores de esta publicaci\u00f3n digital nos reservamos el derecho tanto de editarlo (si fuera necesario, para hacerlo m\u00e1s legible) como de eliminarlo en el caso de que se usen expresiones incorrectas (descalificaciones, palabras malsonantes\u2026). A su vez, si quieres comentar desde el anonimato puedes hacerlo, aunque, nosotros personalmente, agradecemos que tod@s nos podamos identificar.<\/em><\/span><\/p>\n","protected":false},"excerpt":{"rendered":"<p>Por \u00a0Marina Chetner<\/p>\n","protected":false},"author":9,"featured_media":28378,"comment_status":"open","ping_status":"closed","sticky":false,"template":"","format":"standard","meta":{"om_disable_all_campaigns":false,"_monsterinsights_skip_tracking":false,"_monsterinsights_sitenote_active":false,"_monsterinsights_sitenote_note":"","_monsterinsights_sitenote_category":0,"_uf_show_specific_survey":0,"_uf_disable_surveys":false,"episode_type":"","audio_file":"","cover_image":"","cover_image_id":"","duration":"","filesize":"","date_recorded":"","explicit":"","block":"","filesize_raw":"","footnotes":""},"categories":[244],"tags":[3000,5526],"series":[],"class_list":["post-28377","post","type-post","status-publish","format-standard","has-post-thumbnail","hentry","category-canal-de-arquitectura","tag-julius-shulman","tag-marina-chetner"],"aioseo_notices":[],"episode_featured_image":"https:\/\/stepienybarno.es\/blog\/wp-content\/uploads\/2017\/06\/stepienybarno-stepien-y-barno-arquitectura-MARINA-CHETNER-julius-shulman.jpg","episode_player_image":"https:\/\/stepienybarno.es\/blog\/wp-content\/uploads\/2020\/11\/stepienybarno-podcast-scaled.jpg","download_link":"","player_link":"","audio_player":false,"episode_data":{"playerMode":"dark","subscribeUrls":[],"rssFeedUrl":"https:\/\/stepienybarno.es\/blog\/feed\/podcast\/podcast-de-stepienybarno","embedCode":"<blockquote class=\"wp-embedded-content\" data-secret=\"3vOHHeA0g4\"><a href=\"https:\/\/stepienybarno.es\/blog\/2017\/06\/29\/shulman-inspired-california-desired\/\">SHULMAN INSPIRED, CALIFORNIA DESIRED<\/a><\/blockquote><iframe sandbox=\"allow-scripts\" security=\"restricted\" src=\"https:\/\/stepienybarno.es\/blog\/2017\/06\/29\/shulman-inspired-california-desired\/embed\/#?secret=3vOHHeA0g4\" width=\"500\" height=\"350\" title=\"\u00abSHULMAN INSPIRED, CALIFORNIA DESIRED\u00bb \u2014 Blog de STEPIEN Y BARNO - publicaci\u00f3n digital sobre arquitectura\" data-secret=\"3vOHHeA0g4\" frameborder=\"0\" marginwidth=\"0\" marginheight=\"0\" scrolling=\"no\" class=\"wp-embedded-content\"><\/iframe><script type=\"text\/javascript\">\n\/* <![CDATA[ *\/\n\/*! This file is auto-generated *\/\n!function(d,l){\"use strict\";l.querySelector&&d.addEventListener&&\"undefined\"!=typeof URL&&(d.wp=d.wp||{},d.wp.receiveEmbedMessage||(d.wp.receiveEmbedMessage=function(e){var t=e.data;if((t||t.secret||t.message||t.value)&&!\/[^a-zA-Z0-9]\/.test(t.secret)){for(var s,r,n,a=l.querySelectorAll('iframe[data-secret=\"'+t.secret+'\"]'),o=l.querySelectorAll('blockquote[data-secret=\"'+t.secret+'\"]'),c=new RegExp(\"^https?:$\",\"i\"),i=0;i<o.length;i++)o[i].style.display=\"none\";for(i=0;i<a.length;i++)s=a[i],e.source===s.contentWindow&&(s.removeAttribute(\"style\"),\"height\"===t.message?(1e3<(r=parseInt(t.value,10))?r=1e3:~~r<200&&(r=200),s.height=r):\"link\"===t.message&&(r=new URL(s.getAttribute(\"src\")),n=new URL(t.value),c.test(n.protocol))&&n.host===r.host&&l.activeElement===s&&(d.top.location.href=t.value))}},d.addEventListener(\"message\",d.wp.receiveEmbedMessage,!1),l.addEventListener(\"DOMContentLoaded\",function(){for(var e,t,s=l.querySelectorAll(\"iframe.wp-embedded-content\"),r=0;r<s.length;r++)(t=(e=s[r]).getAttribute(\"data-secret\"))||(t=Math.random().toString(36).substring(2,12),e.src+=\"#?secret=\"+t,e.setAttribute(\"data-secret\",t)),e.contentWindow.postMessage({message:\"ready\",secret:t},\"*\")},!1)))}(window,document);\n\/* ]]> *\/\n<\/script>\n"},"_links":{"self":[{"href":"https:\/\/stepienybarno.es\/blog\/wp-json\/wp\/v2\/posts\/28377"}],"collection":[{"href":"https:\/\/stepienybarno.es\/blog\/wp-json\/wp\/v2\/posts"}],"about":[{"href":"https:\/\/stepienybarno.es\/blog\/wp-json\/wp\/v2\/types\/post"}],"author":[{"embeddable":true,"href":"https:\/\/stepienybarno.es\/blog\/wp-json\/wp\/v2\/users\/9"}],"replies":[{"embeddable":true,"href":"https:\/\/stepienybarno.es\/blog\/wp-json\/wp\/v2\/comments?post=28377"}],"version-history":[{"count":1,"href":"https:\/\/stepienybarno.es\/blog\/wp-json\/wp\/v2\/posts\/28377\/revisions"}],"predecessor-version":[{"id":28379,"href":"https:\/\/stepienybarno.es\/blog\/wp-json\/wp\/v2\/posts\/28377\/revisions\/28379"}],"wp:featuredmedia":[{"embeddable":true,"href":"https:\/\/stepienybarno.es\/blog\/wp-json\/wp\/v2\/media\/28378"}],"wp:attachment":[{"href":"https:\/\/stepienybarno.es\/blog\/wp-json\/wp\/v2\/media?parent=28377"}],"wp:term":[{"taxonomy":"category","embeddable":true,"href":"https:\/\/stepienybarno.es\/blog\/wp-json\/wp\/v2\/categories?post=28377"},{"taxonomy":"post_tag","embeddable":true,"href":"https:\/\/stepienybarno.es\/blog\/wp-json\/wp\/v2\/tags?post=28377"},{"taxonomy":"series","embeddable":true,"href":"https:\/\/stepienybarno.es\/blog\/wp-json\/wp\/v2\/series?post=28377"}],"curies":[{"name":"wp","href":"https:\/\/api.w.org\/{rel}","templated":true}]}}