{"id":28391,"date":"2017-06-30T19:11:01","date_gmt":"2017-06-30T17:11:01","guid":{"rendered":"https:\/\/www.stepienybarno.es\/blog\/?p=28391"},"modified":"2017-06-30T07:50:16","modified_gmt":"2017-06-30T05:50:16","slug":"elena-alfaro-la-mujer-que-ha-logrado-que-los-libros-de-texto-sean-gratis-en-madrid","status":"publish","type":"post","link":"https:\/\/stepienybarno.es\/blog\/2017\/06\/30\/elena-alfaro-la-mujer-que-ha-logrado-que-los-libros-de-texto-sean-gratis-en-madrid\/","title":{"rendered":"ELENA ALFARO: LA MUJER QUE HA LOGRADO QUE LOS LIBROS DE TEXTO SEAN GRATIS EN MADRID"},"content":{"rendered":"<p><img loading=\"lazy\" decoding=\"async\" class=\"aligncenter size-full wp-image-28392\" src=\"https:\/\/stepienybarno.es\/blog\/wp-content\/uploads\/2017\/06\/stepienybarno-stepien-y-barno-arquitectura-EL-CONFIDENCIAL-.jpg\" alt=\"stepienybarno-stepien-y-barno-arquitectura-EL-CONFIDENCIAL-\" width=\"500\" height=\"281\" srcset=\"https:\/\/stepienybarno.es\/blog\/wp-content\/uploads\/2017\/06\/stepienybarno-stepien-y-barno-arquitectura-EL-CONFIDENCIAL-.jpg 500w, https:\/\/stepienybarno.es\/blog\/wp-content\/uploads\/2017\/06\/stepienybarno-stepien-y-barno-arquitectura-EL-CONFIDENCIAL--180x101.jpg 180w, https:\/\/stepienybarno.es\/blog\/wp-content\/uploads\/2017\/06\/stepienybarno-stepien-y-barno-arquitectura-EL-CONFIDENCIAL--316x178.jpg 316w\" sizes=\"(max-width: 500px) 100vw, 500px\" \/><\/p>\n<p><strong>Por <a href=\"http:\/\/www.twitter.com\/maria_zuil\">Mar\u00eda Zuil<\/a><\/strong><\/p>\n<p><strong>Desde <a href=\"http:\/\/www.elconfidencial.com\/\">El Confidencial<\/a><\/strong><\/p>\n<p><!--more--><\/p>\n<p style=\"text-align: justify;\">\u00a0\u201c<strong>Elena Alfaro<\/strong>\u00a0se expresa con entusiasmo y gesticula al ritmo de las emociones. Su postura deja adivinar a una persona de convicciones claras, que hace cuatro a\u00f1os se propuso acabar con el\u00a0<a href=\"http:\/\/www.elconfidencial.com\/tecnologia\/2016-06-27\/libros-de-texto-baratos-comparador-ahorrar_1224420\/\"><strong>gasto de los libros de texto<\/strong><\/a>\u00a0y la discriminaci\u00f3n que generaba en las familias.<\/p>\n<p style=\"text-align: justify;\">Sin tener nada que ver con la educaci\u00f3n \u2013es arquitecta- y llevada por la indignaci\u00f3n, una noche de agosto inici\u00f3 desde su cocina una recogida de firmas que lleg\u00f3 hasta el Congreso y se col\u00f3 en la Ley de Educaci\u00f3n. Despu\u00e9s de conseguir el\u00a0<a href=\"https:\/\/www.change.org\/p\/necesitamos-precios-justos-para-los-libros-de-texto\"><strong>apoyo de 300.00 personas<\/strong><\/a>\u00a0se ha materializado esta semana con la aprobaci\u00f3n por unanimidad de una medida legislativa que implantar\u00e1 los bancos de libros en los colegios e institutos de en la Comunidad de Madrid a partir del curso 2018\/19.<\/p>\n<p style=\"text-align: justify;\">Aun as\u00ed, huye de triunfalismos personales y del foco medi\u00e1tico, como cuenta apurando una taza de caf\u00e9 desde esa misma cocina donde empez\u00f3 todo. Su historia es la de una ciudadana de a pie que con un poco de cabezoner\u00eda consigui\u00f3 un hito de gigantes.<\/p>\n<p style=\"text-align: justify;\"><strong>Pregunta: Para empezar, \u00bfc\u00f3mo se mete una arquitecta a batallar porque los libros de texto sean gratis?<\/strong><\/p>\n<p style=\"text-align: justify;\">Respuesta: Me met\u00ed por mi madre. Trabajaba en\u00a0<a href=\"http:\/\/www.elconfidencial.com\/tags\/organismos\/caritas-3543\/\"><strong>C\u00e1ritas<\/strong><\/a>\u00a0y los libros de texto eran un problema para muchas familias todo los veranos. En 2012, que es cuando hice la petici\u00f3n, llev\u00e1bamos desde 2008 con la crisis, y el ahorro y las ayudas se acababan, pero el n\u00famero de gente que acud\u00eda a C\u00e1ritas era mucho mayor (\u2026)\u201d<\/p>\n<p>&nbsp;<\/p>\n<p>&nbsp;<\/p>\n<p style=\"text-align: center;\"><strong>Accede \u00a0al art\u00edculo,\u00a0<a href=\"http:\/\/www.elconfidencial.com\/alma-corazon-vida\/educacion\/2017-05-28\/entrevista-mujer-libros-de-texto-gratis_1389675\/\" target=\"_blank\">AQU\u00cd<\/a><\/strong><\/p>\n<p><strong>\u00a0<\/strong><\/p>\n<p><strong>\u00a0<\/strong><\/p>\n<p>&nbsp;<\/p>\n<p><span style=\"color: #999999;\"><em>Noticia seleccionada por el Canal de arquitectura STEPIENYBARNO.\u00a0<\/em><\/span><\/p>\n<p><a href=\"https:\/\/twitter.com\/stepienybarno\">STEPIENYBARNO EN TWITTER _ @stepienybarno<\/a><\/p>\n<p><a href=\"http:\/\/www.linkedin.com\/company\/stepienybarno\"><em>STEPIENYBARNO EN LINKEDIN<\/em><\/a><\/p>\n<p><a href=\"https:\/\/www.facebook.com\/StepienybarnoCANAL\">STEPIENYBARNO EN FACEBOOK<\/a><\/p>\n<p><span style=\"color: #999999;\"><em>*Stepienybarno est\u00e1 formado por Agnieszka Stepien y Lorenzo Barn\u00f3 y desde mayo del 2009 estamos en la red con\u00a0 la presente publicaci\u00f3n digital (Blog) de arquitectura.<\/em><\/span><\/p>\n<p><span style=\"color: #999999;\"><em>Nuestra actividad se sustenta en tres pilares b\u00e1sicos: la investigaci\u00f3n, la publicaci\u00f3n (comunicaci\u00f3n y difusi\u00f3n) y la redacci\u00f3n de proyectos de arquitectura.<\/em><\/span><\/p>\n<p><span style=\"color: #999999;\"><em>A su vez, somos socios cofundadores de<\/em><em>\u00a0<\/em><\/span><a href=\"http:\/\/sinergiasostenible.org\/\">SINERGIA SOSTENIBLE<\/a><span style=\"color: #999999;\"><em>, redactores de<\/em><\/span><em>\u00a0<\/em><a href=\"http:\/\/www.laciudadviva.org\/blogs\/?author=45\">LA CIUDAD VIVA<\/a><span style=\"color: #999999;\"><em>\u00a0<\/em><em>y directores del blog de<\/em><\/span><em>\u00a0<\/em><a href=\"http:\/\/blogfundacion.arquia.es\/\">FUNDACI\u00d3N ARQUIA<\/a><span style=\"color: #999999;\"><em>.<\/em><\/span><\/p>\n<p><span style=\"color: #999999;\"><em>* Los editores de esta publicaci\u00f3n digital no nos hacemos cargo de de los comentarios y\u00a0 conceptos vertidos en los textos firmados por otras personas, siendo \u00e9stos de responsabilidad exclusiva de sus autores.<\/em><\/span><\/p>\n<p><span style=\"color: #999999;\"><em>* Tu comentario podr\u00e1 ser moderado, por lo tanto, aunque aparezca inmediatamente al ser publicado en la entrada, los editores de esta publicaci\u00f3n digital nos reservamos el derecho tanto de editarlo (si fuera necesario, para hacerlo m\u00e1s legible) como de eliminarlo en el caso de que se usen expresiones incorrectas (descalificaciones, palabras malsonantes\u2026). A su vez, si quieres comentar desde el anonimato puedes hacerlo, aunque, nosotros personalmente, agradecemos que tod@s nos podamos identificar.<\/em><\/span><\/p>\n","protected":false},"excerpt":{"rendered":"<p>Por Mar\u00eda Zuil Desde El Confidencial<\/p>\n","protected":false},"author":9,"featured_media":28392,"comment_status":"open","ping_status":"closed","sticky":false,"template":"","format":"standard","meta":{"om_disable_all_campaigns":false,"_monsterinsights_skip_tracking":false,"_monsterinsights_sitenote_active":false,"_monsterinsights_sitenote_note":"","_monsterinsights_sitenote_category":0,"_uf_show_specific_survey":0,"_uf_disable_surveys":false,"episode_type":"","audio_file":"","cover_image":"","cover_image_id":"","duration":"","filesize":"","date_recorded":"","explicit":"","block":"","filesize_raw":"","footnotes":""},"categories":[244],"tags":[3464,5529,5528],"series":[],"class_list":["post-28391","post","type-post","status-publish","format-standard","has-post-thumbnail","hentry","category-canal-de-arquitectura","tag-el-confidencial","tag-elena-alfaro","tag-maria-zuil"],"aioseo_notices":[],"episode_featured_image":"https:\/\/stepienybarno.es\/blog\/wp-content\/uploads\/2017\/06\/stepienybarno-stepien-y-barno-arquitectura-EL-CONFIDENCIAL-.jpg","episode_player_image":"https:\/\/stepienybarno.es\/blog\/wp-content\/uploads\/2020\/11\/stepienybarno-podcast-scaled.jpg","download_link":"","player_link":"","audio_player":false,"episode_data":{"playerMode":"dark","subscribeUrls":[],"rssFeedUrl":"https:\/\/stepienybarno.es\/blog\/feed\/podcast\/podcast-de-stepienybarno","embedCode":"<blockquote class=\"wp-embedded-content\" data-secret=\"EGq47YP7tO\"><a href=\"https:\/\/stepienybarno.es\/blog\/2017\/06\/30\/elena-alfaro-la-mujer-que-ha-logrado-que-los-libros-de-texto-sean-gratis-en-madrid\/\">ELENA ALFARO: LA MUJER QUE HA LOGRADO QUE LOS LIBROS DE TEXTO SEAN GRATIS EN MADRID<\/a><\/blockquote><iframe sandbox=\"allow-scripts\" security=\"restricted\" src=\"https:\/\/stepienybarno.es\/blog\/2017\/06\/30\/elena-alfaro-la-mujer-que-ha-logrado-que-los-libros-de-texto-sean-gratis-en-madrid\/embed\/#?secret=EGq47YP7tO\" width=\"500\" height=\"350\" title=\"\u00abELENA ALFARO: LA MUJER QUE HA LOGRADO QUE LOS LIBROS DE TEXTO SEAN GRATIS EN MADRID\u00bb \u2014 Blog de STEPIEN Y BARNO - publicaci\u00f3n digital sobre arquitectura\" data-secret=\"EGq47YP7tO\" frameborder=\"0\" marginwidth=\"0\" marginheight=\"0\" scrolling=\"no\" class=\"wp-embedded-content\"><\/iframe><script type=\"text\/javascript\">\n\/* <![CDATA[ *\/\n\/*! This file is auto-generated *\/\n!function(d,l){\"use strict\";l.querySelector&&d.addEventListener&&\"undefined\"!=typeof URL&&(d.wp=d.wp||{},d.wp.receiveEmbedMessage||(d.wp.receiveEmbedMessage=function(e){var t=e.data;if((t||t.secret||t.message||t.value)&&!\/[^a-zA-Z0-9]\/.test(t.secret)){for(var s,r,n,a=l.querySelectorAll('iframe[data-secret=\"'+t.secret+'\"]'),o=l.querySelectorAll('blockquote[data-secret=\"'+t.secret+'\"]'),c=new RegExp(\"^https?:$\",\"i\"),i=0;i<o.length;i++)o[i].style.display=\"none\";for(i=0;i<a.length;i++)s=a[i],e.source===s.contentWindow&&(s.removeAttribute(\"style\"),\"height\"===t.message?(1e3<(r=parseInt(t.value,10))?r=1e3:~~r<200&&(r=200),s.height=r):\"link\"===t.message&&(r=new URL(s.getAttribute(\"src\")),n=new URL(t.value),c.test(n.protocol))&&n.host===r.host&&l.activeElement===s&&(d.top.location.href=t.value))}},d.addEventListener(\"message\",d.wp.receiveEmbedMessage,!1),l.addEventListener(\"DOMContentLoaded\",function(){for(var e,t,s=l.querySelectorAll(\"iframe.wp-embedded-content\"),r=0;r<s.length;r++)(t=(e=s[r]).getAttribute(\"data-secret\"))||(t=Math.random().toString(36).substring(2,12),e.src+=\"#?secret=\"+t,e.setAttribute(\"data-secret\",t)),e.contentWindow.postMessage({message:\"ready\",secret:t},\"*\")},!1)))}(window,document);\n\/* ]]> *\/\n<\/script>\n"},"_links":{"self":[{"href":"https:\/\/stepienybarno.es\/blog\/wp-json\/wp\/v2\/posts\/28391"}],"collection":[{"href":"https:\/\/stepienybarno.es\/blog\/wp-json\/wp\/v2\/posts"}],"about":[{"href":"https:\/\/stepienybarno.es\/blog\/wp-json\/wp\/v2\/types\/post"}],"author":[{"embeddable":true,"href":"https:\/\/stepienybarno.es\/blog\/wp-json\/wp\/v2\/users\/9"}],"replies":[{"embeddable":true,"href":"https:\/\/stepienybarno.es\/blog\/wp-json\/wp\/v2\/comments?post=28391"}],"version-history":[{"count":1,"href":"https:\/\/stepienybarno.es\/blog\/wp-json\/wp\/v2\/posts\/28391\/revisions"}],"predecessor-version":[{"id":28393,"href":"https:\/\/stepienybarno.es\/blog\/wp-json\/wp\/v2\/posts\/28391\/revisions\/28393"}],"wp:featuredmedia":[{"embeddable":true,"href":"https:\/\/stepienybarno.es\/blog\/wp-json\/wp\/v2\/media\/28392"}],"wp:attachment":[{"href":"https:\/\/stepienybarno.es\/blog\/wp-json\/wp\/v2\/media?parent=28391"}],"wp:term":[{"taxonomy":"category","embeddable":true,"href":"https:\/\/stepienybarno.es\/blog\/wp-json\/wp\/v2\/categories?post=28391"},{"taxonomy":"post_tag","embeddable":true,"href":"https:\/\/stepienybarno.es\/blog\/wp-json\/wp\/v2\/tags?post=28391"},{"taxonomy":"series","embeddable":true,"href":"https:\/\/stepienybarno.es\/blog\/wp-json\/wp\/v2\/series?post=28391"}],"curies":[{"name":"wp","href":"https:\/\/api.w.org\/{rel}","templated":true}]}}