{"id":28394,"date":"2017-07-03T09:21:49","date_gmt":"2017-07-03T07:21:49","guid":{"rendered":"https:\/\/www.stepienybarno.es\/blog\/?p=28394"},"modified":"2017-07-02T22:31:42","modified_gmt":"2017-07-02T20:31:42","slug":"como-seria-una-ciudad-disenada-por-los-ciegos","status":"publish","type":"post","link":"https:\/\/stepienybarno.es\/blog\/2017\/07\/03\/como-seria-una-ciudad-disenada-por-los-ciegos\/","title":{"rendered":"C\u00d3MO SER\u00cdA UNA CIUDAD DISE\u00d1ADA POR LOS CIEGOS"},"content":{"rendered":"<div id=\"attachment_28395\" style=\"width: 510px\" class=\"wp-caption aligncenter\"><img loading=\"lazy\" decoding=\"async\" aria-describedby=\"caption-attachment-28395\" class=\"wp-image-28395 size-full\" src=\"https:\/\/stepienybarno.es\/blog\/wp-content\/uploads\/2017\/07\/stepienybarno-stepien-y-barno-arquitectura-blog-ovacen.jpg\" alt=\"stepienybarno-stepien-y-barno-arquitectura-blog-ovacen\" width=\"500\" height=\"228\" srcset=\"https:\/\/stepienybarno.es\/blog\/wp-content\/uploads\/2017\/07\/stepienybarno-stepien-y-barno-arquitectura-blog-ovacen.jpg 500w, https:\/\/stepienybarno.es\/blog\/wp-content\/uploads\/2017\/07\/stepienybarno-stepien-y-barno-arquitectura-blog-ovacen-180x82.jpg 180w, https:\/\/stepienybarno.es\/blog\/wp-content\/uploads\/2017\/07\/stepienybarno-stepien-y-barno-arquitectura-blog-ovacen-316x144.jpg 316w\" sizes=\"(max-width: 500px) 100vw, 500px\" \/><p id=\"caption-attachment-28395\" class=\"wp-caption-text\">Fuente imagen: arch4blind.com<\/p><\/div>\n<p><strong>Por\u00a0<a href=\"https:\/\/ovacen.com\/\" target=\"_blank\">Ovacen<\/a><\/strong><\/p>\n<p><!--more--><\/p>\n<p style=\"text-align: justify;\">\u201cUno de los mayores placeres del\u00a0<strong>urbanismo\u00a0<\/strong>es que siempre existe alg\u00fan profesional del sector; arquitectos, urbanistas, dise\u00f1adores\u2026etc\u00a0que rompen con los esquemas tradicionales y la forma de entender un espacio. Que sorprenden con sus ideas innovadoras y que, en muchos aspectos, merecen un locuaz aplauso.<\/p>\n<p style=\"text-align: justify;\">Esta es la historia de Chris Downey (Oakland \u2013 California). Un\u00a0<strong>arquitecto que tras un desafortunado accidente se quedo ciego en el a\u00f1o 2008<\/strong>, teniendo que replantearse la forma de entender la vida y su gran pasi\u00f3n, la arquitectura, descubriendo que con mucho esfuerzo y perseverancia, ha logrado transformar su discapacidad en un Don.<\/p>\n<p style=\"text-align: justify;\"><em><strong>Comenta Downey\u2026\u201cAntes de que perdiera la vista me enfocaba m\u00e1s en c\u00f3mo se ve\u00eda un espacio, ahora pienso en c\u00f3mo se sienten las texturas de los materiales, las temperaturas y la ac\u00fastica. Intento dise\u00f1ar con m\u00e1s sentidos\u201d.<\/strong><\/em><\/p>\n<p style=\"text-align: justify;\">Con esta premisa y desde \u00a0una conferencia del Canal TED propone la redefinici\u00f3n de las ciudades y el urbanismo desde un puntos de vista distinto, un\u00a0<strong>urbanismo plasmado por los sentidos donde aspectos necesarios para la accesibilidad de las personas ciegas\u00a0puede beneficiar al resto de la poblaci\u00f3n de forma contundente<\/strong> (\u2026)\u201d<\/p>\n<h1><\/h1>\n<h2><\/h2>\n<p style=\"text-align: center;\"><strong>Accede al art\u00edculo,\u00a0<a href=\"https:\/\/ovacen.com\/como-seria-una-ciudad-disenada-por-los-ciegos\/\" target=\"_blank\">AQU\u00cd<\/a><\/strong><\/p>\n<p><strong>\u00a0<\/strong><\/p>\n<p><strong>\u00a0<\/strong><\/p>\n<p>&nbsp;<\/p>\n<p><span style=\"color: #999999;\"><em>Noticia seleccionada por el Canal de arquitectura STEPIENYBARNO.\u00a0<\/em><\/span><\/p>\n<p><a href=\"https:\/\/twitter.com\/stepienybarno\"><em>STEPIENYBARNO EN TWITTER _ @stepienybarno<\/em><\/a><\/p>\n<p><a href=\"http:\/\/www.linkedin.com\/company\/stepienybarno\"><em>STEPIENYBARNO EN LINKEDIN<\/em><\/a><\/p>\n<p><a href=\"https:\/\/www.facebook.com\/StepienybarnoCANAL\"><em>STEPIENYBARNO EN FACEBOOK<\/em><\/a><\/p>\n<p><span style=\"color: #999999;\"><em>*Stepienybarno est\u00e1 formado por Agnieszka Stepien y Lorenzo Barn\u00f3 y desde mayo del 2009 estamos en la red con\u00a0 la presente publicaci\u00f3n digital (Blog) de arquitectura.<\/em><\/span><\/p>\n<p><span style=\"color: #999999;\"><em>Nuestra actividad se sustenta en tres pilares b\u00e1sicos: la investigaci\u00f3n, la publicaci\u00f3n (comunicaci\u00f3n y difusi\u00f3n) y la redacci\u00f3n de proyectos de arquitectura.<\/em><\/span><\/p>\n<p><span style=\"color: #999999;\"><em>A su vez, somos socios cofundadores de<\/em><\/span><em>\u00a0<\/em><a href=\"http:\/\/sinergiasostenible.org\/\"><em>SINERGIA SOSTENIBLE<\/em><\/a><span style=\"color: #999999;\"><em>, redactores de<\/em><\/span><em>\u00a0<\/em><a href=\"http:\/\/www.laciudadviva.org\/blogs\/?author=45\"><em>LA CIUDAD VIVA<\/em><\/a><em>\u00a0<\/em><span style=\"color: #999999;\"><em>y directores del blog de<\/em><\/span><em>\u00a0<\/em><a href=\"http:\/\/blogfundacion.arquia.es\/\"><em>FUNDACI\u00d3N ARQUIA<\/em><\/a><span style=\"color: #999999;\"><em>.<\/em><\/span><\/p>\n<p><span style=\"color: #999999;\"><em>* Los editores de esta publicaci\u00f3n digital no nos hacemos cargo de de los comentarios y\u00a0 conceptos vertidos en los textos firmados por otras personas, siendo \u00e9stos de responsabilidad exclusiva de sus autores.<\/em><\/span><\/p>\n<p><span style=\"color: #999999;\"><em>* Tu comentario podr\u00e1 ser moderado, por lo tanto, aunque aparezca inmediatamente al ser publicado en la entrada, los editores de esta publicaci\u00f3n digital nos reservamos el derecho tanto de editarlo (si fuera necesario, para hacerlo m\u00e1s legible) como de eliminarlo en el caso de que se usen expresiones incorrectas (descalificaciones, palabras malsonantes\u2026). A su vez, si quieres comentar desde el anonimato puedes hacerlo, aunque, nosotros personalmente, agradecemos que tod@s nos podamos identificar.<\/em><\/span><\/p>\n","protected":false},"excerpt":{"rendered":"<p>Por\u00a0Ovacen<\/p>\n","protected":false},"author":9,"featured_media":28395,"comment_status":"open","ping_status":"closed","sticky":false,"template":"","format":"standard","meta":{"om_disable_all_campaigns":false,"_monsterinsights_skip_tracking":false,"_monsterinsights_sitenote_active":false,"_monsterinsights_sitenote_note":"","_monsterinsights_sitenote_category":0,"_uf_show_specific_survey":0,"_uf_disable_surveys":false,"episode_type":"","audio_file":"","cover_image":"","cover_image_id":"","duration":"","filesize":"","date_recorded":"","explicit":"","block":"","filesize_raw":"","footnotes":""},"categories":[244],"tags":[3791],"series":[],"class_list":["post-28394","post","type-post","status-publish","format-standard","has-post-thumbnail","hentry","category-canal-de-arquitectura","tag-ovacen"],"aioseo_notices":[],"episode_featured_image":"https:\/\/stepienybarno.es\/blog\/wp-content\/uploads\/2017\/07\/stepienybarno-stepien-y-barno-arquitectura-blog-ovacen.jpg","episode_player_image":"https:\/\/stepienybarno.es\/blog\/wp-content\/uploads\/2020\/11\/stepienybarno-podcast-scaled.jpg","download_link":"","player_link":"","audio_player":false,"episode_data":{"playerMode":"dark","subscribeUrls":[],"rssFeedUrl":"https:\/\/stepienybarno.es\/blog\/feed\/podcast\/podcast-de-stepienybarno","embedCode":"<blockquote class=\"wp-embedded-content\" data-secret=\"RK3DyJoUG9\"><a href=\"https:\/\/stepienybarno.es\/blog\/2017\/07\/03\/como-seria-una-ciudad-disenada-por-los-ciegos\/\">C\u00d3MO SER\u00cdA UNA CIUDAD DISE\u00d1ADA POR LOS CIEGOS<\/a><\/blockquote><iframe sandbox=\"allow-scripts\" security=\"restricted\" src=\"https:\/\/stepienybarno.es\/blog\/2017\/07\/03\/como-seria-una-ciudad-disenada-por-los-ciegos\/embed\/#?secret=RK3DyJoUG9\" width=\"500\" height=\"350\" title=\"\u00abC\u00d3MO SER\u00cdA UNA CIUDAD DISE\u00d1ADA POR LOS CIEGOS\u00bb \u2014 Blog de STEPIEN Y BARNO - publicaci\u00f3n digital sobre arquitectura\" data-secret=\"RK3DyJoUG9\" frameborder=\"0\" marginwidth=\"0\" marginheight=\"0\" scrolling=\"no\" class=\"wp-embedded-content\"><\/iframe><script type=\"text\/javascript\">\n\/* <![CDATA[ *\/\n\/*! This file is auto-generated *\/\n!function(d,l){\"use strict\";l.querySelector&&d.addEventListener&&\"undefined\"!=typeof URL&&(d.wp=d.wp||{},d.wp.receiveEmbedMessage||(d.wp.receiveEmbedMessage=function(e){var t=e.data;if((t||t.secret||t.message||t.value)&&!\/[^a-zA-Z0-9]\/.test(t.secret)){for(var s,r,n,a=l.querySelectorAll('iframe[data-secret=\"'+t.secret+'\"]'),o=l.querySelectorAll('blockquote[data-secret=\"'+t.secret+'\"]'),c=new RegExp(\"^https?:$\",\"i\"),i=0;i<o.length;i++)o[i].style.display=\"none\";for(i=0;i<a.length;i++)s=a[i],e.source===s.contentWindow&&(s.removeAttribute(\"style\"),\"height\"===t.message?(1e3<(r=parseInt(t.value,10))?r=1e3:~~r<200&&(r=200),s.height=r):\"link\"===t.message&&(r=new URL(s.getAttribute(\"src\")),n=new URL(t.value),c.test(n.protocol))&&n.host===r.host&&l.activeElement===s&&(d.top.location.href=t.value))}},d.addEventListener(\"message\",d.wp.receiveEmbedMessage,!1),l.addEventListener(\"DOMContentLoaded\",function(){for(var e,t,s=l.querySelectorAll(\"iframe.wp-embedded-content\"),r=0;r<s.length;r++)(t=(e=s[r]).getAttribute(\"data-secret\"))||(t=Math.random().toString(36).substring(2,12),e.src+=\"#?secret=\"+t,e.setAttribute(\"data-secret\",t)),e.contentWindow.postMessage({message:\"ready\",secret:t},\"*\")},!1)))}(window,document);\n\/* ]]> *\/\n<\/script>\n"},"_links":{"self":[{"href":"https:\/\/stepienybarno.es\/blog\/wp-json\/wp\/v2\/posts\/28394"}],"collection":[{"href":"https:\/\/stepienybarno.es\/blog\/wp-json\/wp\/v2\/posts"}],"about":[{"href":"https:\/\/stepienybarno.es\/blog\/wp-json\/wp\/v2\/types\/post"}],"author":[{"embeddable":true,"href":"https:\/\/stepienybarno.es\/blog\/wp-json\/wp\/v2\/users\/9"}],"replies":[{"embeddable":true,"href":"https:\/\/stepienybarno.es\/blog\/wp-json\/wp\/v2\/comments?post=28394"}],"version-history":[{"count":1,"href":"https:\/\/stepienybarno.es\/blog\/wp-json\/wp\/v2\/posts\/28394\/revisions"}],"predecessor-version":[{"id":28396,"href":"https:\/\/stepienybarno.es\/blog\/wp-json\/wp\/v2\/posts\/28394\/revisions\/28396"}],"wp:featuredmedia":[{"embeddable":true,"href":"https:\/\/stepienybarno.es\/blog\/wp-json\/wp\/v2\/media\/28395"}],"wp:attachment":[{"href":"https:\/\/stepienybarno.es\/blog\/wp-json\/wp\/v2\/media?parent=28394"}],"wp:term":[{"taxonomy":"category","embeddable":true,"href":"https:\/\/stepienybarno.es\/blog\/wp-json\/wp\/v2\/categories?post=28394"},{"taxonomy":"post_tag","embeddable":true,"href":"https:\/\/stepienybarno.es\/blog\/wp-json\/wp\/v2\/tags?post=28394"},{"taxonomy":"series","embeddable":true,"href":"https:\/\/stepienybarno.es\/blog\/wp-json\/wp\/v2\/series?post=28394"}],"curies":[{"name":"wp","href":"https:\/\/api.w.org\/{rel}","templated":true}]}}