{"id":28542,"date":"2022-04-14T10:00:22","date_gmt":"2022-04-14T08:00:22","guid":{"rendered":"https:\/\/www.stepienybarno.es\/blog\/?p=28542"},"modified":"2023-12-08T10:06:37","modified_gmt":"2023-12-08T08:06:37","slug":"proyectos-de-identidad-digital-por-stepienybarno","status":"publish","type":"post","link":"https:\/\/stepienybarno.es\/blog\/2022\/04\/14\/proyectos-de-identidad-digital-por-stepienybarno\/","title":{"rendered":"PROYECTOS DE IDENTIDAD DIGITAL para ESTUDIOS DE ARQUITECTURA"},"content":{"rendered":"<p style=\"text-align: center;\"><img loading=\"lazy\" decoding=\"async\" class=\"alignnone size-full wp-image-28543\" src=\"https:\/\/stepienybarno.es\/blog\/wp-content\/uploads\/2017\/07\/0.-PROYECTOS-DE-IDENTIDAD-DIGITAL-arquitectos-STEPIENYBARNO.png\" alt=\"0. PROYECTOS DE IDENTIDAD DIGITAL - arquitectos - STEPIENYBARNO\" width=\"650\" height=\"487\" srcset=\"https:\/\/stepienybarno.es\/blog\/wp-content\/uploads\/2017\/07\/0.-PROYECTOS-DE-IDENTIDAD-DIGITAL-arquitectos-STEPIENYBARNO.png 650w, https:\/\/stepienybarno.es\/blog\/wp-content\/uploads\/2017\/07\/0.-PROYECTOS-DE-IDENTIDAD-DIGITAL-arquitectos-STEPIENYBARNO-180x135.png 180w, https:\/\/stepienybarno.es\/blog\/wp-content\/uploads\/2017\/07\/0.-PROYECTOS-DE-IDENTIDAD-DIGITAL-arquitectos-STEPIENYBARNO-550x412.png 550w, https:\/\/stepienybarno.es\/blog\/wp-content\/uploads\/2017\/07\/0.-PROYECTOS-DE-IDENTIDAD-DIGITAL-arquitectos-STEPIENYBARNO-316x237.png 316w\" sizes=\"(max-width: 650px) 100vw, 650px\" \/><\/p>\n<p style=\"text-align: left;\">\u00bfTienes un e<strong>studio de arquitectura<\/strong> y no has afinado con la<strong> estrategia digital<\/strong>? \u00bfDemasiado tiempo en las <strong>redes<\/strong> con pocos resultados? Si este es tu caso, quiz\u00e1s no nosotros te podamos ayudar. Llevamos muchos a\u00f1os ayudando a mejorar la presencia digital de arquitectos y\u00a0 podemos estudiar tu caso.<\/p>\n<p>Estar en las<strong> redes sociales<\/strong> no es una opci\u00f3n. Si no est\u00e1s,\u00a0 directamente, tienes menos posiblidades laborales. Si est\u00e1s, pero no est\u00e1s bien, no llegar\u00e1s a futuros clientes. Incluso si est\u00e1s y est\u00e1s bien, aun hay mucho por hacer. Las redes sociles son tan s\u00f3lo una pata de un proyecto de IDENTIDAD DIGITAL profesional.<\/p>\n<p style=\"text-align: left;\">Por eso, cada vez estamos m\u00e1s convencidos de las bondades de tener un buen<strong> Proyecto de Identidad Digital\u00a0 (PID)<\/strong> y, sobre todo ello, va el post de hoy.<\/p>\n<p style=\"text-align: left;\">\u00a1A ver qu\u00e9 os parece!<\/p>\n<p><!--more--><\/p>\n<p style=\"text-align: center;\">&#8230;<\/p>\n<p>Los tiempos de la comunicaci\u00f3n online no tienen mucho que ver con lo que fueron hace 15 a\u00f1os con el nacimiento de este mismo blog. Hoy todo es mucho <strong>m\u00e1s r\u00e1pido<\/strong> y lo que nos fuciona ahora, <strong>no<\/strong> nos funcionar\u00e1 dentro de un a\u00f1o.<\/p>\n<p>Ha llegado la<strong> IA,<\/strong> que abre miles de posibilidades y los algoritmos cada vez son m\u00e1s caprichos. Tener miles de seguidores en la red ni siquera te asegura un alcance m\u00ednimo.<\/p>\n<p>Todo va como un cohete; pero tambi\u00e9n es cierto que las reglas del juego de comceptos como <strong>marca o ventas<\/strong> no son tan diferentes. Con todo ello, tenemos que ponernos las pilas si queremos tener una presencia en la red que tenga cierta visibilidad.<\/p>\n<p style=\"text-align: center;\">&#8230;<\/p>\n<h6 style=\"text-align: center;\">El texto que ver\u00e1s publicado a continuaci\u00f3n es un extracto del art\u00edculo completo.<\/h6>\n<h5 style=\"text-align: center;\"><a href=\"http:\/\/cursos.stepienybarno.es\/wp-content\/uploads\/2023\/12\/PROYECTOS-DE-IDENTIDAD-DIGITAL-para-ESTUDIOS-DE-ARQUITECTURA-STEPIENYBARNO-ARQUITECTOS-2023.pdf\" target=\"_blank\" rel=\"noopener\">Puedes acceder a su mayor parte en este EBOOK: Proyectos de Identidad Digital para arquitectos.<\/a><\/h5>\n<h4 style=\"text-align: center;\"><a href=\"https:\/\/cursoidentidaddigital.stepienybarno.es\/\" target=\"_blank\" rel=\"noopener\">Art\u00edculo completo y mucho m\u00e1s en nuestro curso Identidad Digital para arquitectos<\/a><\/h4>\n<p style=\"text-align: center;\">&#8230;<\/p>\n<p><iframe loading=\"lazy\" title=\"MasterClass de Identidad Digital para arquitectos \/ Por Stepienybarno\" width=\"911\" height=\"512\" src=\"https:\/\/www.youtube.com\/embed\/dH7QXWQ8xWc?start=49&#038;feature=oembed\" frameborder=\"0\" allow=\"accelerometer; autoplay; clipboard-write; encrypted-media; gyroscope; picture-in-picture; web-share\" allowfullscreen><\/iframe><\/p>\n<p>&nbsp;<\/p>\n<p>Mucho hemos hablando en este blog de Identidad Digital, pero conviene insistir en la importancia de que sea algo terrenal y que lo puedas aplicar en primera persona lo antes posible.<\/p>\n<p>Como siempre te insistimos, es prioritario que consolidedes tu<strong> web-blog<\/strong> y adem\u00e1s est\u00e9s con la mayor presencia posible en las redes. En este a\u00f1o, estar en <strong>Instagram<\/strong> es fundamental. Podemos tener mucho impacto sin pasar por taquilla. En<strong> Facebook<\/strong> esto ya es m\u00e1s complicado. Mientras tanto<strong> Twitter<\/strong> (ahora X) sigue siendo una red social muy \u00fatil, pero que cuesta mucho hacerse un hueco.<\/p>\n<p>A todo esto hay que sumar el mundo audio-visual que ha llegado para quedarse y que conviene sacarle partido tanto desde el perfil de Instagram como desde el canal de<strong> youtube.<\/strong><\/p>\n<p style=\"text-align: center;\">&#8230;<\/p>\n<h4 style=\"text-align: center;\">Si necesitas un asesoramiento personalizado <a href=\"https:\/\/stepienybarno.es\/blog\/asesoramientos-de-identidad-digital-para-estudios-de-arquitectura\/\" target=\"_blank\" rel=\"noopener\">echa un ojo a este post<\/a> y, si te cuadra, vamos con ello.<\/h4>\n<p style=\"text-align: center;\">&#8230;<\/p>\n<p><iframe loading=\"lazy\" title=\"\u00bfNecesitas un Proyectos de Identidad Digital para tu estudio de arquitectura?\" width=\"911\" height=\"512\" src=\"https:\/\/www.youtube.com\/embed\/f_hwWKh64Ig?feature=oembed\" frameborder=\"0\" allow=\"accelerometer; autoplay; clipboard-write; encrypted-media; gyroscope; picture-in-picture; web-share\" allowfullscreen><\/iframe><\/p>\n<p>Tanto en nuestros cursos como en los Proyectos de Identidad Digital que realizamos, de forma individualizada y personalizada, nos gusta incorporar una visi\u00f3n\u00a0panor\u00e1mica del mundo de la Identidad Digital.<\/p>\n<p>Mucha gente se obsesionan en estar a tope en una red social o en hacer una web muy vistosa, pero que s\u00f3lo interesa a otros arquitectos. Estar en la red hoy no va de publicar como loco en Instagram, va de tener una estrategia empresarial correcta y saber c\u00f3mo traducirla en un entorno digital.<\/p>\n<h1><span style=\"color: #333333;\"><strong>1 BUSCANDO LA VISIBLIDAD<\/strong><\/span><\/h1>\n<p><span style=\"font-weight: 400;\">Lo primero que nos gustar\u00eda recalcar es que es muy complicado tener una buena identidad digital si no se tiene bien clara cu\u00e1l es tu identidad fuera de la red.<\/span><\/p>\n<p><span style=\"font-weight: 400;\">De hecho, el peor de los pecados es mostrar en la red algo que, en realidad, tiene muy poco que ver contigo. As\u00ed, no resultamos cre\u00edbles y, por tanto, ser\u00e1 imposible <\/span><b>generar confianza.<\/b><\/p>\n<h2>1.1 Fortalezas<\/h2>\n<p><span style=\"font-weight: 400;\">Igualmente importante es poder hacer un balance entre lo <\/span><b>personal y lo profesional;<\/b><span style=\"font-weight: 400;\"> es decir, si s\u00f3lo hablamos de temas laborales en s\u00ed mismos, nos estaremos dejando una parte fundamental de la informaci\u00f3n fuera de juego.<\/span><\/p>\n<p><span style=\"font-weight: 400;\">Por eso, aunque al principio es complicado, vale la pena pararse con temas de \u00edndole m\u00e1s <\/span><b>personal<\/b><span style=\"font-weight: 400;\">, como <\/span><b>qui\u00e9n soy<\/b><span style=\"font-weight: 400;\"> o qui\u00e9n me gustar\u00eda ser; que hay de m\u00ed que me gusta y quiero que sea <\/span><b>la bandera de mi Identidad Digital<\/b><span style=\"font-weight: 400;\"> y que hay de m\u00ed que me gustar\u00eda mejorar y que, de momento, es mejor que quede en un plano m\u00e1s discreto.<\/span><\/p>\n<p><span style=\"font-weight: 400;\">Si s\u00f3lo nos centramos en decir lo que hemos hecho a nivel profesional, seremos uno m\u00e1s sacando pecho, sin nada que, realmente, nos diferencie.<\/span><\/p>\n<p><span style=\"font-weight: 400;\">Es decir, conviene tener bien claro cu\u00e1les son <\/span><b>nuestras fortalezas<\/b><span style=\"font-weight: 400;\"> y cu\u00e1les son <\/span><b>nuestras debilidades<\/b><span style=\"font-weight: 400;\"> o \u00e1reas de mejora.<\/span><\/p>\n<p><span style=\"font-weight: 400;\">Esta etapa de <\/span><b>autoconocimiento<\/b><span style=\"font-weight: 400;\"> o de pararnos a poner palabras a lo que ya sabemos de nosotros mismos es fundamental para poder echar los cimientos del futuro edificio de identidad digital.<\/span><\/p>\n<p style=\"text-align: center;\"><img loading=\"lazy\" decoding=\"async\" class=\"alignnone size-full wp-image-28544\" src=\"https:\/\/stepienybarno.es\/blog\/wp-content\/uploads\/2017\/07\/1-stepienybarno-identidad-digital-delfos-Con\u00f3cete-a-ti-mismo-delfos.jpg\" alt=\"1 -stepienybarno - identidad digital - delfos -Con\u00f3cete a ti mismo delfos\" width=\"650\" height=\"382\" srcset=\"https:\/\/stepienybarno.es\/blog\/wp-content\/uploads\/2017\/07\/1-stepienybarno-identidad-digital-delfos-Con\u00f3cete-a-ti-mismo-delfos.jpg 650w, https:\/\/stepienybarno.es\/blog\/wp-content\/uploads\/2017\/07\/1-stepienybarno-identidad-digital-delfos-Con\u00f3cete-a-ti-mismo-delfos-180x106.jpg 180w, https:\/\/stepienybarno.es\/blog\/wp-content\/uploads\/2017\/07\/1-stepienybarno-identidad-digital-delfos-Con\u00f3cete-a-ti-mismo-delfos-550x323.jpg 550w, https:\/\/stepienybarno.es\/blog\/wp-content\/uploads\/2017\/07\/1-stepienybarno-identidad-digital-delfos-Con\u00f3cete-a-ti-mismo-delfos-316x186.jpg 316w\" sizes=\"(max-width: 650px) 100vw, 650px\" \/><\/p>\n<p>&nbsp;<\/p>\n<h2>1.2 Web + Blog<\/h2>\n<p>Por ello, es mucho mejor intentar<strong> alinear nuestra Identidad Digital anal\u00f3gica con la que mostramos en el entorno online<\/strong>. De esta forma, la sinergia de ambas ser\u00e1 nuestra verdadera identidad, siendo igual de verdadera una y otra. La anal\u00f3gica no es la real y la digital la virtual; ambas pueden tener el mismo peso y lo ideal es que vayan totalmente de la mano.<\/p>\n<p>En este sentido, la gran mayor\u00eda de los arquitectos, ni se plantean que lo que mostremos en la red pueda tener el mismo peso (o m\u00e1s) que lo mostremos fuera. Otros, los menos, s\u00ed que ven que esto puede tener sentido; pero, ven que no es sencillo de conseguir.<\/p>\n<h2>1.3 M\u00e1s sinergias<\/h2>\n<p>Por suerte, durante estos a\u00f1os hemos podido plantear estrategias de Identidad Digital a <strong>muy diversas escalas<\/strong>, desde organizar la Identidad Digital de un congreso, hasta peque\u00f1os asesoramientos a otros compa\u00f1eros sobre temas de Identidad Digital para arquitectos. Y es en esta escala m\u00e1s peque\u00f1ita donde ahora mismo m\u00e1s nos estamos moviendo m\u00e1s; estar <strong>codo con codo con otros arquitectos <\/strong>para que puedan mejorar su presencia en la red, es algo que nos llena de alegr\u00eda. La actual crisis ha dejado patas arriba al sector y son muchos los arquitectos con estudios de menos de tres personas los que intentan sobrevivir en este complejo\u00a0panorama y el desembarco en la red, para ellos, no es sencillo.<\/p>\n<p>De hecho, con la reducci\u00f3n de los encargos, los estudios han ido menguando hasta en muchas ocasiones ser uno mismo la propia oficina. En este caso, el <strong>tama\u00f1o s\u00ed importa<\/strong>; y la raz\u00f3n es bien sencilla: con la eclosi\u00f3n del mundo 2.0 y la importancia que van cogiendo temas empresariales, son tantas las actividades que hay que hacer para ser <strong>competitivo<\/strong>, m\u00e1s all\u00e1 de sacar los proyectos adelante, que si vas solo, directamente, es imposible.<\/p>\n<p><iframe loading=\"lazy\" title=\"\u00bfC\u00f3mo CONSEGUIR m\u00e1s CLIENTES siendo ARQUITECTO?\" width=\"911\" height=\"512\" src=\"https:\/\/www.youtube.com\/embed\/809rFflB95U?feature=oembed\" frameborder=\"0\" allow=\"accelerometer; autoplay; clipboard-write; encrypted-media; gyroscope; picture-in-picture; web-share\" allowfullscreen><\/iframe><\/p>\n<p>&nbsp;<\/p>\n<p style=\"text-align: center;\">&#8230;<\/p>\n<h4>Asesoramientos de Identidad Digital para Estudios de Arquitectura<\/h4>\n<blockquote class=\"wp-embedded-content\" data-secret=\"pPS7hwaiAE\"><p><a href=\"https:\/\/stepienybarno.es\/blog\/asesoramientos-de-identidad-digital-para-estudios-de-arquitectura\/\">Asesoramientos de Identidad Digital para Estudios de Arquitectura<\/a><\/p><\/blockquote>\n<p><iframe loading=\"lazy\" class=\"wp-embedded-content\" sandbox=\"allow-scripts\" security=\"restricted\" style=\"position: absolute; clip: rect(1px, 1px, 1px, 1px);\" title=\"\u00abAsesoramientos de Identidad Digital para Estudios de Arquitectura\u00bb \u2014 Blog de STEPIEN Y BARNO - publicaci\u00f3n digital sobre arquitectura\" src=\"https:\/\/stepienybarno.es\/blog\/asesoramientos-de-identidad-digital-para-estudios-de-arquitectura\/embed\/#?secret=UC9zxZV5eI#?secret=pPS7hwaiAE\" data-secret=\"pPS7hwaiAE\" width=\"600\" height=\"338\" frameborder=\"0\" marginwidth=\"0\" marginheight=\"0\" scrolling=\"no\"><\/iframe><\/p>\n<p style=\"text-align: center;\">&#8230;<\/p>\n<h1><span style=\"color: #333333;\"><strong>2 ENTORNO DIGITAL<\/strong><\/span><\/h1>\n<p>Entender que los nuevos tiempos han llegado para quedarse es un primer paso que parece que a los arquitectos nos cuesta un poco. Si miramos nuestras instituciones o nuestras universidades, salvo bonitas excepciones (<a href=\"https:\/\/www.urjc.es\/estudios\/grado\/633-fundamentos-de-la-arquitectura#itinerario-formativo\">ver temario de Fundamentos de la arquitectura de la URJC<\/a>), no son muchas las que se est\u00e9n poniendo las pilas en entender este <strong>cambio de paradigma<\/strong> y todo lo que ello implica a nivel de red.<\/p>\n<p>&nbsp;<\/p>\n<p style=\"text-align: center;\"><img loading=\"lazy\" decoding=\"async\" class=\"alignnone size-full wp-image-28545\" src=\"https:\/\/stepienybarno.es\/blog\/wp-content\/uploads\/2017\/07\/2.stepienybarno-identidad-digital.jpg\" alt=\"2.stepienybarno - identidad digital\" width=\"650\" height=\"338\" srcset=\"https:\/\/stepienybarno.es\/blog\/wp-content\/uploads\/2017\/07\/2.stepienybarno-identidad-digital.jpg 650w, https:\/\/stepienybarno.es\/blog\/wp-content\/uploads\/2017\/07\/2.stepienybarno-identidad-digital-180x94.jpg 180w, https:\/\/stepienybarno.es\/blog\/wp-content\/uploads\/2017\/07\/2.stepienybarno-identidad-digital-550x286.jpg 550w, https:\/\/stepienybarno.es\/blog\/wp-content\/uploads\/2017\/07\/2.stepienybarno-identidad-digital-316x164.jpg 316w\" sizes=\"(max-width: 650px) 100vw, 650px\" \/><\/p>\n<h2>2.1 Tiempos inciertos y fluidos.<\/h2>\n<p>Mientras tanto, el mundo, como ya adelantaba Bauman, es cada vez menos s\u00f3lido y vivimos tiempos en los que todo va muy r\u00e1pido (<a href=\"https:\/\/stepienybarno.es\/blog\/2017\/01\/17\/el-arquitecto-liquido\/\">ver m\u00e1s sobre el tema por aqu\u00ed<\/a>). En este sentido, <strong>la tecnolog\u00eda, para bien y para mal, ha hecho una incursi\u00f3n muy veloz en nuestras vidas y esto lo ha cambiado casi todo<\/strong>. Adem\u00e1s, los cambios son grandes y, en muchos casos, de un nivel estructural. No son peque\u00f1as variaciones, ahora usamos el v\u00eddeo Beta y luego viene el VHS; no, no, esto es una <strong>concentraci\u00f3n de cambios<\/strong> de tal volumen que cambia la forma de ver el mundo. Es m\u00e1s, ya se est\u00e1 viendo que incluso nuestra forma de pensar ha cambiado en muy pocos a\u00f1os. El \u201cproblema\u201d es que, en la mayor\u00eda de los casos, ni nos damos cuenta; pero, si echamos la mirada hacia el pasado, vemos que <strong>hace muy pocos a\u00f1os nuestras vidas eran bien distintas.<\/strong><\/p>\n<p><iframe loading=\"lazy\" title=\"\u00bfC\u00f3mo es tu Identidad Digital?\" width=\"911\" height=\"512\" src=\"https:\/\/www.youtube.com\/embed\/ZDX9N-bH_Rs?feature=oembed\" frameborder=\"0\" allow=\"accelerometer; autoplay; clipboard-write; encrypted-media; gyroscope; picture-in-picture; web-share\" allowfullscreen><\/iframe><\/p>\n<p>&nbsp;<\/p>\n<h2>2.2 Reputaci\u00f3n digital<\/h2>\n<p>En esta misma l\u00ednea de pensamiento Yoriento suele comentar que <strong>marca<\/strong> es el perfume que usas; <strong>reputaci\u00f3n<\/strong>, el olor que dejas<\/p>\n<p>As\u00ed es como nos gusta trabajar en Stepienybarno, teniendo en cuenta que esta imagen de la que venimos hablando se construye por la suma de muchos peque\u00f1os detalles -que en la red vienen a ser el <strong>rastro digital o huella digital-.<\/strong> Con ello, es bonito ver c\u00f3mo haciendo las cosas con <strong>tiempo y con confianza<\/strong>, acabamos siempre a terrenos f\u00e9rtiles y, sobre todo, que este tipo de <strong>colaboraciones <\/strong>est\u00e1n resultando muy satisfactorias tanto\u00a0para nosotros como para nuestros clientes (<a href=\"https:\/\/stepienybarno.es\/blog\/sobre-syb\/\">ver aqu\u00ed y aqu\u00ed algunas opiniones<\/a>).<\/p>\n<p>Sobre c\u00f3mo tener un <strong>blog<\/strong> visible y activo o una buena <strong>web<\/strong> ya os hemos hablando previamente (ver <a href=\"https:\/\/stepienybarno.es\/blog\/2013\/12\/22\/10-ideas-para-tener-un-buen-blog-de-arquitectura\/\">aqu\u00ed<\/a> y <a href=\"https:\/\/stepienybarno.es\/blog\/2016\/05\/27\/10-claves-para-un-diseno-web-de-un-estudio-de-arquitectura\/\">aqu\u00ed<\/a>) y, aunque en gran parte es cuesti\u00f3n de t\u00e9cnica, la <strong>constancia y perseverancia<\/strong> deber\u00e1n ser nuestros aliados m\u00e1s fieles.<\/p>\n<p><iframe loading=\"lazy\" title=\"\u00bfCu\u00e1nto cuesta una WEB de arquitecto o arquitecta? #EstudiodeArquitectura\" width=\"911\" height=\"512\" src=\"https:\/\/www.youtube.com\/embed\/JHMd6HAyEvc?feature=oembed\" frameborder=\"0\" allow=\"accelerometer; autoplay; clipboard-write; encrypted-media; gyroscope; picture-in-picture; web-share\" allowfullscreen><\/iframe><\/p>\n<h2>2.3 M\u00e1s confianza, mejores clientes.<\/h2>\n<p>El mundo digital nos abre un sinf\u00edn de posibilidad, siempre que entandamos que no podemos seguir haciendo lo de siempre. Necesitamos <strong>adaptarnos a lo que la red nos ofrece<\/strong>; a d\u00eda de hoy se puede hacer un <strong>podcast, cursos online <\/strong>o un <strong>infoproducto<\/strong> por muy bajo coste y con un resultado estupendo.<\/p>\n<p>A su vez, si por ejemplo, alguien sabe mucho de Eficiencia Energ\u00e9tica, ser\u00eda bueno que se plantease c\u00f3mo compartir ese conocimiento mediante <strong>cursos online.<\/strong> \u00a0Otra opci\u00f3n, como bien nos hablaba <strong>Igma Pacheco-Rivas <\/strong>hace unos d\u00edas en el <strong>grupo de facebook que moderamos y dinamizamos sobre de Identidad Digital<\/strong>, el mundo de los<strong> infoproductos<\/strong> ha llegado para quedarse y da mucho m\u00e1s juego del que se pudiera pensar en un primer momento (ver facebook live aqu\u00ed: <a href=\"http:\/\/bit.ly\/2ukUrUq\">http:\/\/bit.ly\/2ukUrUq<\/a>).<\/p>\n<h1><span style=\"color: #333333;\"><strong>3 EL SECRETO DE UN BUEN PID (<\/strong>Proyectos de Identidad Digital)<strong>: TIEMPO<\/strong><\/span><\/h1>\n<p>Vivimos tiempos de v\u00e9rtigo y parece que si no te has enamorado de tu idea de negocio y la has lanzado a toda pastilla, est\u00e1s haciendo el canelo. <strong>Esto no va de ser el primero<\/strong>; lo importante es prepararse bien para salir a escena en el momento oportuno.<\/p>\n<h2>3.1 Elegimos ser tortuga y no liebre.<\/h2>\n<p><strong>Exactamente igual que cuando hacemos un proyecto de arquitectura, para que un proyecto de identidad digital llegue a buen puerto, hace falta tranquilidad y tiempo.<\/strong> Si nuestros clientes quieren un proyecto de arquitectura r\u00e1pido, tendr\u00e1n muchas opciones o de que la idea no este madura o de que luego la obra ponga con el culo al aire la parte t\u00e9cnica del proyecto. \u00a0Si esto es as\u00ed, malamente la arquitectura podr\u00e1 tener el lugar que se merece.<\/p>\n<p>Por ello, los arquitectos bien sabemos que el mejor aliado de la arquitectura es tener la calma suficiente para que todo tenga su lugar. As\u00ed, <strong>a la hora de definir nuestra Identidad Digital, tambi\u00e9n necesitaremos tiempo.<\/strong> Si no lo tenemos, nos limitaremos a apostar por los fuegos de artificio; y eso, a medio plazo, no nos llevar\u00e1 muy lejos. Para poder saber hacia d\u00f3nde queremos ir y c\u00f3mo queremos mostrarnos en el trayecto hace falta trabajar mucho.<\/p>\n<p>&nbsp;<\/p>\n<p style=\"text-align: center;\"><img loading=\"lazy\" decoding=\"async\" class=\"alignnone size-full wp-image-28546\" src=\"https:\/\/stepienybarno.es\/blog\/wp-content\/uploads\/2017\/07\/3-tiempo-stepienybarno-identidad-digital-cara-a-cara.png\" alt=\"3- tiempo - stepienybarno - identidad digital -cara a cara\" width=\"650\" height=\"562\" srcset=\"https:\/\/stepienybarno.es\/blog\/wp-content\/uploads\/2017\/07\/3-tiempo-stepienybarno-identidad-digital-cara-a-cara.png 650w, https:\/\/stepienybarno.es\/blog\/wp-content\/uploads\/2017\/07\/3-tiempo-stepienybarno-identidad-digital-cara-a-cara-180x156.png 180w, https:\/\/stepienybarno.es\/blog\/wp-content\/uploads\/2017\/07\/3-tiempo-stepienybarno-identidad-digital-cara-a-cara-550x476.png 550w, https:\/\/stepienybarno.es\/blog\/wp-content\/uploads\/2017\/07\/3-tiempo-stepienybarno-identidad-digital-cara-a-cara-316x273.png 316w\" sizes=\"(max-width: 650px) 100vw, 650px\" \/><\/p>\n<p>&nbsp;<\/p>\n<h2>3.2 Objetivos claros<\/h2>\n<p>Tambi\u00e9n, ser\u00eda bueno comentar que, a diferencia de otros tipos de asesoramiento nosotros trabajamos desde <strong>dos v\u00edas<\/strong>:<\/p>\n<p>1_ Mentoring o <strong>asesoramiento <\/strong><\/p>\n<p>2_ <strong>Facilitando<\/strong> que el proceso lo vaya descubriendo el propio cliente.<\/p>\n<p>As\u00ed, por un lado, ponemos encima de la mesa <strong>ciertos caminos a recorrer<\/strong> y, por otro, a modo de catalizadores, hacemos las preguntas pertinentes para <strong>que sea la persona que nos contrata quien, de alguna forma, vaya forjando su propia andadura.<\/strong><\/p>\n<h2>3.3 Estrategia empresarial<\/h2>\n<p>Con todo ello, se traza este <strong>plan estrat\u00e9gico<\/strong> que normalmente solemos traducir en el modelo de negocio,<strong> canvas<\/strong> <a href=\"https:\/\/stepienybarno.es\/blog\/2016\/09\/12\/el-canvas-como-modelos-de-negocio-para-arquitectos\/\">(ver aqu\u00ed).<\/a><\/p>\n<p>A su vez, como consecuencia de este trabajo, se suele hacer un <strong>plan de acci\u00f3n<\/strong> que define acciones o tareas concretas, tanto online como offline, que debemos realizar para ir en la direcci\u00f3n de los objetivos previamente definidos. De esta forma, muchas de las veces, diremos que no a proyectos o actividades que normalmente, por la inercia habitual, hubi\u00e9ramos dicho que s\u00ed, para <strong>no salirnos de nuestro foco.<\/strong><\/p>\n<p>Armar todo este proceso no es tarea sencilla y, muchas veces, viene bien que nos echen una mano. Ir en solitario puede ser m\u00e1s duro e ineficiente de lo que pueda parecer. De partida, ser\u00eda bueno constituir <strong>equipos de trabajo<\/strong> con compa\u00f1eros que puedan estar en situaciones parecidas o <strong>contar con la ayuda profesional.<\/strong><\/p>\n<h6 style=\"text-align: center;\">El texto que has le\u00eddo\u00a0 es un extracto del art\u00edculo completo.<\/h6>\n<h5 style=\"text-align: center;\"><a href=\"http:\/\/cursos.stepienybarno.es\/wp-content\/uploads\/2023\/12\/PROYECTOS-DE-IDENTIDAD-DIGITAL-para-ESTUDIOS-DE-ARQUITECTURA-STEPIENYBARNO-ARQUITECTOS-2023.pdf\" target=\"_blank\" rel=\"noopener\">Puedes acceder a su mayor parte en este EBOOK: Proyectos de Identidad Digital para arquitectos.<\/a><\/h5>\n<h4 style=\"text-align: center;\"><a href=\"https:\/\/cursoidentidaddigital.stepienybarno.es\/\" target=\"_blank\" rel=\"noopener\">Art\u00edculo completo y mucho m\u00e1s en nuestro curso Identidad Digital para arquitectos<\/a><\/h4>\n<p style=\"text-align: center;\">&#8230;<\/p>\n<p><iframe loading=\"lazy\" title=\"Curso de IDENTIDAD DIGITAL _ Reputaci\u00f3n online + Estrategia empresarial + Comunicaci\u00f3n\" width=\"911\" height=\"512\" src=\"https:\/\/www.youtube.com\/embed\/videoseries?list=PL9KCMehqFIagXCGj6tD09BprcXXUe8sSl\" frameborder=\"0\" allow=\"accelerometer; autoplay; clipboard-write; encrypted-media; gyroscope; picture-in-picture; web-share\" allowfullscreen><\/iframe><\/p>\n<blockquote>\n<h5>Algunos de los proyectos de Identidad Digital que hemos realizado:<\/h5>\n<p><a href=\"https:\/\/stepienybarno.es\/blog\/2015\/10\/21\/proyecto-de-identidad-digital-de-stepienybarno-para-pacho-camino\/\" target=\"_blank\" rel=\"noopener noreferrer\"><strong>PROYECTO DE IDENTIDAD DIGITAL DE STEPIENYBARNO PARA PACHO CAMINO<\/strong><\/a><\/p>\n<p><a href=\"https:\/\/stepienybarno.es\/blog\/2015\/01\/27\/proyecto-de-identidad-digital-de-stepienybarno-para-bonsai-arquitectos\/\" target=\"_blank\" rel=\"noopener noreferrer\"><strong>PROYECTO DE IDENTIDAD DIGITAL DE STEPIENYBARNO PARA BONSAI ARQUITECTOS.<\/strong><\/a><\/p>\n<p><a href=\"https:\/\/stepienybarno.es\/blog\/2017\/04\/04\/proyecto-de-identidad-digital-de-stepienybarno-para-asa-asociacion-sostenibilidad-y-arquitectura\/\" target=\"_blank\" rel=\"noopener noreferrer\"><strong>PROYECTO DE IDENTIDAD DIGITAL DE STEPIENYBARNO PARA ASA, Asociaci\u00f3n Sostenibilidad y Arquitectura<\/strong><\/a><\/p><\/blockquote>\n<h4 style=\"text-align: center;\"><span style=\"color: #0000ff;\">Autores del post: Stepienybarno <\/span><\/h4>\n<h4 style=\"text-align: center;\"><span style=\"color: #0000ff;\">Agnieszka Stepien y Lorenzo Barn\u00f3<\/span><\/h4>\n<p style=\"text-align: center;\">&#8230;<\/p>\n<blockquote>\n<pre style=\"text-align: center;\"><strong>Tambi\u00e9n te puede interesar:<\/strong><\/pre>\n<p style=\"text-align: center;\">PROYECTOS DE IDENTIDAD DIGITAL DE ARQUITECTURA<\/p>\n<p style=\"text-align: center;\"><a href=\"https:\/\/stepienybarno.es\/blog\/2012\/09\/30\/proyectos-de-identidad-digital-de-arquitectura\/\">https:\/\/stepienybarno.es\/blog\/2012\/09\/30\/proyectos-de-identidad-digital-de-arquitectura\/<\/a><\/p>\n<p style=\"text-align: center;\">\u00a0EL ARQUITECTO L\u00cdQUIDO<\/p>\n<p style=\"text-align: center;\"><a href=\"https:\/\/stepienybarno.es\/blog\/2017\/01\/17\/el-arquitecto-liquido\/\">https:\/\/stepienybarno.es\/blog\/2017\/01\/17\/el-arquitecto-liquido\/<\/a><\/p>\n<p style=\"text-align: center;\">10 IDEAS PARA TENER UN BUEN BLOG DE ARQUITECTURA.<\/p>\n<p style=\"text-align: center;\"><a href=\"https:\/\/stepienybarno.es\/blog\/2013\/12\/22\/10-ideas-para-tener-un-buen-blog-de-arquitectura\/\">https:\/\/stepienybarno.es\/blog\/2013\/12\/22\/10-ideas-para-tener-un-buen-blog-de-arquitectura\/<\/a><\/p>\n<p style=\"text-align: center;\">10 CLAVES PARA UN DISE\u00d1O WEB DE UN ESTUDIO DE ARQUITECTURA.<\/p>\n<p style=\"text-align: center;\"><a href=\"https:\/\/stepienybarno.es\/blog\/2016\/05\/27\/10-claves-para-un-diseno-web-de-un-estudio-de-arquitectura\/\">https:\/\/stepienybarno.es\/blog\/2016\/05\/27\/10-claves-para-un-diseno-web-de-un-estudio-de-arquitectura\/<\/a><\/p>\n<p class=\"blog\" style=\"text-align: center;\">MINI GU\u00cdA: 10 IDEAS PARA VENDER M\u00c1S SI ERES ARQUITECTO<\/p>\n<p class=\"blog\" style=\"text-align: center;\">\n<blockquote class=\"wp-embedded-content\" data-secret=\"hhsZrFSL2L\"><p><a href=\"https:\/\/stepienybarno.es\/blog\/2016\/11\/22\/mini-guia-10-ideas-para-vender-mas-si-eres-arquitecto\/\">MINI GU\u00cdA: 10 IDEAS PARA VENDER M\u00c1S SI ERES ARQUITECTO<\/a><\/p><\/blockquote>\n<p><iframe loading=\"lazy\" class=\"wp-embedded-content\" sandbox=\"allow-scripts\" security=\"restricted\" style=\"position: absolute; clip: rect(1px, 1px, 1px, 1px);\" title=\"\u00abMINI GU\u00cdA: 10 IDEAS PARA VENDER M\u00c1S SI ERES ARQUITECTO\u00bb \u2014 Blog de STEPIEN Y BARNO - publicaci\u00f3n digital sobre arquitectura\" src=\"https:\/\/stepienybarno.es\/blog\/2016\/11\/22\/mini-guia-10-ideas-para-vender-mas-si-eres-arquitecto\/embed\/#?secret=e6ARSLUQo8#?secret=hhsZrFSL2L\" data-secret=\"hhsZrFSL2L\" width=\"600\" height=\"338\" frameborder=\"0\" marginwidth=\"0\" marginheight=\"0\" scrolling=\"no\"><\/iframe><\/p>\n<\/blockquote>\n<p>&nbsp;<\/p>\n<p>&nbsp;<\/p>\n<p>&nbsp;<\/p>\n","protected":false},"excerpt":{"rendered":"<p>\u00bfTienes un estudio de arquitectura y no has afinado con<\/p>\n","protected":false},"author":2,"featured_media":53021,"comment_status":"open","ping_status":"closed","sticky":false,"template":"","format":"standard","meta":{"om_disable_all_campaigns":false,"_monsterinsights_skip_tracking":false,"_monsterinsights_sitenote_active":false,"_monsterinsights_sitenote_note":"","_monsterinsights_sitenote_category":0,"_uf_show_specific_survey":0,"_uf_disable_surveys":false,"episode_type":"audio","audio_file":"","cover_image":"","cover_image_id":"","duration":"","filesize":"","date_recorded":"","explicit":"","block":"","filesize_raw":"","footnotes":""},"categories":[8,22,2976],"tags":[5473,577,3794,3956,1907,4700,5549,1962,2791,1124,2131],"series":[],"class_list":["post-28542","post","type-post","status-publish","format-standard","has-post-thumbnail","hentry","category-identidad-digital","category-identidad-digital-syb","category-profesion-arquitecto","tag-carlos-montilla","tag-domenico-di-siena","tag-elena-de-frutos","tag-enrique-alario","tag-identidad-digital","tag-joan-vergara","tag-linda-castaneda","tag-proyectos-de-identidad-digital","tag-tomas-fernandez","tag-urbanohumano","tag-yoriento"],"aioseo_notices":[],"episode_featured_image":"https:\/\/stepienybarno.es\/blog\/wp-content\/uploads\/2022\/04\/200422-proyectos-de-identidad-digital.png","episode_player_image":"https:\/\/stepienybarno.es\/blog\/wp-content\/uploads\/2020\/11\/stepienybarno-podcast-scaled.jpg","download_link":"","player_link":"","audio_player":false,"episode_data":{"playerMode":"dark","subscribeUrls":[],"rssFeedUrl":"https:\/\/stepienybarno.es\/blog\/feed\/podcast\/podcast-de-stepienybarno","embedCode":"<blockquote class=\"wp-embedded-content\" data-secret=\"fqzdv9anIN\"><a href=\"https:\/\/stepienybarno.es\/blog\/2022\/04\/14\/proyectos-de-identidad-digital-por-stepienybarno\/\">PROYECTOS DE IDENTIDAD DIGITAL para ESTUDIOS DE ARQUITECTURA<\/a><\/blockquote><iframe sandbox=\"allow-scripts\" security=\"restricted\" src=\"https:\/\/stepienybarno.es\/blog\/2022\/04\/14\/proyectos-de-identidad-digital-por-stepienybarno\/embed\/#?secret=fqzdv9anIN\" width=\"500\" height=\"350\" title=\"\u00abPROYECTOS DE IDENTIDAD DIGITAL para ESTUDIOS DE ARQUITECTURA\u00bb \u2014 Blog de STEPIEN Y BARNO - publicaci\u00f3n digital sobre arquitectura\" data-secret=\"fqzdv9anIN\" frameborder=\"0\" marginwidth=\"0\" marginheight=\"0\" scrolling=\"no\" class=\"wp-embedded-content\"><\/iframe><script type=\"text\/javascript\">\n\/* <![CDATA[ *\/\n\/*! This file is auto-generated *\/\n!function(d,l){\"use strict\";l.querySelector&&d.addEventListener&&\"undefined\"!=typeof URL&&(d.wp=d.wp||{},d.wp.receiveEmbedMessage||(d.wp.receiveEmbedMessage=function(e){var t=e.data;if((t||t.secret||t.message||t.value)&&!\/[^a-zA-Z0-9]\/.test(t.secret)){for(var s,r,n,a=l.querySelectorAll('iframe[data-secret=\"'+t.secret+'\"]'),o=l.querySelectorAll('blockquote[data-secret=\"'+t.secret+'\"]'),c=new RegExp(\"^https?:$\",\"i\"),i=0;i<o.length;i++)o[i].style.display=\"none\";for(i=0;i<a.length;i++)s=a[i],e.source===s.contentWindow&&(s.removeAttribute(\"style\"),\"height\"===t.message?(1e3<(r=parseInt(t.value,10))?r=1e3:~~r<200&&(r=200),s.height=r):\"link\"===t.message&&(r=new URL(s.getAttribute(\"src\")),n=new URL(t.value),c.test(n.protocol))&&n.host===r.host&&l.activeElement===s&&(d.top.location.href=t.value))}},d.addEventListener(\"message\",d.wp.receiveEmbedMessage,!1),l.addEventListener(\"DOMContentLoaded\",function(){for(var e,t,s=l.querySelectorAll(\"iframe.wp-embedded-content\"),r=0;r<s.length;r++)(t=(e=s[r]).getAttribute(\"data-secret\"))||(t=Math.random().toString(36).substring(2,12),e.src+=\"#?secret=\"+t,e.setAttribute(\"data-secret\",t)),e.contentWindow.postMessage({message:\"ready\",secret:t},\"*\")},!1)))}(window,document);\n\/* ]]> *\/\n<\/script>\n"},"_links":{"self":[{"href":"https:\/\/stepienybarno.es\/blog\/wp-json\/wp\/v2\/posts\/28542"}],"collection":[{"href":"https:\/\/stepienybarno.es\/blog\/wp-json\/wp\/v2\/posts"}],"about":[{"href":"https:\/\/stepienybarno.es\/blog\/wp-json\/wp\/v2\/types\/post"}],"author":[{"embeddable":true,"href":"https:\/\/stepienybarno.es\/blog\/wp-json\/wp\/v2\/users\/2"}],"replies":[{"embeddable":true,"href":"https:\/\/stepienybarno.es\/blog\/wp-json\/wp\/v2\/comments?post=28542"}],"version-history":[{"count":27,"href":"https:\/\/stepienybarno.es\/blog\/wp-json\/wp\/v2\/posts\/28542\/revisions"}],"predecessor-version":[{"id":60730,"href":"https:\/\/stepienybarno.es\/blog\/wp-json\/wp\/v2\/posts\/28542\/revisions\/60730"}],"wp:featuredmedia":[{"embeddable":true,"href":"https:\/\/stepienybarno.es\/blog\/wp-json\/wp\/v2\/media\/53021"}],"wp:attachment":[{"href":"https:\/\/stepienybarno.es\/blog\/wp-json\/wp\/v2\/media?parent=28542"}],"wp:term":[{"taxonomy":"category","embeddable":true,"href":"https:\/\/stepienybarno.es\/blog\/wp-json\/wp\/v2\/categories?post=28542"},{"taxonomy":"post_tag","embeddable":true,"href":"https:\/\/stepienybarno.es\/blog\/wp-json\/wp\/v2\/tags?post=28542"},{"taxonomy":"series","embeddable":true,"href":"https:\/\/stepienybarno.es\/blog\/wp-json\/wp\/v2\/series?post=28542"}],"curies":[{"name":"wp","href":"https:\/\/api.w.org\/{rel}","templated":true}]}}