{"id":28720,"date":"2017-07-25T19:21:14","date_gmt":"2017-07-25T17:21:14","guid":{"rendered":"https:\/\/www.stepienybarno.es\/blog\/?p=28720"},"modified":"2017-07-25T10:52:43","modified_gmt":"2017-07-25T08:52:43","slug":"tesis-en-arquitectura-somos-idiotas","status":"publish","type":"post","link":"https:\/\/stepienybarno.es\/blog\/2017\/07\/25\/tesis-en-arquitectura-somos-idiotas\/","title":{"rendered":"\u201cTesis en arquitectura\u2026 \u00bfsomos idiotas?\u201d"},"content":{"rendered":"<p><img loading=\"lazy\" decoding=\"async\" class=\"aligncenter size-full wp-image-28721\" src=\"https:\/\/stepienybarno.es\/blog\/wp-content\/uploads\/2017\/07\/stepienybarno-stepien-y-barno-arquitectura-Fundacion-arquia-rodrigo-almonacid.jpg\" alt=\"stepienybarno-stepien-y-barno-arquitectura-Fundacion-arquia-rodrigo-almonacid\" width=\"500\" height=\"463\" srcset=\"https:\/\/stepienybarno.es\/blog\/wp-content\/uploads\/2017\/07\/stepienybarno-stepien-y-barno-arquitectura-Fundacion-arquia-rodrigo-almonacid.jpg 500w, https:\/\/stepienybarno.es\/blog\/wp-content\/uploads\/2017\/07\/stepienybarno-stepien-y-barno-arquitectura-Fundacion-arquia-rodrigo-almonacid-180x167.jpg 180w, https:\/\/stepienybarno.es\/blog\/wp-content\/uploads\/2017\/07\/stepienybarno-stepien-y-barno-arquitectura-Fundacion-arquia-rodrigo-almonacid-316x293.jpg 316w\" sizes=\"(max-width: 500px) 100vw, 500px\" \/><\/p>\n<p><strong>Por\u00a0<a href=\"https:\/\/twitter.com\/ro_almonacid\" target=\"_blank\">Rodrigo Almonacid<\/a><\/strong><\/p>\n<p><strong>Desde <a href=\"http:\/\/blogfundacion.arquia.es\/\" target=\"_blank\">Blog Fundaci\u00f3n Arquia<\/a><\/strong><\/p>\n<p><!--more--><\/p>\n<p style=\"text-align: justify;\">\u00abDesde hace poco m\u00e1s de una d\u00e9cada la\u00a0<strong>defensa de tesis doctorales en Arquitectura<\/strong>\u00a0se ha convertido en un hecho m\u00e1s com\u00fan, aunque siga\u00a0<strong>siendo algo absolutamente minoritario<\/strong>. Antiguamente solo quienes ten\u00edan clara su vinculaci\u00f3n a la docencia universitaria acomet\u00edan tal reto. Era, y sigue siendo, el\u00a0<strong>imprescindible \u201csalvoconducto\u201d para hacer carrera en cualquier Escuela de Arquitectura<\/strong>.<\/p>\n<p style=\"text-align: justify;\">A\u00fan con todo, esta m\u00e1xima cualificaci\u00f3n acad\u00e9mica no tiene ning\u00fan r\u00e9dito ni reconocimiento en la actividad profesional frente a otros colegas licenciados. Hoy d\u00eda es m\u00e1s \u201cprovechoso\u201d tener un certificado de conocimiento de ingl\u00e9s o de aptitud pedag\u00f3gica, pues esos s\u00ed son\u00a0<strong>m\u00e9ritos reconocidos<\/strong>\u00a0en una oposici\u00f3n a profesor de secundaria o arquitecto municipal, por ejemplo.<\/p>\n<p style=\"text-align: justify;\">Entonces,\u00a0<strong>\u00bfsomos idiotas\u2026?<\/strong><\/p>\n<p style=\"text-align: justify;\">Pues ciertamente s\u00ed: nadie con sensatez emplear\u00eda un lustro (como m\u00ednimo) realizando un trabajo tan ingente de forma individual,\u00a0<strong>sin ning\u00fan tipo de remuneraci\u00f3n ni expectativas fundadas<\/strong>, y pag\u00e1ndose por cuenta propia todos los gastos derivados. Y todo eso a costa de aparcar la incipiente carrera profesional y hasta incluso la vida familiar.<\/p>\n<p style=\"text-align: justify;\">\u00bfY por qu\u00e9 hacemos tesis los arquitectos? (\u2026)\u201d<\/p>\n<p>&nbsp;<\/p>\n<p style=\"text-align: center;\">\n<p style=\"text-align: center;\"><strong>Accede \u00a0al art\u00edculo, <a href=\"http:\/\/blogfundacion.arquia.es\/2017\/07\/tesis-en-arquitectura-somos-idiotas\/\" target=\"_blank\">AQU\u00cd<\/a><\/strong><\/p>\n<p><strong>\u00a0<\/strong><\/p>\n<p><strong>\u00a0<\/strong><\/p>\n<p>&nbsp;<\/p>\n<p><span style=\"color: #999999;\"><em>Noticia seleccionada por el Canal de arquitectura STEPIENYBARNO.\u00a0<\/em><\/span><\/p>\n<p><a href=\"https:\/\/twitter.com\/stepienybarno\">STEPIENYBARNO EN TWITTER _ @stepienybarno<\/a><\/p>\n<p><a href=\"http:\/\/www.linkedin.com\/company\/stepienybarno\"><em>STEPIENYBARNO EN LINKEDIN<\/em><\/a><\/p>\n<p><a href=\"https:\/\/www.facebook.com\/StepienybarnoCANAL\">STEPIENYBARNO EN FACEBOOK<\/a><\/p>\n<p><span style=\"color: #999999;\"><em>*Stepienybarno est\u00e1 formado por Agnieszka Stepien y Lorenzo Barn\u00f3 y desde mayo del 2009 estamos en la red con\u00a0 la presente publicaci\u00f3n digital (Blog) de arquitectura.<\/em><\/span><\/p>\n<p><span style=\"color: #999999;\"><em>Nuestra actividad se sustenta en tres pilares b\u00e1sicos: la investigaci\u00f3n, la publicaci\u00f3n (comunicaci\u00f3n y difusi\u00f3n) y la redacci\u00f3n de proyectos de arquitectura.<\/em><\/span><\/p>\n<p><span style=\"color: #999999;\"><em>A su vez, somos socios cofundadores de<\/em><\/span><em>\u00a0<\/em><a href=\"http:\/\/sinergiasostenible.org\/\">SINERGIA SOSTENIBLE<\/a><span style=\"color: #999999;\"><em>, redactores de<\/em><\/span><em>\u00a0<\/em><a href=\"http:\/\/www.laciudadviva.org\/blogs\/?author=45\">LA CIUDAD VIVA<\/a><em>\u00a0<\/em><span style=\"color: #999999;\"><em>y directores del blog de<\/em><\/span><em>\u00a0<\/em><a href=\"http:\/\/blogfundacion.arquia.es\/\">FUNDACI\u00d3N ARQUIA<\/a><span style=\"color: #999999;\"><em>.<\/em><\/span><\/p>\n<p><span style=\"color: #999999;\"><em>* Los editores de esta publicaci\u00f3n digital no nos hacemos cargo de de los comentarios y\u00a0 conceptos vertidos en los textos firmados por otras personas, siendo \u00e9stos de responsabilidad exclusiva de sus autores.<\/em><\/span><\/p>\n<p><span style=\"color: #999999;\"><em>* Tu comentario podr\u00e1 ser moderado, por lo tanto, aunque aparezca inmediatamente al ser publicado en la entrada, los editores de esta publicaci\u00f3n digital nos reservamos el derecho tanto de editarlo (si fuera necesario, para hacerlo m\u00e1s legible) como de eliminarlo en el caso de que se usen expresiones incorrectas (descalificaciones, palabras malsonantes\u2026). A su vez, si quieres comentar desde el anonimato puedes hacerlo, aunque, nosotros personalmente, agradecemos que tod@s nos podamos identificar.<\/em><\/span><\/p>\n","protected":false},"excerpt":{"rendered":"<p>Por\u00a0Rodrigo Almonacid Desde Blog Fundaci\u00f3n Arquia<\/p>\n","protected":false},"author":9,"featured_media":28721,"comment_status":"open","ping_status":"closed","sticky":false,"template":"","format":"standard","meta":{"om_disable_all_campaigns":false,"_monsterinsights_skip_tracking":false,"_monsterinsights_sitenote_active":false,"_monsterinsights_sitenote_note":"","_monsterinsights_sitenote_category":0,"_uf_show_specific_survey":0,"_uf_disable_surveys":false,"episode_type":"","audio_file":"","cover_image":"","cover_image_id":"","duration":"","filesize":"","date_recorded":"","explicit":"","block":"","filesize_raw":"","footnotes":""},"categories":[244],"tags":[3320,2886,2279],"series":[],"class_list":["post-28720","post","type-post","status-publish","format-standard","has-post-thumbnail","hentry","category-canal-de-arquitectura","tag-blog-fundacion-arquia","tag-fundacion-arquia","tag-rodrigo-almonacid"],"aioseo_notices":[],"episode_featured_image":"https:\/\/stepienybarno.es\/blog\/wp-content\/uploads\/2017\/07\/stepienybarno-stepien-y-barno-arquitectura-Fundacion-arquia-rodrigo-almonacid.jpg","episode_player_image":"https:\/\/stepienybarno.es\/blog\/wp-content\/uploads\/2020\/11\/stepienybarno-podcast-scaled.jpg","download_link":"","player_link":"","audio_player":false,"episode_data":{"playerMode":"dark","subscribeUrls":[],"rssFeedUrl":"https:\/\/stepienybarno.es\/blog\/feed\/podcast\/podcast-de-stepienybarno","embedCode":"<blockquote class=\"wp-embedded-content\" data-secret=\"GHfIztbMP1\"><a href=\"https:\/\/stepienybarno.es\/blog\/2017\/07\/25\/tesis-en-arquitectura-somos-idiotas\/\">\u201cTesis en arquitectura\u2026 \u00bfsomos idiotas?\u201d<\/a><\/blockquote><iframe sandbox=\"allow-scripts\" security=\"restricted\" src=\"https:\/\/stepienybarno.es\/blog\/2017\/07\/25\/tesis-en-arquitectura-somos-idiotas\/embed\/#?secret=GHfIztbMP1\" width=\"500\" height=\"350\" title=\"\u00ab\u201cTesis en arquitectura\u2026 \u00bfsomos idiotas?\u201d\u00bb \u2014 Blog de STEPIEN Y BARNO - publicaci\u00f3n digital sobre arquitectura\" data-secret=\"GHfIztbMP1\" frameborder=\"0\" marginwidth=\"0\" marginheight=\"0\" scrolling=\"no\" class=\"wp-embedded-content\"><\/iframe><script type=\"text\/javascript\">\n\/* <![CDATA[ *\/\n\/*! This file is auto-generated *\/\n!function(d,l){\"use strict\";l.querySelector&&d.addEventListener&&\"undefined\"!=typeof URL&&(d.wp=d.wp||{},d.wp.receiveEmbedMessage||(d.wp.receiveEmbedMessage=function(e){var t=e.data;if((t||t.secret||t.message||t.value)&&!\/[^a-zA-Z0-9]\/.test(t.secret)){for(var s,r,n,a=l.querySelectorAll('iframe[data-secret=\"'+t.secret+'\"]'),o=l.querySelectorAll('blockquote[data-secret=\"'+t.secret+'\"]'),c=new RegExp(\"^https?:$\",\"i\"),i=0;i<o.length;i++)o[i].style.display=\"none\";for(i=0;i<a.length;i++)s=a[i],e.source===s.contentWindow&&(s.removeAttribute(\"style\"),\"height\"===t.message?(1e3<(r=parseInt(t.value,10))?r=1e3:~~r<200&&(r=200),s.height=r):\"link\"===t.message&&(r=new URL(s.getAttribute(\"src\")),n=new URL(t.value),c.test(n.protocol))&&n.host===r.host&&l.activeElement===s&&(d.top.location.href=t.value))}},d.addEventListener(\"message\",d.wp.receiveEmbedMessage,!1),l.addEventListener(\"DOMContentLoaded\",function(){for(var e,t,s=l.querySelectorAll(\"iframe.wp-embedded-content\"),r=0;r<s.length;r++)(t=(e=s[r]).getAttribute(\"data-secret\"))||(t=Math.random().toString(36).substring(2,12),e.src+=\"#?secret=\"+t,e.setAttribute(\"data-secret\",t)),e.contentWindow.postMessage({message:\"ready\",secret:t},\"*\")},!1)))}(window,document);\n\/* ]]> *\/\n<\/script>\n"},"_links":{"self":[{"href":"https:\/\/stepienybarno.es\/blog\/wp-json\/wp\/v2\/posts\/28720"}],"collection":[{"href":"https:\/\/stepienybarno.es\/blog\/wp-json\/wp\/v2\/posts"}],"about":[{"href":"https:\/\/stepienybarno.es\/blog\/wp-json\/wp\/v2\/types\/post"}],"author":[{"embeddable":true,"href":"https:\/\/stepienybarno.es\/blog\/wp-json\/wp\/v2\/users\/9"}],"replies":[{"embeddable":true,"href":"https:\/\/stepienybarno.es\/blog\/wp-json\/wp\/v2\/comments?post=28720"}],"version-history":[{"count":1,"href":"https:\/\/stepienybarno.es\/blog\/wp-json\/wp\/v2\/posts\/28720\/revisions"}],"predecessor-version":[{"id":28722,"href":"https:\/\/stepienybarno.es\/blog\/wp-json\/wp\/v2\/posts\/28720\/revisions\/28722"}],"wp:featuredmedia":[{"embeddable":true,"href":"https:\/\/stepienybarno.es\/blog\/wp-json\/wp\/v2\/media\/28721"}],"wp:attachment":[{"href":"https:\/\/stepienybarno.es\/blog\/wp-json\/wp\/v2\/media?parent=28720"}],"wp:term":[{"taxonomy":"category","embeddable":true,"href":"https:\/\/stepienybarno.es\/blog\/wp-json\/wp\/v2\/categories?post=28720"},{"taxonomy":"post_tag","embeddable":true,"href":"https:\/\/stepienybarno.es\/blog\/wp-json\/wp\/v2\/tags?post=28720"},{"taxonomy":"series","embeddable":true,"href":"https:\/\/stepienybarno.es\/blog\/wp-json\/wp\/v2\/series?post=28720"}],"curies":[{"name":"wp","href":"https:\/\/api.w.org\/{rel}","templated":true}]}}