{"id":28724,"date":"2017-07-26T09:49:31","date_gmt":"2017-07-26T07:49:31","guid":{"rendered":"https:\/\/www.stepienybarno.es\/blog\/?p=28724"},"modified":"2017-07-26T09:49:31","modified_gmt":"2017-07-26T07:49:31","slug":"arquitectura-un-derecho-universal","status":"publish","type":"post","link":"https:\/\/stepienybarno.es\/blog\/2017\/07\/26\/arquitectura-un-derecho-universal\/","title":{"rendered":"ARQUITECTURA, UN DERECHO UNIVERSAL"},"content":{"rendered":"<p><img loading=\"lazy\" decoding=\"async\" class=\"aligncenter size-full wp-image-28725\" src=\"https:\/\/stepienybarno.es\/blog\/wp-content\/uploads\/2017\/07\/Stepienybarno-blog-stepien-y-barno-arquitectura-ana-asensio-arquitasa.jpg\" alt=\"Stepienybarno-blog-stepien-y-barno-arquitectura-ana-asensio-arquitasa\" width=\"500\" height=\"313\" srcset=\"https:\/\/stepienybarno.es\/blog\/wp-content\/uploads\/2017\/07\/Stepienybarno-blog-stepien-y-barno-arquitectura-ana-asensio-arquitasa.jpg 500w, https:\/\/stepienybarno.es\/blog\/wp-content\/uploads\/2017\/07\/Stepienybarno-blog-stepien-y-barno-arquitectura-ana-asensio-arquitasa-180x113.jpg 180w, https:\/\/stepienybarno.es\/blog\/wp-content\/uploads\/2017\/07\/Stepienybarno-blog-stepien-y-barno-arquitectura-ana-asensio-arquitasa-316x198.jpg 316w\" sizes=\"(max-width: 500px) 100vw, 500px\" \/><\/p>\n<p><strong>Por <a href=\"https:\/\/twitter.com\/AnaArquitectura\">Ana Asensio<\/a><\/strong><\/p>\n<p><strong>Desde <a href=\"http:\/\/www.arquitasa.com\/\">Arquitasa<\/a><\/strong><\/p>\n<p style=\"text-align: justify;\"><!--more--><strong>\u201c<\/strong><em>Art\u00edculo 3. Todo individuo tiene derecho a la vida, la libertad y a la seguridad de su persona.<\/em><\/p>\n<p style=\"text-align: justify;\"><em>Art\u00edculo 13.1. Toda persona tiene derecho a circular libremente y a elegir su residencia en el territorio de un Estado.<\/em><\/p>\n<p style=\"text-align: justify;\"><em>Art\u00edculo 25. 1. Toda persona tiene derecho a un nivel de vida adecuado que le asegure, as\u00ed como a su familia, la salud y el bienestar, y en especial la alimentaci\u00f3n, el vestido, la vivienda, la asistencia m\u00e9dica y los servicios sociales necesarios [\u2026]<\/em><\/p>\n<p style=\"text-align: justify;\">Todos reconocemos estas afirmaciones. En 1948, la Declaraci\u00f3n Universal de los Derechos Humanos, proclamada por la Asamblea General de las Naciones Unidas en Par\u00eds, por vez primera establec\u00eda una base com\u00fan a todos los pueblos sobre los derechos inalienables que nos hacen humanos. Una utop\u00eda que, como todo horizonte inalcanzable que se aleja conforme caminamos, sirve para continuar avanzando.<\/p>\n<p style=\"text-align: justify;\">Sin embargo, nuestro avance, el llamado \u201cdesarrollo\u201d, no se traduce precisamente en una mejora generalizada para la humanidad. La desigualdad, una brecha profunda y peligrosa, se encuentra ya en unos niveles catastr\u00f3ficos. En 2015, el 1% de los habitantes m\u00e1s ricos del mundo (72 millones) pose\u00edan una cantidad de riqueza igual a la del 99% de la poblaci\u00f3n restante (7128 millones), seg\u00fan el Informe Oxfam. Dos a\u00f1os despu\u00e9s, la tendencia ha continuado (\u2026)\u201d<\/p>\n<p>&nbsp;<\/p>\n<p style=\"text-align: center;\"><strong>Accede al art\u00edculo, <a href=\"http:\/\/www.arquitasa.com\/arquitectura-un-derecho-universal-ana-asensio\/?platform=hootsuite\" target=\"_blank\">AQU\u00cd<\/a><\/strong><\/p>\n<p><strong>\u00a0<\/strong><\/p>\n<p><strong>\u00a0<\/strong><\/p>\n<p style=\"text-align: justify;\"><span style=\"color: #999999;\"><em>Noticia seleccionada por el Canal de arquitectura STEPIENYBARNO.\u00a0<\/em><\/span><\/p>\n<p style=\"text-align: justify;\"><a href=\"https:\/\/twitter.com\/stepienybarno\"><em>STEPIENYBARNO EN TWITTER _ @stepienybarno<\/em><\/a><\/p>\n<p style=\"text-align: justify;\"><a href=\"http:\/\/www.linkedin.com\/company\/stepienybarno\"><em>STEPIENYBARNO EN LINKEDIN<\/em><\/a><\/p>\n<p style=\"text-align: justify;\"><a href=\"https:\/\/www.facebook.com\/StepienybarnoCANAL\"><em>STEPIENYBARNO EN FACEBOOK<\/em><\/a><\/p>\n<p style=\"text-align: justify;\"><span style=\"color: #999999;\"><em>*Stepienybarno est\u00e1 formado por Agnieszka Stepien y Lorenzo Barn\u00f3 y desde mayo del 2009 estamos en la red con\u00a0 la presente publicaci\u00f3n digital (Blog) de arquitectura.<\/em><\/span><\/p>\n<p style=\"text-align: justify;\"><span style=\"color: #999999;\"><em>Nuestra actividad se sustenta en tres pilares b\u00e1sicos: la investigaci\u00f3n, la publicaci\u00f3n (comunicaci\u00f3n y difusi\u00f3n) y la redacci\u00f3n de proyectos de arquitectura.<\/em><\/span><\/p>\n<p style=\"text-align: justify;\"><span style=\"color: #999999;\"><em>A su vez, somos socios cofundadores de<\/em><em>\u00a0<\/em><\/span><a href=\"http:\/\/sinergiasostenible.org\/\"><em>SINERGIA SOSTENIBLE<\/em><\/a><span style=\"color: #999999;\"><em>,<\/em><em>\u00a0<\/em><em>redactores de<\/em><\/span><em>\u00a0<\/em><a href=\"http:\/\/www.laciudadviva.org\/blogs\/?author=45\"><em>LA CIUDAD VIVA<\/em><\/a><span style=\"color: #999999;\"><em>\u00a0<\/em><em>y directores del blog de<\/em><\/span><em>\u00a0<\/em><a href=\"http:\/\/blogfundacion.arquia.es\/\"><em>FUNDACI\u00d3N ARQUIA<\/em><\/a><span style=\"color: #999999;\"><em>.<\/em><\/span><\/p>\n<p style=\"text-align: justify;\"><span style=\"color: #999999;\"><em>* Los editores de esta publicaci\u00f3n digital no nos hacemos cargo de de los comentarios y\u00a0 conceptos vertidos en los textos firmados por otras personas, siendo \u00e9stos de responsabilidad exclusiva de sus autores.<\/em><\/span><\/p>\n<p style=\"text-align: justify;\"><span style=\"color: #999999;\"><em>* Tu comentario podr\u00e1 ser moderado, por lo tanto, aunque aparezca inmediatamente al ser publicado en la entrada, los editores de esta publicaci\u00f3n digital nos reservamos el derecho tanto de editarlo (si fuera necesario, para hacerlo m\u00e1s legible) como de eliminarlo en el caso de que se usen expresiones incorrectas (descalificaciones, palabras malsonantes\u2026). A su vez, si quieres comentar desde el anonimato puedes hacerlo, aunque, nosotros personalmente, agradecemos que tod@s nos podamos identificar.<\/em><\/span><\/p>\n","protected":false},"excerpt":{"rendered":"<p>Por Ana Asensio Desde Arquitasa<\/p>\n","protected":false},"author":9,"featured_media":28725,"comment_status":"open","ping_status":"closed","sticky":false,"template":"","format":"standard","meta":{"om_disable_all_campaigns":false,"_monsterinsights_skip_tracking":false,"_monsterinsights_sitenote_active":false,"_monsterinsights_sitenote_note":"","_monsterinsights_sitenote_category":0,"_uf_show_specific_survey":0,"_uf_disable_surveys":false,"episode_type":"","audio_file":"","cover_image":"","cover_image_id":"","duration":"","filesize":"","date_recorded":"","explicit":"","block":"","filesize_raw":"","footnotes":""},"categories":[244],"tags":[2610,3541],"series":[],"class_list":["post-28724","post","type-post","status-publish","format-standard","has-post-thumbnail","hentry","category-canal-de-arquitectura","tag-ana-asensio","tag-arquitasa"],"aioseo_notices":[],"episode_featured_image":"https:\/\/stepienybarno.es\/blog\/wp-content\/uploads\/2017\/07\/Stepienybarno-blog-stepien-y-barno-arquitectura-ana-asensio-arquitasa.jpg","episode_player_image":"https:\/\/stepienybarno.es\/blog\/wp-content\/uploads\/2020\/11\/stepienybarno-podcast-scaled.jpg","download_link":"","player_link":"","audio_player":false,"episode_data":{"playerMode":"dark","subscribeUrls":[],"rssFeedUrl":"https:\/\/stepienybarno.es\/blog\/feed\/podcast\/podcast-de-stepienybarno","embedCode":"<blockquote class=\"wp-embedded-content\" data-secret=\"Yk6aM7BfQC\"><a href=\"https:\/\/stepienybarno.es\/blog\/2017\/07\/26\/arquitectura-un-derecho-universal\/\">ARQUITECTURA, UN DERECHO UNIVERSAL<\/a><\/blockquote><iframe sandbox=\"allow-scripts\" security=\"restricted\" src=\"https:\/\/stepienybarno.es\/blog\/2017\/07\/26\/arquitectura-un-derecho-universal\/embed\/#?secret=Yk6aM7BfQC\" width=\"500\" height=\"350\" title=\"\u00abARQUITECTURA, UN DERECHO UNIVERSAL\u00bb \u2014 Blog de STEPIEN Y BARNO - publicaci\u00f3n digital sobre arquitectura\" data-secret=\"Yk6aM7BfQC\" frameborder=\"0\" marginwidth=\"0\" marginheight=\"0\" scrolling=\"no\" class=\"wp-embedded-content\"><\/iframe><script type=\"text\/javascript\">\n\/* <![CDATA[ *\/\n\/*! This file is auto-generated *\/\n!function(d,l){\"use strict\";l.querySelector&&d.addEventListener&&\"undefined\"!=typeof URL&&(d.wp=d.wp||{},d.wp.receiveEmbedMessage||(d.wp.receiveEmbedMessage=function(e){var t=e.data;if((t||t.secret||t.message||t.value)&&!\/[^a-zA-Z0-9]\/.test(t.secret)){for(var s,r,n,a=l.querySelectorAll('iframe[data-secret=\"'+t.secret+'\"]'),o=l.querySelectorAll('blockquote[data-secret=\"'+t.secret+'\"]'),c=new RegExp(\"^https?:$\",\"i\"),i=0;i<o.length;i++)o[i].style.display=\"none\";for(i=0;i<a.length;i++)s=a[i],e.source===s.contentWindow&&(s.removeAttribute(\"style\"),\"height\"===t.message?(1e3<(r=parseInt(t.value,10))?r=1e3:~~r<200&&(r=200),s.height=r):\"link\"===t.message&&(r=new URL(s.getAttribute(\"src\")),n=new URL(t.value),c.test(n.protocol))&&n.host===r.host&&l.activeElement===s&&(d.top.location.href=t.value))}},d.addEventListener(\"message\",d.wp.receiveEmbedMessage,!1),l.addEventListener(\"DOMContentLoaded\",function(){for(var e,t,s=l.querySelectorAll(\"iframe.wp-embedded-content\"),r=0;r<s.length;r++)(t=(e=s[r]).getAttribute(\"data-secret\"))||(t=Math.random().toString(36).substring(2,12),e.src+=\"#?secret=\"+t,e.setAttribute(\"data-secret\",t)),e.contentWindow.postMessage({message:\"ready\",secret:t},\"*\")},!1)))}(window,document);\n\/* ]]> *\/\n<\/script>\n"},"_links":{"self":[{"href":"https:\/\/stepienybarno.es\/blog\/wp-json\/wp\/v2\/posts\/28724"}],"collection":[{"href":"https:\/\/stepienybarno.es\/blog\/wp-json\/wp\/v2\/posts"}],"about":[{"href":"https:\/\/stepienybarno.es\/blog\/wp-json\/wp\/v2\/types\/post"}],"author":[{"embeddable":true,"href":"https:\/\/stepienybarno.es\/blog\/wp-json\/wp\/v2\/users\/9"}],"replies":[{"embeddable":true,"href":"https:\/\/stepienybarno.es\/blog\/wp-json\/wp\/v2\/comments?post=28724"}],"version-history":[{"count":1,"href":"https:\/\/stepienybarno.es\/blog\/wp-json\/wp\/v2\/posts\/28724\/revisions"}],"predecessor-version":[{"id":28726,"href":"https:\/\/stepienybarno.es\/blog\/wp-json\/wp\/v2\/posts\/28724\/revisions\/28726"}],"wp:featuredmedia":[{"embeddable":true,"href":"https:\/\/stepienybarno.es\/blog\/wp-json\/wp\/v2\/media\/28725"}],"wp:attachment":[{"href":"https:\/\/stepienybarno.es\/blog\/wp-json\/wp\/v2\/media?parent=28724"}],"wp:term":[{"taxonomy":"category","embeddable":true,"href":"https:\/\/stepienybarno.es\/blog\/wp-json\/wp\/v2\/categories?post=28724"},{"taxonomy":"post_tag","embeddable":true,"href":"https:\/\/stepienybarno.es\/blog\/wp-json\/wp\/v2\/tags?post=28724"},{"taxonomy":"series","embeddable":true,"href":"https:\/\/stepienybarno.es\/blog\/wp-json\/wp\/v2\/series?post=28724"}],"curies":[{"name":"wp","href":"https:\/\/api.w.org\/{rel}","templated":true}]}}