{"id":28866,"date":"2017-08-11T09:21:59","date_gmt":"2017-08-11T07:21:59","guid":{"rendered":"https:\/\/www.stepienybarno.es\/blog\/?p=28866"},"modified":"2017-08-03T17:43:24","modified_gmt":"2017-08-03T15:43:24","slug":"arquitectomarketero-3-el-modelo-de-negocio-del-arquitecto-pintado-al-oleo","status":"publish","type":"post","link":"https:\/\/stepienybarno.es\/blog\/2017\/08\/11\/arquitectomarketero-3-el-modelo-de-negocio-del-arquitecto-pintado-al-oleo\/","title":{"rendered":"ARQUITECTOMARKETERO (3): EL MODELO DE NEGOCIO DEL ARQUITECTO PINTADO AL \u00d3LEO"},"content":{"rendered":"<p><img loading=\"lazy\" decoding=\"async\" class=\"aligncenter size-full wp-image-28867\" src=\"https:\/\/stepienybarno.es\/blog\/wp-content\/uploads\/2017\/08\/Stepienybarno-blog-stepien-y-barno-arquitectura-joan-vergara-arqcoaching.jpg\" alt=\"Stepienybarno-blog-stepien-y-barno-arquitectura-joan-vergara-arqcoaching\" width=\"500\" height=\"374\" srcset=\"https:\/\/stepienybarno.es\/blog\/wp-content\/uploads\/2017\/08\/Stepienybarno-blog-stepien-y-barno-arquitectura-joan-vergara-arqcoaching.jpg 500w, https:\/\/stepienybarno.es\/blog\/wp-content\/uploads\/2017\/08\/Stepienybarno-blog-stepien-y-barno-arquitectura-joan-vergara-arqcoaching-180x135.jpg 180w, https:\/\/stepienybarno.es\/blog\/wp-content\/uploads\/2017\/08\/Stepienybarno-blog-stepien-y-barno-arquitectura-joan-vergara-arqcoaching-316x236.jpg 316w\" sizes=\"(max-width: 500px) 100vw, 500px\" \/><\/p>\n<p><strong>Por <a href=\"https:\/\/twitter.com\/ARQcoaching\" target=\"_blank\">Joan Vergara<\/a><\/strong><\/p>\n<p><strong>Desde <a href=\"http:\/\/www.coachingarquitectos.com\/\" target=\"_blank\">ArqCoaching<\/a><\/strong><\/p>\n<p><!--more--><\/p>\n<p style=\"text-align: justify;\"><strong>\u201c<\/strong>El\u00a0<strong>modelo de negocio del arquitecto<\/strong>\u00a0es un aspecto en el que casi nunca nos paramos. Algunos arquitectos piensan que no es necesario definirlo. O simplemente no quieren hacerlo. Desde luego, nadie nos ha ense\u00f1ado.<\/p>\n<p style=\"text-align: justify;\">Tal vez, con una herramienta sencilla y visual sea m\u00e1s f\u00e1cil ponerse a ello.<\/p>\n<p style=\"text-align: justify;\">\u00bfHas o\u00eddo alguna vez al gran Gila decir aquello de \u201c<em>Eran gente muy, muy rica. Se hac\u00edan las radiograf\u00edas al \u00f3leo.<\/em>\u201d? Siempre me viene a la cabeza cuando hablo del\u00a0<strong>Business Model Canvas<\/strong>.<\/p>\n<p style=\"text-align: justify;\">S\u00ed, \u201ccanvas\u201d significa \u201clienzo\u201d.<\/p>\n<p style=\"text-align: justify;\">Esta herramienta es tan atractiva y sencilla que en la mayor\u00eda de los casos consigue que superemos nuestra tradicional alergia hacia los asuntos empresariales. Es un lienzo en el que \u201cpintar\u201d nuestro modelo.<\/p>\n<p style=\"text-align: justify;\">Bueno, puede que me haya pasado un poco con lo de \u201cpintado al \u00f3leo\u201d, pero es que es as\u00ed de\u00a0<strong>visual<\/strong>.<\/p>\n<p style=\"text-align: justify;\">Definir tu modelo de negocio va a dar\u00a0<strong>cuerpo de realidad<\/strong>\u00a0a tu propuesta de valor y a su conexi\u00f3n con el cliente, y seguramente al hacerlo te vas a encontrar de frente con dificultades que no hab\u00edas previsto y consideraciones que no hab\u00edas tenido en cuenta.<\/p>\n<p style=\"text-align: justify;\">Dentro de esta serie #ArquitectoMarketero hemos hablado de\u00a0<a href=\"http:\/\/www.coachingarquitectos.com\/propuesta-de-valor-del-arquitecto\/\" target=\"_blank\">la propuesta de valor del arquitecto<\/a>\u00a0y de\u00a0<a href=\"http:\/\/www.coachingarquitectos.com\/estrategia-y-posicionamiento-del-arquitecto\/\" target=\"_blank\">estrategia y posicionamiento del arquitecto<\/a>.<\/p>\n<p style=\"text-align: justify;\">Sobre estas bases, vamos a avanzar un poco m\u00e1s con\u00a0el modelo de negocio del arquitecto (\u2026)\u201d<\/p>\n<p>&nbsp;<\/p>\n<p style=\"text-align: center;\"><strong>Accede al art\u00edculo, <a href=\"http:\/\/www.coachingarquitectos.com\/modelo-de-negocio-del-arquitecto\/?utm_source=ReviveOldPost&amp;utm_medium=social&amp;utm_campaign=ReviveOldPost\" target=\"_blank\">AQU\u00cd<\/a><\/strong><\/p>\n<p>&nbsp;<\/p>\n<p><span style=\"color: #999999;\"><em>Noticia seleccionada por el Canal de arquitectura STEPIENYBARNO.\u00a0<\/em><\/span><\/p>\n<p><a href=\"https:\/\/twitter.com\/stepienybarno\"><em>STEPIENYBARNO EN TWITTER _ @stepienybarno<\/em><\/a><\/p>\n<p><a href=\"http:\/\/www.linkedin.com\/company\/stepienybarno\"><em>STEPIENYBARNO EN LINKEDIN<\/em><\/a><\/p>\n<p><a href=\"https:\/\/www.facebook.com\/StepienybarnoCANAL\"><em>STEPIENYBARNO EN FACEBOOK<\/em><\/a><\/p>\n<p><span style=\"color: #999999;\"><em>*Stepienybarno est\u00e1 formado por Agnieszka Stepien y Lorenzo Barn\u00f3 y desde mayo del 2009 estamos en la red con la presente publicaci\u00f3n digital (Blog) de arquitectura.<\/em><\/span><\/p>\n<p><span style=\"color: #999999;\"><em>Nuestra actividad se sustenta en tres pilares b\u00e1sicos: la investigaci\u00f3n, la publicaci\u00f3n (comunicaci\u00f3n y difusi\u00f3n) y la redacci\u00f3n de proyectos de arquitectura.<\/em><\/span><\/p>\n<p><span style=\"color: #999999;\"><em>A su vez, somos socios cofundadores de<\/em><\/span><em>\u00a0<\/em><a href=\"http:\/\/sinergiasostenible.org\/\"><em>SINERGIA SOSTENIBLE<\/em><\/a><span style=\"color: #999999;\"><em>,<\/em><em>\u00a0<\/em><em>redactores de<\/em><\/span><em>\u00a0<\/em><a href=\"http:\/\/www.laciudadviva.org\/blogs\/?author=45\"><em>LA CIUDAD VIVA<\/em><\/a><span style=\"color: #999999;\"><em>\u00a0<\/em><em>y directores del blog de<\/em><\/span><em>\u00a0<\/em><a href=\"http:\/\/blogfundacion.arquia.es\/\"><em>FUNDACI\u00d3N ARQUIA<\/em><\/a><span style=\"color: #999999;\"><em>.<\/em><\/span><\/p>\n<p><span style=\"color: #999999;\"><em>* Los editores de esta publicaci\u00f3n digital no nos hacemos cargo de de los comentarios y\u00a0conceptos vertidos en los textos firmados por otras personas, siendo \u00e9stos de responsabilidad exclusiva de sus autores.<\/em><\/span><\/p>\n<p><span style=\"color: #999999;\"><em>* Tu comentario podr\u00e1 ser moderado, por lo tanto, aunque aparezca inmediatamente al ser publicado en la entrada, los editores de esta publicaci\u00f3n digital nos reservamos el derecho tanto de editarlo (si fuera necesario, para hacerlo m\u00e1s legible) como de eliminarlo en el caso de que se usen expresiones incorrectas (descalificaciones, palabras malsonantes\u2026). A su vez, si quieres comentar desde el anonimato puedes hacerlo, aunque, nosotros personalmente, agradecemos que tod@s nos podamos identificar.<\/em><\/span><\/p>\n","protected":false},"excerpt":{"rendered":"<p>Por Joan Vergara Desde ArqCoaching<\/p>\n","protected":false},"author":9,"featured_media":28867,"comment_status":"open","ping_status":"closed","sticky":false,"template":"","format":"standard","meta":{"om_disable_all_campaigns":false,"_monsterinsights_skip_tracking":false,"_monsterinsights_sitenote_active":false,"_monsterinsights_sitenote_note":"","_monsterinsights_sitenote_category":0,"_uf_show_specific_survey":0,"_uf_disable_surveys":false,"episode_type":"","audio_file":"","cover_image":"","cover_image_id":"","duration":"","filesize":"","date_recorded":"","explicit":"","block":"","filesize_raw":"","footnotes":""},"categories":[244],"tags":[4666,4700],"series":[],"class_list":["post-28866","post","type-post","status-publish","format-standard","has-post-thumbnail","hentry","category-canal-de-arquitectura","tag-arqcoaching","tag-joan-vergara"],"aioseo_notices":[],"episode_featured_image":"https:\/\/stepienybarno.es\/blog\/wp-content\/uploads\/2017\/08\/Stepienybarno-blog-stepien-y-barno-arquitectura-joan-vergara-arqcoaching.jpg","episode_player_image":"https:\/\/stepienybarno.es\/blog\/wp-content\/uploads\/2020\/11\/stepienybarno-podcast-scaled.jpg","download_link":"","player_link":"","audio_player":false,"episode_data":{"playerMode":"dark","subscribeUrls":[],"rssFeedUrl":"https:\/\/stepienybarno.es\/blog\/feed\/podcast\/podcast-de-stepienybarno","embedCode":"<blockquote class=\"wp-embedded-content\" data-secret=\"eLt55qelXa\"><a href=\"https:\/\/stepienybarno.es\/blog\/2017\/08\/11\/arquitectomarketero-3-el-modelo-de-negocio-del-arquitecto-pintado-al-oleo\/\">ARQUITECTOMARKETERO (3): EL MODELO DE NEGOCIO DEL ARQUITECTO PINTADO AL \u00d3LEO<\/a><\/blockquote><iframe sandbox=\"allow-scripts\" security=\"restricted\" src=\"https:\/\/stepienybarno.es\/blog\/2017\/08\/11\/arquitectomarketero-3-el-modelo-de-negocio-del-arquitecto-pintado-al-oleo\/embed\/#?secret=eLt55qelXa\" width=\"500\" height=\"350\" title=\"\u00abARQUITECTOMARKETERO (3): EL MODELO DE NEGOCIO DEL ARQUITECTO PINTADO AL \u00d3LEO\u00bb \u2014 Blog de STEPIEN Y BARNO - publicaci\u00f3n digital sobre arquitectura\" data-secret=\"eLt55qelXa\" frameborder=\"0\" marginwidth=\"0\" marginheight=\"0\" scrolling=\"no\" class=\"wp-embedded-content\"><\/iframe><script type=\"text\/javascript\">\n\/* <![CDATA[ *\/\n\/*! This file is auto-generated *\/\n!function(d,l){\"use strict\";l.querySelector&&d.addEventListener&&\"undefined\"!=typeof URL&&(d.wp=d.wp||{},d.wp.receiveEmbedMessage||(d.wp.receiveEmbedMessage=function(e){var t=e.data;if((t||t.secret||t.message||t.value)&&!\/[^a-zA-Z0-9]\/.test(t.secret)){for(var s,r,n,a=l.querySelectorAll('iframe[data-secret=\"'+t.secret+'\"]'),o=l.querySelectorAll('blockquote[data-secret=\"'+t.secret+'\"]'),c=new RegExp(\"^https?:$\",\"i\"),i=0;i<o.length;i++)o[i].style.display=\"none\";for(i=0;i<a.length;i++)s=a[i],e.source===s.contentWindow&&(s.removeAttribute(\"style\"),\"height\"===t.message?(1e3<(r=parseInt(t.value,10))?r=1e3:~~r<200&&(r=200),s.height=r):\"link\"===t.message&&(r=new URL(s.getAttribute(\"src\")),n=new URL(t.value),c.test(n.protocol))&&n.host===r.host&&l.activeElement===s&&(d.top.location.href=t.value))}},d.addEventListener(\"message\",d.wp.receiveEmbedMessage,!1),l.addEventListener(\"DOMContentLoaded\",function(){for(var e,t,s=l.querySelectorAll(\"iframe.wp-embedded-content\"),r=0;r<s.length;r++)(t=(e=s[r]).getAttribute(\"data-secret\"))||(t=Math.random().toString(36).substring(2,12),e.src+=\"#?secret=\"+t,e.setAttribute(\"data-secret\",t)),e.contentWindow.postMessage({message:\"ready\",secret:t},\"*\")},!1)))}(window,document);\n\/* ]]> *\/\n<\/script>\n"},"_links":{"self":[{"href":"https:\/\/stepienybarno.es\/blog\/wp-json\/wp\/v2\/posts\/28866"}],"collection":[{"href":"https:\/\/stepienybarno.es\/blog\/wp-json\/wp\/v2\/posts"}],"about":[{"href":"https:\/\/stepienybarno.es\/blog\/wp-json\/wp\/v2\/types\/post"}],"author":[{"embeddable":true,"href":"https:\/\/stepienybarno.es\/blog\/wp-json\/wp\/v2\/users\/9"}],"replies":[{"embeddable":true,"href":"https:\/\/stepienybarno.es\/blog\/wp-json\/wp\/v2\/comments?post=28866"}],"version-history":[{"count":1,"href":"https:\/\/stepienybarno.es\/blog\/wp-json\/wp\/v2\/posts\/28866\/revisions"}],"predecessor-version":[{"id":28868,"href":"https:\/\/stepienybarno.es\/blog\/wp-json\/wp\/v2\/posts\/28866\/revisions\/28868"}],"wp:featuredmedia":[{"embeddable":true,"href":"https:\/\/stepienybarno.es\/blog\/wp-json\/wp\/v2\/media\/28867"}],"wp:attachment":[{"href":"https:\/\/stepienybarno.es\/blog\/wp-json\/wp\/v2\/media?parent=28866"}],"wp:term":[{"taxonomy":"category","embeddable":true,"href":"https:\/\/stepienybarno.es\/blog\/wp-json\/wp\/v2\/categories?post=28866"},{"taxonomy":"post_tag","embeddable":true,"href":"https:\/\/stepienybarno.es\/blog\/wp-json\/wp\/v2\/tags?post=28866"},{"taxonomy":"series","embeddable":true,"href":"https:\/\/stepienybarno.es\/blog\/wp-json\/wp\/v2\/series?post=28866"}],"curies":[{"name":"wp","href":"https:\/\/api.w.org\/{rel}","templated":true}]}}