{"id":28929,"date":"2017-08-10T19:21:01","date_gmt":"2017-08-10T17:21:01","guid":{"rendered":"https:\/\/www.stepienybarno.es\/blog\/?p=28929"},"modified":"2017-08-05T11:39:37","modified_gmt":"2017-08-05T09:39:37","slug":"monica-bedmar-fotografa-y-directora-de-arte","status":"publish","type":"post","link":"https:\/\/stepienybarno.es\/blog\/2017\/08\/10\/monica-bedmar-fotografa-y-directora-de-arte\/","title":{"rendered":"M\u00d3NICA BEDMAR, FOT\u00d3GRAFA Y DIRECTORA DE ARTE."},"content":{"rendered":"<p><img loading=\"lazy\" decoding=\"async\" class=\"aligncenter size-full wp-image-28930\" src=\"https:\/\/stepienybarno.es\/blog\/wp-content\/uploads\/2017\/08\/stepienybarno-stepien-y-barno-arquitectura-monica-bedmar-fotografa-diario-design.jpg\" alt=\"stepienybarno-stepien-y-barno-arquitectura-monica-bedmar-fotografa-diario-design\" width=\"500\" height=\"282\" srcset=\"https:\/\/stepienybarno.es\/blog\/wp-content\/uploads\/2017\/08\/stepienybarno-stepien-y-barno-arquitectura-monica-bedmar-fotografa-diario-design.jpg 500w, https:\/\/stepienybarno.es\/blog\/wp-content\/uploads\/2017\/08\/stepienybarno-stepien-y-barno-arquitectura-monica-bedmar-fotografa-diario-design-180x102.jpg 180w, https:\/\/stepienybarno.es\/blog\/wp-content\/uploads\/2017\/08\/stepienybarno-stepien-y-barno-arquitectura-monica-bedmar-fotografa-diario-design-316x178.jpg 316w\" sizes=\"(max-width: 500px) 100vw, 500px\" \/><\/p>\n<p><strong>Desde\u00a0<a href=\"http:\/\/diariodesign.com\/\" target=\"_blank\">Diario Design<\/a><\/strong><\/p>\n<p><!--more--><\/p>\n<p style=\"text-align: justify;\">\u201c<strong>M\u00f3nica Bedmar<\/strong>, fot\u00f3grafa y directora de arte que ha trabajado entre otros para\u00a0<strong style=\"font-style: inherit;\">Kinfolk<\/strong>\u00a0y\u00a0<strong style=\"font-style: inherit;\">Oysho<\/strong>, habita el espacio con la misma sensibilidad con la que dispara las fotos de una campa\u00f1a o toma notas en un cuaderno. Si hay algo que sorprende al entrar en su casa, hablar con ella, o repasar sus trabajos, es la unidad. Cada detalle cuenta una historia, en cada esquina, todo est\u00e1 m\u00e1gicamente en su sitio sin que nada parezca demasiado estudiado. En las notas de la pared, en los detalles en las estanter\u00edas, en su escritorio, lo que encontramos es vida.<\/p>\n<p style=\"text-align: justify;\"><span style=\"font-style: inherit; font-weight: inherit;\">Vida es tambi\u00e9n lo que rebosa su obra,\u00a0<strong style=\"font-style: inherit;\">fotos naturales<\/strong>\u00a0que cuentan una historia, un estilo de vida, la pasi\u00f3n por las peque\u00f1as cosas. M\u00f3nica honra cada objeto que retrata convirti\u00e9ndolo en un momento animado y pausado al mismo tiempo. Podr\u00edamos vivir en cada una de sus postales.<\/span><\/p>\n<p style=\"text-align: justify;\"><strong>\u00bfCu\u00e1les han sido los momentos clave en el desarrollo de tu identidad como fot\u00f3grafa\/creativa?<\/strong><strong><br \/>\n<\/strong>Creo que la identidad es algo que vas forjando desde que naces. Cuando te haces mayor puedes tomar algunas decisiones o interesarte conscientemente por seg\u00fan que \u00e1mbitos o disciplinas, pero desde luego tu familia, tu ciudad, tus experiencias, esas que no controlamos y que son fruto del azar son las que m\u00e1s repercuten en nuestra identidad y por tanto en nuestra manera de ver o entender el mundo y en mi caso expresarlo a trav\u00e9s de la fotograf\u00eda (\u2026)\u201d<\/p>\n<p>&nbsp;<\/p>\n<p style=\"text-align: center;\">\n<p style=\"text-align: center;\"><strong>Accede al art\u00edculo, \u00a0<a href=\"http:\/\/diariodesign.com\/2017\/05\/monica-bedmar-fotografa-y-directora-de-arte-slowkind\/\" target=\"_blank\">AQU\u00cd<\/a><\/strong><\/p>\n<p><strong>\u00a0<\/strong><\/p>\n<p><strong>\u00a0<\/strong><\/p>\n<p>&nbsp;<\/p>\n<p><span style=\"color: #999999;\"><em>Noticia seleccionada por el Canal de arquitectura STEPIENYBARNO.\u00a0<\/em><\/span><\/p>\n<p><a href=\"https:\/\/twitter.com\/stepienybarno\">STEPIENYBARNO EN TWITTER _ @stepienybarno<\/a><\/p>\n<p><a href=\"http:\/\/www.linkedin.com\/company\/stepienybarno\"><em>STEPIENYBARNO EN LINKEDIN<\/em><\/a><\/p>\n<p><a href=\"https:\/\/www.facebook.com\/StepienybarnoCANAL\">STEPIENYBARNO EN FACEBOOK<\/a><\/p>\n<p><span style=\"color: #999999;\"><em>*Stepienybarno est\u00e1 formado por Agnieszka Stepien y Lorenzo Barn\u00f3 y desde mayo del 2009 estamos en la red con\u00a0 la presente publicaci\u00f3n digital (Blog) de arquitectura.<\/em><\/span><\/p>\n<p><span style=\"color: #999999;\"><em>Nuestra actividad se sustenta en tres pilares b\u00e1sicos: la investigaci\u00f3n, la publicaci\u00f3n (comunicaci\u00f3n y difusi\u00f3n) y la redacci\u00f3n de proyectos de arquitectura.<\/em><\/span><\/p>\n<p><span style=\"color: #999999;\"><em>A su vez, somos socios cofundadores de<\/em><\/span><em>\u00a0<\/em><a href=\"http:\/\/sinergiasostenible.org\/\">SINERGIA SOSTENIBLE<\/a><span style=\"color: #999999;\"><em>, redactores de<\/em><em>\u00a0<\/em><\/span><a href=\"http:\/\/www.laciudadviva.org\/blogs\/?author=45\">LA CIUDAD VIVA<\/a><em>\u00a0<\/em><span style=\"color: #999999;\"><em>y directores del blog de<\/em><em>\u00a0<\/em><\/span><a href=\"http:\/\/blogfundacion.arquia.es\/\">FUNDACI\u00d3N ARQUIA<\/a><span style=\"color: #999999;\"><em>.<\/em><\/span><\/p>\n<p><span style=\"color: #999999;\"><em>* Los editores de esta publicaci\u00f3n digital no nos hacemos cargo de de los comentarios y\u00a0 conceptos vertidos en los textos firmados por otras personas, siendo \u00e9stos de responsabilidad exclusiva de sus autores.<\/em><\/span><\/p>\n<p><span style=\"color: #999999;\"><em>* Tu comentario podr\u00e1 ser moderado, por lo tanto, aunque aparezca inmediatamente al ser publicado en la entrada, los editores de esta publicaci\u00f3n digital nos reservamos el derecho tanto de editarlo (si fuera necesario, para hacerlo m\u00e1s legible) como de eliminarlo en el caso de que se usen expresiones incorrectas (descalificaciones, palabras malsonantes\u2026). A su vez, si quieres comentar desde el anonimato puedes hacerlo, aunque, nosotros personalmente, agradecemos que tod@s nos podamos identificar.<\/em><\/span><\/p>\n","protected":false},"excerpt":{"rendered":"<p>Desde\u00a0Diario Design<\/p>\n","protected":false},"author":9,"featured_media":28930,"comment_status":"open","ping_status":"closed","sticky":false,"template":"","format":"standard","meta":{"om_disable_all_campaigns":false,"_monsterinsights_skip_tracking":false,"_monsterinsights_sitenote_active":false,"_monsterinsights_sitenote_note":"","_monsterinsights_sitenote_category":0,"_uf_show_specific_survey":0,"_uf_disable_surveys":false,"episode_type":"","audio_file":"","cover_image":"","cover_image_id":"","duration":"","filesize":"","date_recorded":"","explicit":"","block":"","filesize_raw":"","footnotes":""},"categories":[244],"tags":[3891],"series":[],"class_list":["post-28929","post","type-post","status-publish","format-standard","has-post-thumbnail","hentry","category-canal-de-arquitectura","tag-diario-design"],"aioseo_notices":[],"episode_featured_image":"https:\/\/stepienybarno.es\/blog\/wp-content\/uploads\/2017\/08\/stepienybarno-stepien-y-barno-arquitectura-monica-bedmar-fotografa-diario-design.jpg","episode_player_image":"https:\/\/stepienybarno.es\/blog\/wp-content\/uploads\/2020\/11\/stepienybarno-podcast-scaled.jpg","download_link":"","player_link":"","audio_player":false,"episode_data":{"playerMode":"dark","subscribeUrls":[],"rssFeedUrl":"https:\/\/stepienybarno.es\/blog\/feed\/podcast\/podcast-de-stepienybarno","embedCode":"<blockquote class=\"wp-embedded-content\" data-secret=\"5j1BYm7Xs7\"><a href=\"https:\/\/stepienybarno.es\/blog\/2017\/08\/10\/monica-bedmar-fotografa-y-directora-de-arte\/\">M\u00d3NICA BEDMAR, FOT\u00d3GRAFA Y DIRECTORA DE ARTE.<\/a><\/blockquote><iframe sandbox=\"allow-scripts\" security=\"restricted\" src=\"https:\/\/stepienybarno.es\/blog\/2017\/08\/10\/monica-bedmar-fotografa-y-directora-de-arte\/embed\/#?secret=5j1BYm7Xs7\" width=\"500\" height=\"350\" title=\"\u00abM\u00d3NICA BEDMAR, FOT\u00d3GRAFA Y DIRECTORA DE ARTE.\u00bb \u2014 Blog de STEPIEN Y BARNO - publicaci\u00f3n digital sobre arquitectura\" data-secret=\"5j1BYm7Xs7\" frameborder=\"0\" marginwidth=\"0\" marginheight=\"0\" scrolling=\"no\" class=\"wp-embedded-content\"><\/iframe><script type=\"text\/javascript\">\n\/* <![CDATA[ *\/\n\/*! This file is auto-generated *\/\n!function(d,l){\"use strict\";l.querySelector&&d.addEventListener&&\"undefined\"!=typeof URL&&(d.wp=d.wp||{},d.wp.receiveEmbedMessage||(d.wp.receiveEmbedMessage=function(e){var t=e.data;if((t||t.secret||t.message||t.value)&&!\/[^a-zA-Z0-9]\/.test(t.secret)){for(var s,r,n,a=l.querySelectorAll('iframe[data-secret=\"'+t.secret+'\"]'),o=l.querySelectorAll('blockquote[data-secret=\"'+t.secret+'\"]'),c=new RegExp(\"^https?:$\",\"i\"),i=0;i<o.length;i++)o[i].style.display=\"none\";for(i=0;i<a.length;i++)s=a[i],e.source===s.contentWindow&&(s.removeAttribute(\"style\"),\"height\"===t.message?(1e3<(r=parseInt(t.value,10))?r=1e3:~~r<200&&(r=200),s.height=r):\"link\"===t.message&&(r=new URL(s.getAttribute(\"src\")),n=new URL(t.value),c.test(n.protocol))&&n.host===r.host&&l.activeElement===s&&(d.top.location.href=t.value))}},d.addEventListener(\"message\",d.wp.receiveEmbedMessage,!1),l.addEventListener(\"DOMContentLoaded\",function(){for(var e,t,s=l.querySelectorAll(\"iframe.wp-embedded-content\"),r=0;r<s.length;r++)(t=(e=s[r]).getAttribute(\"data-secret\"))||(t=Math.random().toString(36).substring(2,12),e.src+=\"#?secret=\"+t,e.setAttribute(\"data-secret\",t)),e.contentWindow.postMessage({message:\"ready\",secret:t},\"*\")},!1)))}(window,document);\n\/* ]]> *\/\n<\/script>\n"},"_links":{"self":[{"href":"https:\/\/stepienybarno.es\/blog\/wp-json\/wp\/v2\/posts\/28929"}],"collection":[{"href":"https:\/\/stepienybarno.es\/blog\/wp-json\/wp\/v2\/posts"}],"about":[{"href":"https:\/\/stepienybarno.es\/blog\/wp-json\/wp\/v2\/types\/post"}],"author":[{"embeddable":true,"href":"https:\/\/stepienybarno.es\/blog\/wp-json\/wp\/v2\/users\/9"}],"replies":[{"embeddable":true,"href":"https:\/\/stepienybarno.es\/blog\/wp-json\/wp\/v2\/comments?post=28929"}],"version-history":[{"count":1,"href":"https:\/\/stepienybarno.es\/blog\/wp-json\/wp\/v2\/posts\/28929\/revisions"}],"predecessor-version":[{"id":28931,"href":"https:\/\/stepienybarno.es\/blog\/wp-json\/wp\/v2\/posts\/28929\/revisions\/28931"}],"wp:featuredmedia":[{"embeddable":true,"href":"https:\/\/stepienybarno.es\/blog\/wp-json\/wp\/v2\/media\/28930"}],"wp:attachment":[{"href":"https:\/\/stepienybarno.es\/blog\/wp-json\/wp\/v2\/media?parent=28929"}],"wp:term":[{"taxonomy":"category","embeddable":true,"href":"https:\/\/stepienybarno.es\/blog\/wp-json\/wp\/v2\/categories?post=28929"},{"taxonomy":"post_tag","embeddable":true,"href":"https:\/\/stepienybarno.es\/blog\/wp-json\/wp\/v2\/tags?post=28929"},{"taxonomy":"series","embeddable":true,"href":"https:\/\/stepienybarno.es\/blog\/wp-json\/wp\/v2\/series?post=28929"}],"curies":[{"name":"wp","href":"https:\/\/api.w.org\/{rel}","templated":true}]}}