{"id":28932,"date":"2017-08-11T19:21:54","date_gmt":"2017-08-11T17:21:54","guid":{"rendered":"https:\/\/www.stepienybarno.es\/blog\/?p=28932"},"modified":"2017-08-05T11:48:30","modified_gmt":"2017-08-05T09:48:30","slug":"manuales-de-accesibilidad-y-diseno-universal-para-consultar-ahora-mismo-en-espanol","status":"publish","type":"post","link":"https:\/\/stepienybarno.es\/blog\/2017\/08\/11\/manuales-de-accesibilidad-y-diseno-universal-para-consultar-ahora-mismo-en-espanol\/","title":{"rendered":"MANUALES DE ACCESIBILIDAD Y DISE\u00d1O UNIVERSAL PARA CONSULTAR AHORA MISMO (EN ESPA\u00d1OL)"},"content":{"rendered":"<p><img loading=\"lazy\" decoding=\"async\" class=\"aligncenter size-full wp-image-28933\" src=\"https:\/\/stepienybarno.es\/blog\/wp-content\/uploads\/2017\/08\/stepienybarno-stepien-y-barno-arquitectura-jose-tomas-franco-plataforma-arquitectura-guias.jpg\" alt=\"stepienybarno-stepien-y-barno-arquitectura-jose-tomas-franco-plataforma-arquitectura-guias\" width=\"500\" height=\"313\" srcset=\"https:\/\/stepienybarno.es\/blog\/wp-content\/uploads\/2017\/08\/stepienybarno-stepien-y-barno-arquitectura-jose-tomas-franco-plataforma-arquitectura-guias.jpg 500w, https:\/\/stepienybarno.es\/blog\/wp-content\/uploads\/2017\/08\/stepienybarno-stepien-y-barno-arquitectura-jose-tomas-franco-plataforma-arquitectura-guias-180x113.jpg 180w, https:\/\/stepienybarno.es\/blog\/wp-content\/uploads\/2017\/08\/stepienybarno-stepien-y-barno-arquitectura-jose-tomas-franco-plataforma-arquitectura-guias-316x198.jpg 316w\" sizes=\"(max-width: 500px) 100vw, 500px\" \/><\/p>\n<p><strong>Por <a href=\"http:\/\/www.plataformaarquitectura.cl\/cl\/author\/jose-tomas-franco\" target=\"_blank\">Jos\u00e9 Tom\u00e1s Franco<\/a><\/strong><\/p>\n<p><strong>Desde <a href=\"http:\/\/www.plataformaarquitectura.cl\/\" target=\"_blank\">Plataforma Arquitectura<\/a><\/strong><\/p>\n<p><!--more--><\/p>\n<p>\u201cCon el objetivo de difundir y facilitar el acceso al material relacionado con la\u00a0<a style=\"font-style: inherit; font-weight: inherit;\" href=\"http:\/\/www.plataformaarquitectura.cl\/cl\/tag\/diseno-universal\">accesibilidad y el dise\u00f1o universal<\/a>, hemos recopilado una serie de manuales que te pueden ayudar a incorporar estos importantes conceptos en tu pr\u00f3ximo proyecto.<\/p>\n<p>Estos documentos, publicados en formato PDF,\u00a0han sido liberados por instituciones, corporaciones y otras organizaciones locales, y se refieren a la realidad de cada pa\u00eds seg\u00fan sus leyes y normativas.<\/p>\n<h3><a style=\"font-style: inherit; font-weight: inherit;\" href=\"http:\/\/www.data.seduvi.cdmx.gob.mx\/portal\/images\/banners\/banner_derecho\/documentos\/Manual_Normas_Tecnicas_Accesibilidad_2016.pdf\">Manual Normas T\u00e9cnicas Accesibilidad 2016 \/ Ciudad de M\u00e9xico, M\u00e9xico<\/a><\/h3>\n<p>V\u00eda\u00a0<a style=\"font-style: inherit; font-weight: inherit;\" href=\"http:\/\/www.seduvi.cdmx.gob.mx\/\">CDMX \/ Secretar\u00eda de Desarrollo Urbano y Vivienda<\/a> (\u2026)\u201d<\/p>\n<p>&nbsp;<\/p>\n<p>&nbsp;<\/p>\n<p style=\"text-align: center;\"><strong>Accede \u00a0a los manuales, <a href=\"http:\/\/www.plataformaarquitectura.cl\/cl\/871028\/manuales-de-accesibilidad-y-diseno-universal-para-consultar-ahora-mismo-en-espanol?ad_medium=widget&amp;ad_name=most-visited-index\" target=\"_blank\">AQU\u00cd<\/a><\/strong><\/p>\n<p><strong>\u00a0<\/strong><\/p>\n<p><strong>\u00a0<\/strong><\/p>\n<p>&nbsp;<\/p>\n<p><span style=\"color: #999999;\"><em>Noticia seleccionada por el Canal de arquitectura STEPIENYBARNO.\u00a0<\/em><\/span><\/p>\n<p><a href=\"https:\/\/twitter.com\/stepienybarno\"><em>STEPIENYBARNO EN TWITTER _ @stepienybarno<\/em><\/a><\/p>\n<p><a href=\"http:\/\/www.linkedin.com\/company\/stepienybarno\"><em>STEPIENYBARNO EN LINKEDIN<\/em><\/a><\/p>\n<p><a href=\"https:\/\/www.facebook.com\/StepienybarnoCANAL\"><em>STEPIENYBARNO EN FACEBOOK<\/em><\/a><\/p>\n<p><span style=\"color: #999999;\"><em>*Stepienybarno est\u00e1 formado por Agnieszka Stepien y Lorenzo Barn\u00f3 y desde mayo del 2009 estamos en la red con\u00a0 la presente publicaci\u00f3n digital (Blog) de arquitectura.<\/em><\/span><\/p>\n<p><span style=\"color: #999999;\"><em>Nuestra actividad se sustenta en tres pilares b\u00e1sicos: la investigaci\u00f3n, la publicaci\u00f3n (comunicaci\u00f3n y difusi\u00f3n) y la redacci\u00f3n de proyectos de arquitectura.<\/em><\/span><\/p>\n<p><span style=\"color: #999999;\"><em>A su vez, somos socios cofundadores de<\/em><\/span><em>\u00a0<\/em><a href=\"http:\/\/sinergiasostenible.org\/\"><em>SINERGIA SOSTENIBLE<\/em><\/a><span style=\"color: #999999;\"><em>, redactores de<\/em><\/span><em>\u00a0<\/em><a href=\"http:\/\/www.laciudadviva.org\/blogs\/?author=45\"><em>LA CIUDAD VIVA<\/em><\/a><em>\u00a0<\/em><span style=\"color: #999999;\"><em>y directores del blog de<\/em><em>\u00a0<\/em><\/span><a href=\"http:\/\/blogfundacion.arquia.es\/\"><em>FUNDACI\u00d3N ARQUIA<\/em><\/a><span style=\"color: #999999;\"><em>.<\/em><\/span><\/p>\n<p><span style=\"color: #999999;\"><em>* Los editores de esta publicaci\u00f3n digital no nos hacemos cargo de de los comentarios y\u00a0 conceptos vertidos en los textos firmados por otras personas, siendo \u00e9stos de responsabilidad exclusiva de sus autores.<\/em><\/span><\/p>\n<p><span style=\"color: #999999;\"><em>* Tu comentario podr\u00e1 ser moderado, por lo tanto, aunque aparezca inmediatamente al ser publicado en la entrada, los editores de esta publicaci\u00f3n digital nos reservamos el derecho tanto de editarlo (si fuera necesario, para hacerlo m\u00e1s legible) como de eliminarlo en el caso de que se usen expresiones incorrectas (descalificaciones, palabras malsonantes\u2026). A su vez, si quieres comentar desde el anonimato puedes hacerlo, aunque, nosotros personalmente, agradecemos que tod@s nos podamos identificar.<\/em><\/span><\/p>\n","protected":false},"excerpt":{"rendered":"<p>Por Jos\u00e9 Tom\u00e1s Franco Desde Plataforma Arquitectura<\/p>\n","protected":false},"author":9,"featured_media":28933,"comment_status":"open","ping_status":"closed","sticky":false,"template":"","format":"standard","meta":{"om_disable_all_campaigns":false,"_monsterinsights_skip_tracking":false,"_monsterinsights_sitenote_active":false,"_monsterinsights_sitenote_note":"","_monsterinsights_sitenote_category":0,"_uf_show_specific_survey":0,"_uf_disable_surveys":false,"episode_type":"","audio_file":"","cover_image":"","cover_image_id":"","duration":"","filesize":"","date_recorded":"","explicit":"","block":"","filesize_raw":"","footnotes":""},"categories":[244],"tags":[2189,921],"series":[],"class_list":["post-28932","post","type-post","status-publish","format-standard","has-post-thumbnail","hentry","category-canal-de-arquitectura","tag-jose-tomas-franco","tag-plataforma-arquitectura"],"aioseo_notices":[],"episode_featured_image":"https:\/\/stepienybarno.es\/blog\/wp-content\/uploads\/2017\/08\/stepienybarno-stepien-y-barno-arquitectura-jose-tomas-franco-plataforma-arquitectura-guias.jpg","episode_player_image":"https:\/\/stepienybarno.es\/blog\/wp-content\/uploads\/2020\/11\/stepienybarno-podcast-scaled.jpg","download_link":"","player_link":"","audio_player":false,"episode_data":{"playerMode":"dark","subscribeUrls":[],"rssFeedUrl":"https:\/\/stepienybarno.es\/blog\/feed\/podcast\/podcast-de-stepienybarno","embedCode":"<blockquote class=\"wp-embedded-content\" data-secret=\"5Lz8Dt3hjw\"><a href=\"https:\/\/stepienybarno.es\/blog\/2017\/08\/11\/manuales-de-accesibilidad-y-diseno-universal-para-consultar-ahora-mismo-en-espanol\/\">MANUALES DE ACCESIBILIDAD Y DISE\u00d1O UNIVERSAL PARA CONSULTAR AHORA MISMO (EN ESPA\u00d1OL)<\/a><\/blockquote><iframe sandbox=\"allow-scripts\" security=\"restricted\" src=\"https:\/\/stepienybarno.es\/blog\/2017\/08\/11\/manuales-de-accesibilidad-y-diseno-universal-para-consultar-ahora-mismo-en-espanol\/embed\/#?secret=5Lz8Dt3hjw\" width=\"500\" height=\"350\" title=\"\u00abMANUALES DE ACCESIBILIDAD Y DISE\u00d1O UNIVERSAL PARA CONSULTAR AHORA MISMO (EN ESPA\u00d1OL)\u00bb \u2014 Blog de STEPIEN Y BARNO - publicaci\u00f3n digital sobre arquitectura\" data-secret=\"5Lz8Dt3hjw\" frameborder=\"0\" marginwidth=\"0\" marginheight=\"0\" scrolling=\"no\" class=\"wp-embedded-content\"><\/iframe><script type=\"text\/javascript\">\n\/* <![CDATA[ *\/\n\/*! This file is auto-generated *\/\n!function(d,l){\"use strict\";l.querySelector&&d.addEventListener&&\"undefined\"!=typeof URL&&(d.wp=d.wp||{},d.wp.receiveEmbedMessage||(d.wp.receiveEmbedMessage=function(e){var t=e.data;if((t||t.secret||t.message||t.value)&&!\/[^a-zA-Z0-9]\/.test(t.secret)){for(var s,r,n,a=l.querySelectorAll('iframe[data-secret=\"'+t.secret+'\"]'),o=l.querySelectorAll('blockquote[data-secret=\"'+t.secret+'\"]'),c=new RegExp(\"^https?:$\",\"i\"),i=0;i<o.length;i++)o[i].style.display=\"none\";for(i=0;i<a.length;i++)s=a[i],e.source===s.contentWindow&&(s.removeAttribute(\"style\"),\"height\"===t.message?(1e3<(r=parseInt(t.value,10))?r=1e3:~~r<200&&(r=200),s.height=r):\"link\"===t.message&&(r=new URL(s.getAttribute(\"src\")),n=new URL(t.value),c.test(n.protocol))&&n.host===r.host&&l.activeElement===s&&(d.top.location.href=t.value))}},d.addEventListener(\"message\",d.wp.receiveEmbedMessage,!1),l.addEventListener(\"DOMContentLoaded\",function(){for(var e,t,s=l.querySelectorAll(\"iframe.wp-embedded-content\"),r=0;r<s.length;r++)(t=(e=s[r]).getAttribute(\"data-secret\"))||(t=Math.random().toString(36).substring(2,12),e.src+=\"#?secret=\"+t,e.setAttribute(\"data-secret\",t)),e.contentWindow.postMessage({message:\"ready\",secret:t},\"*\")},!1)))}(window,document);\n\/* ]]> *\/\n<\/script>\n"},"_links":{"self":[{"href":"https:\/\/stepienybarno.es\/blog\/wp-json\/wp\/v2\/posts\/28932"}],"collection":[{"href":"https:\/\/stepienybarno.es\/blog\/wp-json\/wp\/v2\/posts"}],"about":[{"href":"https:\/\/stepienybarno.es\/blog\/wp-json\/wp\/v2\/types\/post"}],"author":[{"embeddable":true,"href":"https:\/\/stepienybarno.es\/blog\/wp-json\/wp\/v2\/users\/9"}],"replies":[{"embeddable":true,"href":"https:\/\/stepienybarno.es\/blog\/wp-json\/wp\/v2\/comments?post=28932"}],"version-history":[{"count":1,"href":"https:\/\/stepienybarno.es\/blog\/wp-json\/wp\/v2\/posts\/28932\/revisions"}],"predecessor-version":[{"id":28934,"href":"https:\/\/stepienybarno.es\/blog\/wp-json\/wp\/v2\/posts\/28932\/revisions\/28934"}],"wp:featuredmedia":[{"embeddable":true,"href":"https:\/\/stepienybarno.es\/blog\/wp-json\/wp\/v2\/media\/28933"}],"wp:attachment":[{"href":"https:\/\/stepienybarno.es\/blog\/wp-json\/wp\/v2\/media?parent=28932"}],"wp:term":[{"taxonomy":"category","embeddable":true,"href":"https:\/\/stepienybarno.es\/blog\/wp-json\/wp\/v2\/categories?post=28932"},{"taxonomy":"post_tag","embeddable":true,"href":"https:\/\/stepienybarno.es\/blog\/wp-json\/wp\/v2\/tags?post=28932"},{"taxonomy":"series","embeddable":true,"href":"https:\/\/stepienybarno.es\/blog\/wp-json\/wp\/v2\/series?post=28932"}],"curies":[{"name":"wp","href":"https:\/\/api.w.org\/{rel}","templated":true}]}}