{"id":28945,"date":"2021-10-28T08:05:28","date_gmt":"2021-10-28T06:05:28","guid":{"rendered":"https:\/\/www.stepienybarno.es\/blog\/?p=28945"},"modified":"2021-10-28T09:10:14","modified_gmt":"2021-10-28T07:10:14","slug":"cambiar-la-educacion-para-cambiar-la-ciudad-_-parte-12","status":"publish","type":"post","link":"https:\/\/stepienybarno.es\/blog\/2021\/10\/28\/cambiar-la-educacion-para-cambiar-la-ciudad-_-parte-12\/","title":{"rendered":"CAMBIAR LA EDUCACI\u00d3N PARA CAMBIAR LA CIUDAD _ Parte 1\/2."},"content":{"rendered":"<p style=\"text-align: center;\"><u><img loading=\"lazy\" decoding=\"async\" class=\"alignnone size-full wp-image-28946\" src=\"https:\/\/stepienybarno.es\/blog\/wp-content\/uploads\/2017\/08\/0.-BEAUDOUIN-LODS-_-STEPIENYBARNO-_-LA-CIUDAD-VIVA-.jpg\" alt=\"0. BEAUDOUIN LODS _ STEPIENYBARNO _ LA CIUDAD VIVA\" width=\"750\" height=\"512\" srcset=\"https:\/\/stepienybarno.es\/blog\/wp-content\/uploads\/2017\/08\/0.-BEAUDOUIN-LODS-_-STEPIENYBARNO-_-LA-CIUDAD-VIVA-.jpg 750w, https:\/\/stepienybarno.es\/blog\/wp-content\/uploads\/2017\/08\/0.-BEAUDOUIN-LODS-_-STEPIENYBARNO-_-LA-CIUDAD-VIVA--180x123.jpg 180w, https:\/\/stepienybarno.es\/blog\/wp-content\/uploads\/2017\/08\/0.-BEAUDOUIN-LODS-_-STEPIENYBARNO-_-LA-CIUDAD-VIVA--550x375.jpg 550w, https:\/\/stepienybarno.es\/blog\/wp-content\/uploads\/2017\/08\/0.-BEAUDOUIN-LODS-_-STEPIENYBARNO-_-LA-CIUDAD-VIVA--316x216.jpg 316w\" sizes=\"(max-width: 750px) 100vw, 750px\" \/><\/u><\/p>\n<p>Con el presente post queremos hacer un breve repaso de lo que entendemos, desde <a href=\"https:\/\/stepienybarno.es\/blog\/\">Stepienybarno<\/a>, que son algunas claves dentro del mundo de la educaci\u00f3n y los edificios educaciones, y que, a su vez, \u00a0pueden resultar\u00a0 determinantes a la hora de tener ciudades m\u00e1s sanas y habitables. Para ello, nos distanciaremos lo suficiente, en el tiempo y en el espacio, para intentar tener una visi\u00f3n global del tema en cuesti\u00f3n.<\/p>\n<p>As\u00ed, la entrada de hoy es la primera parte del\u00a0 art\u00edculo que hemos escrito al respecto y, en ella, nos centraremos en un periodo que va desde principios de siglo XX hasta los a\u00f1os ochenta.<\/p>\n<p>En la segunda parte del mismo, nos meteremos de lleno en nuestra contemporaneidad, analizando nuevas tendencias como puede ser el\u00a0 <em>edupunk<\/em> o educaci\u00f3n expandida.<\/p>\n<p>Esperamos que nuestra aportaci\u00f3n sea de vuestro inter\u00e9s y, como siempre, esperamos vuestros comentarios al respecto.<\/p>\n<p><!--more--><\/p>\n<p>&nbsp;<\/p>\n<p>Uno de nuestros pensadores de referencia,<strong><em> <a href=\"http:\/\/www.fundacionclaudionaranjo.com\/\">Claudio Naranjo<\/a><\/em><\/strong>, public\u00f3, en a\u00f1o 2004, un recomendable libro bajo el t\u00edtulo, \u201cCambiar la educaci\u00f3n para cambiar el mundo\u201d y que nos sirve para dar t\u00edtulo al presente post. En \u00e9l defiende que mucho m\u00e1s importante que la propia arquitectura de las aulas o, incluso, los sistemas pedag\u00f3gicos actuales, son los maestros y profesores que imparten las clases. Seg\u00fan el psiquiatra chileno, vivimos en una sociedad enferma, en la que las personas nos hemos \u201cdescentrado\u201d y alejado de nuestra verdadera esencia. <strong>Mejorar en el conocimiento de uno mismo y evolucionar como personas es requisito imprescindible para que quienes sean\u00a0 los facilitadores del conocimiento puedan transmitir valores, sabidur\u00eda y serenidad a sus j\u00f3venes pupilos<\/strong>.<\/p>\n<p>As\u00ed, son las personas y no las cosas ni los m\u00e9todos las que se han poner en un primer plano para que la \u00a0educaci\u00f3n evolucione y, en consecuencia, esta maltrecha sociedad tenga mayores opciones de mejorar en un futuro cercano.<\/p>\n<p>&nbsp;<\/p>\n<p style=\"text-align: center;\"><img loading=\"lazy\" decoding=\"async\" class=\"alignnone size-full wp-image-28947\" src=\"https:\/\/stepienybarno.es\/blog\/wp-content\/uploads\/2017\/08\/1.-CLAUDIO-NARANJO-cambiar-educaci\u00f3n-_-STEPIENYBARNO-_-LA-CIUDAD-VIVA-.jpg\" alt=\"1. CLAUDIO NARANJO cambiar educaci\u00f3n _ STEPIENYBARNO _ LA CIUDAD VIVA\" width=\"500\" height=\"301\" srcset=\"https:\/\/stepienybarno.es\/blog\/wp-content\/uploads\/2017\/08\/1.-CLAUDIO-NARANJO-cambiar-educaci\u00f3n-_-STEPIENYBARNO-_-LA-CIUDAD-VIVA-.jpg 500w, https:\/\/stepienybarno.es\/blog\/wp-content\/uploads\/2017\/08\/1.-CLAUDIO-NARANJO-cambiar-educaci\u00f3n-_-STEPIENYBARNO-_-LA-CIUDAD-VIVA--180x108.jpg 180w, https:\/\/stepienybarno.es\/blog\/wp-content\/uploads\/2017\/08\/1.-CLAUDIO-NARANJO-cambiar-educaci\u00f3n-_-STEPIENYBARNO-_-LA-CIUDAD-VIVA--316x190.jpg 316w\" sizes=\"(max-width: 500px) 100vw, 500px\" \/><\/p>\n<p>&nbsp;<\/p>\n<p>A su vez, acercando el tema a territorios m\u00e1s arquitect\u00f3nicos, era <strong><u>Louis Kahn<\/u><\/strong> quien contaba que la primera escuela no tuvo lugar entre cuatro paredes, sino que, <strong>\u201c<\/strong><strong><a href=\"https:\/\/stepienybarno.es\/blog\/2010\/04\/26\/la-ensenanza-segun-louis-kahn\/\">comenz\u00f3 con un hombre bajo un \u00e1rbol, un hombre que no sab\u00eda que era un maestro, y que se puso a discutir de lo que hab\u00eda comprendido con algunos otros, que no sab\u00edan que eran estudiantes<\/a><\/strong><strong>\u201d<\/strong>. Igualmente, Kahn insiste en que el problema de las escuelas es que han perdido el norte y han olvidado esa esencia con la que surgieron. Por lo tanto, comenta que, es imprescindible volver a retomar el contacto con la naturaleza para humanizar nuestros centros de ense\u00f1anza.<\/p>\n<p>&nbsp;<\/p>\n<p>As\u00ed que, si rebobinamos en el tiempo, y nos vamos a principios de siglo pasado, justo despu\u00e9s de la Primera Guerra Mundial, en Alemania encontraremos varios ejemplos en los que se comenzaron a plantear el tema de manera muy diferente. En un momento dado, <strong>se preguntaron<\/strong> <strong>cu\u00e1l ser\u00eda la \u00a0mejor manera de sanar a los cientos de ni\u00f1os enfermos que poblaban sus \u00a0da\u00f1adas urbes<\/strong>. La respuesta, para los tiempos que corr\u00edan fue totalmente revolucionaria: crear centros en plena naturaleza en los que gracias al contacto con el agua, la vegetaci\u00f3n y, especialmente, con el sol estos peque\u00f1os mejorasen de sus enfermedades. De esta forma, <strong>en paralelo a la salud, aparecieron nuevos m\u00e9todos de ense\u00f1anza con las denominadas \u201cEscuelas al aire libre\u201d; <\/strong>un primer germen de lo que ser\u00eda uno de los temas centrales en la evoluci\u00f3n de las escuelas del siglo XX.<\/p>\n<p>&nbsp;<\/p>\n<p style=\"text-align: center;\"><img loading=\"lazy\" decoding=\"async\" class=\"alignnone size-full wp-image-28948\" src=\"https:\/\/stepienybarno.es\/blog\/wp-content\/uploads\/2017\/08\/2.-escuelas-aire-libre-_-STEPIENYBARNO-_-LA-CIUDAD-VIVA-.jpg\" alt=\"2. escuelas aire libre _ STEPIENYBARNO _ LA CIUDAD VIVA\" width=\"500\" height=\"311\" srcset=\"https:\/\/stepienybarno.es\/blog\/wp-content\/uploads\/2017\/08\/2.-escuelas-aire-libre-_-STEPIENYBARNO-_-LA-CIUDAD-VIVA-.jpg 500w, https:\/\/stepienybarno.es\/blog\/wp-content\/uploads\/2017\/08\/2.-escuelas-aire-libre-_-STEPIENYBARNO-_-LA-CIUDAD-VIVA--180x112.jpg 180w, https:\/\/stepienybarno.es\/blog\/wp-content\/uploads\/2017\/08\/2.-escuelas-aire-libre-_-STEPIENYBARNO-_-LA-CIUDAD-VIVA--316x197.jpg 316w\" sizes=\"(max-width: 500px) 100vw, 500px\" \/><\/p>\n<p style=\"text-align: center;\"><span style=\"color: #808080;\">Escuelas al aire libre.<\/span><\/p>\n<p>&nbsp;<\/p>\n<p>Curiosamente, no fueron los grandes maestros de la arquitectura moderna los primeros en \u201ctraducir\u201d estas ideas de aire naturalista a una arquitectura m\u00e1s acad\u00e9mica. En realidad, uno de los primeros proyectos en los que la innovadora tecnolog\u00eda del acero y el vidrio posibilitaba cumplir los sue\u00f1os de una arquitectura en la que la luz natural pasaba a ser la protagonista absoluta del espacio fue, en 1935, el edificio del \u201c<em>Instituto Escuela<\/em>\u201d de la pareja de arquitectos madrile\u00f1os <strong><em>Armiches y Dom\u00ednguez<\/em><\/strong>.<\/p>\n<p>Este proyecto, como pod\u00e9is ver en las im\u00e1genes que publicamos a continuaci\u00f3n,\u00a0 apuesta por una serie de paneles m\u00f3viles que dan a las aulas una flexibilidad hasta entonces impensable. A su vez, se posibilita la ventilaci\u00f3n cruzada e iluminaci\u00f3n doble con una secci\u00f3n que garantiza una luz homog\u00e9nea en toda el aula (adelant\u00e1ndose 15 a\u00f1os a la famosa secci\u00f3n de Arne Jacobsen). As\u00ed, <strong>ante esta comuni\u00f3n entre cultura y educaci\u00f3n y una t\u00e9cnica al servicio de la sociedad, comienza una nueva para la arquitectura del siglo XX.<\/strong><\/p>\n<p>&nbsp;<\/p>\n<p style=\"text-align: center;\"><img loading=\"lazy\" decoding=\"async\" class=\"alignnone size-full wp-image-28949\" src=\"https:\/\/stepienybarno.es\/blog\/wp-content\/uploads\/2017\/08\/3.1-Instituto-Escuela-de-Armiches-y-Dom\u00ednguez-FLEXIBILIDAD-_-STEPIENYBARNO-_-LA-CIUDAD-VIVA-.jpg\" alt=\"3.1 Instituto Escuela de Armiches y Dom\u00ednguez FLEXIBILIDAD _ STEPIENYBARNO _ LA CIUDAD VIVA\" width=\"500\" height=\"301\" srcset=\"https:\/\/stepienybarno.es\/blog\/wp-content\/uploads\/2017\/08\/3.1-Instituto-Escuela-de-Armiches-y-Dom\u00ednguez-FLEXIBILIDAD-_-STEPIENYBARNO-_-LA-CIUDAD-VIVA-.jpg 500w, https:\/\/stepienybarno.es\/blog\/wp-content\/uploads\/2017\/08\/3.1-Instituto-Escuela-de-Armiches-y-Dom\u00ednguez-FLEXIBILIDAD-_-STEPIENYBARNO-_-LA-CIUDAD-VIVA--180x108.jpg 180w, https:\/\/stepienybarno.es\/blog\/wp-content\/uploads\/2017\/08\/3.1-Instituto-Escuela-de-Armiches-y-Dom\u00ednguez-FLEXIBILIDAD-_-STEPIENYBARNO-_-LA-CIUDAD-VIVA--316x190.jpg 316w\" sizes=\"(max-width: 500px) 100vw, 500px\" \/><\/p>\n<p style=\"text-align: center;\"><img loading=\"lazy\" decoding=\"async\" class=\"alignnone size-full wp-image-28950\" src=\"https:\/\/stepienybarno.es\/blog\/wp-content\/uploads\/2017\/08\/3.2-Instituto-Escuela-de-Armiches-y-Dom\u00ednguez-AULA-LUZ-_-STEPIENYBARNO-_-LA-CIUDAD-VIVA-.jpg\" alt=\"3.2 Instituto Escuela de Armiches y Dom\u00ednguez AULA LUZ _ STEPIENYBARNO _ LA CIUDAD VIVA\" width=\"500\" height=\"319\" srcset=\"https:\/\/stepienybarno.es\/blog\/wp-content\/uploads\/2017\/08\/3.2-Instituto-Escuela-de-Armiches-y-Dom\u00ednguez-AULA-LUZ-_-STEPIENYBARNO-_-LA-CIUDAD-VIVA-.jpg 500w, https:\/\/stepienybarno.es\/blog\/wp-content\/uploads\/2017\/08\/3.2-Instituto-Escuela-de-Armiches-y-Dom\u00ednguez-AULA-LUZ-_-STEPIENYBARNO-_-LA-CIUDAD-VIVA--180x115.jpg 180w, https:\/\/stepienybarno.es\/blog\/wp-content\/uploads\/2017\/08\/3.2-Instituto-Escuela-de-Armiches-y-Dom\u00ednguez-AULA-LUZ-_-STEPIENYBARNO-_-LA-CIUDAD-VIVA--316x202.jpg 316w\" sizes=\"(max-width: 500px) 100vw, 500px\" \/><\/p>\n<p style=\"text-align: center;\"><img loading=\"lazy\" decoding=\"async\" class=\"alignnone size-full wp-image-28951\" src=\"https:\/\/stepienybarno.es\/blog\/wp-content\/uploads\/2017\/08\/3.3-Instituto-Escuela-de-Armiches-y-Dom\u00ednguez-SECCION-_-STEPIENYBARNO-_-LA-CIUDAD-VIVA-.jpg\" alt=\"3.3 Instituto Escuela de Armiches y Dom\u00ednguez SECCION _ STEPIENYBARNO _ LA CIUDAD VIVA\" width=\"500\" height=\"203\" srcset=\"https:\/\/stepienybarno.es\/blog\/wp-content\/uploads\/2017\/08\/3.3-Instituto-Escuela-de-Armiches-y-Dom\u00ednguez-SECCION-_-STEPIENYBARNO-_-LA-CIUDAD-VIVA-.jpg 500w, https:\/\/stepienybarno.es\/blog\/wp-content\/uploads\/2017\/08\/3.3-Instituto-Escuela-de-Armiches-y-Dom\u00ednguez-SECCION-_-STEPIENYBARNO-_-LA-CIUDAD-VIVA--180x73.jpg 180w, https:\/\/stepienybarno.es\/blog\/wp-content\/uploads\/2017\/08\/3.3-Instituto-Escuela-de-Armiches-y-Dom\u00ednguez-SECCION-_-STEPIENYBARNO-_-LA-CIUDAD-VIVA--316x128.jpg 316w\" sizes=\"(max-width: 500px) 100vw, 500px\" \/><\/p>\n<p style=\"text-align: center;\"><span style=\"color: #808080;\">\u201cInstituto Escuela\u201d de Armiches y Dom\u00ednguez, 1935.<\/span><\/p>\n<p style=\"text-align: center;\"><img loading=\"lazy\" decoding=\"async\" class=\"alignnone size-full wp-image-28952\" src=\"https:\/\/stepienybarno.es\/blog\/wp-content\/uploads\/2017\/08\/4.1-ARNE-JACOBSEN-SECCION-ESCUELA-SECCION-MunkegArd-_-STEPIENYBARNO-_-LA-CIUDAD-VIVA-.jpg\" alt=\"4.1 ARNE JACOBSEN SECCION ESCUELA SECCION MunkegArd _ STEPIENYBARNO _ LA CIUDAD VIVA\" width=\"500\" height=\"195\" srcset=\"https:\/\/stepienybarno.es\/blog\/wp-content\/uploads\/2017\/08\/4.1-ARNE-JACOBSEN-SECCION-ESCUELA-SECCION-MunkegArd-_-STEPIENYBARNO-_-LA-CIUDAD-VIVA-.jpg 500w, https:\/\/stepienybarno.es\/blog\/wp-content\/uploads\/2017\/08\/4.1-ARNE-JACOBSEN-SECCION-ESCUELA-SECCION-MunkegArd-_-STEPIENYBARNO-_-LA-CIUDAD-VIVA--180x70.jpg 180w, https:\/\/stepienybarno.es\/blog\/wp-content\/uploads\/2017\/08\/4.1-ARNE-JACOBSEN-SECCION-ESCUELA-SECCION-MunkegArd-_-STEPIENYBARNO-_-LA-CIUDAD-VIVA--316x123.jpg 316w\" sizes=\"(max-width: 500px) 100vw, 500px\" \/><\/p>\n<p style=\"text-align: center;\"><img loading=\"lazy\" decoding=\"async\" class=\"alignnone size-full wp-image-28953\" src=\"https:\/\/stepienybarno.es\/blog\/wp-content\/uploads\/2017\/08\/4.2-ARNE-JACOBSEN-SECCION-ESCUELA-SECCION-MunkegArd-LUZ-_-STEPIENYBARNO-_-LA-CIUDAD-VIVA-.jpg\" alt=\"4.2 ARNE JACOBSEN SECCION ESCUELA SECCION MunkegArd LUZ _ STEPIENYBARNO _ LA CIUDAD VIVA\" width=\"500\" height=\"353\" srcset=\"https:\/\/stepienybarno.es\/blog\/wp-content\/uploads\/2017\/08\/4.2-ARNE-JACOBSEN-SECCION-ESCUELA-SECCION-MunkegArd-LUZ-_-STEPIENYBARNO-_-LA-CIUDAD-VIVA-.jpg 500w, https:\/\/stepienybarno.es\/blog\/wp-content\/uploads\/2017\/08\/4.2-ARNE-JACOBSEN-SECCION-ESCUELA-SECCION-MunkegArd-LUZ-_-STEPIENYBARNO-_-LA-CIUDAD-VIVA--180x127.jpg 180w, https:\/\/stepienybarno.es\/blog\/wp-content\/uploads\/2017\/08\/4.2-ARNE-JACOBSEN-SECCION-ESCUELA-SECCION-MunkegArd-LUZ-_-STEPIENYBARNO-_-LA-CIUDAD-VIVA--316x223.jpg 316w\" sizes=\"(max-width: 500px) 100vw, 500px\" \/><\/p>\n<p style=\"text-align: center;\"><span style=\"color: #808080;\">Escuela Munkeg\u00e5rd\u200e de\u00a0 Arne Jacobsen, 1951.<\/span><\/p>\n<p>&nbsp;<\/p>\n<p>Esta preocupaci\u00f3n por mantener el binomio educaci\u00f3n \u2013 naturaleza, que coment\u00e1bamos l\u00edneas m\u00e1s arriba, fue, igualmente, uno de los grandes desaf\u00edos del estilo internacional. Fueron varios de sus miembros, como Taut o Duiker, los que se atrevieron a dar forma a una arquitectura sensible a estas nuevas necesidades, pero fue, quiz\u00e1s, Richard Neutra uno de los que m\u00e1s afin\u00f3 con sus propuestas, especialmente con su \u201c<em>Corona School<\/em>\u201d, all\u00e1 por el temprano 1935. El arquitecto de origen austriaco, pero afincado en Estados Unidos, fue capaz de inventar \u00a0unas aulas en las que, al igual que en el \u201cInstituto Escuela\u201d, \u00a0adem\u00e1s de proporcionar iluminaci\u00f3n y ventilaci\u00f3n cruzada, se dilu\u00edan los l\u00edmites entre el interior y el exterior.<\/p>\n<p>&nbsp;<\/p>\n<p style=\"text-align: center;\"><img loading=\"lazy\" decoding=\"async\" class=\"alignnone size-full wp-image-28954\" src=\"https:\/\/stepienybarno.es\/blog\/wp-content\/uploads\/2017\/08\/5.-corona-school-richar-Neutra-_-STEPIENYBARNO-_-LACIUDADVIVA-.jpg\" alt=\"5. corona school richar Neutra _ STEPIENYBARNO _ LACIUDADVIVA\" width=\"500\" height=\"401\" srcset=\"https:\/\/stepienybarno.es\/blog\/wp-content\/uploads\/2017\/08\/5.-corona-school-richar-Neutra-_-STEPIENYBARNO-_-LACIUDADVIVA-.jpg 500w, https:\/\/stepienybarno.es\/blog\/wp-content\/uploads\/2017\/08\/5.-corona-school-richar-Neutra-_-STEPIENYBARNO-_-LACIUDADVIVA--180x144.jpg 180w, https:\/\/stepienybarno.es\/blog\/wp-content\/uploads\/2017\/08\/5.-corona-school-richar-Neutra-_-STEPIENYBARNO-_-LACIUDADVIVA--316x253.jpg 316w\" sizes=\"(max-width: 500px) 100vw, 500px\" \/><\/p>\n<p style=\"text-align: center;\"><span style=\"color: #808080;\">Corona School de\u00a0 Richard Neutra<\/span><\/p>\n<p>&nbsp;<\/p>\n<p>En esta misma l\u00ednea, en Francia surgieron varias escuelas como el proyecto de \u00a0<em>\u00c9cole de plein-air, Suresnes<\/em> \u00a0de los arquitectos \u00a0<strong><em>Eug\u00e8ne Beaudouin y Marcel Lods<\/em><\/strong>. <strong>Cada clase era un peque\u00f1o pabell\u00f3n inmerso en un gran parque con tres de sus lados completamente acristalados y lo que era m\u00e1s importante con la posibilidad de abrirse completamente al paisaje<\/strong> consiguiendo, al igual que Neutra, tener un espacio interior con un car\u00e1cter marcadamente exterior. A su vez, en esta propuesta se daba una vuelta de tuerca m\u00e1s y se incorporaba una nueva estrella para la configuraci\u00f3n del espacio exterior: la piscina.<\/p>\n<p>Llegados a este punto, es importante recordar que en esta \u00e9poca la mayor\u00eda de las casas no ten\u00eda aseos, por lo que, el agua, en este caso, adem\u00e1s de servir como elemento catalizador de las actividades m\u00e1s l\u00fadicas era la pieza clave para la mejora de la salud de estos j\u00f3venes escolares. Tambi\u00e9n, la incorporaci\u00f3n de actividades menos r\u00edgidas hac\u00eda que los estudiantes no estuvieran en la misma postura hora tras hora, con los graves problemas que les ocasionaba (por ejemplo, deformaciones en la columna vertebral). As\u00ed, nuevamente, la salud y la educaci\u00f3n se daban la mano en este intenso\u00a0 primer tercio de siglo XX.<\/p>\n<p>&nbsp;<\/p>\n<p style=\"text-align: center;\"><img loading=\"lazy\" decoding=\"async\" class=\"alignnone size-full wp-image-28955\" src=\"https:\/\/stepienybarno.es\/blog\/wp-content\/uploads\/2017\/08\/6.1-Eug\u00e8ne-Beaudouin-et-Marcel-Lods-AULA-_-STEPIENYBARNO-_-LA-CIUDAD-VIVA-.jpg\" alt=\"6.1 Eug\u00e8ne Beaudouin et Marcel Lods AULA _ STEPIENYBARNO _ LA CIUDAD VIVA\" width=\"500\" height=\"339\" srcset=\"https:\/\/stepienybarno.es\/blog\/wp-content\/uploads\/2017\/08\/6.1-Eug\u00e8ne-Beaudouin-et-Marcel-Lods-AULA-_-STEPIENYBARNO-_-LA-CIUDAD-VIVA-.jpg 500w, https:\/\/stepienybarno.es\/blog\/wp-content\/uploads\/2017\/08\/6.1-Eug\u00e8ne-Beaudouin-et-Marcel-Lods-AULA-_-STEPIENYBARNO-_-LA-CIUDAD-VIVA--180x122.jpg 180w, https:\/\/stepienybarno.es\/blog\/wp-content\/uploads\/2017\/08\/6.1-Eug\u00e8ne-Beaudouin-et-Marcel-Lods-AULA-_-STEPIENYBARNO-_-LA-CIUDAD-VIVA--316x214.jpg 316w\" sizes=\"(max-width: 500px) 100vw, 500px\" \/><\/p>\n<p style=\"text-align: center;\"><img loading=\"lazy\" decoding=\"async\" class=\"alignnone size-full wp-image-28956\" src=\"https:\/\/stepienybarno.es\/blog\/wp-content\/uploads\/2017\/08\/6.2-Eug\u00e8ne-Beaudouin-et-Marcel-Lods-AGUA-_-STEPIENYBARNO-_-LA-CIUDAD-VIVA-.jpg\" alt=\"6.2 Eug\u00e8ne Beaudouin et Marcel Lods AGUA _ STEPIENYBARNO _ LA CIUDAD VIVA\" width=\"500\" height=\"343\" srcset=\"https:\/\/stepienybarno.es\/blog\/wp-content\/uploads\/2017\/08\/6.2-Eug\u00e8ne-Beaudouin-et-Marcel-Lods-AGUA-_-STEPIENYBARNO-_-LA-CIUDAD-VIVA-.jpg 500w, https:\/\/stepienybarno.es\/blog\/wp-content\/uploads\/2017\/08\/6.2-Eug\u00e8ne-Beaudouin-et-Marcel-Lods-AGUA-_-STEPIENYBARNO-_-LA-CIUDAD-VIVA--180x123.jpg 180w, https:\/\/stepienybarno.es\/blog\/wp-content\/uploads\/2017\/08\/6.2-Eug\u00e8ne-Beaudouin-et-Marcel-Lods-AGUA-_-STEPIENYBARNO-_-LA-CIUDAD-VIVA--316x217.jpg 316w\" sizes=\"(max-width: 500px) 100vw, 500px\" \/><\/p>\n<p style=\"text-align: center;\"><span style=\"color: #808080;\">\u00c9cole de plein-air, Suresnes _ 1932-1935, Eug\u00e8ne Beaudouin et Marcel Lods<\/span><\/p>\n<p>&nbsp;<\/p>\n<p>&nbsp;<\/p>\n<p>Pero si nos plantamos en la mitad de siglo pasado, \u00a0podemos ver c\u00f3mo <strong><em>Le Corbusier<\/em><\/strong> consegu\u00eda levantar su famosa <em>Unit\u00e9 <\/em>de <em>Marsella<\/em>, dando forma a muchos de sus ideales e intuiciones m\u00e1s profundas. Se trababa de un gran paso en la formalizaci\u00f3n de esta nueva arquitectura que hac\u00eda de la azotea uno de sus <em>leitmotiv<\/em> del proyecto. Y <strong>\u00bfpara qui\u00e9n reserv\u00f3 este preciado espacio? Pues, efectivamente, para los ni\u00f1os y ni\u00f1as, creando un aula de ense\u00f1anza que daba acceso a\u00a0 un perfecto espacio de juego (y viceversa), con el sol y el cielo como techo<\/strong>, que, a\u00fan hoy, contin\u00faa activo y en perfecto estado de conservaci\u00f3n.<\/p>\n<p>&nbsp;<\/p>\n<p style=\"text-align: center;\"><img loading=\"lazy\" decoding=\"async\" class=\"alignnone size-full wp-image-28957\" src=\"https:\/\/stepienybarno.es\/blog\/wp-content\/uploads\/2017\/08\/7.-le-corbusier-unite-ni\u00f1os-terraza-_-STEPIENYBARNO-_-LA-CIUDAD-VIVA-.jpg\" alt=\"7. le corbusier unite ni\u00f1os terraza _ STEPIENYBARNO _ LA CIUDAD VIVA\" width=\"500\" height=\"386\" srcset=\"https:\/\/stepienybarno.es\/blog\/wp-content\/uploads\/2017\/08\/7.-le-corbusier-unite-ni\u00f1os-terraza-_-STEPIENYBARNO-_-LA-CIUDAD-VIVA-.jpg 500w, https:\/\/stepienybarno.es\/blog\/wp-content\/uploads\/2017\/08\/7.-le-corbusier-unite-ni\u00f1os-terraza-_-STEPIENYBARNO-_-LA-CIUDAD-VIVA--180x139.jpg 180w, https:\/\/stepienybarno.es\/blog\/wp-content\/uploads\/2017\/08\/7.-le-corbusier-unite-ni\u00f1os-terraza-_-STEPIENYBARNO-_-LA-CIUDAD-VIVA--316x244.jpg 316w\" sizes=\"(max-width: 500px) 100vw, 500px\" \/><\/p>\n<p style=\"text-align: center;\"><span style=\"color: #808080;\"><em>Jard\u00edn de infancia en la Unit\u00e9 <\/em>de Marsella de Le Corbusier,1952.\u00a0<\/span><\/p>\n<p>&nbsp;<\/p>\n<p>As\u00ed, continuaron apareciendo nuevas propuestas en las que el mundo infantil comenzaba a ocupar una absoluta y novedosa situaci\u00f3n de privilegio. De entre los muchos ejemplos posibles, <strong>rescatamos los archiconocidos, pero no por ello suficientemente reconocidos,<em> playgrounds<\/em> de <em>Aldo van Eyck<\/em> que hac\u00edan renacer la alegr\u00eda y la vida de entre los socavones del odio y la guerra.<\/strong> \u00a0\u00a0A su vez, el arquitecto neerland\u00e9s planteaba interesantes cuestiones entorno al espacio colectivo, urbano o comunitario que, a\u00fan hoy, son de absoluta vigencia.<\/p>\n<p>&nbsp;<\/p>\n<p>\u201cLos proyectos deben manifestar, en t\u00e9rminos arquitect\u00f3nicos, el deseo real de superar las polaridades que realmente no existen: individual-colectivo, material-emocional, parte-todo, permanencia-cambio, interior-exterior. No son dualidades, ni polaridades. Este hecho debe ser expresado en cualquier planeamiento\u201d<strong><em> Aldo van Eyck<\/em><\/strong><\/p>\n<p>&nbsp;<\/p>\n<p style=\"text-align: center;\"><img loading=\"lazy\" decoding=\"async\" class=\"alignnone size-full wp-image-28958\" src=\"https:\/\/stepienybarno.es\/blog\/wp-content\/uploads\/2017\/08\/8.1-Aldo-van-Eyck-ni\u00f1os-calle-_-STEPIENYBARNO-_-LA-CIUDAD-VIVA-.jpg\" alt=\"8.1 Aldo van Eyck ni\u00f1os calle _ STEPIENYBARNO _ LA CIUDAD VIVA\" width=\"500\" height=\"381\" srcset=\"https:\/\/stepienybarno.es\/blog\/wp-content\/uploads\/2017\/08\/8.1-Aldo-van-Eyck-ni\u00f1os-calle-_-STEPIENYBARNO-_-LA-CIUDAD-VIVA-.jpg 500w, https:\/\/stepienybarno.es\/blog\/wp-content\/uploads\/2017\/08\/8.1-Aldo-van-Eyck-ni\u00f1os-calle-_-STEPIENYBARNO-_-LA-CIUDAD-VIVA--180x137.jpg 180w, https:\/\/stepienybarno.es\/blog\/wp-content\/uploads\/2017\/08\/8.1-Aldo-van-Eyck-ni\u00f1os-calle-_-STEPIENYBARNO-_-LA-CIUDAD-VIVA--316x241.jpg 316w\" sizes=\"(max-width: 500px) 100vw, 500px\" \/><\/p>\n<p style=\"text-align: center;\"><span style=\"color: #808080;\">Playgrounds de Aldo van Eyck<\/span><\/p>\n<p style=\"text-align: center;\"><img loading=\"lazy\" decoding=\"async\" class=\"alignnone size-full wp-image-28959\" src=\"https:\/\/stepienybarno.es\/blog\/wp-content\/uploads\/2017\/08\/8.2-Aldo-van-Eyck-comun-colectivo-_-STEPIENYBARNO-_-LA-CIUDAD-VIVA-.jpg\" alt=\"8.2 Aldo van Eyck comun colectivo _ STEPIENYBARNO _ LA CIUDAD VIVA\" width=\"500\" height=\"363\" srcset=\"https:\/\/stepienybarno.es\/blog\/wp-content\/uploads\/2017\/08\/8.2-Aldo-van-Eyck-comun-colectivo-_-STEPIENYBARNO-_-LA-CIUDAD-VIVA-.jpg 500w, https:\/\/stepienybarno.es\/blog\/wp-content\/uploads\/2017\/08\/8.2-Aldo-van-Eyck-comun-colectivo-_-STEPIENYBARNO-_-LA-CIUDAD-VIVA--180x131.jpg 180w, https:\/\/stepienybarno.es\/blog\/wp-content\/uploads\/2017\/08\/8.2-Aldo-van-Eyck-comun-colectivo-_-STEPIENYBARNO-_-LA-CIUDAD-VIVA--316x229.jpg 316w\" sizes=\"(max-width: 500px) 100vw, 500px\" \/><\/p>\n<p style=\"text-align: center;\"><span style=\"color: #808080;\">Escuela\u00a0 de Aldo van Eyck<\/span><\/p>\n<p>&nbsp;<\/p>\n<p>Otro de los temas que nos parecen fundamentales es <strong>la estrecha relaci\u00f3n que debe (o debiera) existir entre los avances de la pedagog\u00eda y su correlaci\u00f3n con los cambios en los proyectos de edificios educaciones<\/strong>. En este sentido, la escuela que ve\u00edamos de <em>Richard Neutra<\/em> fue una de las pioneras siendo sensible a los m\u00e9todos de ense\u00f1anza de <strong><em>Mar\u00eda Montessori.<\/em><\/strong> Igualmente, en nuestra vieja Europa, es <strong><em>Herman Hertzberger<\/em><\/strong> quien mejor asimila los planteamientos de la educadora y psic\u00f3loga italiana, dando forma a una ense\u00f1anza mucho m\u00e1s libre.<\/p>\n<p>&nbsp;<\/p>\n<p style=\"text-align: center;\"><img loading=\"lazy\" decoding=\"async\" class=\"alignnone size-full wp-image-28960\" src=\"https:\/\/stepienybarno.es\/blog\/wp-content\/uploads\/2017\/08\/9.1-Montesori-Herman-Hertzberger-arena-_-STEPIENYBARNO-_-LA-CIUDAD-VIVA-.jpg\" alt=\"9.1 Montesori, Herman Hertzberger arena _ STEPIENYBARNO _ LA CIUDAD VIVA\" width=\"500\" height=\"387\" srcset=\"https:\/\/stepienybarno.es\/blog\/wp-content\/uploads\/2017\/08\/9.1-Montesori-Herman-Hertzberger-arena-_-STEPIENYBARNO-_-LA-CIUDAD-VIVA-.jpg 500w, https:\/\/stepienybarno.es\/blog\/wp-content\/uploads\/2017\/08\/9.1-Montesori-Herman-Hertzberger-arena-_-STEPIENYBARNO-_-LA-CIUDAD-VIVA--180x139.jpg 180w, https:\/\/stepienybarno.es\/blog\/wp-content\/uploads\/2017\/08\/9.1-Montesori-Herman-Hertzberger-arena-_-STEPIENYBARNO-_-LA-CIUDAD-VIVA--316x245.jpg 316w\" sizes=\"(max-width: 500px) 100vw, 500px\" \/><\/p>\n<p style=\"text-align: center;\"><img loading=\"lazy\" decoding=\"async\" class=\"alignnone size-full wp-image-28961\" src=\"https:\/\/stepienybarno.es\/blog\/wp-content\/uploads\/2017\/08\/9.2-Montesori-Herman-Hertzberger-cubos-_-STEPIENYBARNO-_-LA-CIUDAD-VIVA-.jpg\" alt=\"9.2 Montesori, Herman Hertzberger cubos _ STEPIENYBARNO _ LA CIUDAD VIVA\" width=\"500\" height=\"395\" srcset=\"https:\/\/stepienybarno.es\/blog\/wp-content\/uploads\/2017\/08\/9.2-Montesori-Herman-Hertzberger-cubos-_-STEPIENYBARNO-_-LA-CIUDAD-VIVA-.jpg 500w, https:\/\/stepienybarno.es\/blog\/wp-content\/uploads\/2017\/08\/9.2-Montesori-Herman-Hertzberger-cubos-_-STEPIENYBARNO-_-LA-CIUDAD-VIVA--180x142.jpg 180w, https:\/\/stepienybarno.es\/blog\/wp-content\/uploads\/2017\/08\/9.2-Montesori-Herman-Hertzberger-cubos-_-STEPIENYBARNO-_-LA-CIUDAD-VIVA--316x250.jpg 316w\" sizes=\"(max-width: 500px) 100vw, 500px\" \/><\/p>\n<p style=\"text-align: center;\"><span style=\"color: #808080;\">Escuela Montessori, Delf, Herman Hertzberger, 1960<\/span><\/p>\n<p>&nbsp;<\/p>\n<p>Seg\u00fan <strong><em>Montessori,<\/em><\/strong> los m\u00e1s peque\u00f1os aprenden primero desde el inconsciente para luego pasar lo aprendido\u00a0 al consciente; para ello han de tener \u201c<em>libertad de elecci\u00f3n en un medio ambiente preparado<\/em>\u201d donde puedan desenvolverse a su antojo, sinti\u00e9ndose siempre seguros y arropados.<\/p>\n<p>As\u00ed, las aulas han de ser espaciosas, luminosas y permitir distintas posibilidades para disponer el mobiliario. Por ello, es bonito ver como<strong><em> Hertzberger<\/em> juega con distintos espacios dentro de las clases, en los que el propio suelo se remete alojando una serie de cubos que, una vez extra\u00eddos, se convierten en el mobiliario del aula.<\/strong> A su vez, en sus esuelas se da especial importancia al espacio comunitario por lo que abandona la tradicional y repetida hasta la saciedad organizaci\u00f3n \u201cen peine\u201d por un n\u00facleo central que hace de sala polivalente y al que dan todas las aulas de la escuela. De esta forma, en el nuevo coraz\u00f3n de la escuela con\u00a0 doble e, incluso, triple altura se dan cita ni\u00f1os de diferentes edades que pueden realizar actividades en com\u00fan de car\u00e1cter m\u00e1s creativo como teatro o\u00a0 m\u00fasica. Otro aspecto que destaca en la obra del arquitecto holand\u00e9s, es el cuidado con que dise\u00f1a el espacio exterior, disponiendo zonas sin un uso fijo pero que acaban siendo areneros, jardines, zonas de juego o \u00a0de reposo.<\/p>\n<p>&nbsp;<\/p>\n<p style=\"text-align: center;\"><img loading=\"lazy\" decoding=\"async\" class=\"alignnone size-full wp-image-28962\" src=\"https:\/\/stepienybarno.es\/blog\/wp-content\/uploads\/2017\/08\/9.3-Herman-Hertzberger-aulas-_-STEPIENYBARNO-_-LA-CIUDAD-VIVA-.jpg\" alt=\"9.3 Herman Hertzberger aulas _ STEPIENYBARNO _ LA CIUDAD VIVA\" width=\"500\" height=\"371\" srcset=\"https:\/\/stepienybarno.es\/blog\/wp-content\/uploads\/2017\/08\/9.3-Herman-Hertzberger-aulas-_-STEPIENYBARNO-_-LA-CIUDAD-VIVA-.jpg 500w, https:\/\/stepienybarno.es\/blog\/wp-content\/uploads\/2017\/08\/9.3-Herman-Hertzberger-aulas-_-STEPIENYBARNO-_-LA-CIUDAD-VIVA--180x134.jpg 180w, https:\/\/stepienybarno.es\/blog\/wp-content\/uploads\/2017\/08\/9.3-Herman-Hertzberger-aulas-_-STEPIENYBARNO-_-LA-CIUDAD-VIVA--316x234.jpg 316w\" sizes=\"(max-width: 500px) 100vw, 500px\" \/><\/p>\n<p style=\"text-align: center;\"><span style=\"color: #808080;\">Escuela Apollo,\u00a0 Herman Hertzberger, 1980.<\/span><\/p>\n<p>&nbsp;<\/p>\n<p>Y no pod\u00edamos terminar esta primera parte del art\u00edculo, sin traer a primer plano al gran <strong><em>Francesco Tonucci<\/em><\/strong>. Este psicopedagogo italiano ha protagonizado una aut\u00e9ntica revoluci\u00f3n en la ense\u00f1anza italiana y de medio mundo. Igualmente, con su famoso libro \u201c<strong><em><a href=\"http:\/\/sinergiasostenible.org\/2011\/04\/la-ciudad-de-los-ninos-de-tonucci\/\">La ciudad de los ni\u00f1os<\/a>\u201d, Tonucci,<\/em><\/strong> nos hizo entender que cuando las ciudades est\u00e9n pensadas para que ni\u00f1os y otros sectores, en general, m\u00e1s desfavorecidos por nuestro \u201c<em>urbanismo inmobiliario<\/em>\u201d pasen a un primer plano, solo entonces, nuestras urbes empezar\u00e1n a dejar de estar enfermas.<\/p>\n<p>A su vez, <em>Tonucci,<\/em> sigue muchos de los designios de <em>Mar\u00eda Montessori<\/em> u otras escuelas alternativas como puede ser el <em>m\u00e9todo Waldorf<\/em>, nacido de la incasable mente creativa del polifac\u00e9tico <em><a href=\"https:\/\/stepienybarno.es\/blog\/2012\/01\/16\/los-goetheanum-de-rudolf-steiner\/\">Rudolf Steiner<\/a><\/em>. Estas escuelas, surgidas en 1917 y que han llegado hasta nuestro d\u00edas, abogan, nuevamente, por una ense\u00f1anza m\u00e1s personalizada, m\u00e1s libre, con un contacto directo del estudiante con la naturaleza y donde se respeta la evoluci\u00f3n natural del ni\u00f1o.<\/p>\n<p>&nbsp;<\/p>\n<p style=\"text-align: center;\"><img loading=\"lazy\" decoding=\"async\" class=\"alignnone size-full wp-image-28963\" src=\"https:\/\/stepienybarno.es\/blog\/wp-content\/uploads\/2017\/08\/10.-francesco-tonucci-escuela-ciudad-ni\u00f1os-_-STEPIENYBARNO-_-LA-CIUDAD-VIVA-.jpg\" alt=\"10. francesco tonucci escuela ciudad ni\u00f1os _ STEPIENYBARNO _ LA CIUDAD VIVA\" width=\"800\" height=\"600\" srcset=\"https:\/\/stepienybarno.es\/blog\/wp-content\/uploads\/2017\/08\/10.-francesco-tonucci-escuela-ciudad-ni\u00f1os-_-STEPIENYBARNO-_-LA-CIUDAD-VIVA-.jpg 800w, https:\/\/stepienybarno.es\/blog\/wp-content\/uploads\/2017\/08\/10.-francesco-tonucci-escuela-ciudad-ni\u00f1os-_-STEPIENYBARNO-_-LA-CIUDAD-VIVA--180x135.jpg 180w, https:\/\/stepienybarno.es\/blog\/wp-content\/uploads\/2017\/08\/10.-francesco-tonucci-escuela-ciudad-ni\u00f1os-_-STEPIENYBARNO-_-LA-CIUDAD-VIVA--550x413.jpg 550w, https:\/\/stepienybarno.es\/blog\/wp-content\/uploads\/2017\/08\/10.-francesco-tonucci-escuela-ciudad-ni\u00f1os-_-STEPIENYBARNO-_-LA-CIUDAD-VIVA--316x237.jpg 316w\" sizes=\"(max-width: 800px) 100vw, 800px\" \/><\/p>\n<p>&nbsp;<\/p>\n<p>Lo dicho y ya sab\u00e9is que en nuestro pr\u00f3ximo art\u00edculo continuaremos este apasionante tema, con la intenci\u00f3n de derribar todo tipo de muros f\u00edsicos y meternos de lleno en las miles de posibilidades que nos puede brindar una educaci\u00f3n hibridada entre lo digital y lo anal\u00f3gico.<\/p>\n<p>\u00a1Os esperamos!!<\/p>\n<p>&nbsp;<\/p>\n<h3><span style=\"color: #0000ff;\">Documentaci\u00f3n consultada:<\/span><\/h3>\n<h6>&#8211;\u00a0 \u201ccambiar la educaci\u00f3n para cambiar el mundo\u201d, <strong><em><a href=\"http:\/\/www.fundacionclaudionaranjo.com\/\">Claudio Naranjo<\/a><\/em><\/strong><\/h6>\n<h6>&#8211; Louis Kahn, obras y proyectos.<\/h6>\n<h6>&#8211; La arquitectura del aula. Francisco Burgos.<\/h6>\n<h6>&#8211; Arne Jacobsen: edificios p\u00fablicos.<\/h6>\n<h6>&#8211; Richard Neutra, 1892 1970.<\/h6>\n<h6>&#8211; Arquitectura Viva _ n\u00famero 78 \/126.<\/h6>\n<h6>&#8211; Le Corbusier, obra completa.<\/h6>\n<h6>&#8211; Aldo Van Eyck, parques de juego en Amsterdam (1947-1971).<\/h6>\n<h6>&#8211; <a href=\"http:\/\/www.metodomontessori.es\/\">http:\/\/www.metodomontessori.es\/<\/a><\/h6>\n<h6>&#8211; Pedagog\u00eda Waldorf<\/h6>\n<h6>&#8211; <a href=\"http:\/\/www.lacittadeibambini.org\/spagnolo\/interna.htm\">http:\/\/www.lacittadeibambini.org\/<\/a><\/h6>\n<p>&nbsp;<\/p>\n<blockquote>\n<p style=\"text-align: center;\">Post publicado originalmente en la Plataforma de La Ciudad Viva.<\/p>\n<\/blockquote>\n<p>&nbsp;<\/p>\n<h3 style=\"text-align: center;\"><span style=\"color: #0000ff;\">Autores del post: <a style=\"color: #0000ff;\" href=\"https:\/\/stepienybarno.es\/blog\/2011\/09\/04\/las-fortalezas-del-arquitecto\/\">Stepienybarno<\/a> _ Agnieszka Stepien y Lorenzo Barn\u00f3<\/span><\/h3>\n<p style=\"text-align: center;\">Y como siempre, si te gust\u00f3 el post,\u00a0estar\u00eda genial que lo compartas\u00a0en tus redes sociales.<\/p>\n<p style=\"text-align: center;\">A su vez, si todav\u00eda no est\u00e1s suscrito a nuestra Newsletter, te animamos a hacerlo en la casilla que tienes al terminar este art\u00edculo.<\/p>\n<p>&nbsp;<\/p>\n<p>Si te interesa contactar con nosotros para que te ayudemos a mejorar tu visibilidad online y, en consecuencia, mejorar tus oportunidades laborales, no dudes en escribirnos a: <a href=\"mailto:blog@stepienybarno.es\">blog@stepienybarno.es<\/a><\/p>\n<p>&nbsp;<\/p>\n<p style=\"text-align: center;\">* Este art\u00edculo ha sido escrito con car\u00e1cter divulgativo y sin ning\u00fan tipo de \u00e1nimo de lucro.<\/p>\n<p style=\"text-align: center;\"><a href=\"https:\/\/twitter.com\/stepienybarno\">STEPIENYBARNO EN TWITTER _ @stepienybarno<\/a><\/p>\n<p style=\"text-align: center;\"><a href=\"http:\/\/www.linkedin.com\/company\/stepienybarno\">STEPIENYBARNO EN LINKEDIN<\/a><\/p>\n<p style=\"text-align: center;\"><a href=\"https:\/\/www.facebook.com\/pages\/BLOG-DE-STEPIENYBARNO\/78001079029\">STEPIENYBARNO EN FACEBOOK<\/a><\/p>\n<p>* <a href=\"https:\/\/stepienybarno.es\/blog\/2011\/09\/04\/las-fortalezas-del-arquitecto\/\">Stepienybarno<\/a> est\u00e1 formado por Agnieszka Stepien y Lorenzo Barn\u00f3 y desde mayo del 2009 estamos en la red con\u00a0 la presente publicaci\u00f3n digital (Blog) de arquitectura.<\/p>\n<p>Nuestra actividad se sustenta en tres pilares b\u00e1sicos: la investigaci\u00f3n, la publicaci\u00f3n y la redacci\u00f3n de proyectos de arquitectura.<\/p>\n<p>A su vez, somos socios cofundadores de <a href=\"http:\/\/sinergiasostenible.org\/\">SINERGIA SOSTENIBLE<\/a>, redactores de <a href=\"http:\/\/www.laciudadviva.org\/blogs\/?author=45\">LA CIUDAD VIVA<\/a> y directores del blog de FUNDACI\u00d3N ARQUIA.<\/p>\n<p>* Los editores de esta publicaci\u00f3n digital no nos hacemos cargo de de los comentarios y\u00a0 conceptos vertidos en los textos firmados por otras personas, siendo \u00e9stos de responsabilidad exclusiva de sus autores.<\/p>\n<p>* Tu comentario pudiera ser moderado, por lo tanto, aunque aparezca inmediatamente al ser publicado en la entrada, los editores de esta publicaci\u00f3n digital nos reservamos el derecho tanto de editarlo (si fuera necesario, para hacerlo m\u00e1s legible) como de eliminarlo en el caso de que se usen expresiones incorrectas (descalificaciones, palabras malsonantes\u2026). A su vez, si quieres comentar desde el anonimato puedes hacerlo, aunque, nosotros personalmente, agradecemos que tod@s nos podamos identificar.<\/p>\n","protected":false},"excerpt":{"rendered":"<p>Con el presente post queremos hacer un breve repaso de<\/p>\n","protected":false},"author":2,"featured_media":28946,"comment_status":"open","ping_status":"closed","sticky":false,"template":"","format":"standard","meta":{"om_disable_all_campaigns":false,"_monsterinsights_skip_tracking":false,"_monsterinsights_sitenote_active":false,"_monsterinsights_sitenote_note":"","_monsterinsights_sitenote_category":0,"_uf_show_specific_survey":0,"_uf_disable_surveys":false,"episode_type":"audio","audio_file":"","cover_image":"","cover_image_id":"","duration":"","filesize":"","date_recorded":"","explicit":"","block":"","filesize_raw":"","footnotes":""},"categories":[4],"tags":[1152,3596,5625,3207,65,5626,1491,5627,696,5628,2129,1423],"series":[],"class_list":["post-28945","post","type-post","status-publish","format-standard","has-post-thumbnail","hentry","category-arquilectura","tag-la-ciudad-de-las-nuevas-tecnologias","tag-aldo-van-eyck","tag-armiches-y-dominguez","tag-claudio-naranjo","tag-educacion","tag-eugene-beaudouin-et-marcel-lods","tag-francesco-tonucci","tag-herman-hertzberger","tag-louis-kahn","tag-montessori","tag-richard-neutra","tag-rudolf-steiner"],"aioseo_notices":[],"episode_featured_image":"https:\/\/stepienybarno.es\/blog\/wp-content\/uploads\/2017\/08\/0.-BEAUDOUIN-LODS-_-STEPIENYBARNO-_-LA-CIUDAD-VIVA-.jpg","episode_player_image":"https:\/\/stepienybarno.es\/blog\/wp-content\/uploads\/2020\/11\/stepienybarno-podcast-scaled.jpg","download_link":"","player_link":"","audio_player":false,"episode_data":{"playerMode":"dark","subscribeUrls":[],"rssFeedUrl":"https:\/\/stepienybarno.es\/blog\/feed\/podcast\/podcast-de-stepienybarno","embedCode":"<blockquote class=\"wp-embedded-content\" data-secret=\"8ka1FDuK88\"><a href=\"https:\/\/stepienybarno.es\/blog\/2021\/10\/28\/cambiar-la-educacion-para-cambiar-la-ciudad-_-parte-12\/\">CAMBIAR LA EDUCACI\u00d3N PARA CAMBIAR LA CIUDAD _ Parte 1\/2.<\/a><\/blockquote><iframe sandbox=\"allow-scripts\" security=\"restricted\" src=\"https:\/\/stepienybarno.es\/blog\/2021\/10\/28\/cambiar-la-educacion-para-cambiar-la-ciudad-_-parte-12\/embed\/#?secret=8ka1FDuK88\" width=\"500\" height=\"350\" title=\"\u00abCAMBIAR LA EDUCACI\u00d3N PARA CAMBIAR LA CIUDAD _ Parte 1\/2.\u00bb \u2014 Blog de STEPIEN Y BARNO - publicaci\u00f3n digital sobre arquitectura\" data-secret=\"8ka1FDuK88\" frameborder=\"0\" marginwidth=\"0\" marginheight=\"0\" scrolling=\"no\" class=\"wp-embedded-content\"><\/iframe><script type=\"text\/javascript\">\n\/* <![CDATA[ *\/\n\/*! This file is auto-generated *\/\n!function(d,l){\"use strict\";l.querySelector&&d.addEventListener&&\"undefined\"!=typeof URL&&(d.wp=d.wp||{},d.wp.receiveEmbedMessage||(d.wp.receiveEmbedMessage=function(e){var t=e.data;if((t||t.secret||t.message||t.value)&&!\/[^a-zA-Z0-9]\/.test(t.secret)){for(var s,r,n,a=l.querySelectorAll('iframe[data-secret=\"'+t.secret+'\"]'),o=l.querySelectorAll('blockquote[data-secret=\"'+t.secret+'\"]'),c=new RegExp(\"^https?:$\",\"i\"),i=0;i<o.length;i++)o[i].style.display=\"none\";for(i=0;i<a.length;i++)s=a[i],e.source===s.contentWindow&&(s.removeAttribute(\"style\"),\"height\"===t.message?(1e3<(r=parseInt(t.value,10))?r=1e3:~~r<200&&(r=200),s.height=r):\"link\"===t.message&&(r=new URL(s.getAttribute(\"src\")),n=new URL(t.value),c.test(n.protocol))&&n.host===r.host&&l.activeElement===s&&(d.top.location.href=t.value))}},d.addEventListener(\"message\",d.wp.receiveEmbedMessage,!1),l.addEventListener(\"DOMContentLoaded\",function(){for(var e,t,s=l.querySelectorAll(\"iframe.wp-embedded-content\"),r=0;r<s.length;r++)(t=(e=s[r]).getAttribute(\"data-secret\"))||(t=Math.random().toString(36).substring(2,12),e.src+=\"#?secret=\"+t,e.setAttribute(\"data-secret\",t)),e.contentWindow.postMessage({message:\"ready\",secret:t},\"*\")},!1)))}(window,document);\n\/* ]]> *\/\n<\/script>\n"},"_links":{"self":[{"href":"https:\/\/stepienybarno.es\/blog\/wp-json\/wp\/v2\/posts\/28945"}],"collection":[{"href":"https:\/\/stepienybarno.es\/blog\/wp-json\/wp\/v2\/posts"}],"about":[{"href":"https:\/\/stepienybarno.es\/blog\/wp-json\/wp\/v2\/types\/post"}],"author":[{"embeddable":true,"href":"https:\/\/stepienybarno.es\/blog\/wp-json\/wp\/v2\/users\/2"}],"replies":[{"embeddable":true,"href":"https:\/\/stepienybarno.es\/blog\/wp-json\/wp\/v2\/comments?post=28945"}],"version-history":[{"count":1,"href":"https:\/\/stepienybarno.es\/blog\/wp-json\/wp\/v2\/posts\/28945\/revisions"}],"predecessor-version":[{"id":28964,"href":"https:\/\/stepienybarno.es\/blog\/wp-json\/wp\/v2\/posts\/28945\/revisions\/28964"}],"wp:featuredmedia":[{"embeddable":true,"href":"https:\/\/stepienybarno.es\/blog\/wp-json\/wp\/v2\/media\/28946"}],"wp:attachment":[{"href":"https:\/\/stepienybarno.es\/blog\/wp-json\/wp\/v2\/media?parent=28945"}],"wp:term":[{"taxonomy":"category","embeddable":true,"href":"https:\/\/stepienybarno.es\/blog\/wp-json\/wp\/v2\/categories?post=28945"},{"taxonomy":"post_tag","embeddable":true,"href":"https:\/\/stepienybarno.es\/blog\/wp-json\/wp\/v2\/tags?post=28945"},{"taxonomy":"series","embeddable":true,"href":"https:\/\/stepienybarno.es\/blog\/wp-json\/wp\/v2\/series?post=28945"}],"curies":[{"name":"wp","href":"https:\/\/api.w.org\/{rel}","templated":true}]}}