{"id":29010,"date":"2017-08-17T19:21:16","date_gmt":"2017-08-17T17:21:16","guid":{"rendered":"https:\/\/www.stepienybarno.es\/blog\/?p=29010"},"modified":"2017-08-17T10:42:11","modified_gmt":"2017-08-17T08:42:11","slug":"energiewende-la-revolucion-renovable-de-alemania","status":"publish","type":"post","link":"https:\/\/stepienybarno.es\/blog\/2017\/08\/17\/energiewende-la-revolucion-renovable-de-alemania\/","title":{"rendered":"ENERGIEWENDE, LA REVOLUCI\u00d3N RENOVABLE DE ALEMANIA"},"content":{"rendered":"<p><img loading=\"lazy\" decoding=\"async\" class=\"aligncenter size-full wp-image-29011\" src=\"https:\/\/stepienybarno.es\/blog\/wp-content\/uploads\/2017\/08\/stepienybarno-stepien-y-barno-arquitectura-ecoinventos.jpg\" alt=\"stepienybarno-stepien-y-barno-arquitectura-ecoinventos\" width=\"500\" height=\"322\" srcset=\"https:\/\/stepienybarno.es\/blog\/wp-content\/uploads\/2017\/08\/stepienybarno-stepien-y-barno-arquitectura-ecoinventos.jpg 500w, https:\/\/stepienybarno.es\/blog\/wp-content\/uploads\/2017\/08\/stepienybarno-stepien-y-barno-arquitectura-ecoinventos-180x116.jpg 180w, https:\/\/stepienybarno.es\/blog\/wp-content\/uploads\/2017\/08\/stepienybarno-stepien-y-barno-arquitectura-ecoinventos-316x204.jpg 316w\" sizes=\"(max-width: 500px) 100vw, 500px\" \/><\/p>\n<p><strong>Desde <a href=\"http:\/\/gestionglobalarquitectura.com\" target=\"_blank\">Ecoinventos<\/a><\/strong><\/p>\n<p><!--more--><\/p>\n<p style=\"text-align: justify;\">\u00a0\u201cAdoptar las decisiones adecuadas en materia energ\u00e9tica puede marcar una gran diferencia entre un pa\u00eds que quiere avanzar y un pa\u00eds prisionero del pasado. De esta forma,\u00a0<strong>Alemania sabe\u00a0que la energ\u00eda renovable es el futuro y est\u00e1n apostando firmemente por ella.<\/strong><\/p>\n<p style=\"text-align: justify;\">Para ello esta impulsando una revoluci\u00f3n renovable, siendo la energ\u00eda e\u00f3lica y solar sus puntos de apoyo m\u00e1s importantes. Si miramos un poco hacia atr\u00e1s, en 2009, Alemania solo ten\u00eda 3,8 GW de capacidad instalada. Tras seis a\u00f1os, en 2015, alcanz\u00f3 una capacidad instalada de m\u00e1s de 43 GW, la m\u00e1s alta de Europa y una de las m\u00e1s altas del mundo.<\/p>\n<p style=\"text-align: justify;\">En 2012, durante dos d\u00edas consecutivos, las plantas de energ\u00eda solar fotovoltaicas de\u00a0Alemania generaron\u00a022.000 MWh al mediod\u00eda, equivalentes a la potencia de generaci\u00f3n de veinte centrales nucleares.<\/p>\n<p style=\"text-align: justify;\">El mi\u00e9rcoles 15 de abril,\u00a0<strong>la fotovoltaica alemana estableci\u00f3 un nuevo r\u00e9cord de producci\u00f3n en 27,7 GWh y el precio de la luz en Alemania fue de -1 euro\/MWh durante dos horas<\/strong> (\u2026)\u201d<\/p>\n<p>&nbsp;<\/p>\n<p>&nbsp;<\/p>\n<p style=\"text-align: center;\"><strong>Accede \u00a0al art\u00edculo, <a href=\"http:\/\/ecoinventos.com\/energiewende\/\" target=\"_blank\">AQU\u00cd<\/a><\/strong><\/p>\n<p><strong>\u00a0<\/strong><\/p>\n<p><strong>\u00a0<\/strong><\/p>\n<p>&nbsp;<\/p>\n<p><span style=\"color: #999999;\"><em>Noticia seleccionada por el Canal de arquitectura STEPIENYBARNO.\u00a0<\/em><\/span><\/p>\n<p><a href=\"https:\/\/twitter.com\/stepienybarno\">STEPIENYBARNO EN TWITTER _ @stepienybarno<\/a><\/p>\n<p><a href=\"http:\/\/www.linkedin.com\/company\/stepienybarno\"><em>STEPIENYBARNO EN LINKEDIN<\/em><\/a><\/p>\n<p><a href=\"https:\/\/www.facebook.com\/StepienybarnoCANAL\">STEPIENYBARNO EN FACEBOOK<\/a><\/p>\n<p><span style=\"color: #999999;\"><em>*Stepienybarno est\u00e1 formado por Agnieszka Stepien y Lorenzo Barn\u00f3 y desde mayo del 2009 estamos en la red con\u00a0 la presente publicaci\u00f3n digital (Blog) de arquitectura.<\/em><\/span><\/p>\n<p><span style=\"color: #999999;\"><em>Nuestra actividad se sustenta en tres pilares b\u00e1sicos: la investigaci\u00f3n, la publicaci\u00f3n (comunicaci\u00f3n y difusi\u00f3n) y la redacci\u00f3n de proyectos de arquitectura.<\/em><\/span><\/p>\n<p><span style=\"color: #999999;\"><em>A su vez, somos socios cofundadores de<\/em><em>\u00a0<\/em><\/span><a href=\"http:\/\/sinergiasostenible.org\/\">SINERGIA SOSTENIBLE<\/a><span style=\"color: #999999;\"><em>, redactores de<\/em><\/span><em>\u00a0<\/em><a href=\"http:\/\/www.laciudadviva.org\/blogs\/?author=45\">LA CIUDAD VIVA<\/a><span style=\"color: #999999;\"><em>\u00a0<\/em><em>y directores del blog de<\/em><em>\u00a0<\/em><\/span><a href=\"http:\/\/blogfundacion.arquia.es\/\">FUNDACI\u00d3N ARQUIA<\/a><span style=\"color: #999999;\"><em>.<\/em><\/span><\/p>\n<p><span style=\"color: #999999;\"><em>* Los editores de esta publicaci\u00f3n digital no nos hacemos cargo de de los comentarios y\u00a0 conceptos vertidos en los textos firmados por otras personas, siendo \u00e9stos de responsabilidad exclusiva de sus autores.<\/em><\/span><\/p>\n<p><span style=\"color: #999999;\"><em>* Tu comentario podr\u00e1 ser moderado, por lo tanto, aunque aparezca inmediatamente al ser publicado en la entrada, los editores de esta publicaci\u00f3n digital nos reservamos el derecho tanto de editarlo (si fuera necesario, para hacerlo m\u00e1s legible) como de eliminarlo en el caso de que se usen expresiones incorrectas (descalificaciones, palabras malsonantes\u2026). A su vez, si quieres comentar desde el anonimato puedes hacerlo, aunque, nosotros personalmente, agradecemos que tod@s nos podamos identificar.<\/em><\/span><\/p>\n","protected":false},"excerpt":{"rendered":"<p>Desde Ecoinventos<\/p>\n","protected":false},"author":9,"featured_media":29011,"comment_status":"open","ping_status":"closed","sticky":false,"template":"","format":"standard","meta":{"om_disable_all_campaigns":false,"_monsterinsights_skip_tracking":false,"_monsterinsights_sitenote_active":false,"_monsterinsights_sitenote_note":"","_monsterinsights_sitenote_category":0,"_uf_show_specific_survey":0,"_uf_disable_surveys":false,"episode_type":"","audio_file":"","cover_image":"","cover_image_id":"","duration":"","filesize":"","date_recorded":"","explicit":"","block":"","filesize_raw":"","footnotes":""},"categories":[244],"tags":[3973],"series":[],"class_list":["post-29010","post","type-post","status-publish","format-standard","has-post-thumbnail","hentry","category-canal-de-arquitectura","tag-ecoinventos"],"aioseo_notices":[],"episode_featured_image":"https:\/\/stepienybarno.es\/blog\/wp-content\/uploads\/2017\/08\/stepienybarno-stepien-y-barno-arquitectura-ecoinventos.jpg","episode_player_image":"https:\/\/stepienybarno.es\/blog\/wp-content\/uploads\/2020\/11\/stepienybarno-podcast-scaled.jpg","download_link":"","player_link":"","audio_player":false,"episode_data":{"playerMode":"dark","subscribeUrls":[],"rssFeedUrl":"https:\/\/stepienybarno.es\/blog\/feed\/podcast\/podcast-de-stepienybarno","embedCode":"<blockquote class=\"wp-embedded-content\" data-secret=\"tAUIXinAse\"><a href=\"https:\/\/stepienybarno.es\/blog\/2017\/08\/17\/energiewende-la-revolucion-renovable-de-alemania\/\">ENERGIEWENDE, LA REVOLUCI\u00d3N RENOVABLE DE ALEMANIA<\/a><\/blockquote><iframe sandbox=\"allow-scripts\" security=\"restricted\" src=\"https:\/\/stepienybarno.es\/blog\/2017\/08\/17\/energiewende-la-revolucion-renovable-de-alemania\/embed\/#?secret=tAUIXinAse\" width=\"500\" height=\"350\" title=\"\u00abENERGIEWENDE, LA REVOLUCI\u00d3N RENOVABLE DE ALEMANIA\u00bb \u2014 Blog de STEPIEN Y BARNO - publicaci\u00f3n digital sobre arquitectura\" data-secret=\"tAUIXinAse\" frameborder=\"0\" marginwidth=\"0\" marginheight=\"0\" scrolling=\"no\" class=\"wp-embedded-content\"><\/iframe><script type=\"text\/javascript\">\n\/* <![CDATA[ *\/\n\/*! This file is auto-generated *\/\n!function(d,l){\"use strict\";l.querySelector&&d.addEventListener&&\"undefined\"!=typeof URL&&(d.wp=d.wp||{},d.wp.receiveEmbedMessage||(d.wp.receiveEmbedMessage=function(e){var t=e.data;if((t||t.secret||t.message||t.value)&&!\/[^a-zA-Z0-9]\/.test(t.secret)){for(var s,r,n,a=l.querySelectorAll('iframe[data-secret=\"'+t.secret+'\"]'),o=l.querySelectorAll('blockquote[data-secret=\"'+t.secret+'\"]'),c=new RegExp(\"^https?:$\",\"i\"),i=0;i<o.length;i++)o[i].style.display=\"none\";for(i=0;i<a.length;i++)s=a[i],e.source===s.contentWindow&&(s.removeAttribute(\"style\"),\"height\"===t.message?(1e3<(r=parseInt(t.value,10))?r=1e3:~~r<200&&(r=200),s.height=r):\"link\"===t.message&&(r=new URL(s.getAttribute(\"src\")),n=new URL(t.value),c.test(n.protocol))&&n.host===r.host&&l.activeElement===s&&(d.top.location.href=t.value))}},d.addEventListener(\"message\",d.wp.receiveEmbedMessage,!1),l.addEventListener(\"DOMContentLoaded\",function(){for(var e,t,s=l.querySelectorAll(\"iframe.wp-embedded-content\"),r=0;r<s.length;r++)(t=(e=s[r]).getAttribute(\"data-secret\"))||(t=Math.random().toString(36).substring(2,12),e.src+=\"#?secret=\"+t,e.setAttribute(\"data-secret\",t)),e.contentWindow.postMessage({message:\"ready\",secret:t},\"*\")},!1)))}(window,document);\n\/* ]]> *\/\n<\/script>\n"},"_links":{"self":[{"href":"https:\/\/stepienybarno.es\/blog\/wp-json\/wp\/v2\/posts\/29010"}],"collection":[{"href":"https:\/\/stepienybarno.es\/blog\/wp-json\/wp\/v2\/posts"}],"about":[{"href":"https:\/\/stepienybarno.es\/blog\/wp-json\/wp\/v2\/types\/post"}],"author":[{"embeddable":true,"href":"https:\/\/stepienybarno.es\/blog\/wp-json\/wp\/v2\/users\/9"}],"replies":[{"embeddable":true,"href":"https:\/\/stepienybarno.es\/blog\/wp-json\/wp\/v2\/comments?post=29010"}],"version-history":[{"count":1,"href":"https:\/\/stepienybarno.es\/blog\/wp-json\/wp\/v2\/posts\/29010\/revisions"}],"predecessor-version":[{"id":29012,"href":"https:\/\/stepienybarno.es\/blog\/wp-json\/wp\/v2\/posts\/29010\/revisions\/29012"}],"wp:featuredmedia":[{"embeddable":true,"href":"https:\/\/stepienybarno.es\/blog\/wp-json\/wp\/v2\/media\/29011"}],"wp:attachment":[{"href":"https:\/\/stepienybarno.es\/blog\/wp-json\/wp\/v2\/media?parent=29010"}],"wp:term":[{"taxonomy":"category","embeddable":true,"href":"https:\/\/stepienybarno.es\/blog\/wp-json\/wp\/v2\/categories?post=29010"},{"taxonomy":"post_tag","embeddable":true,"href":"https:\/\/stepienybarno.es\/blog\/wp-json\/wp\/v2\/tags?post=29010"},{"taxonomy":"series","embeddable":true,"href":"https:\/\/stepienybarno.es\/blog\/wp-json\/wp\/v2\/series?post=29010"}],"curies":[{"name":"wp","href":"https:\/\/api.w.org\/{rel}","templated":true}]}}