{"id":29082,"date":"2017-08-24T19:25:27","date_gmt":"2017-08-24T17:25:27","guid":{"rendered":"https:\/\/www.stepienybarno.es\/blog\/?p=29082"},"modified":"2017-08-24T21:18:35","modified_gmt":"2017-08-24T19:18:35","slug":"te-gustaria-colaborar-con-stepienybarno","status":"publish","type":"post","link":"https:\/\/stepienybarno.es\/blog\/2017\/08\/24\/te-gustaria-colaborar-con-stepienybarno\/","title":{"rendered":"\u00bfTe gustar\u00eda colaborar con Stepienybarno?"},"content":{"rendered":"<p style=\"text-align: center;\"><img loading=\"lazy\" decoding=\"async\" class=\"alignnone size-full wp-image-29083\" src=\"https:\/\/stepienybarno.es\/blog\/wp-content\/uploads\/2017\/08\/syb-stepienybarno-blog.jpg\" alt=\"syb- stepienybarno - blog\" width=\"654\" height=\"254\" srcset=\"https:\/\/stepienybarno.es\/blog\/wp-content\/uploads\/2017\/08\/syb-stepienybarno-blog.jpg 654w, https:\/\/stepienybarno.es\/blog\/wp-content\/uploads\/2017\/08\/syb-stepienybarno-blog-180x70.jpg 180w, https:\/\/stepienybarno.es\/blog\/wp-content\/uploads\/2017\/08\/syb-stepienybarno-blog-550x214.jpg 550w, https:\/\/stepienybarno.es\/blog\/wp-content\/uploads\/2017\/08\/syb-stepienybarno-blog-316x123.jpg 316w\" sizes=\"(max-width: 654px) 100vw, 654px\" \/><\/p>\n<p><span style=\"font-family: Verdana, sans-serif;\"><span style=\"font-size: small;\">Desde hace un par de a\u00f1os, en Stepienybarno contamos con colaboraciones habituales en funci\u00f3n de los proyectos o procesos en los que estamos metidos. <\/span><\/span><\/p>\n<p><span style=\"font-family: Verdana, sans-serif;\"><span style=\"font-size: small;\">Como consecuencia de ello, han sido cinco o seis personas las que de manera puntual o constante han colaborado con nosotros. La experiencia, para tod@s, est\u00e1 siendo muy positiva. <\/span><\/span><\/p>\n<p><span style=\"font-family: Verdana, sans-serif;\"><span style=\"font-size: small;\">Adem\u00e1s, con la llegada de la vuelta al cole, se prev\u00e9 que tendremos m\u00e1s tarea de la que, con la infraestructura actual, podemos llevar a cabo. <\/span><\/span><\/p>\n<p><span style=\"font-family: Verdana, sans-serif;\"><span style=\"font-size: small;\">Nuevos retos se asoman por la puerta y queremos estar preparados. <\/span><\/span><\/p>\n<p><span style=\"font-family: Verdana, sans-serif;\"><span style=\"font-size: small;\">As\u00ed que, si ves que te puede interesar colaborar con nosotros, te animamos a echar un ojo a este post.<\/span><\/span><\/p>\n<p><!--more--><\/p>\n<p align=\"CENTER\"><span style=\"color: #808080;\">\u2026<span style=\"font-family: Verdana, sans-serif;\"><span style=\"font-size: small;\">&#8230;&#8230;&#8230;&#8230;&#8230;&#8230;&#8230;..<\/span><\/span><\/span><\/p>\n<p><span style=\"font-family: Verdana, sans-serif;\"><span style=\"font-size: small;\">Lo primero de todo os vamos a situar un poco qu\u00e9 es lo que hacemos desde Stepienybarno y as\u00ed veis por d\u00f3nde van los tiros. <\/span><\/span><\/p>\n<p><span style=\"font-family: Verdana, sans-serif;\"><span style=\"font-size: small;\">Mucha gente piensa que s\u00f3lo tenemos un blog y punto, otros piensan que tambi\u00e9n tenemos un estudio de arquitectura, otros que nos dedicamos a temas de Identidad Digital, pero tampoco termina de quedar muy claro el tema. <\/span><\/span><\/p>\n<p><span style=\"font-family: Verdana, sans-serif;\"><span style=\"font-size: small;\">La realidad, simplificando mucho para no extendernos, es que actualmente nos concentramos en tres frentes.<\/span><\/span><\/p>\n<h5><span style=\"font-family: Verdana, sans-serif;\"><span style=\"font-size: small;\"><b>1_ Blog<\/b><\/span><\/span><\/h5>\n<p><span style=\"font-family: Verdana, sans-serif;\"><span style=\"font-size: small;\">Desde el 2009 somos directores del presente blog de Stepienybarno y es la principal fuente de generaci\u00f3n de oportunidades laborales que hemos tenido. Como siempre decimos, es muy dif\u00edcil vivir de un blog de arquitectura pero no tanto vivir a trav\u00e9s de \u00e9l. <\/span><\/span><\/p>\n<p><span style=\"font-family: Verdana, sans-serif;\"><span style=\"font-size: small;\">Como bien sab\u00e9is por aqu\u00ed escribimos post bastante largos sobre temas que tienen que ver con el estado de la profesi\u00f3n y\/o con la Identidad Digital.<\/span><\/span><\/p>\n<p><span style=\"font-family: Verdana, sans-serif;\"><span style=\"font-size: small;\">En paralelo, en nuestro canal (columna lateral) vamos recolectando lo que m\u00e1s nos va interesando de lo que vemos por la red.<\/span><\/span><\/p>\n<p><span style=\"font-family: Verdana, sans-serif;\"><span style=\"font-size: small;\">A su vez, en la otra columna lateral, aparecen varios banners que hay que gestionar; as\u00ed como los post patrocinados que aparecen de vez en cuando.<\/span><\/span><\/p>\n<h5><span style=\"font-family: Verdana, sans-serif;\"><span style=\"font-size: small;\"><b>2_ Charlas y cursos.<\/b><\/span><\/span><\/h5>\n<p><span style=\"font-family: Verdana, sans-serif;\"><span style=\"font-size: small;\">Realizamos charlas y cursos tanto online como offline. Normalmente sobre temas de Identidad Digital; pero este a\u00f1o tambi\u00e9n daremos sobre productividad para arquitectos.<\/span><\/span><\/p>\n<h5><span style=\"font-family: Verdana, sans-serif;\"><span style=\"font-size: small;\"><b>3_ Identidad Digital.<\/b><\/span><\/span><\/h5>\n<p><span style=\"font-family: Verdana, sans-serif;\"><span style=\"font-size: small;\">Ayudamos a otros compa\u00f1eros, empresas y entidades a tener una mejor presencia en la red. Solemos conseguirlo con Proyectos de Identidad Digital personalizados, asesoramientos o ayud\u00e1ndoles, por ejemplo, a gestionar sus redes sociales. <\/span><\/span><\/p>\n<p><span style=\"font-family: Verdana, sans-serif;\"><span style=\"font-size: small;\">Tambi\u00e9n somos directores del blog de Fundaci\u00f3n Arquia. <\/span><\/span><\/p>\n<p><span style=\"font-family: Verdana, sans-serif;\"><span style=\"font-size: small;\">Hacemos webs y blogs y, sobre todo, intentamos transmitir nuestra visi\u00f3n global y transversal de c\u00f3mo se puede alcanzar una buena visibilidad en la red y, en consecuencia, aumentar posibilidades laborales.<\/span><\/span><\/p>\n<h3><span style=\"color: #004586;\"><span style=\"font-family: Verdana, sans-serif;\"><span style=\"font-size: small;\"><b>1_Cualidades que buscamos en el\/la nuev@ colaborador o colaboradora.<\/b><\/span><\/span><\/span><\/h3>\n<p><span style=\"font-family: Verdana, sans-serif;\"><span style=\"font-size: small;\"><b>1.1_ Cualidades blandas buscadas:<\/b><\/span><\/span><\/p>\n<p><span style=\"font-family: Verdana, sans-serif;\"><span style=\"font-size: small;\">1_ Esp\u00edritu de equipo. Facilidad de comunicaci\u00f3n y escucha activa.<\/span><\/span><\/p>\n<p><span style=\"font-family: Verdana, sans-serif;\"><span style=\"font-size: small;\">2_ Amabilidad, simpat\u00eda y cordialidad. <\/span><\/span><\/p>\n<p><span style=\"font-family: Verdana, sans-serif;\"><span style=\"font-size: small;\">3_ Car\u00e1cter optimista y personalidad emp\u00e1tica.<\/span><\/span><\/p>\n<p>&nbsp;<\/p>\n<p><span style=\"font-family: Verdana, sans-serif;\"><span style=\"font-size: small;\"><b>1.2_ Cualidades concretas buscadas:<\/b><\/span><\/span><\/p>\n<p><span style=\"font-family: Verdana, sans-serif;\"><span style=\"font-size: small;\"><b>IMPRESCINDIBLE<\/b><\/span><\/span><\/p>\n<p><span style=\"font-family: Verdana, sans-serif;\"><span style=\"font-size: small;\">1_ Ser arquitect@ o tener una formaci\u00f3n cercana al mundo de la arquitectura.<\/span><\/span><\/p>\n<p><span style=\"font-family: Verdana, sans-serif;\"><span style=\"font-size: small;\">2_ Saber lo que es una buena Identidad Digital y tener una buena presencia en la red.<\/span><\/span><\/p>\n<p><span style=\"font-family: Verdana, sans-serif;\"><span style=\"font-size: small;\">3_ Manejo fluido de WordPress.<\/span><\/span><\/p>\n<p><span style=\"font-family: Verdana, sans-serif;\"><span style=\"font-size: small;\">4_ Conocimiento del mundo de los blogs de arquitectura.<\/span><\/span><\/p>\n<p><span style=\"font-family: Verdana, sans-serif;\"><span style=\"font-size: small;\">5_ Buen lector y estar familiarizado con la edici\u00f3n de textos.<\/span><\/span><\/p>\n<p><span style=\"font-family: Verdana, sans-serif;\"><span style=\"font-size: small;\">6_ Buena presencia en las redes sociales a t\u00edtulo personal y conocimientos tecnol\u00f3gicos generales. Vaya&#8230; que todo lo que tenga que ver con el mundo 2.0 se le de bien.<\/span><\/span><\/p>\n<p><span style=\"font-family: Verdana, sans-serif;\"><span style=\"font-size: small;\">7_ Nociones de grabaci\u00f3n y edici\u00f3n de v\u00eddeo.<\/span><\/span><\/p>\n<p><span style=\"font-family: Verdana, sans-serif;\"><span style=\"font-size: small;\">8_ Manejarse con soltura realizando NewsLetter.<\/span><\/span><\/p>\n<p><span style=\"font-family: Verdana, sans-serif;\"><span style=\"font-size: small;\">9_ Habilidad con herramientas digitales.<\/span><\/span><\/p>\n<p><span style=\"font-family: Verdana, sans-serif;\"><span style=\"font-size: small;\">Manejar con soltura alg\u00fan tipo de gestor de tareas y\/o proyectos (Asana, Trello, FacileThing&#8230;).<\/span><\/span><\/p>\n<p><span style=\"font-family: Verdana, sans-serif;\"><span style=\"font-size: small;\">Estar habituado a gestores de informaci\u00f3n como Evernote, pocket o Feedly.<\/span><\/span><\/p>\n<p><span style=\"font-family: Verdana, sans-serif;\"><span style=\"font-size: small;\">10_ Ser asiduo lector del blog de Stepienybarno o conocernos personalmente; es decir, implicaci\u00f3n con lo que es el proyecto de Stepienybarno. Si no nos caemos bien y hay afinidad no tiene mucho sentido ponerse a colaborar.<\/span><\/span><\/p>\n<p><span style=\"font-family: Verdana, sans-serif;\"><span style=\"font-size: small;\"><b>VALORABLE<\/b><\/span><\/span><\/p>\n<p><span style=\"font-family: Verdana, sans-serif;\"><span style=\"font-size: small;\">1_ Haber hecho alg\u00fan curso con nosotros de Identidad Digital.<\/span><\/span><\/p>\n<p><span style=\"font-family: Verdana, sans-serif;\"><span style=\"font-size: small;\">2_ Conocimientos de realizaci\u00f3n de p\u00e1ginas webs. Saber montar una Landing Page o una Squeeze page. Si has organizado alguna webinar mejor que mejor.<\/span><\/span><\/p>\n<p><span style=\"font-family: Verdana, sans-serif;\"><span style=\"font-size: small;\">3_ Tener un blog con cierta relevancia dentro del mundo de la arquitectura.<\/span><\/span><\/p>\n<p><span style=\"font-family: Verdana, sans-serif;\"><span style=\"font-size: small;\">4_ Conocimientos espec\u00edficos en funciones de Community manager (cursos online y\/o offline, m\u00e1ster en comunicaci\u00f3n&#8230;).Manejarse bien con Google Analytics.<\/span><\/span><\/p>\n<p><span style=\"font-family: Verdana, sans-serif;\"><span style=\"font-size: small;\">5_ Conocimientos de Facebook add y similar.<\/span><\/span><\/p>\n<p><span style=\"font-family: Verdana, sans-serif;\"><span style=\"font-size: small;\">6_ Adem\u00e1s de tener conocimientos de v\u00eddeo, estar familiarizado con temas de Streaming o emisi\u00f3n de v\u00eddeo en directo.<\/span><\/span><\/p>\n<p><span style=\"font-family: Verdana, sans-serif;\"><span style=\"font-size: small;\">7_ Formaci\u00f3n en Marketing digital. Conocimientos de ventas y embudos de ventas.<\/span><\/span><\/p>\n<p><span style=\"font-family: Verdana, sans-serif;\"><span style=\"font-size: small;\">8_ Conocimientos fuertes de Email Marketing (NewsLetter, Lead Magnet, autoresponder&#8230;).<\/span><\/span><\/p>\n<p><span style=\"font-family: Verdana, sans-serif;\"><span style=\"font-size: small;\">9_ Conocimientos de contabilidad y administraci\u00f3n.<\/span><\/span><\/p>\n<p><span style=\"font-family: Verdana, sans-serif;\"><span style=\"font-size: small;\">10_ Tener experiencia montando, editando y publicando ebook.<\/span><\/span><\/p>\n<h3><span style=\"color: #004586;\"><span style=\"font-family: Verdana, sans-serif;\"><span style=\"font-size: small;\"><b>2_ OFRECEMOS.<\/b><\/span><\/span><\/span><\/h3>\n<p><span style=\"font-family: Verdana, sans-serif;\"><span style=\"font-size: small;\">-Una justa remuneraci\u00f3n.<\/span><\/span><\/p>\n<p><span style=\"font-family: Verdana, sans-serif;\"><span style=\"font-size: small;\">-Horario flexible (colaboraci\u00f3n online).<\/span><\/span><\/p>\n<p><span style=\"font-family: Verdana, sans-serif;\"><span style=\"font-size: small;\">-Trabajo sin demasiada presi\u00f3n; si eres una persona realmente eficaz, en general, ser\u00e1n tareas relativamente c\u00f3modas.<\/span><\/span><\/p>\n<p><span style=\"font-family: Verdana, sans-serif;\"><span style=\"font-size: small;\">-Proyectos interesantes y, a veces, muy singulares.<\/span><\/span><\/p>\n<p><span style=\"font-family: Verdana, sans-serif;\"><span style=\"font-size: small;\">-Aseguramos que el trato a recibir ser\u00e1 siempre cordial y amable.<\/span><\/span><\/p>\n<h3><strong><span style=\"color: #004586;\"><span style=\"font-family: Verdana, sans-serif;\"><span style=\"font-size: small;\">3_ CONTACTO<\/span><\/span><\/span><\/strong><\/h3>\n<p><span style=\"font-family: Verdana, sans-serif;\"><span style=\"font-size: small;\">Si ves que te cuadra lo que contamos y piensas que puedes encajar en nuestro equipo, no tienes m\u00e1s que enviarnos un correo a la siguiente direcci\u00f3n:blog@stepienybarno.es <\/span><\/span><\/p>\n<p style=\"text-align: center;\"><span style=\"font-family: Verdana, sans-serif; color: #0000ff;\"><span style=\"font-size: small;\">Asunto: Colaboraci\u00f3n con Stepienybarno.<\/span><\/span><\/p>\n<p><span style=\"font-family: Verdana, sans-serif;\"><span style=\"font-size: small;\">A partir de ah\u00ed, nos pondremos en contacto contigo para seguir hablando y, si vemos que puedes encajar, te propondremos hacer una video-entrevista v\u00eda skype.<\/span><\/span><\/p>\n<p><span style=\"font-family: Verdana, sans-serif;\"><span style=\"font-size: small;\">De hecho, la colaboraci\u00f3n siempre ser\u00e1 v\u00eda online.<\/span><\/span><\/p>\n<p><span style=\"font-family: Verdana, sans-serif;\"><span style=\"font-size: small;\">Las condiciones laborales concretas se valoraran y concretar\u00e1n en funci\u00f3n del trabajo espec\u00edfico a realizar.<\/span><\/span><\/p>\n<p><span style=\"font-family: Verdana, sans-serif;\"><span style=\"font-size: small;\">En principio, se trata de una colaboraci\u00f3n que ser\u00e1 por proyectos y que, de momento, s\u00f3lo llevar\u00e1 unas <strong>dos horas del d\u00eda a d\u00eda<\/strong> de la persona elegida. <\/span><\/span><\/p>\n<p><span style=\"font-family: Verdana, sans-serif;\"><span style=\"font-size: small;\">M\u00e1s adelante, no descartamos la incorporaci\u00f3n a nuestra empresa -en media jornada-. <\/span><\/span><\/p>\n<blockquote>\n<p style=\"text-align: center;\"><span style=\"font-family: Verdana, sans-serif;\"><span style=\"font-size: small;\">La fecha de comienzo de colaboraci\u00f3n prevista ser\u00e1 para el 1 de noviembre del 2017.<\/span><\/span><\/p>\n<p style=\"text-align: center;\"><span style=\"font-family: Verdana, sans-serif;\"><span style=\"font-size: small;\">Fecha de publicaci\u00f3n de la presente propuesta: 24 de agosto del 2017.<\/span><\/span><\/p>\n<p style=\"text-align: center;\"><span style=\"color: #ff0000;\"><strong><span style=\"font-family: Verdana, sans-serif;\"><span style=\"font-size: small;\">Fecha l\u00edmite de contacto con nosotros: Antes del viernes 08 de septiembre del 2017 <\/span><\/span><\/strong><\/span><\/p>\n<p style=\"text-align: center;\"><span style=\"font-family: Verdana, sans-serif;\"><span style=\"font-size: small;\">(s\u00f3lo tienes que mandar un correo. De momento no mandar CV ni nada parecido).<\/span><\/span><\/p>\n<\/blockquote>\n","protected":false},"excerpt":{"rendered":"<p>Desde hace un par de a\u00f1os, en Stepienybarno contamos con<\/p>\n","protected":false},"author":2,"featured_media":29083,"comment_status":"open","ping_status":"closed","sticky":false,"template":"","format":"standard","meta":{"om_disable_all_campaigns":false,"_monsterinsights_skip_tracking":false,"_monsterinsights_sitenote_active":false,"_monsterinsights_sitenote_note":"","_monsterinsights_sitenote_category":0,"_uf_show_specific_survey":0,"_uf_disable_surveys":false,"episode_type":"","audio_file":"","cover_image":"","cover_image_id":"","duration":"","filesize":"","date_recorded":"","explicit":"","block":"","filesize_raw":"","footnotes":""},"categories":[4],"tags":[35],"series":[],"class_list":["post-29082","post","type-post","status-publish","format-standard","has-post-thumbnail","hentry","category-arquilectura","tag-stepienybarno"],"aioseo_notices":[],"episode_featured_image":"https:\/\/stepienybarno.es\/blog\/wp-content\/uploads\/2017\/08\/syb-stepienybarno-blog.jpg","episode_player_image":"https:\/\/stepienybarno.es\/blog\/wp-content\/uploads\/2020\/11\/stepienybarno-podcast-scaled.jpg","download_link":"","player_link":"","audio_player":false,"episode_data":{"playerMode":"dark","subscribeUrls":[],"rssFeedUrl":"https:\/\/stepienybarno.es\/blog\/feed\/podcast\/podcast-de-stepienybarno","embedCode":"<blockquote class=\"wp-embedded-content\" data-secret=\"Cuhqgq2CP5\"><a href=\"https:\/\/stepienybarno.es\/blog\/2017\/08\/24\/te-gustaria-colaborar-con-stepienybarno\/\">\u00bfTe gustar\u00eda colaborar con Stepienybarno?<\/a><\/blockquote><iframe sandbox=\"allow-scripts\" security=\"restricted\" src=\"https:\/\/stepienybarno.es\/blog\/2017\/08\/24\/te-gustaria-colaborar-con-stepienybarno\/embed\/#?secret=Cuhqgq2CP5\" width=\"500\" height=\"350\" title=\"\u00ab\u00bfTe gustar\u00eda colaborar con Stepienybarno?\u00bb \u2014 Blog de STEPIEN Y BARNO - publicaci\u00f3n digital sobre arquitectura\" data-secret=\"Cuhqgq2CP5\" frameborder=\"0\" marginwidth=\"0\" marginheight=\"0\" scrolling=\"no\" class=\"wp-embedded-content\"><\/iframe><script type=\"text\/javascript\">\n\/* <![CDATA[ *\/\n\/*! This file is auto-generated *\/\n!function(d,l){\"use strict\";l.querySelector&&d.addEventListener&&\"undefined\"!=typeof URL&&(d.wp=d.wp||{},d.wp.receiveEmbedMessage||(d.wp.receiveEmbedMessage=function(e){var t=e.data;if((t||t.secret||t.message||t.value)&&!\/[^a-zA-Z0-9]\/.test(t.secret)){for(var s,r,n,a=l.querySelectorAll('iframe[data-secret=\"'+t.secret+'\"]'),o=l.querySelectorAll('blockquote[data-secret=\"'+t.secret+'\"]'),c=new RegExp(\"^https?:$\",\"i\"),i=0;i<o.length;i++)o[i].style.display=\"none\";for(i=0;i<a.length;i++)s=a[i],e.source===s.contentWindow&&(s.removeAttribute(\"style\"),\"height\"===t.message?(1e3<(r=parseInt(t.value,10))?r=1e3:~~r<200&&(r=200),s.height=r):\"link\"===t.message&&(r=new URL(s.getAttribute(\"src\")),n=new URL(t.value),c.test(n.protocol))&&n.host===r.host&&l.activeElement===s&&(d.top.location.href=t.value))}},d.addEventListener(\"message\",d.wp.receiveEmbedMessage,!1),l.addEventListener(\"DOMContentLoaded\",function(){for(var e,t,s=l.querySelectorAll(\"iframe.wp-embedded-content\"),r=0;r<s.length;r++)(t=(e=s[r]).getAttribute(\"data-secret\"))||(t=Math.random().toString(36).substring(2,12),e.src+=\"#?secret=\"+t,e.setAttribute(\"data-secret\",t)),e.contentWindow.postMessage({message:\"ready\",secret:t},\"*\")},!1)))}(window,document);\n\/* ]]> *\/\n<\/script>\n"},"_links":{"self":[{"href":"https:\/\/stepienybarno.es\/blog\/wp-json\/wp\/v2\/posts\/29082"}],"collection":[{"href":"https:\/\/stepienybarno.es\/blog\/wp-json\/wp\/v2\/posts"}],"about":[{"href":"https:\/\/stepienybarno.es\/blog\/wp-json\/wp\/v2\/types\/post"}],"author":[{"embeddable":true,"href":"https:\/\/stepienybarno.es\/blog\/wp-json\/wp\/v2\/users\/2"}],"replies":[{"embeddable":true,"href":"https:\/\/stepienybarno.es\/blog\/wp-json\/wp\/v2\/comments?post=29082"}],"version-history":[{"count":5,"href":"https:\/\/stepienybarno.es\/blog\/wp-json\/wp\/v2\/posts\/29082\/revisions"}],"predecessor-version":[{"id":29088,"href":"https:\/\/stepienybarno.es\/blog\/wp-json\/wp\/v2\/posts\/29082\/revisions\/29088"}],"wp:featuredmedia":[{"embeddable":true,"href":"https:\/\/stepienybarno.es\/blog\/wp-json\/wp\/v2\/media\/29083"}],"wp:attachment":[{"href":"https:\/\/stepienybarno.es\/blog\/wp-json\/wp\/v2\/media?parent=29082"}],"wp:term":[{"taxonomy":"category","embeddable":true,"href":"https:\/\/stepienybarno.es\/blog\/wp-json\/wp\/v2\/categories?post=29082"},{"taxonomy":"post_tag","embeddable":true,"href":"https:\/\/stepienybarno.es\/blog\/wp-json\/wp\/v2\/tags?post=29082"},{"taxonomy":"series","embeddable":true,"href":"https:\/\/stepienybarno.es\/blog\/wp-json\/wp\/v2\/series?post=29082"}],"curies":[{"name":"wp","href":"https:\/\/api.w.org\/{rel}","templated":true}]}}