{"id":29137,"date":"2017-08-30T09:32:02","date_gmt":"2017-08-30T07:32:02","guid":{"rendered":"https:\/\/www.stepienybarno.es\/blog\/?p=29137"},"modified":"2017-08-30T09:32:02","modified_gmt":"2017-08-30T07:32:02","slug":"un-paseo-por-el-madrid-mas-brutal-cinco-iconicos-edificios-de-hormigon","status":"publish","type":"post","link":"https:\/\/stepienybarno.es\/blog\/2017\/08\/30\/un-paseo-por-el-madrid-mas-brutal-cinco-iconicos-edificios-de-hormigon\/","title":{"rendered":"UN PASEO POR EL MADRID M\u00c1S \u2018BRUTAL\u2019: CINCO IC\u00d3NICOS EDIFICIOS DE HORMIG\u00d3N"},"content":{"rendered":"<p><img loading=\"lazy\" decoding=\"async\" class=\"aligncenter size-medium wp-image-29138\" src=\"https:\/\/stepienybarno.es\/blog\/wp-content\/uploads\/2017\/08\/Stepienybarno-blog-stepien-y-barno-Libe-Fdez.-Torr\u00f3ntegui-idealista-412x550.jpg\" alt=\"Stepienybarno-blog-stepien-y-barno-Libe Fdez. Torr\u00f3ntegui-idealista\" width=\"412\" height=\"550\" srcset=\"https:\/\/stepienybarno.es\/blog\/wp-content\/uploads\/2017\/08\/Stepienybarno-blog-stepien-y-barno-Libe-Fdez.-Torr\u00f3ntegui-idealista-412x550.jpg 412w, https:\/\/stepienybarno.es\/blog\/wp-content\/uploads\/2017\/08\/Stepienybarno-blog-stepien-y-barno-Libe-Fdez.-Torr\u00f3ntegui-idealista-135x180.jpg 135w, https:\/\/stepienybarno.es\/blog\/wp-content\/uploads\/2017\/08\/Stepienybarno-blog-stepien-y-barno-Libe-Fdez.-Torr\u00f3ntegui-idealista-300x400.jpg 300w, https:\/\/stepienybarno.es\/blog\/wp-content\/uploads\/2017\/08\/Stepienybarno-blog-stepien-y-barno-Libe-Fdez.-Torr\u00f3ntegui-idealista.jpg 500w\" sizes=\"(max-width: 412px) 100vw, 412px\" \/><\/p>\n<p><strong>Por <a href=\"https:\/\/twitter.com\/Libe_reharq\" target=\"_blank\">Libe Fdez. Torr\u00f3ntegui<\/a><\/strong><\/p>\n<p><strong>Desde <a href=\"https:\/\/www.idealista.com\/\" target=\"_blank\">Idealista<\/a><\/strong><\/p>\n<p><!--more--><\/p>\n<p style=\"text-align: justify;\">\u00abAunque para muchos brutal tenga la connotaci\u00f3n \u2018cool \u2019de extraordinario, lo cierto es que para otros esta arquitectura resulta &#8216;rara de ver&#8217; (aka: horripilante). Pero m\u00e1s all\u00e1 de sus defensores o detractores, mejor, qued\u00e9monos con la versi\u00f3n m\u00e1s purista del t\u00e9rmino brutalista, inspirado en el construir de Le Corbusier y Eero Saarinen, que corresponde a la arquitectura hecha\u00a0<em>beton brut,<\/em>\u00a0con \u201chormig\u00f3n crudo\u201d. Una tendencia arquitect\u00f3nica donde primaba la expresi\u00f3n, lo racional y el uso del hormig\u00f3n.<\/p>\n<p style=\"text-align: justify;\">\u00bfExtraordinaria, fea o austera&#8230;? Esta arquitectura forma parte de nuestra historia constructiva y social m\u00e1s reciente, ojal\u00e1 perdure y llegue a las generaciones venideras. Sirvan estos cinco vol\u00famenes masivos, unidos por el denominador com\u00fan de la arquitectura brutalista, como ejemplo de uno de los estilos internacionales m\u00e1s llamativos de la segunda mitad del siglo XX.<\/p>\n<h3 style=\"text-align: justify;\">1- Iglesia Nuestra Se\u00f1ora del Rosario de Filipinas<\/h3>\n<p style=\"text-align: justify;\"><em>\u00a0<\/em>Madrid a\u00fan guarda alg\u00fan que otro tesorito y es que esta iglesia pasa inadvertida al caminar por la calle Conde de Pe\u00f1alver. El conjunto edificatorio, obra del arquitecto Cecilio S\u00e1nchez-Robles Tar\u00edn (1967-1970),\u00a0 est\u00e1 formado por la iglesia, convento y oficinas, y destaca por su impactante austeridad y su claridad formal.<\/p>\n<p style=\"text-align: justify;\">Uno de sus contundentes elementos verticales, que hace las veces de torre, est\u00e1 rematado por una cruz perforada en el hormig\u00f3n. Fuera artificios y ornamentaci\u00f3n.<\/p>\n<h3 style=\"text-align: justify;\">2. Torres Blancas <em>(\u2026)\u201d<\/em><\/h3>\n<p><em>\u00a0<\/em><\/p>\n<p style=\"text-align: center;\"><strong><em>Accede al art\u00edculo, <\/em><em><a href=\"https:\/\/www.idealista.com\/news\/inmobiliario\/construccion\/2017\/06\/06\/746783-el-madrid-mas-brutal-cinco-iconicos-edificios-construidos-a-base-de-hormigon?utm_content=buffer3cf5c&amp;utm_medium=social&amp;utm_source=twitter.com&amp;utm_campaign=buffer\" target=\"_blank\">AQU\u00cd<\/a><\/em><\/strong><\/p>\n<p>&nbsp;<\/p>\n<p><span style=\"color: #999999;\"><strong>\u00a0<\/strong><\/span><\/p>\n<p><span style=\"color: #999999;\"><em>Noticia seleccionada por el Canal de arquitectura STEPIENYBARNO.\u00a0<\/em><\/span><\/p>\n<p><a href=\"https:\/\/twitter.com\/stepienybarno\"><em>STEPIENYBARNO EN TWITTER _ @stepienybarno<\/em><\/a><\/p>\n<p><a href=\"http:\/\/www.linkedin.com\/company\/stepienybarno\"><em>STEPIENYBARNO EN LINKEDIN<\/em><\/a><\/p>\n<p><a href=\"https:\/\/www.facebook.com\/StepienybarnoCANAL\"><em>STEPIENYBARNO EN FACEBOOK<\/em><\/a><\/p>\n<p><span style=\"color: #999999;\"><em>*Stepienybarno est\u00e1 formado por Agnieszka Stepien y Lorenzo Barn\u00f3 y desde mayo del 2009 estamos en la red con la presente publicaci\u00f3n digital (Blog) de arquitectura.<\/em><\/span><\/p>\n<p><span style=\"color: #999999;\"><em>Nuestra actividad se sustenta en tres pilares b\u00e1sicos: la investigaci\u00f3n, la publicaci\u00f3n (comunicaci\u00f3n y difusi\u00f3n) y la redacci\u00f3n de proyectos de arquitectura.<\/em><\/span><\/p>\n<p><span style=\"color: #999999;\"><em>A su vez, somos socios cofundadores de<\/em><\/span><em>\u00a0<\/em><a href=\"http:\/\/sinergiasostenible.org\/\"><em>SINERGIA SOSTENIBLE<\/em><\/a><span style=\"color: #999999;\"><em>,<\/em><em>\u00a0<\/em><em>redactores de<\/em><em>\u00a0<\/em><\/span><a href=\"http:\/\/www.laciudadviva.org\/blogs\/?author=45\"><em>LA CIUDAD VIVA<\/em><\/a><em>\u00a0<\/em><span style=\"color: #999999;\"><em>y directores del blog de<\/em><em>\u00a0<\/em><\/span><a href=\"http:\/\/blogfundacion.arquia.es\/\"><em>FUNDACI\u00d3N ARQUIA<\/em><\/a><span style=\"color: #999999;\"><em>.<\/em><\/span><\/p>\n<p><span style=\"color: #999999;\"><em>* Los editores de esta publicaci\u00f3n digital no nos hacemos cargo de de los comentarios y\u00a0conceptos vertidos en los textos firmados por otras personas, siendo \u00e9stos de responsabilidad exclusiva de sus autores.<\/em><\/span><\/p>\n<p><span style=\"color: #999999;\"><em>* Tu comentario podr\u00e1 ser moderado, por lo tanto, aunque aparezca inmediatamente al ser publicado en la entrada, los editores de esta publicaci\u00f3n digital nos reservamos el derecho tanto de editarlo (si fuera necesario, para hacerlo m\u00e1s legible) como de eliminarlo en el caso de que se usen expresiones incorrectas (descalificaciones, palabras malsonantes\u2026). A su vez, si quieres comentar desde el anonimato puedes hacerlo, aunque, nosotros personalmente, agradecemos que tod@s nos podamos identificar.<\/em><\/span><\/p>\n","protected":false},"excerpt":{"rendered":"<p>Por Libe Fdez. Torr\u00f3ntegui Desde Idealista<\/p>\n","protected":false},"author":9,"featured_media":29138,"comment_status":"open","ping_status":"closed","sticky":false,"template":"","format":"standard","meta":{"om_disable_all_campaigns":false,"_monsterinsights_skip_tracking":false,"_monsterinsights_sitenote_active":false,"_monsterinsights_sitenote_note":"","_monsterinsights_sitenote_category":0,"_uf_show_specific_survey":0,"_uf_disable_surveys":false,"episode_type":"","audio_file":"","cover_image":"","cover_image_id":"","duration":"","filesize":"","date_recorded":"","explicit":"","block":"","filesize_raw":"","footnotes":""},"categories":[244],"tags":[3663,4200],"series":[],"class_list":["post-29137","post","type-post","status-publish","format-standard","has-post-thumbnail","hentry","category-canal-de-arquitectura","tag-idealista","tag-libe-fdez-torrontegui"],"aioseo_notices":[],"episode_featured_image":"https:\/\/stepienybarno.es\/blog\/wp-content\/uploads\/2017\/08\/Stepienybarno-blog-stepien-y-barno-Libe-Fdez.-Torr\u00f3ntegui-idealista.jpg","episode_player_image":"https:\/\/stepienybarno.es\/blog\/wp-content\/uploads\/2020\/11\/stepienybarno-podcast-scaled.jpg","download_link":"","player_link":"","audio_player":false,"episode_data":{"playerMode":"dark","subscribeUrls":[],"rssFeedUrl":"https:\/\/stepienybarno.es\/blog\/feed\/podcast\/podcast-de-stepienybarno","embedCode":"<blockquote class=\"wp-embedded-content\" data-secret=\"KZK7W8Hsow\"><a href=\"https:\/\/stepienybarno.es\/blog\/2017\/08\/30\/un-paseo-por-el-madrid-mas-brutal-cinco-iconicos-edificios-de-hormigon\/\">UN PASEO POR EL MADRID M\u00c1S \u2018BRUTAL\u2019: CINCO IC\u00d3NICOS EDIFICIOS DE HORMIG\u00d3N<\/a><\/blockquote><iframe sandbox=\"allow-scripts\" security=\"restricted\" src=\"https:\/\/stepienybarno.es\/blog\/2017\/08\/30\/un-paseo-por-el-madrid-mas-brutal-cinco-iconicos-edificios-de-hormigon\/embed\/#?secret=KZK7W8Hsow\" width=\"500\" height=\"350\" title=\"\u00abUN PASEO POR EL MADRID M\u00c1S \u2018BRUTAL\u2019: CINCO IC\u00d3NICOS EDIFICIOS DE HORMIG\u00d3N\u00bb \u2014 Blog de STEPIEN Y BARNO - publicaci\u00f3n digital sobre arquitectura\" data-secret=\"KZK7W8Hsow\" frameborder=\"0\" marginwidth=\"0\" marginheight=\"0\" scrolling=\"no\" class=\"wp-embedded-content\"><\/iframe><script type=\"text\/javascript\">\n\/* <![CDATA[ *\/\n\/*! This file is auto-generated *\/\n!function(d,l){\"use strict\";l.querySelector&&d.addEventListener&&\"undefined\"!=typeof URL&&(d.wp=d.wp||{},d.wp.receiveEmbedMessage||(d.wp.receiveEmbedMessage=function(e){var t=e.data;if((t||t.secret||t.message||t.value)&&!\/[^a-zA-Z0-9]\/.test(t.secret)){for(var s,r,n,a=l.querySelectorAll('iframe[data-secret=\"'+t.secret+'\"]'),o=l.querySelectorAll('blockquote[data-secret=\"'+t.secret+'\"]'),c=new RegExp(\"^https?:$\",\"i\"),i=0;i<o.length;i++)o[i].style.display=\"none\";for(i=0;i<a.length;i++)s=a[i],e.source===s.contentWindow&&(s.removeAttribute(\"style\"),\"height\"===t.message?(1e3<(r=parseInt(t.value,10))?r=1e3:~~r<200&&(r=200),s.height=r):\"link\"===t.message&&(r=new URL(s.getAttribute(\"src\")),n=new URL(t.value),c.test(n.protocol))&&n.host===r.host&&l.activeElement===s&&(d.top.location.href=t.value))}},d.addEventListener(\"message\",d.wp.receiveEmbedMessage,!1),l.addEventListener(\"DOMContentLoaded\",function(){for(var e,t,s=l.querySelectorAll(\"iframe.wp-embedded-content\"),r=0;r<s.length;r++)(t=(e=s[r]).getAttribute(\"data-secret\"))||(t=Math.random().toString(36).substring(2,12),e.src+=\"#?secret=\"+t,e.setAttribute(\"data-secret\",t)),e.contentWindow.postMessage({message:\"ready\",secret:t},\"*\")},!1)))}(window,document);\n\/* ]]> *\/\n<\/script>\n"},"_links":{"self":[{"href":"https:\/\/stepienybarno.es\/blog\/wp-json\/wp\/v2\/posts\/29137"}],"collection":[{"href":"https:\/\/stepienybarno.es\/blog\/wp-json\/wp\/v2\/posts"}],"about":[{"href":"https:\/\/stepienybarno.es\/blog\/wp-json\/wp\/v2\/types\/post"}],"author":[{"embeddable":true,"href":"https:\/\/stepienybarno.es\/blog\/wp-json\/wp\/v2\/users\/9"}],"replies":[{"embeddable":true,"href":"https:\/\/stepienybarno.es\/blog\/wp-json\/wp\/v2\/comments?post=29137"}],"version-history":[{"count":1,"href":"https:\/\/stepienybarno.es\/blog\/wp-json\/wp\/v2\/posts\/29137\/revisions"}],"predecessor-version":[{"id":29139,"href":"https:\/\/stepienybarno.es\/blog\/wp-json\/wp\/v2\/posts\/29137\/revisions\/29139"}],"wp:featuredmedia":[{"embeddable":true,"href":"https:\/\/stepienybarno.es\/blog\/wp-json\/wp\/v2\/media\/29138"}],"wp:attachment":[{"href":"https:\/\/stepienybarno.es\/blog\/wp-json\/wp\/v2\/media?parent=29137"}],"wp:term":[{"taxonomy":"category","embeddable":true,"href":"https:\/\/stepienybarno.es\/blog\/wp-json\/wp\/v2\/categories?post=29137"},{"taxonomy":"post_tag","embeddable":true,"href":"https:\/\/stepienybarno.es\/blog\/wp-json\/wp\/v2\/tags?post=29137"},{"taxonomy":"series","embeddable":true,"href":"https:\/\/stepienybarno.es\/blog\/wp-json\/wp\/v2\/series?post=29137"}],"curies":[{"name":"wp","href":"https:\/\/api.w.org\/{rel}","templated":true}]}}