{"id":29268,"date":"2017-09-11T19:21:21","date_gmt":"2017-09-11T17:21:21","guid":{"rendered":"https:\/\/www.stepienybarno.es\/blog\/?p=29268"},"modified":"2017-09-11T16:39:41","modified_gmt":"2017-09-11T14:39:41","slug":"el-legendario-creador-de-burbujas","status":"publish","type":"post","link":"https:\/\/stepienybarno.es\/blog\/2017\/09\/11\/el-legendario-creador-de-burbujas\/","title":{"rendered":"EL LEGENDARIO CREADOR DE BURBUJAS"},"content":{"rendered":"<p><img loading=\"lazy\" decoding=\"async\" class=\"aligncenter size-full wp-image-29269\" src=\"https:\/\/stepienybarno.es\/blog\/wp-content\/uploads\/2017\/09\/stepienybarno-stepien-y-barno-arquitectura-arquine-yolanda-bravo-salda\u00f1a.jpg\" alt=\"stepienybarno-stepien-y-barno-arquitectura-arquine-yolanda-bravo-salda\u00f1a\" width=\"500\" height=\"375\" srcset=\"https:\/\/stepienybarno.es\/blog\/wp-content\/uploads\/2017\/09\/stepienybarno-stepien-y-barno-arquitectura-arquine-yolanda-bravo-salda\u00f1a.jpg 500w, https:\/\/stepienybarno.es\/blog\/wp-content\/uploads\/2017\/09\/stepienybarno-stepien-y-barno-arquitectura-arquine-yolanda-bravo-salda\u00f1a-180x135.jpg 180w, https:\/\/stepienybarno.es\/blog\/wp-content\/uploads\/2017\/09\/stepienybarno-stepien-y-barno-arquitectura-arquine-yolanda-bravo-salda\u00f1a-316x237.jpg 316w\" sizes=\"(max-width: 500px) 100vw, 500px\" \/><\/p>\n<p><strong>Por <a href=\"http:\/\/www.arquine.com\/author\/yolanda-bravo-saldana\/\" target=\"_blank\">Yolanda Bravo Salda\u00f1a<\/a><\/strong><\/p>\n<p><strong>Desde <a href=\"http:\/\/www.arquine.com\/\" target=\"_blank\">Arquine<\/a><\/strong><\/p>\n<p><!--more--><\/p>\n<p style=\"text-align: justify;\">\u201cDe padre ruso y madre finlandesa, el paradigm\u00e1tico y legendario Antti Lovag, naci\u00f3 en Hungr\u00eda en 1920. Sus primeros estudios los desarroll\u00f3 en la rama de arquitectura naval, en Estocolmo, Suecia. Posteriormente ingres\u00f3 a la Ecole de Beaux-Arts de Par\u00eds, de donde se recibi\u00f3 en el a\u00f1o de 1947.\u00a0Su inicio como arquitecto de singulares caracter\u00edsticas, tan diferentes a los modelos de la \u00e9poca, tuvo lugar hacia 1960, cuando comenz\u00f3 a experimentar dentro de lo que se ha denominado arquitectura org\u00e1nica, junto con otros arquitectos como Pascal Ha\u00fcsermann, Jacques Co\u00fcelle y Jean-Louis Chan\u00e9ac, entre otros.<\/p>\n<p style=\"text-align: justify;\">A fines de los a\u00f1os sesenta proyect\u00f3 su primera casa tipo \u201cburbuja\u201d (como se nombra coloquialmente a su obra): la Casa Gaudet, en la localidad de Tourrettes-sur-Loup, Francia, la cual est\u00e1 considerada monumento hist\u00f3rico desde 1998.\u00a0Una de sus piezas m\u00e1s emblem\u00e1ticas es el \u201cPalacio de las burbujas\u201d, en Tourrettes-sur-Mer (cerca de la fastuosa Cannes); la cual se hizo famosa cuando el dise\u00f1ador de modas Pierre Cardin la adquiri\u00f3.\u00a0Por esas fechas tambi\u00e9n realiz\u00f3 un observatorio astron\u00f3mico en Saint-Vallier-deThiey, en la Costa Azul. El maestro Antti Lovag, admirado por muchos, incomprendido por otros tantos, muri\u00f3 el 27 de septiembre de 2014 en Tourrettes-sur Loup (\u2026)\u201d<\/p>\n<p>&nbsp;<\/p>\n<p style=\"text-align: center;\">\n<p style=\"text-align: center;\"><strong>Accede \u00a0al art\u00edculo, <a href=\"http:\/\/www.arquine.com\/el-legendario-creador-deburbujas\/\" target=\"_blank\">AQU\u00cd<\/a><\/strong><\/p>\n<p><strong>\u00a0\u00a0\u00a0\u00a0\u00a0\u00a0\u00a0\u00a0\u00a0\u00a0\u00a0\u00a0\u00a0\u00a0\u00a0\u00a0\u00a0\u00a0\u00a0\u00a0\u00a0\u00a0\u00a0\u00a0\u00a0\u00a0\u00a0\u00a0\u00a0\u00a0\u00a0\u00a0\u00a0\u00a0\u00a0\u00a0\u00a0\u00a0\u00a0\u00a0\u00a0\u00a0\u00a0\u00a0\u00a0\u00a0\u00a0\u00a0\u00a0\u00a0\u00a0\u00a0\u00a0\u00a0\u00a0\u00a0\u00a0\u00a0\u00a0\u00a0\u00a0\u00a0\u00a0\u00a0\u00a0\u00a0\u00a0\u00a0\u00a0\u00a0\u00a0\u00a0\u00a0\u00a0\u00a0\u00a0\u00a0\u00a0\u00a0\u00a0\u00a0\u00a0\u00a0\u00a0\u00a0\u00a0\u00a0\u00a0\u00a0\u00a0\u00a0\u00a0\u00a0\u00a0\u00a0\u00a0\u00a0\u00a0\u00a0\u00a0\u00a0\u00a0\u00a0\u00a0\u00a0\u00a0\u00a0\u00a0\u00a0\u00a0\u00a0\u00a0\u00a0\u00a0\u00a0\u00a0\u00a0\u00a0\u00a0\u00a0\u00a0\u00a0\u00a0\u00a0\u00a0\u00a0\u00a0\u00a0\u00a0\u00a0\u00a0\u00a0\u00a0\u00a0\u00a0\u00a0\u00a0\u00a0\u00a0\u00a0\u00a0\u00a0\u00a0\u00a0\u00a0\u00a0\u00a0\u00a0\u00a0\u00a0\u00a0\u00a0\u00a0\u00a0\u00a0\u00a0\u00a0\u00a0\u00a0\u00a0\u00a0\u00a0\u00a0\u00a0 <\/strong><\/p>\n<p><strong>\u00a0<\/strong><\/p>\n<p>&nbsp;<\/p>\n<p><span style=\"color: #999999;\"><em>Noticia seleccionada por el Canal de arquitectura STEPIENYBARNO.\u00a0<\/em><\/span><\/p>\n<p><a href=\"https:\/\/twitter.com\/stepienybarno\">STEPIENYBARNO EN TWITTER _ @stepienybarno<\/a><\/p>\n<p><a href=\"http:\/\/www.linkedin.com\/company\/stepienybarno\"><em>STEPIENYBARNO EN LINKEDIN<\/em><\/a><\/p>\n<p><a href=\"https:\/\/www.facebook.com\/StepienybarnoCANAL\">STEPIENYBARNO EN FACEBOOK<\/a><\/p>\n<p><span style=\"color: #999999;\"><em>*Stepienybarno est\u00e1 formado por Agnieszka Stepien y Lorenzo Barn\u00f3 y desde mayo del 2009 estamos en la red con\u00a0 la presente publicaci\u00f3n digital (Blog) de arquitectura.<\/em><\/span><\/p>\n<p><span style=\"color: #999999;\"><em>Nuestra actividad se sustenta en tres pilares b\u00e1sicos: la investigaci\u00f3n, la publicaci\u00f3n (comunicaci\u00f3n y difusi\u00f3n) y la redacci\u00f3n de proyectos de arquitectura.<\/em><\/span><\/p>\n<p><span style=\"color: #999999;\"><em>A su vez, somos socios cofundadores de<\/em><em>\u00a0<\/em><\/span><a href=\"http:\/\/sinergiasostenible.org\/\">SINERGIA SOSTENIBLE<\/a><span style=\"color: #999999;\"><em>, redactores de<\/em><\/span><em>\u00a0<\/em><a href=\"http:\/\/www.laciudadviva.org\/blogs\/?author=45\">LA CIUDAD VIVA<\/a><em>\u00a0<\/em><span style=\"color: #999999;\"><em>y directores del blog de<\/em><\/span><em>\u00a0<\/em><a href=\"http:\/\/blogfundacion.arquia.es\/\">FUNDACI\u00d3N ARQUIA<\/a><span style=\"color: #999999;\"><em>.<\/em><\/span><\/p>\n<p><span style=\"color: #999999;\"><em>* Los editores de esta publicaci\u00f3n digital no nos hacemos cargo de de los comentarios y\u00a0 conceptos vertidos en los textos firmados por otras personas, siendo \u00e9stos de responsabilidad exclusiva de sus autores.<\/em><\/span><\/p>\n<p><span style=\"color: #999999;\"><em>* Tu comentario podr\u00e1 ser moderado, por lo tanto, aunque aparezca inmediatamente al ser publicado en la entrada, los editores de esta publicaci\u00f3n digital nos reservamos el derecho tanto de editarlo (si fuera necesario, para hacerlo m\u00e1s legible) como de eliminarlo en el caso de que se usen expresiones incorrectas (descalificaciones, palabras malsonantes\u2026). A su vez, si quieres comentar desde el anonimato puedes hacerlo, aunque, nosotros personalmente, agradecemos que tod@s nos podamos identificar.<\/em><\/span><\/p>\n","protected":false},"excerpt":{"rendered":"<p>Por Yolanda Bravo Salda\u00f1a Desde Arquine<\/p>\n","protected":false},"author":9,"featured_media":29269,"comment_status":"open","ping_status":"closed","sticky":false,"template":"","format":"standard","meta":{"om_disable_all_campaigns":false,"_monsterinsights_skip_tracking":false,"_monsterinsights_sitenote_active":false,"_monsterinsights_sitenote_note":"","_monsterinsights_sitenote_category":0,"_uf_show_specific_survey":0,"_uf_disable_surveys":false,"episode_type":"","audio_file":"","cover_image":"","cover_image_id":"","duration":"","filesize":"","date_recorded":"","explicit":"","block":"","filesize_raw":"","footnotes":""},"categories":[244],"tags":[5701,3162,5700],"series":[],"class_list":["post-29268","post","type-post","status-publish","format-standard","has-post-thumbnail","hentry","category-canal-de-arquitectura","tag-antti-lova","tag-arquine","tag-yolanda-bravo-saldana"],"aioseo_notices":[],"episode_featured_image":"https:\/\/stepienybarno.es\/blog\/wp-content\/uploads\/2017\/09\/stepienybarno-stepien-y-barno-arquitectura-arquine-yolanda-bravo-salda\u00f1a.jpg","episode_player_image":"https:\/\/stepienybarno.es\/blog\/wp-content\/uploads\/2020\/11\/stepienybarno-podcast-scaled.jpg","download_link":"","player_link":"","audio_player":false,"episode_data":{"playerMode":"dark","subscribeUrls":[],"rssFeedUrl":"https:\/\/stepienybarno.es\/blog\/feed\/podcast\/podcast-de-stepienybarno","embedCode":"<blockquote class=\"wp-embedded-content\" data-secret=\"hDJ3auxqtD\"><a href=\"https:\/\/stepienybarno.es\/blog\/2017\/09\/11\/el-legendario-creador-de-burbujas\/\">EL LEGENDARIO CREADOR DE BURBUJAS<\/a><\/blockquote><iframe sandbox=\"allow-scripts\" security=\"restricted\" src=\"https:\/\/stepienybarno.es\/blog\/2017\/09\/11\/el-legendario-creador-de-burbujas\/embed\/#?secret=hDJ3auxqtD\" width=\"500\" height=\"350\" title=\"\u00abEL LEGENDARIO CREADOR DE BURBUJAS\u00bb \u2014 Blog de STEPIEN Y BARNO - publicaci\u00f3n digital sobre arquitectura\" data-secret=\"hDJ3auxqtD\" frameborder=\"0\" marginwidth=\"0\" marginheight=\"0\" scrolling=\"no\" class=\"wp-embedded-content\"><\/iframe><script type=\"text\/javascript\">\n\/* <![CDATA[ *\/\n\/*! This file is auto-generated *\/\n!function(d,l){\"use strict\";l.querySelector&&d.addEventListener&&\"undefined\"!=typeof URL&&(d.wp=d.wp||{},d.wp.receiveEmbedMessage||(d.wp.receiveEmbedMessage=function(e){var t=e.data;if((t||t.secret||t.message||t.value)&&!\/[^a-zA-Z0-9]\/.test(t.secret)){for(var s,r,n,a=l.querySelectorAll('iframe[data-secret=\"'+t.secret+'\"]'),o=l.querySelectorAll('blockquote[data-secret=\"'+t.secret+'\"]'),c=new RegExp(\"^https?:$\",\"i\"),i=0;i<o.length;i++)o[i].style.display=\"none\";for(i=0;i<a.length;i++)s=a[i],e.source===s.contentWindow&&(s.removeAttribute(\"style\"),\"height\"===t.message?(1e3<(r=parseInt(t.value,10))?r=1e3:~~r<200&&(r=200),s.height=r):\"link\"===t.message&&(r=new URL(s.getAttribute(\"src\")),n=new URL(t.value),c.test(n.protocol))&&n.host===r.host&&l.activeElement===s&&(d.top.location.href=t.value))}},d.addEventListener(\"message\",d.wp.receiveEmbedMessage,!1),l.addEventListener(\"DOMContentLoaded\",function(){for(var e,t,s=l.querySelectorAll(\"iframe.wp-embedded-content\"),r=0;r<s.length;r++)(t=(e=s[r]).getAttribute(\"data-secret\"))||(t=Math.random().toString(36).substring(2,12),e.src+=\"#?secret=\"+t,e.setAttribute(\"data-secret\",t)),e.contentWindow.postMessage({message:\"ready\",secret:t},\"*\")},!1)))}(window,document);\n\/* ]]> *\/\n<\/script>\n"},"_links":{"self":[{"href":"https:\/\/stepienybarno.es\/blog\/wp-json\/wp\/v2\/posts\/29268"}],"collection":[{"href":"https:\/\/stepienybarno.es\/blog\/wp-json\/wp\/v2\/posts"}],"about":[{"href":"https:\/\/stepienybarno.es\/blog\/wp-json\/wp\/v2\/types\/post"}],"author":[{"embeddable":true,"href":"https:\/\/stepienybarno.es\/blog\/wp-json\/wp\/v2\/users\/9"}],"replies":[{"embeddable":true,"href":"https:\/\/stepienybarno.es\/blog\/wp-json\/wp\/v2\/comments?post=29268"}],"version-history":[{"count":1,"href":"https:\/\/stepienybarno.es\/blog\/wp-json\/wp\/v2\/posts\/29268\/revisions"}],"predecessor-version":[{"id":29270,"href":"https:\/\/stepienybarno.es\/blog\/wp-json\/wp\/v2\/posts\/29268\/revisions\/29270"}],"wp:featuredmedia":[{"embeddable":true,"href":"https:\/\/stepienybarno.es\/blog\/wp-json\/wp\/v2\/media\/29269"}],"wp:attachment":[{"href":"https:\/\/stepienybarno.es\/blog\/wp-json\/wp\/v2\/media?parent=29268"}],"wp:term":[{"taxonomy":"category","embeddable":true,"href":"https:\/\/stepienybarno.es\/blog\/wp-json\/wp\/v2\/categories?post=29268"},{"taxonomy":"post_tag","embeddable":true,"href":"https:\/\/stepienybarno.es\/blog\/wp-json\/wp\/v2\/tags?post=29268"},{"taxonomy":"series","embeddable":true,"href":"https:\/\/stepienybarno.es\/blog\/wp-json\/wp\/v2\/series?post=29268"}],"curies":[{"name":"wp","href":"https:\/\/api.w.org\/{rel}","templated":true}]}}