{"id":29297,"date":"2017-09-13T22:30:03","date_gmt":"2017-09-13T20:30:03","guid":{"rendered":"https:\/\/www.stepienybarno.es\/blog\/?p=29297"},"modified":"2017-09-13T22:30:03","modified_gmt":"2017-09-13T20:30:03","slug":"apple-park-la-nueva-sede-del-gigante-tecnologico-y-ultimo-proyecto-de-steve-jobs-donde-se-ha-presentado-el-iphone-8","status":"publish","type":"post","link":"https:\/\/stepienybarno.es\/blog\/2017\/09\/13\/apple-park-la-nueva-sede-del-gigante-tecnologico-y-ultimo-proyecto-de-steve-jobs-donde-se-ha-presentado-el-iphone-8\/","title":{"rendered":"APPLE PARK, LA NUEVA SEDE DEL GIGANTE TECNOL\u00d3GICO Y \u00daLTIMO PROYECTO DE STEVE JOBS, DONDE SE HA PRESENTADO EL IPHONE 8"},"content":{"rendered":"<p>&nbsp;<\/p>\n<p><strong><img loading=\"lazy\" decoding=\"async\" class=\"aligncenter size-full wp-image-29298\" src=\"https:\/\/stepienybarno.es\/blog\/wp-content\/uploads\/2017\/09\/stepienybarno-stepien-y-barno-arquitectura-expansion-apple-park-angela-castillo-iphone-X.jpg\" alt=\"stepienybarno-stepien-y-barno-arquitectura-expansion-apple-park-angela-castillo-iphone-X\" width=\"500\" height=\"282\" srcset=\"https:\/\/stepienybarno.es\/blog\/wp-content\/uploads\/2017\/09\/stepienybarno-stepien-y-barno-arquitectura-expansion-apple-park-angela-castillo-iphone-X.jpg 500w, https:\/\/stepienybarno.es\/blog\/wp-content\/uploads\/2017\/09\/stepienybarno-stepien-y-barno-arquitectura-expansion-apple-park-angela-castillo-iphone-X-180x102.jpg 180w, https:\/\/stepienybarno.es\/blog\/wp-content\/uploads\/2017\/09\/stepienybarno-stepien-y-barno-arquitectura-expansion-apple-park-angela-castillo-iphone-X-316x178.jpg 316w\" sizes=\"(max-width: 500px) 100vw, 500px\" \/>Por \u00c1ngela Castillo<\/strong><\/p>\n<p><strong>Desde <a href=\"http:\/\/www.expansion.com\/\" target=\"_blank\">Expansi\u00f3n<\/a><\/strong><\/p>\n<p><!--more-->\u201cEste martes, 12 de septiembre, es un d\u00eda especial para los amantes de Apple. Faltan menos de 24 horas para que el gigante tecnol\u00f3gico presente el Iphone 8 o Pphone X y abra las puertas de Apple Park. O lo que es lo mismo: la nueva sede de la compa\u00f1\u00eda y uno de los \u00faltimos proyectos que firm\u00f3 el propio Jobs antes de morir. No puede haber mejor escenario para la presentaci\u00f3n del nuevo tel\u00e9fono de la compa\u00f1\u00eda.<\/p>\n<p><strong>Apple Park<\/strong>, dise\u00f1ado por el arquitecto\u00a0<strong>Norman Foster<\/strong>, ha tardado seis a\u00f1os en construirse, ocupa 2,8 millones de metros cuadrados y ha requerido una inversi\u00f3n de m\u00e1s de 5.000 millones de d\u00f3lares. El escenario que ma\u00f1ana acoger\u00e1 la mundialmente esperada<a href=\"http:\/\/www.expansion.com\/fueradeserie\/tecno\/2017\/09\/08\/59b27f78e2704ede0b8b458b.html\">\u00a0presentaci\u00f3n del \u00faltimo iPhone<\/a>, est\u00e1 ubicado en Cupertino (California), ciudad en la que tuvo lugar la \u00faltima aparici\u00f3n p\u00fablica de Job (visiblemente desmejorado, Jobs asisti\u00f3 a un pleno en el Ayuntamiento de la localidad para defender el edificio donde se cocinar\u00e1 el futuro de la compa\u00f1\u00eda que fund\u00f3 en 1977).<\/p>\n<p>Aunque el magnate<strong>\u00a0fij\u00f3 su inauguraci\u00f3n para el a\u00f1o 2015<\/strong>, las exigencias del gigante tecnol\u00f3gico han retrasado su estreno dos a\u00f1os. Todo parece estar listo\u00a0(\u2026)\u201d<\/p>\n<p>&nbsp;<\/p>\n<p>&nbsp;<\/p>\n<p style=\"text-align: center;\"><strong>Accede \u00a0al art\u00edculo, <a href=\"http:\/\/www.expansion.com\/fueradeserie\/arquitectura\/2017\/09\/11\/59b680fd46163f1b288b46ad.html\" target=\"_blank\">AQU\u00cd<\/a><\/strong><\/p>\n<p><strong>\u00a0\u00a0\u00a0\u00a0\u00a0\u00a0\u00a0\u00a0\u00a0\u00a0\u00a0\u00a0\u00a0\u00a0\u00a0\u00a0\u00a0\u00a0\u00a0\u00a0\u00a0\u00a0\u00a0\u00a0\u00a0\u00a0\u00a0\u00a0\u00a0\u00a0\u00a0\u00a0\u00a0\u00a0\u00a0\u00a0\u00a0\u00a0\u00a0\u00a0\u00a0\u00a0\u00a0\u00a0\u00a0\u00a0\u00a0\u00a0\u00a0\u00a0\u00a0\u00a0\u00a0\u00a0\u00a0\u00a0\u00a0\u00a0\u00a0\u00a0\u00a0\u00a0\u00a0\u00a0\u00a0\u00a0\u00a0\u00a0\u00a0\u00a0\u00a0\u00a0\u00a0\u00a0\u00a0\u00a0\u00a0\u00a0\u00a0\u00a0\u00a0\u00a0\u00a0\u00a0\u00a0\u00a0\u00a0\u00a0\u00a0\u00a0\u00a0\u00a0\u00a0\u00a0\u00a0\u00a0\u00a0\u00a0\u00a0\u00a0\u00a0\u00a0\u00a0\u00a0\u00a0\u00a0\u00a0\u00a0\u00a0\u00a0\u00a0\u00a0\u00a0\u00a0\u00a0\u00a0\u00a0\u00a0\u00a0\u00a0\u00a0\u00a0\u00a0\u00a0\u00a0\u00a0\u00a0\u00a0\u00a0\u00a0\u00a0\u00a0\u00a0\u00a0\u00a0\u00a0\u00a0\u00a0\u00a0\u00a0\u00a0\u00a0\u00a0\u00a0\u00a0\u00a0\u00a0\u00a0\u00a0\u00a0\u00a0\u00a0\u00a0\u00a0\u00a0\u00a0\u00a0\u00a0\u00a0\u00a0\u00a0\u00a0\u00a0\u00a0 <\/strong><\/p>\n<p><strong>\u00a0<\/strong><\/p>\n<p>&nbsp;<\/p>\n<p><span style=\"color: #999999;\"><em>Noticia seleccionada por el Canal de arquitectura STEPIENYBARNO.\u00a0<\/em><\/span><\/p>\n<p><a href=\"https:\/\/twitter.com\/stepienybarno\">STEPIENYBARNO EN TWITTER _ @stepienybarno<\/a><\/p>\n<p><a href=\"http:\/\/www.linkedin.com\/company\/stepienybarno\"><em>STEPIENYBARNO EN LINKEDIN<\/em><\/a><\/p>\n<p><a href=\"https:\/\/www.facebook.com\/StepienybarnoCANAL\">STEPIENYBARNO EN FACEBOOK<\/a><\/p>\n<p><span style=\"color: #999999;\"><em>*Stepienybarno est\u00e1 formado por Agnieszka Stepien y Lorenzo Barn\u00f3 y desde mayo del 2009 estamos en la red con\u00a0 la presente publicaci\u00f3n digital (Blog) de arquitectura.<\/em><\/span><\/p>\n<p><span style=\"color: #999999;\"><em>Nuestra actividad se sustenta en tres pilares b\u00e1sicos: la investigaci\u00f3n, la publicaci\u00f3n (comunicaci\u00f3n y difusi\u00f3n) y la redacci\u00f3n de proyectos de arquitectura.<\/em><\/span><\/p>\n<p><span style=\"color: #999999;\"><em>A su vez, somos socios cofundadores de<\/em><\/span><em>\u00a0<\/em><a href=\"http:\/\/sinergiasostenible.org\/\">SINERGIA SOSTENIBLE<\/a><span style=\"color: #999999;\"><em>, redactores de<\/em><\/span><em>\u00a0<\/em><a href=\"http:\/\/www.laciudadviva.org\/blogs\/?author=45\">LA CIUDAD VIVA<\/a><em>\u00a0<\/em><span style=\"color: #999999;\"><em>y directores del blog de<\/em><\/span><em>\u00a0<\/em><a href=\"http:\/\/blogfundacion.arquia.es\/\">FUNDACI\u00d3N ARQUIA<\/a><span style=\"color: #999999;\"><em>.<\/em><\/span><\/p>\n<p><span style=\"color: #999999;\"><em>* Los editores de esta publicaci\u00f3n digital no nos hacemos cargo de de los comentarios y\u00a0 conceptos vertidos en los textos firmados por otras personas, siendo \u00e9stos de responsabilidad exclusiva de sus autores.<\/em><\/span><\/p>\n<p><span style=\"color: #999999;\"><em>* Tu comentario podr\u00e1 ser moderado, por lo tanto, aunque aparezca inmediatamente al ser publicado en la entrada, los editores de esta publicaci\u00f3n digital nos reservamos el derecho tanto de editarlo (si fuera necesario, para hacerlo m\u00e1s legible) como de eliminarlo en el caso de que se usen expresiones incorrectas (descalificaciones, palabras malsonantes\u2026). A su vez, si quieres comentar desde el anonimato puedes hacerlo, aunque, nosotros personalmente, agradecemos que tod@s nos podamos identificar.<\/em><\/span><\/p>\n","protected":false},"excerpt":{"rendered":"<p>&nbsp; Por \u00c1ngela Castillo Desde Expansi\u00f3n<\/p>\n","protected":false},"author":9,"featured_media":29298,"comment_status":"open","ping_status":"closed","sticky":false,"template":"","format":"standard","meta":{"om_disable_all_campaigns":false,"_monsterinsights_skip_tracking":false,"_monsterinsights_sitenote_active":false,"_monsterinsights_sitenote_note":"","_monsterinsights_sitenote_category":0,"_uf_show_specific_survey":0,"_uf_disable_surveys":false,"episode_type":"","audio_file":"","cover_image":"","cover_image_id":"","duration":"","filesize":"","date_recorded":"","explicit":"","block":"","filesize_raw":"","footnotes":""},"categories":[244],"tags":[5709,5331,2484,5710,1731,2149],"series":[],"class_list":["post-29297","post","type-post","status-publish","format-standard","has-post-thumbnail","hentry","category-canal-de-arquitectura","tag-angela-castillo","tag-apple-park","tag-expansion","tag-iphone","tag-norman-foster","tag-steve-jobs"],"aioseo_notices":[],"episode_featured_image":"https:\/\/stepienybarno.es\/blog\/wp-content\/uploads\/2017\/09\/stepienybarno-stepien-y-barno-arquitectura-expansion-apple-park-angela-castillo-iphone-X.jpg","episode_player_image":"https:\/\/stepienybarno.es\/blog\/wp-content\/uploads\/2020\/11\/stepienybarno-podcast-scaled.jpg","download_link":"","player_link":"","audio_player":false,"episode_data":{"playerMode":"dark","subscribeUrls":[],"rssFeedUrl":"https:\/\/stepienybarno.es\/blog\/feed\/podcast\/podcast-de-stepienybarno","embedCode":"<blockquote class=\"wp-embedded-content\" data-secret=\"JUwrWmtDL2\"><a href=\"https:\/\/stepienybarno.es\/blog\/2017\/09\/13\/apple-park-la-nueva-sede-del-gigante-tecnologico-y-ultimo-proyecto-de-steve-jobs-donde-se-ha-presentado-el-iphone-8\/\">APPLE PARK, LA NUEVA SEDE DEL GIGANTE TECNOL\u00d3GICO Y \u00daLTIMO PROYECTO DE STEVE JOBS, DONDE SE HA PRESENTADO EL IPHONE 8<\/a><\/blockquote><iframe sandbox=\"allow-scripts\" security=\"restricted\" src=\"https:\/\/stepienybarno.es\/blog\/2017\/09\/13\/apple-park-la-nueva-sede-del-gigante-tecnologico-y-ultimo-proyecto-de-steve-jobs-donde-se-ha-presentado-el-iphone-8\/embed\/#?secret=JUwrWmtDL2\" width=\"500\" height=\"350\" title=\"\u00abAPPLE PARK, LA NUEVA SEDE DEL GIGANTE TECNOL\u00d3GICO Y \u00daLTIMO PROYECTO DE STEVE JOBS, DONDE SE HA PRESENTADO EL IPHONE 8\u00bb \u2014 Blog de STEPIEN Y BARNO - publicaci\u00f3n digital sobre arquitectura\" data-secret=\"JUwrWmtDL2\" frameborder=\"0\" marginwidth=\"0\" marginheight=\"0\" scrolling=\"no\" class=\"wp-embedded-content\"><\/iframe><script type=\"text\/javascript\">\n\/* <![CDATA[ *\/\n\/*! This file is auto-generated *\/\n!function(d,l){\"use strict\";l.querySelector&&d.addEventListener&&\"undefined\"!=typeof URL&&(d.wp=d.wp||{},d.wp.receiveEmbedMessage||(d.wp.receiveEmbedMessage=function(e){var t=e.data;if((t||t.secret||t.message||t.value)&&!\/[^a-zA-Z0-9]\/.test(t.secret)){for(var s,r,n,a=l.querySelectorAll('iframe[data-secret=\"'+t.secret+'\"]'),o=l.querySelectorAll('blockquote[data-secret=\"'+t.secret+'\"]'),c=new RegExp(\"^https?:$\",\"i\"),i=0;i<o.length;i++)o[i].style.display=\"none\";for(i=0;i<a.length;i++)s=a[i],e.source===s.contentWindow&&(s.removeAttribute(\"style\"),\"height\"===t.message?(1e3<(r=parseInt(t.value,10))?r=1e3:~~r<200&&(r=200),s.height=r):\"link\"===t.message&&(r=new URL(s.getAttribute(\"src\")),n=new URL(t.value),c.test(n.protocol))&&n.host===r.host&&l.activeElement===s&&(d.top.location.href=t.value))}},d.addEventListener(\"message\",d.wp.receiveEmbedMessage,!1),l.addEventListener(\"DOMContentLoaded\",function(){for(var e,t,s=l.querySelectorAll(\"iframe.wp-embedded-content\"),r=0;r<s.length;r++)(t=(e=s[r]).getAttribute(\"data-secret\"))||(t=Math.random().toString(36).substring(2,12),e.src+=\"#?secret=\"+t,e.setAttribute(\"data-secret\",t)),e.contentWindow.postMessage({message:\"ready\",secret:t},\"*\")},!1)))}(window,document);\n\/* ]]> *\/\n<\/script>\n"},"_links":{"self":[{"href":"https:\/\/stepienybarno.es\/blog\/wp-json\/wp\/v2\/posts\/29297"}],"collection":[{"href":"https:\/\/stepienybarno.es\/blog\/wp-json\/wp\/v2\/posts"}],"about":[{"href":"https:\/\/stepienybarno.es\/blog\/wp-json\/wp\/v2\/types\/post"}],"author":[{"embeddable":true,"href":"https:\/\/stepienybarno.es\/blog\/wp-json\/wp\/v2\/users\/9"}],"replies":[{"embeddable":true,"href":"https:\/\/stepienybarno.es\/blog\/wp-json\/wp\/v2\/comments?post=29297"}],"version-history":[{"count":1,"href":"https:\/\/stepienybarno.es\/blog\/wp-json\/wp\/v2\/posts\/29297\/revisions"}],"predecessor-version":[{"id":29299,"href":"https:\/\/stepienybarno.es\/blog\/wp-json\/wp\/v2\/posts\/29297\/revisions\/29299"}],"wp:featuredmedia":[{"embeddable":true,"href":"https:\/\/stepienybarno.es\/blog\/wp-json\/wp\/v2\/media\/29298"}],"wp:attachment":[{"href":"https:\/\/stepienybarno.es\/blog\/wp-json\/wp\/v2\/media?parent=29297"}],"wp:term":[{"taxonomy":"category","embeddable":true,"href":"https:\/\/stepienybarno.es\/blog\/wp-json\/wp\/v2\/categories?post=29297"},{"taxonomy":"post_tag","embeddable":true,"href":"https:\/\/stepienybarno.es\/blog\/wp-json\/wp\/v2\/tags?post=29297"},{"taxonomy":"series","embeddable":true,"href":"https:\/\/stepienybarno.es\/blog\/wp-json\/wp\/v2\/series?post=29297"}],"curies":[{"name":"wp","href":"https:\/\/api.w.org\/{rel}","templated":true}]}}