{"id":29310,"date":"2017-09-14T19:21:56","date_gmt":"2017-09-14T17:21:56","guid":{"rendered":"https:\/\/www.stepienybarno.es\/blog\/?p=29310"},"modified":"2017-09-14T16:59:05","modified_gmt":"2017-09-14T14:59:05","slug":"expandir-la-arquitectura","status":"publish","type":"post","link":"https:\/\/stepienybarno.es\/blog\/2017\/09\/14\/expandir-la-arquitectura\/","title":{"rendered":"EXPANDIR LA ARQUITECTURA"},"content":{"rendered":"<p><img loading=\"lazy\" decoding=\"async\" class=\"aligncenter size-full wp-image-29311\" src=\"https:\/\/stepienybarno.es\/blog\/wp-content\/uploads\/2017\/09\/stepienybarno-stepien-y-barno-arquitectura-axonometrica-miquel-lacasta.jpg\" alt=\"stepienybarno-stepien-y-barno-arquitectura-axonometrica-miquel-lacasta\" width=\"500\" height=\"306\" srcset=\"https:\/\/stepienybarno.es\/blog\/wp-content\/uploads\/2017\/09\/stepienybarno-stepien-y-barno-arquitectura-axonometrica-miquel-lacasta.jpg 500w, https:\/\/stepienybarno.es\/blog\/wp-content\/uploads\/2017\/09\/stepienybarno-stepien-y-barno-arquitectura-axonometrica-miquel-lacasta-180x110.jpg 180w, https:\/\/stepienybarno.es\/blog\/wp-content\/uploads\/2017\/09\/stepienybarno-stepien-y-barno-arquitectura-axonometrica-miquel-lacasta-316x193.jpg 316w\" sizes=\"(max-width: 500px) 100vw, 500px\" \/><\/p>\n<p><strong>Por <a href=\"https:\/\/twitter.com\/miquelacasta\" target=\"_blank\">Miquel Lacasta\u00a0<\/a><\/strong><\/p>\n<p><strong>Desde <a href=\"https:\/\/axonometrica.wordpress.com\/\" target=\"_blank\">Axonom\u00e9trica<\/a><\/strong><\/p>\n<p><!--more--><\/p>\n<p style=\"text-align: justify;\">\u201cEn un conocido texto de Rosalind Krauss escrito a finales de los a\u00f1os 70,\u00a0<em>Sculpture in the Expanded Field<\/em>, la cr\u00edtica y te\u00f3rica del arte se propon\u00eda localizar y analizar la pr\u00e1cticas de vanguardia de la escultura contempor\u00e1nea, a trav\u00e9s de los trabajos de Richard Serra, Robert Smithson, Mary Miss y Donald Judd. Todos ellos mitos de una \u00e9poca en que el arte han trascendido m\u00e1s all\u00e1 de sus fronteras disciplinares y han influido de forma significativa en la arquitectura.[1]<\/p>\n<p style=\"text-align: justify;\">A parte de consideraciones est\u00e9ticas, el trazo com\u00fan en el recorrido de los escultores mencionados es que sus trabajos cruzaron el l\u00edmite de la escultura tradicional y entraron en el reino de la arquitectura y del paisaje, de la mano de una producci\u00f3n que Kraus clasific\u00f3 como construcciones de un lugar, lugares significados,\u00a0<em>earthworks<\/em>\u00a0y estructuras axiom\u00e1ticas.<\/p>\n<p style=\"text-align: justify;\">En una especie de proceso continuo de expansi\u00f3n, los l\u00edmites entre el arte y la arquitectura, entre el arte y el paisaje y entre el paisaje y la arquitectura, describiendo una geometr\u00eda transitiva de relaciones, no han hecho otra cosa que hacerse permeables y borrosos en las \u00faltimas d\u00e9cadas, dando lugar a una serie de trabajos que llamamos instalaciones, cuyas trayectorias conceptuales, espaciales y materiales han creado una red expandida de relaciones entre estos dominios, antes enclaustrados en su tradici\u00f3n disciplinar.<\/p>\n<p style=\"text-align: justify;\">Al mismo tiempo, algunos lugares de encuentro han dado fuerza y visibilidad a ese nuevo territorio, tales como el PS1 program impulsado por el MoMA de Nueva York, la conocid\u00edsima cita anual del Serpentine Gallery en Londres y las Bienales de Venecia de arte y arquitectura, intensificando as\u00ed la producci\u00f3n de instalaciones arquitect\u00f3nicas desde estas plataformas de lanzamiento creativas (\u2026)\u201d<\/p>\n<p>&nbsp;<\/p>\n<p>&nbsp;<\/p>\n<p style=\"text-align: center;\"><strong>Accede \u00a0al art\u00edculo, <a href=\"https:\/\/axonometrica.wordpress.com\/2016\/05\/02\/expander-la-arquitectura\/\" target=\"_blank\">AQU\u00cd<\/a><\/strong><\/p>\n<p><strong>\u00a0\u00a0\u00a0\u00a0\u00a0\u00a0\u00a0\u00a0\u00a0\u00a0\u00a0\u00a0\u00a0\u00a0\u00a0\u00a0\u00a0\u00a0\u00a0\u00a0\u00a0\u00a0\u00a0\u00a0\u00a0\u00a0\u00a0\u00a0\u00a0\u00a0\u00a0\u00a0\u00a0\u00a0\u00a0\u00a0\u00a0\u00a0\u00a0\u00a0\u00a0\u00a0\u00a0\u00a0\u00a0\u00a0\u00a0\u00a0\u00a0\u00a0\u00a0\u00a0\u00a0\u00a0\u00a0\u00a0\u00a0\u00a0\u00a0\u00a0\u00a0\u00a0\u00a0\u00a0\u00a0\u00a0\u00a0\u00a0\u00a0\u00a0\u00a0\u00a0\u00a0\u00a0\u00a0\u00a0\u00a0\u00a0\u00a0\u00a0\u00a0\u00a0\u00a0\u00a0\u00a0\u00a0\u00a0\u00a0\u00a0\u00a0\u00a0\u00a0\u00a0\u00a0\u00a0\u00a0\u00a0\u00a0\u00a0\u00a0\u00a0\u00a0\u00a0\u00a0\u00a0\u00a0\u00a0\u00a0\u00a0\u00a0\u00a0\u00a0\u00a0\u00a0\u00a0\u00a0\u00a0\u00a0\u00a0\u00a0\u00a0\u00a0\u00a0\u00a0\u00a0\u00a0\u00a0\u00a0\u00a0\u00a0\u00a0\u00a0\u00a0\u00a0\u00a0\u00a0\u00a0\u00a0\u00a0\u00a0\u00a0\u00a0\u00a0\u00a0\u00a0\u00a0\u00a0\u00a0\u00a0\u00a0\u00a0\u00a0\u00a0\u00a0\u00a0\u00a0\u00a0\u00a0\u00a0\u00a0\u00a0\u00a0\u00a0\u00a0 <\/strong><\/p>\n<p><strong>\u00a0<\/strong><\/p>\n<p>&nbsp;<\/p>\n<p><span style=\"color: #999999;\"><em>Noticia seleccionada por el Canal de arquitectura STEPIENYBARNO.\u00a0<\/em><\/span><\/p>\n<p><a href=\"https:\/\/twitter.com\/stepienybarno\">STEPIENYBARNO EN TWITTER _ @stepienybarno<\/a><\/p>\n<p><a href=\"http:\/\/www.linkedin.com\/company\/stepienybarno\"><em>STEPIENYBARNO EN LINKEDIN<\/em><\/a><\/p>\n<p><a href=\"https:\/\/www.facebook.com\/StepienybarnoCANAL\">STEPIENYBARNO EN FACEBOOK<\/a><\/p>\n<p><span style=\"color: #999999;\"><em>*Stepienybarno est\u00e1 formado por Agnieszka Stepien y Lorenzo Barn\u00f3 y desde mayo del 2009 estamos en la red con\u00a0 la presente publicaci\u00f3n digital (Blog) de arquitectura.<\/em><\/span><\/p>\n<p><span style=\"color: #999999;\"><em>Nuestra actividad se sustenta en tres pilares b\u00e1sicos: la investigaci\u00f3n, la publicaci\u00f3n (comunicaci\u00f3n y difusi\u00f3n) y la redacci\u00f3n de proyectos de arquitectura.<\/em><\/span><\/p>\n<p><span style=\"color: #999999;\"><em>A su vez, somos socios cofundadores de<\/em><em>\u00a0<\/em><\/span><a href=\"http:\/\/sinergiasostenible.org\/\">SINERGIA SOSTENIBLE<\/a><span style=\"color: #999999;\"><em>, redactores de<\/em><\/span><em>\u00a0<\/em><a href=\"http:\/\/www.laciudadviva.org\/blogs\/?author=45\">LA CIUDAD VIVA<\/a><span style=\"color: #999999;\"><em>\u00a0<\/em><em>y directores del blog de<\/em><em>\u00a0<\/em><\/span><a href=\"http:\/\/blogfundacion.arquia.es\/\">FUNDACI\u00d3N ARQUIA<\/a><span style=\"color: #999999;\"><em>.<\/em><\/span><\/p>\n<p><span style=\"color: #999999;\"><em>* Los editores de esta publicaci\u00f3n digital no nos hacemos cargo de de los comentarios y\u00a0 conceptos vertidos en los textos firmados por otras personas, siendo \u00e9stos de responsabilidad exclusiva de sus autores.<\/em><\/span><\/p>\n<p><span style=\"color: #999999;\"><em>* Tu comentario podr\u00e1 ser moderado, por lo tanto, aunque aparezca inmediatamente al ser publicado en la entrada, los editores de esta publicaci\u00f3n digital nos reservamos el derecho tanto de editarlo (si fuera necesario, para hacerlo m\u00e1s legible) como de eliminarlo en el caso de que se usen expresiones incorrectas (descalificaciones, palabras malsonantes\u2026). A su vez, si quieres comentar desde el anonimato puedes hacerlo, aunque, nosotros personalmente, agradecemos que tod@s nos podamos identificar.<\/em><\/span><\/p>\n","protected":false},"excerpt":{"rendered":"<p>Por Miquel Lacasta\u00a0 Desde Axonom\u00e9trica<\/p>\n","protected":false},"author":9,"featured_media":29311,"comment_status":"open","ping_status":"closed","sticky":false,"template":"","format":"standard","meta":{"om_disable_all_campaigns":false,"_monsterinsights_skip_tracking":false,"_monsterinsights_sitenote_active":false,"_monsterinsights_sitenote_note":"","_monsterinsights_sitenote_category":0,"_uf_show_specific_survey":0,"_uf_disable_surveys":false,"episode_type":"","audio_file":"","cover_image":"","cover_image_id":"","duration":"","filesize":"","date_recorded":"","explicit":"","block":"","filesize_raw":"","footnotes":""},"categories":[244],"tags":[3274,3100],"series":[],"class_list":["post-29310","post","type-post","status-publish","format-standard","has-post-thumbnail","hentry","category-canal-de-arquitectura","tag-axonometrica","tag-miquel-lacasta"],"aioseo_notices":[],"episode_featured_image":"https:\/\/stepienybarno.es\/blog\/wp-content\/uploads\/2017\/09\/stepienybarno-stepien-y-barno-arquitectura-axonometrica-miquel-lacasta.jpg","episode_player_image":"https:\/\/stepienybarno.es\/blog\/wp-content\/uploads\/2020\/11\/stepienybarno-podcast-scaled.jpg","download_link":"","player_link":"","audio_player":false,"episode_data":{"playerMode":"dark","subscribeUrls":[],"rssFeedUrl":"https:\/\/stepienybarno.es\/blog\/feed\/podcast\/podcast-de-stepienybarno","embedCode":"<blockquote class=\"wp-embedded-content\" data-secret=\"0C3NoMgWlc\"><a href=\"https:\/\/stepienybarno.es\/blog\/2017\/09\/14\/expandir-la-arquitectura\/\">EXPANDIR LA ARQUITECTURA<\/a><\/blockquote><iframe sandbox=\"allow-scripts\" security=\"restricted\" src=\"https:\/\/stepienybarno.es\/blog\/2017\/09\/14\/expandir-la-arquitectura\/embed\/#?secret=0C3NoMgWlc\" width=\"500\" height=\"350\" title=\"\u00abEXPANDIR LA ARQUITECTURA\u00bb \u2014 Blog de STEPIEN Y BARNO - publicaci\u00f3n digital sobre arquitectura\" data-secret=\"0C3NoMgWlc\" frameborder=\"0\" marginwidth=\"0\" marginheight=\"0\" scrolling=\"no\" class=\"wp-embedded-content\"><\/iframe><script type=\"text\/javascript\">\n\/* <![CDATA[ *\/\n\/*! This file is auto-generated *\/\n!function(d,l){\"use strict\";l.querySelector&&d.addEventListener&&\"undefined\"!=typeof URL&&(d.wp=d.wp||{},d.wp.receiveEmbedMessage||(d.wp.receiveEmbedMessage=function(e){var t=e.data;if((t||t.secret||t.message||t.value)&&!\/[^a-zA-Z0-9]\/.test(t.secret)){for(var s,r,n,a=l.querySelectorAll('iframe[data-secret=\"'+t.secret+'\"]'),o=l.querySelectorAll('blockquote[data-secret=\"'+t.secret+'\"]'),c=new RegExp(\"^https?:$\",\"i\"),i=0;i<o.length;i++)o[i].style.display=\"none\";for(i=0;i<a.length;i++)s=a[i],e.source===s.contentWindow&&(s.removeAttribute(\"style\"),\"height\"===t.message?(1e3<(r=parseInt(t.value,10))?r=1e3:~~r<200&&(r=200),s.height=r):\"link\"===t.message&&(r=new URL(s.getAttribute(\"src\")),n=new URL(t.value),c.test(n.protocol))&&n.host===r.host&&l.activeElement===s&&(d.top.location.href=t.value))}},d.addEventListener(\"message\",d.wp.receiveEmbedMessage,!1),l.addEventListener(\"DOMContentLoaded\",function(){for(var e,t,s=l.querySelectorAll(\"iframe.wp-embedded-content\"),r=0;r<s.length;r++)(t=(e=s[r]).getAttribute(\"data-secret\"))||(t=Math.random().toString(36).substring(2,12),e.src+=\"#?secret=\"+t,e.setAttribute(\"data-secret\",t)),e.contentWindow.postMessage({message:\"ready\",secret:t},\"*\")},!1)))}(window,document);\n\/* ]]> *\/\n<\/script>\n"},"_links":{"self":[{"href":"https:\/\/stepienybarno.es\/blog\/wp-json\/wp\/v2\/posts\/29310"}],"collection":[{"href":"https:\/\/stepienybarno.es\/blog\/wp-json\/wp\/v2\/posts"}],"about":[{"href":"https:\/\/stepienybarno.es\/blog\/wp-json\/wp\/v2\/types\/post"}],"author":[{"embeddable":true,"href":"https:\/\/stepienybarno.es\/blog\/wp-json\/wp\/v2\/users\/9"}],"replies":[{"embeddable":true,"href":"https:\/\/stepienybarno.es\/blog\/wp-json\/wp\/v2\/comments?post=29310"}],"version-history":[{"count":1,"href":"https:\/\/stepienybarno.es\/blog\/wp-json\/wp\/v2\/posts\/29310\/revisions"}],"predecessor-version":[{"id":29312,"href":"https:\/\/stepienybarno.es\/blog\/wp-json\/wp\/v2\/posts\/29310\/revisions\/29312"}],"wp:featuredmedia":[{"embeddable":true,"href":"https:\/\/stepienybarno.es\/blog\/wp-json\/wp\/v2\/media\/29311"}],"wp:attachment":[{"href":"https:\/\/stepienybarno.es\/blog\/wp-json\/wp\/v2\/media?parent=29310"}],"wp:term":[{"taxonomy":"category","embeddable":true,"href":"https:\/\/stepienybarno.es\/blog\/wp-json\/wp\/v2\/categories?post=29310"},{"taxonomy":"post_tag","embeddable":true,"href":"https:\/\/stepienybarno.es\/blog\/wp-json\/wp\/v2\/tags?post=29310"},{"taxonomy":"series","embeddable":true,"href":"https:\/\/stepienybarno.es\/blog\/wp-json\/wp\/v2\/series?post=29310"}],"curies":[{"name":"wp","href":"https:\/\/api.w.org\/{rel}","templated":true}]}}