{"id":29365,"date":"2017-09-19T13:21:01","date_gmt":"2017-09-19T11:21:01","guid":{"rendered":"https:\/\/www.stepienybarno.es\/blog\/?p=29365"},"modified":"2017-09-19T11:03:54","modified_gmt":"2017-09-19T09:03:54","slug":"casa-atrio-proyectodeldia","status":"publish","type":"post","link":"https:\/\/stepienybarno.es\/blog\/2017\/09\/19\/casa-atrio-proyectodeldia\/","title":{"rendered":"CASA ATRIO #ProyectoDelD\u00eda"},"content":{"rendered":"<p><img loading=\"lazy\" decoding=\"async\" class=\"size-full wp-image-29371\" src=\"https:\/\/stepienybarno.es\/blog\/wp-content\/uploads\/2017\/09\/Stepienybarno-blog-stepien-y-barno-arquitectura-tham-videgard-arkitekter-plataforma-2-1.jpg\" alt=\"Gotlan 2011 TV ark\" width=\"500\" height=\"335\" srcset=\"https:\/\/stepienybarno.es\/blog\/wp-content\/uploads\/2017\/09\/Stepienybarno-blog-stepien-y-barno-arquitectura-tham-videgard-arkitekter-plataforma-2-1.jpg 500w, https:\/\/stepienybarno.es\/blog\/wp-content\/uploads\/2017\/09\/Stepienybarno-blog-stepien-y-barno-arquitectura-tham-videgard-arkitekter-plataforma-2-1-180x121.jpg 180w, https:\/\/stepienybarno.es\/blog\/wp-content\/uploads\/2017\/09\/Stepienybarno-blog-stepien-y-barno-arquitectura-tham-videgard-arkitekter-plataforma-2-1-316x212.jpg 316w\" sizes=\"(max-width: 500px) 100vw, 500px\" \/><\/p>\n<p><strong>Por <a href=\"http:\/\/www.plataformaarquitectura.cl\/cl\/office\/tham-videgard-arkitekter\" target=\"_blank\">Tham &amp; Videg\u00e5rd Arkitekter<\/a><\/strong><\/p>\n<p><strong>Fotograf\u00eda\u00a0<a class=\"gal-figcaption_link\" href=\"http:\/\/www.plataformaarquitectura.cl\/cl\/photographer\/ake-e-son-lindman\" target=\"_blank\">\u00c5ke E: son Lindman<\/a><\/strong><\/p>\n<p><strong>Desde <a href=\"http:\/\/www.plataformaarquitectura.cl\/\" target=\"_blank\">Plataforma Arquitectura<\/a><\/strong><\/p>\n<p><!--more--><\/p>\n<div id=\"attachment_29366\" style=\"width: 510px\" class=\"wp-caption aligncenter\"><img loading=\"lazy\" decoding=\"async\" aria-describedby=\"caption-attachment-29366\" class=\"size-full wp-image-29366\" src=\"https:\/\/stepienybarno.es\/blog\/wp-content\/uploads\/2017\/09\/Stepienybarno-blog-stepien-y-barno-arquitectura-tham-videgard-arkitekter-plataforma.jpg\" alt=\"Gotlan 2011 TV ark\" width=\"500\" height=\"335\" srcset=\"https:\/\/stepienybarno.es\/blog\/wp-content\/uploads\/2017\/09\/Stepienybarno-blog-stepien-y-barno-arquitectura-tham-videgard-arkitekter-plataforma.jpg 500w, https:\/\/stepienybarno.es\/blog\/wp-content\/uploads\/2017\/09\/Stepienybarno-blog-stepien-y-barno-arquitectura-tham-videgard-arkitekter-plataforma-180x121.jpg 180w, https:\/\/stepienybarno.es\/blog\/wp-content\/uploads\/2017\/09\/Stepienybarno-blog-stepien-y-barno-arquitectura-tham-videgard-arkitekter-plataforma-316x212.jpg 316w\" sizes=\"(max-width: 500px) 100vw, 500px\" \/><p id=\"caption-attachment-29366\" class=\"wp-caption-text\"><img loading=\"lazy\" decoding=\"async\" class=\"wp-image-29368 size-full\" src=\"https:\/\/stepienybarno.es\/blog\/wp-content\/uploads\/2017\/09\/Stepienybarno-blog-stepien-y-barno-arquitectura-tham-videgard-arkitekter-plataforma-3.jpg\" alt=\"Gotlan 2011 TV ark\" width=\"500\" height=\"745\" srcset=\"https:\/\/stepienybarno.es\/blog\/wp-content\/uploads\/2017\/09\/Stepienybarno-blog-stepien-y-barno-arquitectura-tham-videgard-arkitekter-plataforma-3.jpg 500w, https:\/\/stepienybarno.es\/blog\/wp-content\/uploads\/2017\/09\/Stepienybarno-blog-stepien-y-barno-arquitectura-tham-videgard-arkitekter-plataforma-3-121x180.jpg 121w, https:\/\/stepienybarno.es\/blog\/wp-content\/uploads\/2017\/09\/Stepienybarno-blog-stepien-y-barno-arquitectura-tham-videgard-arkitekter-plataforma-3-369x550.jpg 369w, https:\/\/stepienybarno.es\/blog\/wp-content\/uploads\/2017\/09\/Stepienybarno-blog-stepien-y-barno-arquitectura-tham-videgard-arkitekter-plataforma-3-470x700.jpg 470w, https:\/\/stepienybarno.es\/blog\/wp-content\/uploads\/2017\/09\/Stepienybarno-blog-stepien-y-barno-arquitectura-tham-videgard-arkitekter-plataforma-3-268x400.jpg 268w\" sizes=\"(max-width: 500px) 100vw, 500px\" \/><\/p><\/div>\n<p><img loading=\"lazy\" decoding=\"async\" class=\"size-medium wp-image-29369\" src=\"https:\/\/stepienybarno.es\/blog\/wp-content\/uploads\/2017\/09\/Stepienybarno-blog-stepien-y-barno-arquitectura-tham-videgard-arkitekter-plataforma-4.jpg\" alt=\"Gotlan 2011 TV ark\" width=\"500\" height=\"335\" srcset=\"https:\/\/stepienybarno.es\/blog\/wp-content\/uploads\/2017\/09\/Stepienybarno-blog-stepien-y-barno-arquitectura-tham-videgard-arkitekter-plataforma-4.jpg 500w, https:\/\/stepienybarno.es\/blog\/wp-content\/uploads\/2017\/09\/Stepienybarno-blog-stepien-y-barno-arquitectura-tham-videgard-arkitekter-plataforma-4-180x121.jpg 180w, https:\/\/stepienybarno.es\/blog\/wp-content\/uploads\/2017\/09\/Stepienybarno-blog-stepien-y-barno-arquitectura-tham-videgard-arkitekter-plataforma-4-316x212.jpg 316w\" sizes=\"(max-width: 500px) 100vw, 500px\" \/><\/p>\n<p><img loading=\"lazy\" decoding=\"async\" class=\"size-medium wp-image-29370\" src=\"https:\/\/stepienybarno.es\/blog\/wp-content\/uploads\/2017\/09\/Stepienybarno-blog-stepien-y-barno-arquitectura-tham-videgard-arkitekter-plataforma-5.jpg\" alt=\"Gotland TVark 2011\/01\" width=\"500\" height=\"335\" srcset=\"https:\/\/stepienybarno.es\/blog\/wp-content\/uploads\/2017\/09\/Stepienybarno-blog-stepien-y-barno-arquitectura-tham-videgard-arkitekter-plataforma-5.jpg 500w, https:\/\/stepienybarno.es\/blog\/wp-content\/uploads\/2017\/09\/Stepienybarno-blog-stepien-y-barno-arquitectura-tham-videgard-arkitekter-plataforma-5-180x121.jpg 180w, https:\/\/stepienybarno.es\/blog\/wp-content\/uploads\/2017\/09\/Stepienybarno-blog-stepien-y-barno-arquitectura-tham-videgard-arkitekter-plataforma-5-316x212.jpg 316w\" sizes=\"(max-width: 500px) 100vw, 500px\" \/><\/p>\n<p style=\"text-align: center;\"><strong>Accede al proyecto,\u00a0<a href=\"http:\/\/www.plataformaarquitectura.cl\/cl\/872861\/casa-atrio-tham-and-videgard-arkitekter\" target=\"_blank\">AQU\u00cd<\/a><\/strong><strong>\u00a0<\/strong><\/p>\n<p><strong>\u00a0<\/strong><\/p>\n<p>&nbsp;<\/p>\n<p><span style=\"color: #999999;\"><em>Noticia seleccionada por el Canal de arquitectura STEPIENYBARNO.\u00a0<\/em><\/span><\/p>\n<p><a href=\"https:\/\/twitter.com\/stepienybarno\"><em>STEPIENYBARNO EN TWITTER _ @stepienybarno<\/em><\/a><\/p>\n<p><a href=\"http:\/\/www.linkedin.com\/company\/stepienybarno\"><em>STEPIENYBARNO EN LINKEDIN<\/em><\/a><\/p>\n<p><a href=\"https:\/\/www.facebook.com\/StepienybarnoCANAL\"><em>STEPIENYBARNO EN FACEBOOK<\/em><\/a><\/p>\n<p style=\"text-align: justify;\"><span style=\"color: #999999;\"><em>*Stepienybarno est\u00e1 formado por Agnieszka Stepien y Lorenzo Barn\u00f3 y desde mayo del 2009 estamos en la red con\u00a0 la presente publicaci\u00f3n digital (Blog) de arquitectura.<\/em><\/span><\/p>\n<p style=\"text-align: justify;\"><span style=\"color: #999999;\"><em>Nuestra actividad se sustenta en tres pilares b\u00e1sicos: la investigaci\u00f3n, la publicaci\u00f3n (comunicaci\u00f3n y difusi\u00f3n) y la redacci\u00f3n de proyectos de arquitectura.<\/em><\/span><\/p>\n<p style=\"text-align: justify;\"><span style=\"color: #999999;\"><em>A su vez, somos socios cofundadores de<\/em><em>\u00a0<\/em><\/span><a href=\"http:\/\/sinergiasostenible.org\/\"><em>SINERGIA SOSTENIBLE<\/em><\/a><span style=\"color: #999999;\"><em>, redactores de<\/em><em>\u00a0<\/em><\/span><a href=\"http:\/\/www.laciudadviva.org\/blogs\/?author=45\"><em>LA CIUDAD VIVA<\/em><\/a><em>\u00a0<\/em><span style=\"color: #999999;\"><em>y directores del blog de<\/em><\/span><em>\u00a0<\/em><a href=\"http:\/\/blogfundacion.arquia.es\/\"><em>FUNDACI\u00d3N ARQUIA<\/em><\/a><span style=\"color: #999999;\"><em>.<\/em><\/span><\/p>\n<p style=\"text-align: justify;\"><span style=\"color: #999999;\"><em>* Los editores de esta publicaci\u00f3n digital no nos hacemos cargo de de los comentarios y\u00a0 conceptos vertidos en los textos firmados por otras personas, siendo \u00e9stos de responsabilidad exclusiva de sus autores.<\/em><\/span><\/p>\n<p style=\"text-align: justify;\"><span style=\"color: #999999;\"><em>* Tu comentario podr\u00e1 ser moderado, por lo tanto, aunque aparezca inmediatamente al ser publicado en la entrada, los editores de esta publicaci\u00f3n digital nos reservamos el derecho tanto de editarlo (si fuera necesario, para hacerlo m\u00e1s legible) como de eliminarlo en el caso de que se usen expresiones incorrectas (descalificaciones, palabras malsonantes\u2026). A su vez, si quieres comentar desde el anonimato puedes hacerlo, aunque, nosotros personalmente, agradecemos que tod@s nos podamos identificar.<\/em><\/span><\/p>\n","protected":false},"excerpt":{"rendered":"<p>Por Tham &amp; Videg\u00e5rd Arkitekter Fotograf\u00eda\u00a0\u00c5ke E: son Lindman Desde<\/p>\n","protected":false},"author":9,"featured_media":29371,"comment_status":"open","ping_status":"closed","sticky":false,"template":"","format":"standard","meta":{"om_disable_all_campaigns":false,"_monsterinsights_skip_tracking":false,"_monsterinsights_sitenote_active":false,"_monsterinsights_sitenote_note":"","_monsterinsights_sitenote_category":0,"_uf_show_specific_survey":0,"_uf_disable_surveys":false,"episode_type":"","audio_file":"","cover_image":"","cover_image_id":"","duration":"","filesize":"","date_recorded":"","explicit":"","block":"","filesize_raw":"","footnotes":""},"categories":[3197,244],"tags":[4277,5722,921,5721],"series":[],"class_list":["post-29365","post","type-post","status-publish","format-standard","has-post-thumbnail","hentry","category-proyectodeldia","category-canal-de-arquitectura","tag-proyecto-de-arquitectura-del-dia","tag-ake-e-son-lindman","tag-plataforma-arquitectura","tag-tham-videgard-arkitekter"],"aioseo_notices":[],"episode_featured_image":"https:\/\/stepienybarno.es\/blog\/wp-content\/uploads\/2017\/09\/Stepienybarno-blog-stepien-y-barno-arquitectura-tham-videgard-arkitekter-plataforma-2-1.jpg","episode_player_image":"https:\/\/stepienybarno.es\/blog\/wp-content\/uploads\/2020\/11\/stepienybarno-podcast-scaled.jpg","download_link":"","player_link":"","audio_player":false,"episode_data":{"playerMode":"dark","subscribeUrls":[],"rssFeedUrl":"https:\/\/stepienybarno.es\/blog\/feed\/podcast\/podcast-de-stepienybarno","embedCode":"<blockquote class=\"wp-embedded-content\" data-secret=\"DFG7hrz89m\"><a href=\"https:\/\/stepienybarno.es\/blog\/2017\/09\/19\/casa-atrio-proyectodeldia\/\">CASA ATRIO #ProyectoDelD\u00eda<\/a><\/blockquote><iframe sandbox=\"allow-scripts\" security=\"restricted\" src=\"https:\/\/stepienybarno.es\/blog\/2017\/09\/19\/casa-atrio-proyectodeldia\/embed\/#?secret=DFG7hrz89m\" width=\"500\" height=\"350\" title=\"\u00abCASA ATRIO #ProyectoDelD\u00eda\u00bb \u2014 Blog de STEPIEN Y BARNO - publicaci\u00f3n digital sobre arquitectura\" data-secret=\"DFG7hrz89m\" frameborder=\"0\" marginwidth=\"0\" marginheight=\"0\" scrolling=\"no\" class=\"wp-embedded-content\"><\/iframe><script type=\"text\/javascript\">\n\/* <![CDATA[ *\/\n\/*! This file is auto-generated *\/\n!function(d,l){\"use strict\";l.querySelector&&d.addEventListener&&\"undefined\"!=typeof URL&&(d.wp=d.wp||{},d.wp.receiveEmbedMessage||(d.wp.receiveEmbedMessage=function(e){var t=e.data;if((t||t.secret||t.message||t.value)&&!\/[^a-zA-Z0-9]\/.test(t.secret)){for(var s,r,n,a=l.querySelectorAll('iframe[data-secret=\"'+t.secret+'\"]'),o=l.querySelectorAll('blockquote[data-secret=\"'+t.secret+'\"]'),c=new RegExp(\"^https?:$\",\"i\"),i=0;i<o.length;i++)o[i].style.display=\"none\";for(i=0;i<a.length;i++)s=a[i],e.source===s.contentWindow&&(s.removeAttribute(\"style\"),\"height\"===t.message?(1e3<(r=parseInt(t.value,10))?r=1e3:~~r<200&&(r=200),s.height=r):\"link\"===t.message&&(r=new URL(s.getAttribute(\"src\")),n=new URL(t.value),c.test(n.protocol))&&n.host===r.host&&l.activeElement===s&&(d.top.location.href=t.value))}},d.addEventListener(\"message\",d.wp.receiveEmbedMessage,!1),l.addEventListener(\"DOMContentLoaded\",function(){for(var e,t,s=l.querySelectorAll(\"iframe.wp-embedded-content\"),r=0;r<s.length;r++)(t=(e=s[r]).getAttribute(\"data-secret\"))||(t=Math.random().toString(36).substring(2,12),e.src+=\"#?secret=\"+t,e.setAttribute(\"data-secret\",t)),e.contentWindow.postMessage({message:\"ready\",secret:t},\"*\")},!1)))}(window,document);\n\/* ]]> *\/\n<\/script>\n"},"_links":{"self":[{"href":"https:\/\/stepienybarno.es\/blog\/wp-json\/wp\/v2\/posts\/29365"}],"collection":[{"href":"https:\/\/stepienybarno.es\/blog\/wp-json\/wp\/v2\/posts"}],"about":[{"href":"https:\/\/stepienybarno.es\/blog\/wp-json\/wp\/v2\/types\/post"}],"author":[{"embeddable":true,"href":"https:\/\/stepienybarno.es\/blog\/wp-json\/wp\/v2\/users\/9"}],"replies":[{"embeddable":true,"href":"https:\/\/stepienybarno.es\/blog\/wp-json\/wp\/v2\/comments?post=29365"}],"version-history":[{"count":2,"href":"https:\/\/stepienybarno.es\/blog\/wp-json\/wp\/v2\/posts\/29365\/revisions"}],"predecessor-version":[{"id":29373,"href":"https:\/\/stepienybarno.es\/blog\/wp-json\/wp\/v2\/posts\/29365\/revisions\/29373"}],"wp:featuredmedia":[{"embeddable":true,"href":"https:\/\/stepienybarno.es\/blog\/wp-json\/wp\/v2\/media\/29371"}],"wp:attachment":[{"href":"https:\/\/stepienybarno.es\/blog\/wp-json\/wp\/v2\/media?parent=29365"}],"wp:term":[{"taxonomy":"category","embeddable":true,"href":"https:\/\/stepienybarno.es\/blog\/wp-json\/wp\/v2\/categories?post=29365"},{"taxonomy":"post_tag","embeddable":true,"href":"https:\/\/stepienybarno.es\/blog\/wp-json\/wp\/v2\/tags?post=29365"},{"taxonomy":"series","embeddable":true,"href":"https:\/\/stepienybarno.es\/blog\/wp-json\/wp\/v2\/series?post=29365"}],"curies":[{"name":"wp","href":"https:\/\/api.w.org\/{rel}","templated":true}]}}