{"id":29377,"date":"2017-09-20T08:53:37","date_gmt":"2017-09-20T06:53:37","guid":{"rendered":"https:\/\/www.stepienybarno.es\/blog\/?p=29377"},"modified":"2021-02-08T19:34:46","modified_gmt":"2021-02-08T17:34:46","slug":"10-ideas-para-tener-un-curriculum-de-arquitectura-10","status":"publish","type":"post","link":"https:\/\/stepienybarno.es\/blog\/2017\/09\/20\/10-ideas-para-tener-un-curriculum-de-arquitectura-10\/","title":{"rendered":"10 IDEAS PARA TENER UN CURRICULUM DE ARQUITECTURA 10."},"content":{"rendered":"<p style=\"text-align: center;\"><img loading=\"lazy\" decoding=\"async\" class=\"alignnone size-full wp-image-29378\" src=\"https:\/\/stepienybarno.es\/blog\/wp-content\/uploads\/2017\/09\/curriculum-cv-conexiones-stepienybarno-arquitectos-2.jpg\" alt=\"curriculum - cv - conexiones - stepienybarno - arquitectos - 2\" width=\"650\" height=\"487\" srcset=\"https:\/\/stepienybarno.es\/blog\/wp-content\/uploads\/2017\/09\/curriculum-cv-conexiones-stepienybarno-arquitectos-2.jpg 650w, https:\/\/stepienybarno.es\/blog\/wp-content\/uploads\/2017\/09\/curriculum-cv-conexiones-stepienybarno-arquitectos-2-180x135.jpg 180w, https:\/\/stepienybarno.es\/blog\/wp-content\/uploads\/2017\/09\/curriculum-cv-conexiones-stepienybarno-arquitectos-2-550x412.jpg 550w, https:\/\/stepienybarno.es\/blog\/wp-content\/uploads\/2017\/09\/curriculum-cv-conexiones-stepienybarno-arquitectos-2-316x237.jpg 316w\" sizes=\"(max-width: 650px) 100vw, 650px\" \/><\/p>\n<p>Desde que salimos al mercado laboral en el 2003 nos ha tocado ver bastantes curriculums y tambi\u00e9n ver la evoluci\u00f3n de los mismos con el paso de los a\u00f1os. A su vez, vemos que no siempre se tiene claro qu\u00e9 mostrar ni c\u00f3mo mostrarlo; as\u00ed que, con el post de hoy, nos lanzamos a la piscina para intentar dar 10 ideas que puedan aportar a mejorar estos curriculums.<\/p>\n<p>\u00a1Ah\u00ed vamos!<\/p>\n<p><!--more--><\/p>\n<h5><span style=\"color: #0000ff;\"><strong>1_ Lo importante no es lo que has hecho, es lo que puedes hacer.<\/strong><\/span><\/h5>\n<p>Es habitual ver el t\u00edpico curriculum \/ portafolio de arquitectura, en el que aparece una sucesi\u00f3n m\u00e1s o menos vistosa de los proyectos realizados por quien est\u00e1 buscando trabajo.<\/p>\n<p>De esta forma, la mayor\u00eda de los CV terminan siendo similares y se enfocan en lo que ha realizado su autor, en vez en lo que es capaz de realizar. En nuestra opini\u00f3n, es interesante darle la vuelta a la tortilla y <strong>dejar bien claro qu\u00e9 problemas reales se pueden resolver.<\/strong><\/p>\n<h5><span style=\"color: #0000ff;\"><strong>2_ Adapta el currriculum en funci\u00f3n del estudio \/ empresa al que te dirijas.<\/strong><\/span><\/h5>\n<p>Lo sencillo es preparar el CV, mirar decenas de direcciones a las que enviarlo e hincharse a mandar correos. En este sentido, pareciera que a m\u00e1s volumen de correos, m\u00e1s posibilidades de conseguir que se fijen en ti. La realidad, suele ser que con este plan, <strong>lo \u00fanico que aumenta es el n\u00famero de correos sin abrir circulando por el planeta.<\/strong><\/p>\n<p>A buen seguro que trae m\u00e1s cuenta investigar mucho sobre el estudio o empresa que te interesa y <strong>adaptar al m\u00e1ximo tu CV<\/strong> para que resulte atractivo. Si eres capaz de detectar un <strong>dolor concreto<\/strong> que tiene ese estudio, y t\u00fa lo puedes resolver, la mitad del camino ya est\u00e1 andado.<\/p>\n<p>De hecho, si adem\u00e1s de detectar d\u00f3nde aprieta m\u00e1s el zapato, consigues una entrevista ya estar\u00e1s m\u00e1s cerca del \u00e9xito.<\/p>\n<p>En esta l\u00ednea, nuestros amigos de <strong>Arquitextonica<\/strong> en uno de sus post ven\u00edan a decir:<\/p>\n<p>\u201c(&#8230;) Personaliza tu solicitud de empleo. Estudia un poco que hace el estudio\/empresa a la que te diriges, y de una forma muy concisa, exp\u00f3n qu\u00e9 es lo que te interesa y qu\u00e9 crees que puedes aportar a su trabajo. No hagas la pelota. Se nota y deja una sensaci\u00f3n rara.\u201d (1)<\/p>\n<p>Llegado este punto, nos viene a la cabeza un amigo que, hace a\u00f1os, dec\u00eda que las infograf\u00edas de Foster para los concursos eran bien flojitas.<\/p>\n<p>As\u00ed que, sin pens\u00e1rselo dos veces, le mand\u00f3 unos renders suyos hechos en base a un proyecto de concurso presentado por Foster. Se ve\u00eda claramente la diferencia de calidad y se los envi\u00f3\u00a0para poder ver\u00a0comparaci\u00f3n. Al poco, estaba trabajando con \u00e9l\u2026 bueno, no exactamente con \u00e9l, m\u00e1s bien en su estudio de tropecientos arquitectos.<\/p>\n<h5><span style=\"color: #0000ff;\"><strong>3_\u00a0 Cuida el dise\u00f1o.<\/strong><\/span><\/h5>\n<p>En nuestra profesi\u00f3n este punto no suele ser un problema; de hecho, quiz\u00e1s pueda serlo que el CV tenga, en un momento dado, un <strong>exceso de dise\u00f1o<\/strong>. Muchas veces, nos puede nuestra parte creativa y se nos olvida que quien leer\u00e1 nuestro CV\u00a0a lo mejor es alguien de cierta edad y que, por ejemplo, use gafas y no est\u00e9 por la labor de adivinar lo que hemos escrito -por muy mono que nos haya quedado-.<\/p>\n<p>Lo importante es que la forma en que lo dise\u00f1es sea acorde a lo que t\u00fa eres.<\/p>\n<p>No hay bonito, ni feo; hay un <strong>dise\u00f1o acertado o no.<\/strong><\/p>\n<p>As\u00ed, presta atenci\u00f3n a todos los <strong>detalles<\/strong>, incluidas cositas como<a href=\"https:\/\/orientacion-laboral.infojobs.net\/10-consejos-foto-cv\" target=\"_blank\" rel=\"noopener noreferrer\"> la <strong>foto <\/strong>que elijas \u00a0<\/a>o\u00a0 el gramaje de <strong>papel <\/strong>(no pasa nada por imprimir en uno un poco m\u00e1s denso de lo normal y ya te est\u00e1s diferenciando de la mayor\u00eda de los curriculums).<\/p>\n<p>De todas formas, si quieres ver unos cuantos CV de arquitectos, <a href=\"http:\/\/www.plataformaarquitectura.cl\/cl\/793496\/los-mejores-curriculum-vitae-en-arquitectura-enviados-por-nuestros-lectores\">por aqu\u00ed<\/a> tienes un buen enlace.<\/p>\n<p>Por cierto, siendo arquitecto lo normal es que <strong>manejes en paralelo el tema del Curriculum y un buen portafolio<\/strong>. En realidad, ambos son <strong>complementarios<\/strong> y necesarios en un momento dado. Sobre el tema de los portafolios, desde el blog Arquiparados comentan:<\/p>\n<p>\u201c(&#8230;) Puedes a\u00f1adir tu CV al portfolio de forma que se integre en la plantilla y los dos elementos aparezcan como un todo. Incluye informaci\u00f3n de contacto relevante, como el tel\u00e9fono o el correo electr\u00f3nico. As\u00ed mismo, cuando mandes el porfolio no olvides adjuntar una carta de motivaci\u00f3n, es un elemento igual de importante.\u201d (2)<\/p>\n<h5><span style=\"color: #0000ff;\"><strong>4_ Especializate y diferenciate.<\/strong><\/span><\/h5>\n<p>Si has terminado la carrera hace poco y lo que ofreces es que eres un buen proyectista o un buen \u201cdibujante\u201d de proyectos, ser\u00e1s <strong>uno m\u00e1s peleando por una peque\u00f1a tarta de pastel.<\/strong><\/p>\n<p>Sin embargo, si te <strong>focalizas <\/strong>en algo concreto, habr\u00e1 poca gente a la que le intereses, pero a esa gente le interesar\u00e1s mucho. Si alguien, por ejemplo, controla temas de realidad aumentada y es un crack en BIM, lo normal es que sus posibilidades aumenten respecto a quien s\u00f3lo dibuja en BIM. Combinar habilidades suele ser un buen plan.<\/p>\n<p>Muchas veces no hace falta contar todo lo que has hecho y, si no viene a cuento, tampoco si has sido socorrista en verano o no. En general, el menos es m\u00e1s de Mies, tambi\u00e9n funciona por aqu\u00ed.<\/p>\n<p><strong>Simplifica al m\u00e1ximo.<\/strong> Cuanto m\u00e1s sencillo, m\u00e1s llamar\u00e1 la atenci\u00f3n. Sobre esta idea el arquitecto\u00a0 <strong>Pablo Domingo<\/strong> incide en uno de sus post.<\/p>\n<p>\u201c(&#8230;) He pasado de un denso y complejo curr\u00edculum lleno de todo tipo de informaci\u00f3n que necesitaba programas de dise\u00f1o gr\u00e1fico para ser confeccionado a utilizar una sencilla p\u00e1gina de Word e imprimirlo en PDF. Y pienso que ha mejorado. Voy directo al objetivo, est\u00e1 claro lo que soy y lo que busco. Eso es lo que hace falta.\u201d (3)<\/p>\n<p>A su vez, siempre est\u00e1 bien centrarse en lo m\u00e1s importante y ver c\u00f3mo destacarlo. Que haya una cierta <strong>jerarqu\u00eda <\/strong>de informaci\u00f3n suele ayudar bastante.<\/p>\n<h5><span style=\"color: #0000ff;\"><strong>5_ Tu vida offline es m\u00e1s necesaria que nunca.<\/strong><\/span><\/h5>\n<p>Si est\u00e1s interesado en entrar en un estudio de arquitectura concreto y te has sabido mover para <strong>que te conozcan en persona,<\/strong> ese trato, a buen seguro que generar\u00e1 cierta<strong> confianza<\/strong> que har\u00e1 que tus posibilidades laborales aumenten. En este sentido, si lo que haces realmente te apasiona y eres bueno en ello, una conversaci\u00f3n cara a cara ser\u00e1 perfecta para <strong>hacer llegar tu ilusi\u00f3n por lo que haces<\/strong> a quien se est\u00e9 planteando contratarte. Quiz\u00e1s no te necesite en ese momento, pero ya se queda contigo.<\/p>\n<p>Es importante <strong>estar en la mente<\/strong> de la gente y de esa gente pueden surgir posibles colaboradores o empleadores. Para ello, como vamos diciendo, es clave que seas concreto, que lo que hagas no lo hagan todos y que te vuelvas loco con lo que quieres hacer.<\/p>\n<p>En este sentido, <strong>Borja Vilaseca<\/strong>, comenta,<\/p>\n<p>\u201c(\u2026.) A pesar de haber recibido la consigna de que \u201cno podemos ganarnos el pan haciendo lo que nos gusta\u201d, a la hora de reinventarse es fundamental dedicarnos a una profesi\u00f3n que nos motive e interese de verdad. Solo as\u00ed encontraremos la fuerza y la dedicaci\u00f3n para dar lo mejor de nosotros mismos, potenciando nuestras virtudes y habilidades. Todos albergamos alg\u00fan tipo de talento por descubrir y desarrollar. En esencia, el talento es la forma con la que expresamos nuestro valor.<\/p>\n<p>Eso s\u00ed, los dones que se necesitan para llevar a cabo las nuevas funciones profesionales no tienen nada que ver con la educaci\u00f3n industrial o las aptitudes acad\u00e9micas convencionales.\u201d (4)<\/p>\n<h5><span style=\"color: #0000ff;\"><strong>6_Que hablen bien de ti.<\/strong><\/span><\/h5>\n<p>Es habitual el caso de arquitect@ reci\u00e9n titulado que se va a un estudio grande, tipo el de Foster, con la esperanza de que con su vuelta a Espa\u00f1a, <strong>esa l\u00ednea en el curriculum<\/strong> le servir\u00e1 de mucho. La realidad suele ser bastante menos dada a los fuegos de artificio y los lugares donde has trabajado, cuentan pero seguramente no tanto como piensas.<\/p>\n<p>A buen seguro, puede ayudarte m\u00e1s haber trabajado en un sitio m\u00e1s modesto, pero tener un <strong>buen testimonio <\/strong>de quienes te contrataron sobre tu trabajo con ellos. En ese sentido, estar en <strong>Linkedin<\/strong> te puede ayudar bastante, pues es el lugar adecuado donde reciclar la t\u00edpica carta de recomendaci\u00f3n de toda la vida en un entorno 2.0 <a href=\"https:\/\/loentiendo.com\/encontrar-trabajo-linkedin-consejos\/\">(ver m\u00e1s aqu\u00ed).<\/a><\/p>\n<h5><span style=\"color: #0000ff;\"><strong>7_ Elige estudios de arquitectura o empresas que no se aprovechen de ti.<\/strong><\/span><\/h5>\n<p>Est\u00e1 claro que nuestra profesi\u00f3n esconde un <strong>lado oscuro<\/strong> de arquitectos trabajando por amor al arte o con falsas promesas de que si ganamos este concurso te contratamos. El mundo de los falsos aut\u00f3nomos <a href=\"https:\/\/stepienybarno.es\/blog\/2013\/01\/17\/carta-de-un-arquitecto-cabreado\/\">(m\u00e1s por aqu\u00ed)<\/a> es el pan nuestro de cada d\u00eda en muchos de los estudios de relumbr\u00f3n.<\/p>\n<p>En nuestra opini\u00f3n, m\u00e1s all\u00e1 de temas \u00e9ticos, de cara a quien est\u00e1 buscando trabajo, lo mejor es <strong>evitar todo aquello que huela a juego sucio<\/strong>.<\/p>\n<p>Mejor trabajar con gente que haga cosas m\u00e1s humildes, pero que las <strong>reglas de juego sean claras y justas<\/strong>, que dejarte llevar por el aroma de los arquitectos estrella.<\/p>\n<h5><span style=\"color: #0000ff;\"><strong>8_ Evita exageraciones y mentiras.<\/strong><\/span><\/h5>\n<p>Invierte en cursos y formaciones. Con lo que sabes cuando sales de la escuela no llegar\u00e1s muy lejos. Evita, a no ser que lo tengas muy claro, m\u00e1ster car\u00edsimos que no te dan habilidades que te sirven en el \u201cmundo real\u201d. <strong>Cuando salimos de carrera poco sabemos de temas pr\u00e1cticos como hacer contratos, tratar con un cliente o visibilizar nuestro trabajo.<\/strong><\/p>\n<p>Sin embargo, aprender sobre todo ello no es complicado y es altamente eficiente.<\/p>\n<p>Una vez que tienes esto claro, mu\u00e9stralo en tu curriculum, evitando cualquier tipo de fuegos de artificio.<\/p>\n<p>A nosotros nos ha pasado m\u00e1s de una vez, de <strong>ver curriculums que nos llegan con gente que no tiene abuela<\/strong>.<\/p>\n<p>Cuando hemos contratado gente, nuestras entrevistas y proceso de selecci\u00f3n, en general, han sido lo suficientemente exhaustivo para no llevarnos grandes sorpresas. Aun as\u00ed, alguna vez, nos la han colado y luego las situaciones son de lo m\u00e1s inc\u00f3modas. Es mucho mejor que seas objetivo y que intentes justificar con claridad aquello que dices haber hecho o saber hacer.<\/p>\n<h5><span style=\"color: #0000ff;\"><strong>9_ La importancia de lo intangible (habilidades blandas).<\/strong><\/span><\/h5>\n<p>Por muy buen curriculum que tengas siempre habr\u00e1 una serie de <strong>valores y actitudes<\/strong> que dif\u00edcilmente podr\u00e1s plasmar en \u00e9l. Cada empresa o estudio de arquitectura tiene sus propios valores y ser\u00e1 importante que si te interesa trabajar ah\u00ed, tus propios <strong>valores<\/strong> vayan alineados.<\/p>\n<p>A su vez, hay muchas competencias como por ejemplo, tu capacidad de <strong>trabajar en equipo<\/strong> o tus dotes de <strong>liderazgo<\/strong> que ser\u00e1 complicado que en el t\u00edpico curriculum de arquitecto lo puedas plasmar. Cada vez, m\u00e1s estudios valoran gente con iniciativa o una buena <strong>empat\u00eda.<\/strong><\/p>\n<p>Incidiendo en esta l\u00ednea de pensamiento, rescatamos las palabras del arquitecto especializado en coaching, <strong>Joan Vergara<\/strong>:<\/p>\n<p>\u201c(&#8230;) Hay otra serie de habilidades no directamente relacionadas con tu profesi\u00f3n que vas a necesitar para mejorar tu empleabilidad en la arquitectura.<\/p>\n<p>Son m\u00e1s generales, las llamadas habilidades blandas. Desenvolverte bien con ellas te va a resultar casi imprescindible en los entornos laborales de hoy. Me refiero a cosas como flexibilidad y capacidad de adaptaci\u00f3n al cambio, efectividad personal, capacidad de trabajo en equipo, habilidades sociales, autoconocimiento, proactividad\u2026<\/p>\n<p>Tambi\u00e9n podr\u00edamos hablar de competencias digitales. La habilidad para moverse con soltura en los entornos digitales es ya una necesidad b\u00e1sica, puesto que gran parte de la actividad profesional se produce en la red, y esto va a m\u00e1s.\u201d (5)<\/p>\n<p>Con todo ello, tanto tu rastro digital como tus relaciones en mundo offline cobran vital transcendencia para <strong>transmitir este mundo menos tangible<\/strong> pero igual de importante o m\u00e1s que todos tus cursos de\u00a0 BIM o eficiencia energ\u00e9tica.<\/p>\n<p>Como casi, siempre <strong>las cosas m\u00e1s importantes de la vida no se pueden ni medir ni demostrar.<\/strong><\/p>\n<h5><span style=\"color: #0000ff;\"><strong>10_ Ten una Identidad Digital clara.<\/strong><\/span><\/h5>\n<p><strong>Nadie te contratar\u00e1 sin <em>googlearte<\/em>.<\/strong> Te guste o no, el <strong>rastro digital<\/strong> que hayas dejado en tu trayectoria en la red, ser\u00e1 decisivo para que aumenten tus posibilidades de contrataci\u00f3n.<\/p>\n<p>Aunque todav\u00eda seas estudiante de arquitectura, te animamos a tener estos temas claros. Es bueno que vayas <strong>construyendo tu marca<\/strong> poco a poco.<\/p>\n<p>Ten una estrategia concreta, quiz\u00e1s, var\u00ede con los a\u00f1os, pero ten claro por d\u00f3nde quieres avanzar laboralmente hablando. <strong>Comunica<\/strong>, sobre todo en un entorno online, lo que est\u00e1s haciendo.<\/p>\n<p>Aunque sea una <strong>web <\/strong>que te hagas t\u00fa, hazla con mimo y cuidado.<\/p>\n<p>P\u00e1rate a ver c\u00f3mo ser\u00eda hacer un<strong> blog<\/strong> que hablar\u00e1 por ti de tu trabajo y tus intereses.<\/p>\n<p>Ten una presencia en las <strong>redes sociales<\/strong> desde un punto de vista profesional. Si est\u00e1n siempre subiendo fotos de tus juergas y tal, mal te ayudar\u00e1 a que mejoren tus posibilidades laborales; de hecho, nadie te dice que no puedas tener un perfil m\u00e1s personal y otro m\u00e1s profesional.<\/p>\n<p>Lo malo es tener una cuenta de twitter y estar hablando de tu pasi\u00f3n por el f\u00fatbol, luego temas de pesca y, finalmente, algo de arquitectura. Est\u00e1 bien que se cuele algo personal en lo profesional pero no que sea una mezcla incontrolada de todo lo que te interesa.<\/p>\n<p>Focaliza y comunica con claridad lo que realmente sea importante.<\/p>\n<p style=\"text-align: center;\"><span style=\"color: #999999;\">\u2026&#8230;&#8230;&#8230;&#8230;&#8230;&#8230;&#8230;&#8230;&#8230;.<\/span><\/p>\n<p>En cualquier caso, en principio, escribir un CV parece que se hace para que te contraten, pero est\u00e1 claro que hoy en d\u00eda cada vez es m\u00e1s complicado que un estudio de arquitectura\u00a0 te quiera contratar.<\/p>\n<p>Entrar como falso aut\u00f3nomo y tal, ya hemos hablado que no es buena idea.<\/p>\n<p>As\u00ed que, si tienes cierto esp\u00edritu aventurero y una personalidad decidida, no es mal plan que intentes ir por libre buscando posibles colaboraciones.<\/p>\n<p>De todas formas, entendemos que no todo el mundo tiene este tipo de car\u00e1cter y emprender tambi\u00e9n tiene muchas pegas (m\u00e1s en Espa\u00f1a); por lo tanto, como siempre, cada caso es diferente y s\u00f3lo t\u00fa sabes lo que m\u00e1s te conviene.<\/p>\n<p>&nbsp;<\/p>\n<p>Nosotros, s\u00f3lo hemos querido dejar por escrito 10 ideas que, adaptadas a cada uno, pueden ser de utilidad.<\/p>\n<p>Y ahora te toca a ti, contarnos m\u00e1s cosas que, en tu opini\u00f3n, pueden ser \u00fatiles para tener un curriculum 10.<\/p>\n<p><iframe loading=\"lazy\" title=\"\ud83e\udd13  POR UNA ENSE\u00d1ANZA L\u00cdQUIDA EN ARQUITECTURA\" width=\"911\" height=\"512\" src=\"https:\/\/www.youtube.com\/embed\/nGgUTHP8tIQ?feature=oembed\" frameborder=\"0\" allow=\"accelerometer; autoplay; clipboard-write; encrypted-media; gyroscope; picture-in-picture\" allowfullscreen><\/iframe><\/p>\n<h3 style=\"text-align: center;\"><span style=\"color: #0000ff;\">Autores del post: <a style=\"color: #0000ff;\" href=\"https:\/\/stepienybarno.es\/blog\/2011\/09\/04\/las-fortalezas-del-arquitecto\/\">Stepienybarno<\/a> _ Agnieszka Stepien y Lorenzo Barn\u00f3<\/span><\/h3>\n<h5 style=\"text-align: center;\"><span style=\"color: #0000ff;\">Si te apetece unirte a nuestro Grupo de Facebook de Identidad Digital puedes <a href=\"https:\/\/www.facebook.com\/groups\/IdentidadDigitalParaArquitectos\/?ref=group_header\" target=\"_blank\" rel=\"noopener noreferrer\">hacerlo por aqu\u00ed.<\/a><\/span><\/h5>\n<p>&nbsp;<\/p>\n<p>(1)_ <a href=\"http:\/\/arquitextonica.net\/2011\/11\/09\/buscar-trabajo-como-arquitecto-joven-unas-cuantas-sugerencias\/\" target=\"_blank\" rel=\"noopener noreferrer\">Buscar trabajo como arquitecto joven: Unas cuantas sugerencias.<\/a><\/p>\n<p>Por Arquitextonica<\/p>\n<p>(2)<a href=\"https:\/\/www.arquiparados.com\/t260-como-hacer-un-portfolio-de-arquitectura\" target=\"_blank\" rel=\"noopener noreferrer\"> C\u00f3mo hacer un portfolio de arquitectura<\/a><\/p>\n<p>Por Arquiparados<\/p>\n<p>(3)_ <a href=\"http:\/\/www.10endibujo.com\/curriculum-arquitecto\/\" target=\"_blank\" rel=\"noopener noreferrer\">10 Claves para elaborar un curr\u00edculum vitae de arquitecto rompedor.<\/a><\/p>\n<p>Por Pablo Domingo<\/p>\n<p>(4) <a href=\"http:\/\/borjavilaseca.com\/la-muerte-del-curriculum-vitae\/\">La muerte del curr\u00edculum vitae <\/a><\/p>\n<p>Por Borja Vilaseca<\/p>\n<p>(5)_ <a href=\"http:\/\/www.coachingarquitectos.com\/mejora-empleabilidad-en-la-arquitectura\/\" target=\"_blank\" rel=\"noopener noreferrer\">Mejora tu empleabilidad en la arquitectura.<\/a><\/p>\n<p>Por Joan Vergara<\/p>\n<blockquote><p><strong>Tambi\u00e9n te puede interesar:<\/strong><\/p>\n<p>EXPECTATIVAS LABORALES PARA J\u00d3VENES ARQUITECTOS Stepienybarno<\/p>\n<p><a href=\"http:\/\/arkitiriteros.blogspot.com\/2011\/07\/expectativas-laborales-para-jovenes.html\">http:\/\/arkitiriteros.blogspot.com\/2011\/07\/expectativas-laborales-para-jovenes.html<\/a><\/p>\n<p>TERMIN\u00c9. YA SOY ARQUITECTO\u2026 \u00bfY AHORA QU\u00c9?<\/p>\n<p><a href=\"https:\/\/stepienybarno.es\/blog\/2011\/05\/15\/termine-ya-soy-arquitecto\u2026-\u00bfy-ahora-que\/\">https:\/\/stepienybarno.es\/blog\/2011\/05\/15\/termine-ya-soy-arquitecto%E2%80%A6-%C2%BFy-ahora-que\/<\/a><\/p><\/blockquote>\n<p>&nbsp;<\/p>\n","protected":false},"excerpt":{"rendered":"<p>Desde que salimos al mercado laboral en el 2003 nos<\/p>\n","protected":false},"author":2,"featured_media":29378,"comment_status":"open","ping_status":"closed","sticky":false,"template":"","format":"standard","meta":{"om_disable_all_campaigns":false,"_monsterinsights_skip_tracking":false,"_monsterinsights_sitenote_active":false,"_monsterinsights_sitenote_note":"","_monsterinsights_sitenote_category":0,"_uf_show_specific_survey":0,"_uf_disable_surveys":false,"episode_type":"audio","audio_file":"","cover_image":"","cover_image_id":"","duration":"","filesize":"","date_recorded":"","explicit":"","block":"","filesize_raw":"","footnotes":""},"categories":[2976],"tags":[5723,4949,1367,2150,1907],"series":[],"class_list":["post-29377","post","type-post","status-publish","format-standard","has-post-thumbnail","hentry","category-profesion-arquitecto","tag-curriculum","tag-cv","tag-el-estado-de-la-profesion","tag-empleo","tag-identidad-digital"],"aioseo_notices":[],"episode_featured_image":"https:\/\/stepienybarno.es\/blog\/wp-content\/uploads\/2017\/09\/curriculum-cv-conexiones-stepienybarno-arquitectos-2.jpg","episode_player_image":"https:\/\/stepienybarno.es\/blog\/wp-content\/uploads\/2020\/11\/stepienybarno-podcast-scaled.jpg","download_link":"","player_link":"","audio_player":false,"episode_data":{"playerMode":"dark","subscribeUrls":[],"rssFeedUrl":"https:\/\/stepienybarno.es\/blog\/feed\/podcast\/podcast-de-stepienybarno","embedCode":"<blockquote class=\"wp-embedded-content\" data-secret=\"6vXorBFJR6\"><a href=\"https:\/\/stepienybarno.es\/blog\/2017\/09\/20\/10-ideas-para-tener-un-curriculum-de-arquitectura-10\/\">10 IDEAS PARA TENER UN CURRICULUM DE ARQUITECTURA 10.<\/a><\/blockquote><iframe sandbox=\"allow-scripts\" security=\"restricted\" src=\"https:\/\/stepienybarno.es\/blog\/2017\/09\/20\/10-ideas-para-tener-un-curriculum-de-arquitectura-10\/embed\/#?secret=6vXorBFJR6\" width=\"500\" height=\"350\" title=\"\u00ab10 IDEAS PARA TENER UN CURRICULUM DE ARQUITECTURA 10.\u00bb \u2014 Blog de STEPIEN Y BARNO - publicaci\u00f3n digital sobre arquitectura\" data-secret=\"6vXorBFJR6\" frameborder=\"0\" marginwidth=\"0\" marginheight=\"0\" scrolling=\"no\" class=\"wp-embedded-content\"><\/iframe><script type=\"text\/javascript\">\n\/* <![CDATA[ *\/\n\/*! This file is auto-generated *\/\n!function(d,l){\"use strict\";l.querySelector&&d.addEventListener&&\"undefined\"!=typeof URL&&(d.wp=d.wp||{},d.wp.receiveEmbedMessage||(d.wp.receiveEmbedMessage=function(e){var t=e.data;if((t||t.secret||t.message||t.value)&&!\/[^a-zA-Z0-9]\/.test(t.secret)){for(var s,r,n,a=l.querySelectorAll('iframe[data-secret=\"'+t.secret+'\"]'),o=l.querySelectorAll('blockquote[data-secret=\"'+t.secret+'\"]'),c=new RegExp(\"^https?:$\",\"i\"),i=0;i<o.length;i++)o[i].style.display=\"none\";for(i=0;i<a.length;i++)s=a[i],e.source===s.contentWindow&&(s.removeAttribute(\"style\"),\"height\"===t.message?(1e3<(r=parseInt(t.value,10))?r=1e3:~~r<200&&(r=200),s.height=r):\"link\"===t.message&&(r=new URL(s.getAttribute(\"src\")),n=new URL(t.value),c.test(n.protocol))&&n.host===r.host&&l.activeElement===s&&(d.top.location.href=t.value))}},d.addEventListener(\"message\",d.wp.receiveEmbedMessage,!1),l.addEventListener(\"DOMContentLoaded\",function(){for(var e,t,s=l.querySelectorAll(\"iframe.wp-embedded-content\"),r=0;r<s.length;r++)(t=(e=s[r]).getAttribute(\"data-secret\"))||(t=Math.random().toString(36).substring(2,12),e.src+=\"#?secret=\"+t,e.setAttribute(\"data-secret\",t)),e.contentWindow.postMessage({message:\"ready\",secret:t},\"*\")},!1)))}(window,document);\n\/* ]]> *\/\n<\/script>\n"},"_links":{"self":[{"href":"https:\/\/stepienybarno.es\/blog\/wp-json\/wp\/v2\/posts\/29377"}],"collection":[{"href":"https:\/\/stepienybarno.es\/blog\/wp-json\/wp\/v2\/posts"}],"about":[{"href":"https:\/\/stepienybarno.es\/blog\/wp-json\/wp\/v2\/types\/post"}],"author":[{"embeddable":true,"href":"https:\/\/stepienybarno.es\/blog\/wp-json\/wp\/v2\/users\/2"}],"replies":[{"embeddable":true,"href":"https:\/\/stepienybarno.es\/blog\/wp-json\/wp\/v2\/comments?post=29377"}],"version-history":[{"count":8,"href":"https:\/\/stepienybarno.es\/blog\/wp-json\/wp\/v2\/posts\/29377\/revisions"}],"predecessor-version":[{"id":46167,"href":"https:\/\/stepienybarno.es\/blog\/wp-json\/wp\/v2\/posts\/29377\/revisions\/46167"}],"wp:featuredmedia":[{"embeddable":true,"href":"https:\/\/stepienybarno.es\/blog\/wp-json\/wp\/v2\/media\/29378"}],"wp:attachment":[{"href":"https:\/\/stepienybarno.es\/blog\/wp-json\/wp\/v2\/media?parent=29377"}],"wp:term":[{"taxonomy":"category","embeddable":true,"href":"https:\/\/stepienybarno.es\/blog\/wp-json\/wp\/v2\/categories?post=29377"},{"taxonomy":"post_tag","embeddable":true,"href":"https:\/\/stepienybarno.es\/blog\/wp-json\/wp\/v2\/tags?post=29377"},{"taxonomy":"series","embeddable":true,"href":"https:\/\/stepienybarno.es\/blog\/wp-json\/wp\/v2\/series?post=29377"}],"curies":[{"name":"wp","href":"https:\/\/api.w.org\/{rel}","templated":true}]}}