{"id":29398,"date":"2017-09-20T19:21:43","date_gmt":"2017-09-20T17:21:43","guid":{"rendered":"https:\/\/www.stepienybarno.es\/blog\/?p=29398"},"modified":"2017-09-20T15:07:09","modified_gmt":"2017-09-20T13:07:09","slug":"10-sorprendentes-ciudades-planificadas-vistas-desde-el-cielo","status":"publish","type":"post","link":"https:\/\/stepienybarno.es\/blog\/2017\/09\/20\/10-sorprendentes-ciudades-planificadas-vistas-desde-el-cielo\/","title":{"rendered":"10 SORPRENDENTES CIUDADES PLANIFICADAS VISTAS DESDE EL CIELO"},"content":{"rendered":"<p><img loading=\"lazy\" decoding=\"async\" class=\"aligncenter size-full wp-image-29399\" src=\"https:\/\/stepienybarno.es\/blog\/wp-content\/uploads\/2017\/09\/stepienybarno-stepien-y-barno-arquitectura-gizmodo-Mat\u00edas-S.-Zavia.jpg\" alt=\"stepienybarno-stepien-y-barno-arquitectura-gizmodo-Mat\u00edas S. Zavia\" width=\"500\" height=\"308\" srcset=\"https:\/\/stepienybarno.es\/blog\/wp-content\/uploads\/2017\/09\/stepienybarno-stepien-y-barno-arquitectura-gizmodo-Mat\u00edas-S.-Zavia.jpg 500w, https:\/\/stepienybarno.es\/blog\/wp-content\/uploads\/2017\/09\/stepienybarno-stepien-y-barno-arquitectura-gizmodo-Mat\u00edas-S.-Zavia-180x111.jpg 180w, https:\/\/stepienybarno.es\/blog\/wp-content\/uploads\/2017\/09\/stepienybarno-stepien-y-barno-arquitectura-gizmodo-Mat\u00edas-S.-Zavia-316x195.jpg 316w\" sizes=\"(max-width: 500px) 100vw, 500px\" \/><\/p>\n<p><strong>Por <a href=\"http:\/\/kinja.com\/zavia\" target=\"_blank\">Mat\u00edas S. Zavia<\/a><\/strong><\/p>\n<p><strong>Desde <a href=\"http:\/\/es.gizmodo.com\/\" target=\"_blank\">Gizmodo<\/a><\/strong><\/p>\n<p style=\"text-align: justify;\">\u201cGoogle lanz\u00f3 hace algunas semanas\u00a0<a href=\"http:\/\/es.gizmodo.com\/el-nuevo-google-earth-nos-permite-visitar-el-planeta-co-1794411488\">una nueva versi\u00f3n de Google Earth<\/a>\u00a0que me tiene completamente absorto. Una de mis aficiones es contemplar desde arriba las m\u00e1s famosas ciudades planificadas, esas que fueron creadas con un prop\u00f3sito sobre un terreno no urbanizado. Aqu\u00ed tienes mis favoritas.<\/p>\n<h3 style=\"text-align: justify;\"><img loading=\"lazy\" decoding=\"async\" class=\"aligncenter size-full wp-image-29400\" src=\"https:\/\/stepienybarno.es\/blog\/wp-content\/uploads\/2017\/09\/stepienybarno-stepien-y-barno-arquitectura-gizmodo-Mat\u00edas-S.-Zavia-la-plata-argentina.jpg\" alt=\"stepienybarno-stepien-y-barno-arquitectura-gizmodo-Mat\u00edas S. Zavia-la-plata-argentina\" width=\"500\" height=\"500\" srcset=\"https:\/\/stepienybarno.es\/blog\/wp-content\/uploads\/2017\/09\/stepienybarno-stepien-y-barno-arquitectura-gizmodo-Mat\u00edas-S.-Zavia-la-plata-argentina.jpg 500w, https:\/\/stepienybarno.es\/blog\/wp-content\/uploads\/2017\/09\/stepienybarno-stepien-y-barno-arquitectura-gizmodo-Mat\u00edas-S.-Zavia-la-plata-argentina-180x180.jpg 180w, https:\/\/stepienybarno.es\/blog\/wp-content\/uploads\/2017\/09\/stepienybarno-stepien-y-barno-arquitectura-gizmodo-Mat\u00edas-S.-Zavia-la-plata-argentina-224x224.jpg 224w, https:\/\/stepienybarno.es\/blog\/wp-content\/uploads\/2017\/09\/stepienybarno-stepien-y-barno-arquitectura-gizmodo-Mat\u00edas-S.-Zavia-la-plata-argentina-316x316.jpg 316w\" sizes=\"(max-width: 500px) 100vw, 500px\" \/><\/h3>\n<h3 style=\"text-align: justify;\"><strong>1. La Plata | Argentina<\/strong><\/h3>\n<p style=\"text-align: justify;\">\u00a0<a href=\"https:\/\/earth.google.com\/web\/@-34.9205283,-57.9531703,12.83996391a,19061.31481293d,35y,0h,0t,0r\/data=CksaSRJDCiUweDk1YTJlNjJiMWYwMDg1YTE6MHhiY2ZjNDRmMDU0NzMxMmUzGawRC8bSdUHAIS4L3HAO-kzAKghMYSBQbGF0YRgCIAE\">La Plata<\/a>\u00a0fue planificada y edificada espec\u00edficamente para convertirse en la capital de la provincia de Buenos Aires, despu\u00e9s de que la Ciudad de Buenos Aires fuera declarada capital federal de Argentina en 1880. Se la conoce como \u201cciudad de las diagonales\u201d por su caracter\u00edstico patr\u00f3n de cuadr\u00edcula cortado por varias avenidas diagonales. Estas avenidas forman rombos, que a su vez tienen grandes c\u00edrculos en sus v\u00e9rtices que son las plazas.<\/p>\n<p style=\"text-align: justify;\">En la Feria Mundial de 1889 de Par\u00eds, la ciudad de La Plata recibi\u00f3 dos medallas de oro como \u201cCiudad del Futuro\u201d y \u201cMejor realizaci\u00f3n construida\u201d. Hoy tiene 740.000 habitantes.<\/p>\n<h3 style=\"text-align: justify;\"><strong>2. Washington D.C. | Estados Unidos<\/strong>\u00a0(\u2026)\u201d<\/h3>\n<p>&nbsp;<\/p>\n<p>&nbsp;<\/p>\n<p style=\"text-align: center;\"><strong>Accede \u00a0al art\u00edculo, <a href=\"http:\/\/es.gizmodo.com\/10-sorprendentes-ciudades-planificadas-vistas-desde-el-1795925893\" target=\"_blank\">AQU\u00cd<\/a><\/strong><\/p>\n<p><strong>\u00a0\u00a0\u00a0\u00a0\u00a0\u00a0\u00a0\u00a0\u00a0\u00a0\u00a0\u00a0\u00a0\u00a0\u00a0\u00a0\u00a0\u00a0\u00a0\u00a0\u00a0\u00a0\u00a0\u00a0\u00a0\u00a0\u00a0\u00a0\u00a0\u00a0\u00a0\u00a0\u00a0\u00a0\u00a0\u00a0\u00a0\u00a0\u00a0\u00a0\u00a0\u00a0\u00a0\u00a0\u00a0\u00a0\u00a0\u00a0\u00a0\u00a0\u00a0\u00a0\u00a0\u00a0\u00a0\u00a0\u00a0\u00a0\u00a0\u00a0\u00a0\u00a0\u00a0\u00a0\u00a0\u00a0\u00a0\u00a0\u00a0\u00a0\u00a0\u00a0\u00a0\u00a0\u00a0\u00a0\u00a0\u00a0\u00a0\u00a0\u00a0\u00a0\u00a0\u00a0\u00a0\u00a0\u00a0\u00a0\u00a0\u00a0\u00a0\u00a0\u00a0\u00a0\u00a0\u00a0\u00a0\u00a0\u00a0\u00a0\u00a0\u00a0\u00a0\u00a0\u00a0\u00a0\u00a0\u00a0\u00a0\u00a0\u00a0\u00a0\u00a0\u00a0\u00a0\u00a0\u00a0\u00a0\u00a0\u00a0\u00a0\u00a0\u00a0\u00a0\u00a0\u00a0\u00a0\u00a0\u00a0\u00a0\u00a0\u00a0\u00a0\u00a0\u00a0\u00a0\u00a0\u00a0\u00a0\u00a0\u00a0\u00a0\u00a0\u00a0\u00a0\u00a0\u00a0\u00a0\u00a0\u00a0\u00a0\u00a0\u00a0\u00a0\u00a0\u00a0\u00a0\u00a0\u00a0\u00a0\u00a0\u00a0\u00a0\u00a0 <\/strong><\/p>\n<p><strong>\u00a0<\/strong><\/p>\n<p>&nbsp;<\/p>\n<p><span style=\"color: #999999;\"><em>Noticia seleccionada por el Canal de arquitectura STEPIENYBARNO.\u00a0<\/em><\/span><\/p>\n<p><a href=\"https:\/\/twitter.com\/stepienybarno\"><em>STEPIENYBARNO EN TWITTER _ @stepienybarno<\/em><\/a><\/p>\n<p><a href=\"http:\/\/www.linkedin.com\/company\/stepienybarno\"><em>STEPIENYBARNO EN LINKEDIN<\/em><\/a><\/p>\n<p><a href=\"https:\/\/www.facebook.com\/StepienybarnoCANAL\"><em>STEPIENYBARNO EN FACEBOOK<\/em><\/a><\/p>\n<p><span style=\"color: #999999;\"><em>*Stepienybarno est\u00e1 formado por Agnieszka Stepien y Lorenzo Barn\u00f3 y desde mayo del 2009 estamos en la red con\u00a0 la presente publicaci\u00f3n digital (Blog) de arquitectura.<\/em><\/span><\/p>\n<p><span style=\"color: #999999;\"><em>Nuestra actividad se sustenta en tres pilares b\u00e1sicos: la investigaci\u00f3n, la publicaci\u00f3n (comunicaci\u00f3n y difusi\u00f3n) y la redacci\u00f3n de proyectos de arquitectura.<\/em><\/span><\/p>\n<p><span style=\"color: #999999;\"><em>A su vez, somos socios cofundadores de<\/em><\/span><em>\u00a0<\/em><a href=\"http:\/\/sinergiasostenible.org\/\"><em>SINERGIA SOSTENIBLE<\/em><\/a><span style=\"color: #999999;\"><em>, redactores de<\/em><\/span><em>\u00a0<\/em><a href=\"http:\/\/www.laciudadviva.org\/blogs\/?author=45\"><em>LA CIUDAD VIVA<\/em><\/a><em>\u00a0<\/em><span style=\"color: #999999;\"><em>y directores del blog de<\/em><\/span><em>\u00a0<\/em><a href=\"http:\/\/blogfundacion.arquia.es\/\"><em>FUNDACI\u00d3N ARQUIA<\/em><\/a><span style=\"color: #999999;\"><em>.<\/em><\/span><\/p>\n<p><span style=\"color: #999999;\"><em>* Los editores de esta publicaci\u00f3n digital no nos hacemos cargo de de los comentarios y\u00a0 conceptos vertidos en los textos firmados por otras personas, siendo \u00e9stos de responsabilidad exclusiva de sus autores.<\/em><\/span><\/p>\n<p><span style=\"color: #999999;\"><em>* Tu comentario podr\u00e1 ser moderado, por lo tanto, aunque aparezca inmediatamente al ser publicado en la entrada, los editores de esta publicaci\u00f3n digital nos reservamos el derecho tanto de editarlo (si fuera necesario, para hacerlo m\u00e1s legible) como de eliminarlo en el caso de que se usen expresiones incorrectas (descalificaciones, palabras malsonantes\u2026). A su vez, si quieres comentar desde el anonimato puedes hacerlo, aunque, nosotros personalmente, agradecemos que tod@s nos podamos identificar.<\/em><\/span><\/p>\n","protected":false},"excerpt":{"rendered":"<p>Por Mat\u00edas S. Zavia Desde Gizmodo \u201cGoogle lanz\u00f3 hace algunas<\/p>\n","protected":false},"author":9,"featured_media":29399,"comment_status":"open","ping_status":"closed","sticky":false,"template":"","format":"standard","meta":{"om_disable_all_campaigns":false,"_monsterinsights_skip_tracking":false,"_monsterinsights_sitenote_active":false,"_monsterinsights_sitenote_note":"","_monsterinsights_sitenote_category":0,"_uf_show_specific_survey":0,"_uf_disable_surveys":false,"episode_type":"","audio_file":"","cover_image":"","cover_image_id":"","duration":"","filesize":"","date_recorded":"","explicit":"","block":"","filesize_raw":"","footnotes":""},"categories":[244],"tags":[5233,5727],"series":[],"class_list":["post-29398","post","type-post","status-publish","format-standard","has-post-thumbnail","hentry","category-canal-de-arquitectura","tag-gizmodo","tag-matias-s-zavia"],"aioseo_notices":[],"episode_featured_image":"https:\/\/stepienybarno.es\/blog\/wp-content\/uploads\/2017\/09\/stepienybarno-stepien-y-barno-arquitectura-gizmodo-Mat\u00edas-S.-Zavia.jpg","episode_player_image":"https:\/\/stepienybarno.es\/blog\/wp-content\/uploads\/2020\/11\/stepienybarno-podcast-scaled.jpg","download_link":"","player_link":"","audio_player":false,"episode_data":{"playerMode":"dark","subscribeUrls":[],"rssFeedUrl":"https:\/\/stepienybarno.es\/blog\/feed\/podcast\/podcast-de-stepienybarno","embedCode":"<blockquote class=\"wp-embedded-content\" data-secret=\"OJZiPyztma\"><a href=\"https:\/\/stepienybarno.es\/blog\/2017\/09\/20\/10-sorprendentes-ciudades-planificadas-vistas-desde-el-cielo\/\">10 SORPRENDENTES CIUDADES PLANIFICADAS VISTAS DESDE EL CIELO<\/a><\/blockquote><iframe sandbox=\"allow-scripts\" security=\"restricted\" src=\"https:\/\/stepienybarno.es\/blog\/2017\/09\/20\/10-sorprendentes-ciudades-planificadas-vistas-desde-el-cielo\/embed\/#?secret=OJZiPyztma\" width=\"500\" height=\"350\" title=\"\u00ab10 SORPRENDENTES CIUDADES PLANIFICADAS VISTAS DESDE EL CIELO\u00bb \u2014 Blog de STEPIEN Y BARNO - publicaci\u00f3n digital sobre arquitectura\" data-secret=\"OJZiPyztma\" frameborder=\"0\" marginwidth=\"0\" marginheight=\"0\" scrolling=\"no\" class=\"wp-embedded-content\"><\/iframe><script type=\"text\/javascript\">\n\/* <![CDATA[ *\/\n\/*! This file is auto-generated *\/\n!function(d,l){\"use strict\";l.querySelector&&d.addEventListener&&\"undefined\"!=typeof URL&&(d.wp=d.wp||{},d.wp.receiveEmbedMessage||(d.wp.receiveEmbedMessage=function(e){var t=e.data;if((t||t.secret||t.message||t.value)&&!\/[^a-zA-Z0-9]\/.test(t.secret)){for(var s,r,n,a=l.querySelectorAll('iframe[data-secret=\"'+t.secret+'\"]'),o=l.querySelectorAll('blockquote[data-secret=\"'+t.secret+'\"]'),c=new RegExp(\"^https?:$\",\"i\"),i=0;i<o.length;i++)o[i].style.display=\"none\";for(i=0;i<a.length;i++)s=a[i],e.source===s.contentWindow&&(s.removeAttribute(\"style\"),\"height\"===t.message?(1e3<(r=parseInt(t.value,10))?r=1e3:~~r<200&&(r=200),s.height=r):\"link\"===t.message&&(r=new URL(s.getAttribute(\"src\")),n=new URL(t.value),c.test(n.protocol))&&n.host===r.host&&l.activeElement===s&&(d.top.location.href=t.value))}},d.addEventListener(\"message\",d.wp.receiveEmbedMessage,!1),l.addEventListener(\"DOMContentLoaded\",function(){for(var e,t,s=l.querySelectorAll(\"iframe.wp-embedded-content\"),r=0;r<s.length;r++)(t=(e=s[r]).getAttribute(\"data-secret\"))||(t=Math.random().toString(36).substring(2,12),e.src+=\"#?secret=\"+t,e.setAttribute(\"data-secret\",t)),e.contentWindow.postMessage({message:\"ready\",secret:t},\"*\")},!1)))}(window,document);\n\/* ]]> *\/\n<\/script>\n"},"_links":{"self":[{"href":"https:\/\/stepienybarno.es\/blog\/wp-json\/wp\/v2\/posts\/29398"}],"collection":[{"href":"https:\/\/stepienybarno.es\/blog\/wp-json\/wp\/v2\/posts"}],"about":[{"href":"https:\/\/stepienybarno.es\/blog\/wp-json\/wp\/v2\/types\/post"}],"author":[{"embeddable":true,"href":"https:\/\/stepienybarno.es\/blog\/wp-json\/wp\/v2\/users\/9"}],"replies":[{"embeddable":true,"href":"https:\/\/stepienybarno.es\/blog\/wp-json\/wp\/v2\/comments?post=29398"}],"version-history":[{"count":1,"href":"https:\/\/stepienybarno.es\/blog\/wp-json\/wp\/v2\/posts\/29398\/revisions"}],"predecessor-version":[{"id":29401,"href":"https:\/\/stepienybarno.es\/blog\/wp-json\/wp\/v2\/posts\/29398\/revisions\/29401"}],"wp:featuredmedia":[{"embeddable":true,"href":"https:\/\/stepienybarno.es\/blog\/wp-json\/wp\/v2\/media\/29399"}],"wp:attachment":[{"href":"https:\/\/stepienybarno.es\/blog\/wp-json\/wp\/v2\/media?parent=29398"}],"wp:term":[{"taxonomy":"category","embeddable":true,"href":"https:\/\/stepienybarno.es\/blog\/wp-json\/wp\/v2\/categories?post=29398"},{"taxonomy":"post_tag","embeddable":true,"href":"https:\/\/stepienybarno.es\/blog\/wp-json\/wp\/v2\/tags?post=29398"},{"taxonomy":"series","embeddable":true,"href":"https:\/\/stepienybarno.es\/blog\/wp-json\/wp\/v2\/series?post=29398"}],"curies":[{"name":"wp","href":"https:\/\/api.w.org\/{rel}","templated":true}]}}