{"id":29456,"date":"2017-09-26T19:21:55","date_gmt":"2017-09-26T17:21:55","guid":{"rendered":"https:\/\/www.stepienybarno.es\/blog\/?p=29456"},"modified":"2017-09-26T11:18:05","modified_gmt":"2017-09-26T09:18:05","slug":"kits-para-ninos-involucrando-a-la-ciudadania-mas-joven-en-el-planeamiento-participativo","status":"publish","type":"post","link":"https:\/\/stepienybarno.es\/blog\/2017\/09\/26\/kits-para-ninos-involucrando-a-la-ciudadania-mas-joven-en-el-planeamiento-participativo\/","title":{"rendered":"KITS PARA NI\u00d1OS: INVOLUCRANDO A LA CIUDADAN\u00cdA M\u00c1S JOVEN EN EL PLANEAMIENTO PARTICIPATIVO"},"content":{"rendered":"<p><img loading=\"lazy\" decoding=\"async\" class=\"aligncenter size-medium wp-image-29457\" src=\"https:\/\/stepienybarno.es\/blog\/wp-content\/uploads\/2017\/09\/stepienybarno-stepien-y-barno-arquitectura-ecosistema-urbano-participaci\u00f3n-infancia-toolkit-550x389.gif\" alt=\"stepienybarno-stepien-y-barno-arquitectura-ecosistema-urbano-participaci\u00f3n-infancia-toolkit\" width=\"550\" height=\"389\" srcset=\"https:\/\/stepienybarno.es\/blog\/wp-content\/uploads\/2017\/09\/stepienybarno-stepien-y-barno-arquitectura-ecosistema-urbano-participaci\u00f3n-infancia-toolkit-550x389.gif 550w, https:\/\/stepienybarno.es\/blog\/wp-content\/uploads\/2017\/09\/stepienybarno-stepien-y-barno-arquitectura-ecosistema-urbano-participaci\u00f3n-infancia-toolkit-180x127.gif 180w, https:\/\/stepienybarno.es\/blog\/wp-content\/uploads\/2017\/09\/stepienybarno-stepien-y-barno-arquitectura-ecosistema-urbano-participaci\u00f3n-infancia-toolkit-990x700.gif 990w, https:\/\/stepienybarno.es\/blog\/wp-content\/uploads\/2017\/09\/stepienybarno-stepien-y-barno-arquitectura-ecosistema-urbano-participaci\u00f3n-infancia-toolkit-316x223.gif 316w\" sizes=\"(max-width: 550px) 100vw, 550px\" \/><\/p>\n<p><strong>Desde <a href=\"http:\/\/ecosistemaurbano.org\/\" target=\"_blank\">Ecosistema Urbano<\/a><\/strong><\/p>\n<p><!--more--><\/p>\n<p style=\"text-align: justify;\">\u201cComo tal vez sep\u00e1is, dentro de nuestro \u201ctoolkit\u201d para\u00a0procesos participativos que utilizamos en paralelo a nuestros proyectos urban\u00edsticos, hay a menudo materiales espec\u00edficamente concebidos para la\u00a0<strong>participaci\u00f3n de ni\u00f1os y adolescentes<\/strong>. Como parte de nuestro compromiso hac\u00eda los\u00a0<strong>procesos de inclusi\u00f3n<\/strong>, pretendemos abarcar diferentes grupos sociales dentro de nuestras actividades; en especial, esa parte de la sociedad civil que habitualmente no tiene una voz en el debate colectivo sobre temas urban\u00edsticos. Los ni\u00f1os tienen una visi\u00f3n particularmente honesta e imaginativa, e intentar entender la sociedad o la cultura a trav\u00e9s de sus ojos, es un privilegio que seguimos disfrutando proyecto tras proyecto.<\/p>\n<p style=\"text-align: justify;\">En particular, durante nuestros cuatro \u00faltimos proyectos en Sudam\u00e9rica, hemos detectado una necesidad espec\u00edfica de involucrar a poblaci\u00f3n joven en procesos participativos, y hemos empezado a\u00a0<strong>dise\u00f1ar \u201ckits\u201d espec\u00edficos para ni\u00f1os<\/strong>. Como resultado, tenemos cuatro versiones diferentes, relacionadas\u00a0con el contexto local, pero compartiendo\u00a0tambi\u00e9n muchos aspectos en com\u00fan. Estos \u201ckits\u201d de participaci\u00f3n infantil est\u00e1n pensados como una serie de l\u00e1minas A4 y A3 y dise\u00f1ados para ser f\u00e1cilmente\u00a0<strong>reproducibles<\/strong>. Todos los \u201cKits\u201d que puedes ver en este post fueron utilizados durante las actividades con ni\u00f1os llevadas a cabo por\u00a0<a href=\"http:\/\/ecosistemaurbano.com\/\" target=\"_blank\">ecosistema urbano<\/a>\u00a0y nuestros colaboradores locales en escuelas y centros infantiles de las ciudades donde han tenido lugar los proyectos (\u2026)\u201d<\/p>\n<p style=\"text-align: center;\"><strong>Accede \u00a0a la informaci\u00f3n, <a href=\"http:\/\/ecosistemaurbano.org\/ecosistema-urbano\/kits-ninos\/\" target=\"_blank\">AQU\u00cd<\/a><\/strong><\/p>\n<p><strong>\u00a0\u00a0\u00a0\u00a0\u00a0\u00a0\u00a0\u00a0\u00a0\u00a0\u00a0\u00a0\u00a0\u00a0\u00a0\u00a0\u00a0\u00a0\u00a0\u00a0\u00a0\u00a0\u00a0\u00a0\u00a0\u00a0\u00a0\u00a0\u00a0\u00a0\u00a0\u00a0\u00a0\u00a0\u00a0\u00a0\u00a0\u00a0\u00a0\u00a0\u00a0\u00a0\u00a0\u00a0\u00a0\u00a0\u00a0\u00a0\u00a0\u00a0\u00a0\u00a0\u00a0\u00a0\u00a0\u00a0\u00a0\u00a0\u00a0\u00a0\u00a0\u00a0\u00a0\u00a0\u00a0\u00a0\u00a0\u00a0\u00a0\u00a0\u00a0\u00a0\u00a0\u00a0\u00a0\u00a0\u00a0\u00a0\u00a0\u00a0\u00a0\u00a0\u00a0\u00a0\u00a0\u00a0\u00a0\u00a0\u00a0\u00a0\u00a0\u00a0\u00a0\u00a0\u00a0\u00a0\u00a0\u00a0\u00a0\u00a0\u00a0\u00a0\u00a0\u00a0\u00a0\u00a0\u00a0\u00a0\u00a0\u00a0\u00a0\u00a0\u00a0\u00a0\u00a0\u00a0\u00a0\u00a0\u00a0\u00a0\u00a0\u00a0\u00a0\u00a0\u00a0\u00a0\u00a0\u00a0\u00a0\u00a0\u00a0\u00a0\u00a0\u00a0\u00a0\u00a0\u00a0\u00a0\u00a0\u00a0\u00a0\u00a0\u00a0\u00a0\u00a0\u00a0\u00a0\u00a0\u00a0\u00a0\u00a0\u00a0\u00a0\u00a0\u00a0\u00a0\u00a0\u00a0\u00a0\u00a0\u00a0\u00a0\u00a0\u00a0 <\/strong><\/p>\n<p><strong>\u00a0<\/strong><\/p>\n<p>&nbsp;<\/p>\n<p><span style=\"color: #999999;\"><em>Noticia seleccionada por el Canal de arquitectura STEPIENYBARNO.\u00a0<\/em><\/span><\/p>\n<p><a href=\"https:\/\/twitter.com\/stepienybarno\">STEPIENYBARNO EN TWITTER _ @stepienybarno<\/a><\/p>\n<p><a href=\"http:\/\/www.linkedin.com\/company\/stepienybarno\"><em>STEPIENYBARNO EN LINKEDIN<\/em><\/a><\/p>\n<p><a href=\"https:\/\/www.facebook.com\/StepienybarnoCANAL\">STEPIENYBARNO EN FACEBOOK<\/a><\/p>\n<p><span style=\"color: #999999;\"><em>*Stepienybarno est\u00e1 formado por Agnieszka Stepien y Lorenzo Barn\u00f3 y desde mayo del 2009 estamos en la red con\u00a0 la presente publicaci\u00f3n digital (Blog) de arquitectura.<\/em><\/span><\/p>\n<p><span style=\"color: #999999;\"><em>Nuestra actividad se sustenta en tres pilares b\u00e1sicos: la investigaci\u00f3n, la publicaci\u00f3n (comunicaci\u00f3n y difusi\u00f3n) y la redacci\u00f3n de proyectos de arquitectura.<\/em><\/span><\/p>\n<p><span style=\"color: #999999;\"><em>A su vez, somos socios cofundadores de<\/em><em>\u00a0<\/em><\/span><a href=\"http:\/\/sinergiasostenible.org\/\">SINERGIA SOSTENIBLE<\/a><span style=\"color: #999999;\"><em>, redactores de<\/em><\/span><em>\u00a0<\/em><a href=\"http:\/\/www.laciudadviva.org\/blogs\/?author=45\">LA CIUDAD VIVA<\/a><em>\u00a0<\/em><span style=\"color: #999999;\"><em>y directores del blog de<\/em><\/span><em>\u00a0<\/em><a href=\"http:\/\/blogfundacion.arquia.es\/\">FUNDACI\u00d3N ARQUIA<\/a><span style=\"color: #999999;\"><em>.<\/em><\/span><\/p>\n<p><span style=\"color: #999999;\"><em>* Los editores de esta publicaci\u00f3n digital no nos hacemos cargo de de los comentarios y\u00a0 conceptos vertidos en los textos firmados por otras personas, siendo \u00e9stos de responsabilidad exclusiva de sus autores.<\/em><\/span><\/p>\n<p><span style=\"color: #999999;\"><em>* Tu comentario podr\u00e1 ser moderado, por lo tanto, aunque aparezca inmediatamente al ser publicado en la entrada, los editores de esta publicaci\u00f3n digital nos reservamos el derecho tanto de editarlo (si fuera necesario, para hacerlo m\u00e1s legible) como de eliminarlo en el caso de que se usen expresiones incorrectas (descalificaciones, palabras malsonantes\u2026). A su vez, si quieres comentar desde el anonimato puedes hacerlo, aunque, nosotros personalmente, agradecemos que tod@s nos podamos identificar.<\/em><\/span><\/p>\n","protected":false},"excerpt":{"rendered":"<p>Desde Ecosistema Urbano<\/p>\n","protected":false},"author":9,"featured_media":29457,"comment_status":"open","ping_status":"closed","sticky":false,"template":"","format":"standard","meta":{"om_disable_all_campaigns":false,"_monsterinsights_skip_tracking":false,"_monsterinsights_sitenote_active":false,"_monsterinsights_sitenote_note":"","_monsterinsights_sitenote_category":0,"_uf_show_specific_survey":0,"_uf_disable_surveys":false,"episode_type":"","audio_file":"","cover_image":"","cover_image_id":"","duration":"","filesize":"","date_recorded":"","explicit":"","block":"","filesize_raw":"","footnotes":""},"categories":[244],"tags":[269],"series":[],"class_list":["post-29456","post","type-post","status-publish","format-standard","has-post-thumbnail","hentry","category-canal-de-arquitectura","tag-ecosistema-urbano"],"aioseo_notices":[],"episode_featured_image":"https:\/\/stepienybarno.es\/blog\/wp-content\/uploads\/2017\/09\/stepienybarno-stepien-y-barno-arquitectura-ecosistema-urbano-participaci\u00f3n-infancia-toolkit.gif","episode_player_image":"https:\/\/stepienybarno.es\/blog\/wp-content\/uploads\/2020\/11\/stepienybarno-podcast-scaled.jpg","download_link":"","player_link":"","audio_player":false,"episode_data":{"playerMode":"dark","subscribeUrls":[],"rssFeedUrl":"https:\/\/stepienybarno.es\/blog\/feed\/podcast\/podcast-de-stepienybarno","embedCode":"<blockquote class=\"wp-embedded-content\" data-secret=\"JT7EHE6YS1\"><a href=\"https:\/\/stepienybarno.es\/blog\/2017\/09\/26\/kits-para-ninos-involucrando-a-la-ciudadania-mas-joven-en-el-planeamiento-participativo\/\">KITS PARA NI\u00d1OS: INVOLUCRANDO A LA CIUDADAN\u00cdA M\u00c1S JOVEN EN EL PLANEAMIENTO PARTICIPATIVO<\/a><\/blockquote><iframe sandbox=\"allow-scripts\" security=\"restricted\" src=\"https:\/\/stepienybarno.es\/blog\/2017\/09\/26\/kits-para-ninos-involucrando-a-la-ciudadania-mas-joven-en-el-planeamiento-participativo\/embed\/#?secret=JT7EHE6YS1\" width=\"500\" height=\"350\" title=\"\u00abKITS PARA NI\u00d1OS: INVOLUCRANDO A LA CIUDADAN\u00cdA M\u00c1S JOVEN EN EL PLANEAMIENTO PARTICIPATIVO\u00bb \u2014 Blog de STEPIEN Y BARNO - publicaci\u00f3n digital sobre arquitectura\" data-secret=\"JT7EHE6YS1\" frameborder=\"0\" marginwidth=\"0\" marginheight=\"0\" scrolling=\"no\" class=\"wp-embedded-content\"><\/iframe><script type=\"text\/javascript\">\n\/* <![CDATA[ *\/\n\/*! This file is auto-generated *\/\n!function(d,l){\"use strict\";l.querySelector&&d.addEventListener&&\"undefined\"!=typeof URL&&(d.wp=d.wp||{},d.wp.receiveEmbedMessage||(d.wp.receiveEmbedMessage=function(e){var t=e.data;if((t||t.secret||t.message||t.value)&&!\/[^a-zA-Z0-9]\/.test(t.secret)){for(var s,r,n,a=l.querySelectorAll('iframe[data-secret=\"'+t.secret+'\"]'),o=l.querySelectorAll('blockquote[data-secret=\"'+t.secret+'\"]'),c=new RegExp(\"^https?:$\",\"i\"),i=0;i<o.length;i++)o[i].style.display=\"none\";for(i=0;i<a.length;i++)s=a[i],e.source===s.contentWindow&&(s.removeAttribute(\"style\"),\"height\"===t.message?(1e3<(r=parseInt(t.value,10))?r=1e3:~~r<200&&(r=200),s.height=r):\"link\"===t.message&&(r=new URL(s.getAttribute(\"src\")),n=new URL(t.value),c.test(n.protocol))&&n.host===r.host&&l.activeElement===s&&(d.top.location.href=t.value))}},d.addEventListener(\"message\",d.wp.receiveEmbedMessage,!1),l.addEventListener(\"DOMContentLoaded\",function(){for(var e,t,s=l.querySelectorAll(\"iframe.wp-embedded-content\"),r=0;r<s.length;r++)(t=(e=s[r]).getAttribute(\"data-secret\"))||(t=Math.random().toString(36).substring(2,12),e.src+=\"#?secret=\"+t,e.setAttribute(\"data-secret\",t)),e.contentWindow.postMessage({message:\"ready\",secret:t},\"*\")},!1)))}(window,document);\n\/* ]]> *\/\n<\/script>\n"},"_links":{"self":[{"href":"https:\/\/stepienybarno.es\/blog\/wp-json\/wp\/v2\/posts\/29456"}],"collection":[{"href":"https:\/\/stepienybarno.es\/blog\/wp-json\/wp\/v2\/posts"}],"about":[{"href":"https:\/\/stepienybarno.es\/blog\/wp-json\/wp\/v2\/types\/post"}],"author":[{"embeddable":true,"href":"https:\/\/stepienybarno.es\/blog\/wp-json\/wp\/v2\/users\/9"}],"replies":[{"embeddable":true,"href":"https:\/\/stepienybarno.es\/blog\/wp-json\/wp\/v2\/comments?post=29456"}],"version-history":[{"count":3,"href":"https:\/\/stepienybarno.es\/blog\/wp-json\/wp\/v2\/posts\/29456\/revisions"}],"predecessor-version":[{"id":29460,"href":"https:\/\/stepienybarno.es\/blog\/wp-json\/wp\/v2\/posts\/29456\/revisions\/29460"}],"wp:featuredmedia":[{"embeddable":true,"href":"https:\/\/stepienybarno.es\/blog\/wp-json\/wp\/v2\/media\/29457"}],"wp:attachment":[{"href":"https:\/\/stepienybarno.es\/blog\/wp-json\/wp\/v2\/media?parent=29456"}],"wp:term":[{"taxonomy":"category","embeddable":true,"href":"https:\/\/stepienybarno.es\/blog\/wp-json\/wp\/v2\/categories?post=29456"},{"taxonomy":"post_tag","embeddable":true,"href":"https:\/\/stepienybarno.es\/blog\/wp-json\/wp\/v2\/tags?post=29456"},{"taxonomy":"series","embeddable":true,"href":"https:\/\/stepienybarno.es\/blog\/wp-json\/wp\/v2\/series?post=29456"}],"curies":[{"name":"wp","href":"https:\/\/api.w.org\/{rel}","templated":true}]}}