{"id":29475,"date":"2017-09-28T09:31:45","date_gmt":"2017-09-28T07:31:45","guid":{"rendered":"https:\/\/www.stepienybarno.es\/blog\/?p=29475"},"modified":"2017-09-28T09:31:45","modified_gmt":"2017-09-28T07:31:45","slug":"anidar-programa-nacional-de-arquitectura-y-ninez","status":"publish","type":"post","link":"https:\/\/stepienybarno.es\/blog\/2017\/09\/28\/anidar-programa-nacional-de-arquitectura-y-ninez\/","title":{"rendered":"ANIDAR: PROGRAMA NACIONAL DE ARQUITECTURA Y NI\u00d1EZ"},"content":{"rendered":"<p><img loading=\"lazy\" decoding=\"async\" class=\"aligncenter size-full wp-image-29476\" src=\"https:\/\/stepienybarno.es\/blog\/wp-content\/uploads\/2017\/09\/Stepienybarno-blog-stepien-y-barno-arquitectura-arqa-anidar-jorge-raedo.jpg\" alt=\"Stepienybarno-blog-stepien-y-barno-arquitectura-arqa-anidar-jorge-raedo\" width=\"500\" height=\"162\" srcset=\"https:\/\/stepienybarno.es\/blog\/wp-content\/uploads\/2017\/09\/Stepienybarno-blog-stepien-y-barno-arquitectura-arqa-anidar-jorge-raedo.jpg 500w, https:\/\/stepienybarno.es\/blog\/wp-content\/uploads\/2017\/09\/Stepienybarno-blog-stepien-y-barno-arquitectura-arqa-anidar-jorge-raedo-180x58.jpg 180w, https:\/\/stepienybarno.es\/blog\/wp-content\/uploads\/2017\/09\/Stepienybarno-blog-stepien-y-barno-arquitectura-arqa-anidar-jorge-raedo-316x102.jpg 316w\" sizes=\"(max-width: 500px) 100vw, 500px\" \/><\/p>\n<p style=\"text-align: justify;\"><strong>Desde <\/strong><strong><a href=\"http:\/\/arqa.com\/\" target=\"_blank\">Arqa<\/a><\/strong><\/p>\n<p style=\"text-align: justify;\"><!--more--><\/p>\n<p style=\"text-align: justify;\"><strong>\u201c<\/strong>ANIDAR, el Primer Programa Nacional de Educaci\u00f3n en Arquitectura y Ni\u00f1ez de Argentina, se realizar\u00e1 los d\u00edas 20 y 21 de Octubre en el Centro Cultural San Mart\u00edn de Buenos Aires.<\/p>\n<p style=\"text-align: justify;\"><strong>Concepto<\/strong><strong><br \/>\n<\/strong><br \/>\n<strong>Arquitectura y ni\u00f1ez: Construcci\u00f3n de la identidad colectiva<\/strong><strong><br \/>\n<\/strong><br \/>\nLas artes son lenguajes: la arquitectura, la m\u00fasica, la escultura, la pintura, la danza, el cine\u2026 Al igual que el ni\u00f1o aprende a escribir y leer textos, aprende a expresarse con m\u00fasica, bailando, pintando\u2026 Cada disciplina art\u00edstica comunica de manera distinta y todas se complementan. Con las artes el ni\u00f1o expresa sus pensamientos, emociones y sentimientos. S\u00f3lo cuando nos expresamos tejemos la ciudad que nos cobija y nos da identidad.<\/p>\n<p style=\"text-align: justify;\">Ense\u00f1ar el valor del paisaje, el territorio y la arquitectura de nuestros barrios y ciudades desde la geograf\u00eda, la historia o la biolog\u00eda, convierte a los ni\u00f1os en futuros ciudadanos cr\u00edticos, capaces de actuar con sus propios valores e intereses en pos de crear personas responsables y de estimular el compromiso solidario. El conocimiento de su territorio por parte de los ni\u00f1os se extender\u00e1 naturalmente a sus familias y vecinos desarrollando la identidad colectiva de las nuevas generaciones: desde la consciencia del presente se cultivan las actitudes cr\u00edticas y ambiciosas del futuro.<\/p>\n<p style=\"text-align: justify;\"><strong>La participaci\u00f3n ciudadana en el dise\u00f1o de la ciudad inclusiva<\/strong> (\u2026)\u201d<\/p>\n<p>&nbsp;<\/p>\n<p><em>\u00a0<\/em><\/p>\n<p style=\"text-align: center;\"><strong>Accede a la informaci\u00f3n, <a href=\"http:\/\/arqa.com\/agenda\/eventos\/anidar-programa-nacional-de-educacion-en-arquitectura-para-ninos.html\" target=\"_blank\">AQU\u00cd<\/a><\/strong><\/p>\n<p>&nbsp;<\/p>\n<p><strong>\u00a0<\/strong><\/p>\n<p><span style=\"color: #999999;\"><em>Noticia seleccionada por el Canal de arquitectura STEPIENYBARNO.\u00a0<\/em><\/span><\/p>\n<p><a href=\"https:\/\/twitter.com\/stepienybarno\"><em>STEPIENYBARNO EN TWITTER _ @stepienybarno<\/em><\/a><\/p>\n<p><a href=\"http:\/\/www.linkedin.com\/company\/stepienybarno\"><em>STEPIENYBARNO EN LINKEDIN<\/em><\/a><\/p>\n<p><a href=\"https:\/\/www.facebook.com\/StepienybarnoCANAL\"><em>STEPIENYBARNO EN FACEBOOK<\/em><\/a><\/p>\n<p><span style=\"color: #999999;\"><em>*Stepienybarno est\u00e1 formado por Agnieszka Stepien y Lorenzo Barn\u00f3 y desde mayo del 2009 estamos en la red con la presente publicaci\u00f3n digital (Blog) de arquitectura.<\/em><\/span><\/p>\n<p><span style=\"color: #999999;\"><em>Nuestra actividad se sustenta en tres pilares b\u00e1sicos: la investigaci\u00f3n, la publicaci\u00f3n (comunicaci\u00f3n y difusi\u00f3n) y la redacci\u00f3n de proyectos de arquitectura.<\/em><\/span><\/p>\n<p><span style=\"color: #999999;\"><em>A su vez, somos socios cofundadores de<\/em><\/span><em>\u00a0<\/em><a href=\"http:\/\/sinergiasostenible.org\/\"><em>SINERGIA SOSTENIBLE<\/em><\/a><span style=\"color: #999999;\"><em>,<\/em><em>\u00a0<\/em><em>redactores de<\/em><\/span><em>\u00a0<\/em><a href=\"http:\/\/www.laciudadviva.org\/blogs\/?author=45\"><em>LA CIUDAD VIVA<\/em><\/a><em>\u00a0<\/em><span style=\"color: #999999;\"><em>y directores del blog de<\/em><em>\u00a0<\/em><\/span><a href=\"http:\/\/blogfundacion.arquia.es\/\"><em>FUNDACI\u00d3N ARQUIA<\/em><\/a><span style=\"color: #999999;\"><em>.<\/em><\/span><\/p>\n<p><span style=\"color: #999999;\"><em>* Los editores de esta publicaci\u00f3n digital no nos hacemos cargo de de los comentarios y\u00a0conceptos vertidos en los textos firmados por otras personas, siendo \u00e9stos de responsabilidad exclusiva de sus autores.<\/em><\/span><\/p>\n<p><span style=\"color: #999999;\"><em>* Tu comentario podr\u00e1 ser moderado, por lo tanto, aunque aparezca inmediatamente al ser publicado en la entrada, los editores de esta publicaci\u00f3n digital nos reservamos el derecho tanto de editarlo (si fuera necesario, para hacerlo m\u00e1s legible) como de eliminarlo en el caso de que se usen expresiones incorrectas (descalificaciones, palabras malsonantes\u2026). A su vez, si quieres comentar desde el anonimato puedes hacerlo, aunque, nosotros personalmente, agradecemos que tod@s nos podamos identificar.<\/em><\/span><\/p>\n","protected":false},"excerpt":{"rendered":"<p>Desde Arqa<\/p>\n","protected":false},"author":9,"featured_media":29476,"comment_status":"open","ping_status":"closed","sticky":false,"template":"","format":"standard","meta":{"om_disable_all_campaigns":false,"_monsterinsights_skip_tracking":false,"_monsterinsights_sitenote_active":false,"_monsterinsights_sitenote_note":"","_monsterinsights_sitenote_category":0,"_uf_show_specific_survey":0,"_uf_disable_surveys":false,"episode_type":"","audio_file":"","cover_image":"","cover_image_id":"","duration":"","filesize":"","date_recorded":"","explicit":"","block":"","filesize_raw":"","footnotes":""},"categories":[244],"tags":[5740,3753,5741],"series":[],"class_list":["post-29475","post","type-post","status-publish","format-standard","has-post-thumbnail","hentry","category-canal-de-arquitectura","tag-anidar","tag-arqa","tag-jorge"],"aioseo_notices":[],"episode_featured_image":"https:\/\/stepienybarno.es\/blog\/wp-content\/uploads\/2017\/09\/Stepienybarno-blog-stepien-y-barno-arquitectura-arqa-anidar-jorge-raedo.jpg","episode_player_image":"https:\/\/stepienybarno.es\/blog\/wp-content\/uploads\/2020\/11\/stepienybarno-podcast-scaled.jpg","download_link":"","player_link":"","audio_player":false,"episode_data":{"playerMode":"dark","subscribeUrls":[],"rssFeedUrl":"https:\/\/stepienybarno.es\/blog\/feed\/podcast\/podcast-de-stepienybarno","embedCode":"<blockquote class=\"wp-embedded-content\" data-secret=\"sm5HAvmOHF\"><a href=\"https:\/\/stepienybarno.es\/blog\/2017\/09\/28\/anidar-programa-nacional-de-arquitectura-y-ninez\/\">ANIDAR: PROGRAMA NACIONAL DE ARQUITECTURA Y NI\u00d1EZ<\/a><\/blockquote><iframe sandbox=\"allow-scripts\" security=\"restricted\" src=\"https:\/\/stepienybarno.es\/blog\/2017\/09\/28\/anidar-programa-nacional-de-arquitectura-y-ninez\/embed\/#?secret=sm5HAvmOHF\" width=\"500\" height=\"350\" title=\"\u00abANIDAR: PROGRAMA NACIONAL DE ARQUITECTURA Y NI\u00d1EZ\u00bb \u2014 Blog de STEPIEN Y BARNO - publicaci\u00f3n digital sobre arquitectura\" data-secret=\"sm5HAvmOHF\" frameborder=\"0\" marginwidth=\"0\" marginheight=\"0\" scrolling=\"no\" class=\"wp-embedded-content\"><\/iframe><script type=\"text\/javascript\">\n\/* <![CDATA[ *\/\n\/*! This file is auto-generated *\/\n!function(d,l){\"use strict\";l.querySelector&&d.addEventListener&&\"undefined\"!=typeof URL&&(d.wp=d.wp||{},d.wp.receiveEmbedMessage||(d.wp.receiveEmbedMessage=function(e){var t=e.data;if((t||t.secret||t.message||t.value)&&!\/[^a-zA-Z0-9]\/.test(t.secret)){for(var s,r,n,a=l.querySelectorAll('iframe[data-secret=\"'+t.secret+'\"]'),o=l.querySelectorAll('blockquote[data-secret=\"'+t.secret+'\"]'),c=new RegExp(\"^https?:$\",\"i\"),i=0;i<o.length;i++)o[i].style.display=\"none\";for(i=0;i<a.length;i++)s=a[i],e.source===s.contentWindow&&(s.removeAttribute(\"style\"),\"height\"===t.message?(1e3<(r=parseInt(t.value,10))?r=1e3:~~r<200&&(r=200),s.height=r):\"link\"===t.message&&(r=new URL(s.getAttribute(\"src\")),n=new URL(t.value),c.test(n.protocol))&&n.host===r.host&&l.activeElement===s&&(d.top.location.href=t.value))}},d.addEventListener(\"message\",d.wp.receiveEmbedMessage,!1),l.addEventListener(\"DOMContentLoaded\",function(){for(var e,t,s=l.querySelectorAll(\"iframe.wp-embedded-content\"),r=0;r<s.length;r++)(t=(e=s[r]).getAttribute(\"data-secret\"))||(t=Math.random().toString(36).substring(2,12),e.src+=\"#?secret=\"+t,e.setAttribute(\"data-secret\",t)),e.contentWindow.postMessage({message:\"ready\",secret:t},\"*\")},!1)))}(window,document);\n\/* ]]> *\/\n<\/script>\n"},"_links":{"self":[{"href":"https:\/\/stepienybarno.es\/blog\/wp-json\/wp\/v2\/posts\/29475"}],"collection":[{"href":"https:\/\/stepienybarno.es\/blog\/wp-json\/wp\/v2\/posts"}],"about":[{"href":"https:\/\/stepienybarno.es\/blog\/wp-json\/wp\/v2\/types\/post"}],"author":[{"embeddable":true,"href":"https:\/\/stepienybarno.es\/blog\/wp-json\/wp\/v2\/users\/9"}],"replies":[{"embeddable":true,"href":"https:\/\/stepienybarno.es\/blog\/wp-json\/wp\/v2\/comments?post=29475"}],"version-history":[{"count":1,"href":"https:\/\/stepienybarno.es\/blog\/wp-json\/wp\/v2\/posts\/29475\/revisions"}],"predecessor-version":[{"id":29477,"href":"https:\/\/stepienybarno.es\/blog\/wp-json\/wp\/v2\/posts\/29475\/revisions\/29477"}],"wp:featuredmedia":[{"embeddable":true,"href":"https:\/\/stepienybarno.es\/blog\/wp-json\/wp\/v2\/media\/29476"}],"wp:attachment":[{"href":"https:\/\/stepienybarno.es\/blog\/wp-json\/wp\/v2\/media?parent=29475"}],"wp:term":[{"taxonomy":"category","embeddable":true,"href":"https:\/\/stepienybarno.es\/blog\/wp-json\/wp\/v2\/categories?post=29475"},{"taxonomy":"post_tag","embeddable":true,"href":"https:\/\/stepienybarno.es\/blog\/wp-json\/wp\/v2\/tags?post=29475"},{"taxonomy":"series","embeddable":true,"href":"https:\/\/stepienybarno.es\/blog\/wp-json\/wp\/v2\/series?post=29475"}],"curies":[{"name":"wp","href":"https:\/\/api.w.org\/{rel}","templated":true}]}}