{"id":29488,"date":"2017-09-29T09:45:05","date_gmt":"2017-09-29T07:45:05","guid":{"rendered":"https:\/\/www.stepienybarno.es\/blog\/?p=29488"},"modified":"2017-09-29T09:45:05","modified_gmt":"2017-09-29T07:45:05","slug":"viajar-en-autocaravana-ejemplos-reales-de-casas-viajeras-y-como-adaptar-la-tuya-propia","status":"publish","type":"post","link":"https:\/\/stepienybarno.es\/blog\/2017\/09\/29\/viajar-en-autocaravana-ejemplos-reales-de-casas-viajeras-y-como-adaptar-la-tuya-propia\/","title":{"rendered":"VIAJAR EN AUTOCARAVANA: EJEMPLOS REALES DE CASAS VIAJERAS Y C\u00d3MO ADAPTAR LA TUYA PROPIA"},"content":{"rendered":"<p><img loading=\"lazy\" decoding=\"async\" class=\"aligncenter size-full wp-image-29489\" src=\"https:\/\/stepienybarno.es\/blog\/wp-content\/uploads\/2017\/09\/Stepienybarno-blog-stepien-y-barno-arquitectura-inteligencia-viajera-igma-pacheco-rivas-about-haus.jpg\" alt=\"Stepienybarno-blog-stepien-y-barno-arquitectura-inteligencia-viajera-igma-pacheco-rivas-about-haus\" width=\"500\" height=\"328\" srcset=\"https:\/\/stepienybarno.es\/blog\/wp-content\/uploads\/2017\/09\/Stepienybarno-blog-stepien-y-barno-arquitectura-inteligencia-viajera-igma-pacheco-rivas-about-haus.jpg 500w, https:\/\/stepienybarno.es\/blog\/wp-content\/uploads\/2017\/09\/Stepienybarno-blog-stepien-y-barno-arquitectura-inteligencia-viajera-igma-pacheco-rivas-about-haus-180x118.jpg 180w, https:\/\/stepienybarno.es\/blog\/wp-content\/uploads\/2017\/09\/Stepienybarno-blog-stepien-y-barno-arquitectura-inteligencia-viajera-igma-pacheco-rivas-about-haus-316x207.jpg 316w\" sizes=\"(max-width: 500px) 100vw, 500px\" \/><\/p>\n<p>Por <strong><a href=\"https:\/\/twitter.com\/about_haus\" target=\"_blank\">Igma Pacheco Rivas<\/a><\/strong><\/p>\n<p><strong>Desde <\/strong><strong><a href=\"https:\/\/inteligenciaviajera.com\/\" target=\"_blank\">Inteligencia Viajera<\/a><\/strong><\/p>\n<p><!--more--><\/p>\n<p style=\"text-align: justify;\">\u201cViajar en autocaravana: Ejemplos reales de casas viajeras y c\u00f3mo adaptar la tuya propia<\/p>\n<p style=\"text-align: justify;\">\u00bfQui\u00e9n no ha imaginado viajar con su camioneta adaptada a medida?<\/p>\n<p style=\"text-align: justify;\">\u00a1La cocina, la cama, los libros, el ba\u00f1o y el perro! Parar cuando quieras y partir cuando te den ganas\u2026<\/p>\n<p style=\"text-align: justify;\">\u00bfQui\u00e9n no imagin\u00f3 de ni\u00f1o aquel d\u00eda cuando fu\u00e9semos \u201cm\u00e1s grandes\u201d y pudi\u00e9ramos andar solos en una bicicleta?<\/p>\n<p style=\"text-align: justify;\">De chiquitos tenemos un af\u00e1n interior por\u00a0querer movernos, montarnos sobre algo que nos mueva, cerrar los ojos y sentir el viento golpear nuestra cara.<\/p>\n<p style=\"text-align: justify;\">Hasta el d\u00eda de hoy mi medio de transporte preferido\u00a0ha sido la bicicleta.<\/p>\n<p style=\"text-align: justify;\">Aprender a montarla y las posteriores aventuras con ella y mis\u00a0amigos es de las cosas que m\u00e1s recuerdo de mi infancia en el Desierto de Atacama.<\/p>\n<p style=\"text-align: justify;\">De grande me fui montado en muchas otras cosas, y viaj\u00e9, y me fui dando cuenta de que cada medio de transporte -cada objeto-\u00a0influye f\u00edsica y emocionalmente nuestro viaje.<\/p>\n<p style=\"text-align: justify;\">Seguro tiene que ver con la velocidad a la que\u00a0nos movemos, la postura corporal y las\u00a0distintas posibilidades de percibir el paisaje.<\/p>\n<p style=\"text-align: justify;\">Por ejemplo, a mi\u00a0encanta la velocidad cuando viajo en tren y siempre elijo sentarme en los asientos que miran en la direcci\u00f3n opuesta\u00a0a mi destino (\u2026)\u201d<\/p>\n<p>&nbsp;<\/p>\n<p><em>\u00a0<\/em><\/p>\n<p style=\"text-align: center;\"><strong>Accede al art\u00edculo, <a href=\"https:\/\/inteligenciaviajera.com\/viajar-en-autocaravana-casas-viajeras\/\" target=\"_blank\">AQU\u00cd<\/a><\/strong><\/p>\n<p>&nbsp;<\/p>\n<p style=\"text-align: justify;\"><strong>\u00a0<\/strong><\/p>\n<p style=\"text-align: justify;\"><span style=\"color: #999999;\"><em>Noticia seleccionada por el Canal de arquitectura STEPIENYBARNO.\u00a0<\/em><\/span><\/p>\n<p style=\"text-align: justify;\"><a href=\"https:\/\/twitter.com\/stepienybarno\"><em>STEPIENYBARNO EN TWITTER _ @stepienybarno<\/em><\/a><\/p>\n<p style=\"text-align: justify;\"><a href=\"http:\/\/www.linkedin.com\/company\/stepienybarno\"><em>STEPIENYBARNO EN LINKEDIN<\/em><\/a><\/p>\n<p style=\"text-align: justify;\"><a href=\"https:\/\/www.facebook.com\/StepienybarnoCANAL\"><em>STEPIENYBARNO EN FACEBOOK<\/em><\/a><\/p>\n<p style=\"text-align: justify;\"><span style=\"color: #999999;\"><em>*Stepienybarno est\u00e1 formado por Agnieszka Stepien y Lorenzo Barn\u00f3 y desde mayo del 2009 estamos en la red con la presente publicaci\u00f3n digital (Blog) de arquitectura.<\/em><\/span><\/p>\n<p style=\"text-align: justify;\"><span style=\"color: #999999;\"><em>Nuestra actividad se sustenta en tres pilares b\u00e1sicos: la investigaci\u00f3n, la publicaci\u00f3n (comunicaci\u00f3n y difusi\u00f3n) y la redacci\u00f3n de proyectos de arquitectura.<\/em><\/span><\/p>\n<p style=\"text-align: justify;\"><span style=\"color: #999999;\"><em>A su vez, somos socios cofundadores de<\/em><\/span><em>\u00a0<\/em><a href=\"http:\/\/sinergiasostenible.org\/\"><em>SINERGIA SOSTENIBLE<\/em><\/a><span style=\"color: #999999;\"><em>,<\/em><em>\u00a0<\/em><em>redactores de<\/em><em>\u00a0<\/em><\/span><a href=\"http:\/\/www.laciudadviva.org\/blogs\/?author=45\"><em>LA CIUDAD VIVA<\/em><\/a><em>\u00a0<\/em><span style=\"color: #999999;\"><em>y directores del blog de<\/em><\/span><em>\u00a0<\/em><a href=\"http:\/\/blogfundacion.arquia.es\/\"><em>FUNDACI\u00d3N ARQUIA<\/em><\/a><span style=\"color: #999999;\"><em>.<\/em><\/span><\/p>\n<p style=\"text-align: justify;\"><span style=\"color: #999999;\"><em>* Los editores de esta publicaci\u00f3n digital no nos hacemos cargo de de los comentarios y\u00a0conceptos vertidos en los textos firmados por otras personas, siendo \u00e9stos de responsabilidad exclusiva de sus autores.<\/em><\/span><\/p>\n<p style=\"text-align: justify;\"><span style=\"color: #999999;\"><em>* Tu comentario podr\u00e1 ser moderado, por lo tanto, aunque aparezca inmediatamente al ser publicado en la entrada, los editores de esta publicaci\u00f3n digital nos reservamos el derecho tanto de editarlo (si fuera necesario, para hacerlo m\u00e1s legible) como de eliminarlo en el caso de que se usen expresiones incorrectas (descalificaciones, palabras malsonantes\u2026). A su vez, si quieres comentar desde el anonimato puedes hacerlo, aunque, nosotros personalmente, agradecemos que tod@s nos podamos identificar.<\/em><\/span><\/p>\n","protected":false},"excerpt":{"rendered":"<p>Por Igma Pacheco Rivas Desde Inteligencia Viajera<\/p>\n","protected":false},"author":9,"featured_media":29489,"comment_status":"open","ping_status":"closed","sticky":false,"template":"","format":"standard","meta":{"om_disable_all_campaigns":false,"_monsterinsights_skip_tracking":false,"_monsterinsights_sitenote_active":false,"_monsterinsights_sitenote_note":"","_monsterinsights_sitenote_category":0,"_uf_show_specific_survey":0,"_uf_disable_surveys":false,"episode_type":"","audio_file":"","cover_image":"","cover_image_id":"","duration":"","filesize":"","date_recorded":"","explicit":"","block":"","filesize_raw":"","footnotes":""},"categories":[244],"tags":[4471,4472,5744],"series":[],"class_list":["post-29488","post","type-post","status-publish","format-standard","has-post-thumbnail","hentry","category-canal-de-arquitectura","tag-about-haus","tag-igma-pacheco-rivas","tag-inteligencia-viajera"],"aioseo_notices":[],"episode_featured_image":"https:\/\/stepienybarno.es\/blog\/wp-content\/uploads\/2017\/09\/Stepienybarno-blog-stepien-y-barno-arquitectura-inteligencia-viajera-igma-pacheco-rivas-about-haus.jpg","episode_player_image":"https:\/\/stepienybarno.es\/blog\/wp-content\/uploads\/2020\/11\/stepienybarno-podcast-scaled.jpg","download_link":"","player_link":"","audio_player":false,"episode_data":{"playerMode":"dark","subscribeUrls":[],"rssFeedUrl":"https:\/\/stepienybarno.es\/blog\/feed\/podcast\/podcast-de-stepienybarno","embedCode":"<blockquote class=\"wp-embedded-content\" data-secret=\"bA1djZTpFP\"><a href=\"https:\/\/stepienybarno.es\/blog\/2017\/09\/29\/viajar-en-autocaravana-ejemplos-reales-de-casas-viajeras-y-como-adaptar-la-tuya-propia\/\">VIAJAR EN AUTOCARAVANA: EJEMPLOS REALES DE CASAS VIAJERAS Y C\u00d3MO ADAPTAR LA TUYA PROPIA<\/a><\/blockquote><iframe sandbox=\"allow-scripts\" security=\"restricted\" src=\"https:\/\/stepienybarno.es\/blog\/2017\/09\/29\/viajar-en-autocaravana-ejemplos-reales-de-casas-viajeras-y-como-adaptar-la-tuya-propia\/embed\/#?secret=bA1djZTpFP\" width=\"500\" height=\"350\" title=\"\u00abVIAJAR EN AUTOCARAVANA: EJEMPLOS REALES DE CASAS VIAJERAS Y C\u00d3MO ADAPTAR LA TUYA PROPIA\u00bb \u2014 Blog de STEPIEN Y BARNO - publicaci\u00f3n digital sobre arquitectura\" data-secret=\"bA1djZTpFP\" frameborder=\"0\" marginwidth=\"0\" marginheight=\"0\" scrolling=\"no\" class=\"wp-embedded-content\"><\/iframe><script type=\"text\/javascript\">\n\/* <![CDATA[ *\/\n\/*! This file is auto-generated *\/\n!function(d,l){\"use strict\";l.querySelector&&d.addEventListener&&\"undefined\"!=typeof URL&&(d.wp=d.wp||{},d.wp.receiveEmbedMessage||(d.wp.receiveEmbedMessage=function(e){var t=e.data;if((t||t.secret||t.message||t.value)&&!\/[^a-zA-Z0-9]\/.test(t.secret)){for(var s,r,n,a=l.querySelectorAll('iframe[data-secret=\"'+t.secret+'\"]'),o=l.querySelectorAll('blockquote[data-secret=\"'+t.secret+'\"]'),c=new RegExp(\"^https?:$\",\"i\"),i=0;i<o.length;i++)o[i].style.display=\"none\";for(i=0;i<a.length;i++)s=a[i],e.source===s.contentWindow&&(s.removeAttribute(\"style\"),\"height\"===t.message?(1e3<(r=parseInt(t.value,10))?r=1e3:~~r<200&&(r=200),s.height=r):\"link\"===t.message&&(r=new URL(s.getAttribute(\"src\")),n=new URL(t.value),c.test(n.protocol))&&n.host===r.host&&l.activeElement===s&&(d.top.location.href=t.value))}},d.addEventListener(\"message\",d.wp.receiveEmbedMessage,!1),l.addEventListener(\"DOMContentLoaded\",function(){for(var e,t,s=l.querySelectorAll(\"iframe.wp-embedded-content\"),r=0;r<s.length;r++)(t=(e=s[r]).getAttribute(\"data-secret\"))||(t=Math.random().toString(36).substring(2,12),e.src+=\"#?secret=\"+t,e.setAttribute(\"data-secret\",t)),e.contentWindow.postMessage({message:\"ready\",secret:t},\"*\")},!1)))}(window,document);\n\/* ]]> *\/\n<\/script>\n"},"_links":{"self":[{"href":"https:\/\/stepienybarno.es\/blog\/wp-json\/wp\/v2\/posts\/29488"}],"collection":[{"href":"https:\/\/stepienybarno.es\/blog\/wp-json\/wp\/v2\/posts"}],"about":[{"href":"https:\/\/stepienybarno.es\/blog\/wp-json\/wp\/v2\/types\/post"}],"author":[{"embeddable":true,"href":"https:\/\/stepienybarno.es\/blog\/wp-json\/wp\/v2\/users\/9"}],"replies":[{"embeddable":true,"href":"https:\/\/stepienybarno.es\/blog\/wp-json\/wp\/v2\/comments?post=29488"}],"version-history":[{"count":1,"href":"https:\/\/stepienybarno.es\/blog\/wp-json\/wp\/v2\/posts\/29488\/revisions"}],"predecessor-version":[{"id":29490,"href":"https:\/\/stepienybarno.es\/blog\/wp-json\/wp\/v2\/posts\/29488\/revisions\/29490"}],"wp:featuredmedia":[{"embeddable":true,"href":"https:\/\/stepienybarno.es\/blog\/wp-json\/wp\/v2\/media\/29489"}],"wp:attachment":[{"href":"https:\/\/stepienybarno.es\/blog\/wp-json\/wp\/v2\/media?parent=29488"}],"wp:term":[{"taxonomy":"category","embeddable":true,"href":"https:\/\/stepienybarno.es\/blog\/wp-json\/wp\/v2\/categories?post=29488"},{"taxonomy":"post_tag","embeddable":true,"href":"https:\/\/stepienybarno.es\/blog\/wp-json\/wp\/v2\/tags?post=29488"},{"taxonomy":"series","embeddable":true,"href":"https:\/\/stepienybarno.es\/blog\/wp-json\/wp\/v2\/series?post=29488"}],"curies":[{"name":"wp","href":"https:\/\/api.w.org\/{rel}","templated":true}]}}