{"id":29588,"date":"2017-10-11T09:41:29","date_gmt":"2017-10-11T07:41:29","guid":{"rendered":"https:\/\/www.stepienybarno.es\/blog\/?p=29588"},"modified":"2020-04-14T11:16:26","modified_gmt":"2020-04-14T09:16:26","slug":"entrevistas-a-stepienybarno","status":"publish","type":"post","link":"https:\/\/stepienybarno.es\/blog\/2017\/10\/11\/entrevistas-a-stepienybarno\/","title":{"rendered":"ENTREVISTAS A STEPIENYBARNO"},"content":{"rendered":"<p style=\"text-align: center;\"><img loading=\"lazy\" decoding=\"async\" class=\"alignnone size-full wp-image-29593\" src=\"https:\/\/stepienybarno.es\/blog\/wp-content\/uploads\/2017\/10\/0.-STEPIENYBARNO-ME-IMPORTAS-TU-STEPIEN-BARNO-NAVARRA-TV-NAVARRATV-.jpg\" alt=\"0. STEPIENYBARNO-ME-IMPORTAS-TU-STEPIEN-BARNO-NAVARRA-TV-NAVARRATV\" width=\"600\" height=\"450\" srcset=\"https:\/\/stepienybarno.es\/blog\/wp-content\/uploads\/2017\/10\/0.-STEPIENYBARNO-ME-IMPORTAS-TU-STEPIEN-BARNO-NAVARRA-TV-NAVARRATV-.jpg 600w, https:\/\/stepienybarno.es\/blog\/wp-content\/uploads\/2017\/10\/0.-STEPIENYBARNO-ME-IMPORTAS-TU-STEPIEN-BARNO-NAVARRA-TV-NAVARRATV--180x135.jpg 180w, https:\/\/stepienybarno.es\/blog\/wp-content\/uploads\/2017\/10\/0.-STEPIENYBARNO-ME-IMPORTAS-TU-STEPIEN-BARNO-NAVARRA-TV-NAVARRATV--550x413.jpg 550w, https:\/\/stepienybarno.es\/blog\/wp-content\/uploads\/2017\/10\/0.-STEPIENYBARNO-ME-IMPORTAS-TU-STEPIEN-BARNO-NAVARRA-TV-NAVARRATV--316x237.jpg 316w\" sizes=\"(max-width: 600px) 100vw, 600px\" \/><\/p>\n<p>Muchas veces nos pregunt\u00e1is sobre los comienzos del blog, sobre c\u00f3mo tener una buena Identidad Digital siendo arquitect@s \u00a0o en qu\u00e9 medida un blog de arquitectura puede ser \u201crentable\u201d.<\/p>\n<p>Todo eso y mucho m\u00e1s lo hemos ido contando en diferentes entrevistas que amablemente nos han ido haciendo en estos a\u00f1os.<\/p>\n<p>Si te apetece saber un poco m\u00e1s sobre nosotros, te animamos a seguir leyendo.<\/p>\n<p><!--more--><\/p>\n<p style=\"text-align: center;\"><span style=\"color: #808080;\">&#8230;&#8230;&#8230;&#8230;&#8230;&#8230;&#8230;&#8230;&#8230;&#8230;&#8230;&#8230;&#8230;&#8230;.<\/span><\/p>\n<p>Entrevista a StepienyBarno<\/p>\n<h5>En Navarra TV<\/h5>\n<p><strong><span style=\"color: #0000ff;\"><a style=\"color: #0000ff;\" href=\"https:\/\/www.youtube.com\/watch?v=ME3X9vrjjnA\" target=\"_blank\" rel=\"noopener noreferrer\">Acceder<\/a><\/span><\/strong><\/p>\n<p>A partir del minuto: 23.30<\/p>\n<p>&nbsp;<\/p>\n<p class=\"blog\">Entrevista a StepienyBarno<\/p>\n<h5 class=\"blog\">En el programa H\u00e1bitat de RTVE<\/h5>\n<p class=\"blog\"><strong><span style=\"color: #0000ff;\"><a style=\"color: #0000ff;\" href=\"https:\/\/stepienybarno.es\/blog\/2016\/09\/27\/entrevista-a-stepienybarno-en-el-programa-habitat-de-rtve\/\" target=\"_blank\" rel=\"noopener noreferrer\">Acceder<\/a><\/span><\/strong><\/p>\n<p>&nbsp;<\/p>\n<p>Entrevista a StepienyBarno<\/p>\n<p>En Onda Cero<\/p>\n<p>\u201cJulia en la Onda\u201d _ con Julia Otero<\/p>\n<p><span style=\"color: #0000ff;\"><strong><a style=\"color: #0000ff;\" href=\"https:\/\/stepienybarno.es\/blog\/2012\/01\/12\/en-julia-en-la-onda-debate-sobre-el-estado-de-la-profesion-de-arquitecto\/\" target=\"_blank\" rel=\"noopener noreferrer\">Acceder<\/a><\/strong><\/span><\/p>\n<p>&nbsp;<\/p>\n<p>Entrevista a StepienyBarno<\/p>\n<h5>En Construmat<\/h5>\n<p>\u201c(\u2026) La verdad es que son varios frentes abiertos; pero, como se puede apreciar, todos apuntan en la misma direcci\u00f3n. Como ves \u00a1esto es un no parar! pero, tambi\u00e9n cierto que, desde hace un tiempo ya no hacemos todo nosotros y tenemos un buen equipo que nos ayuda a que todo vaya viento en popa. Adem\u00e1s, seguimos viviendo en Estella, despu\u00e9s de 13 a\u00f1os, y no queremos perder esa tranquilidad con la que comenz\u00e1bamos nuestra andadura profesional.\u201d<\/p>\n<p><span style=\"color: #0000ff;\"><strong><a style=\"color: #0000ff;\" href=\"http:\/\/www.construmat.com\/news-register\/-\/noticias\/detalle\/9051621\/-en-estos-tiempos-es-mas-importante-la-actitud-que-la-propia-aptitud-\" target=\"_blank\" rel=\"noopener noreferrer\">Acceder<\/a><\/strong><\/span><\/p>\n<p>&nbsp;<\/p>\n<p>Entrevista a StepienyBarno<\/p>\n<h5>En Arquiparados<\/h5>\n<p>\u201c(\u2026) dentro de nuestro mundo arquitect\u00f3nico cuesta encontrar ejemplos de arquitectos j\u00f3venes o que est\u00e9n en la carrera que tengan buena presencia en la red.\u00a0<a href=\"http:\/\/pedacicosarquitectonicos.com\/\">Pedacicos arquitect\u00f3nicos<\/a>\u00a0o la jovenc\u00edsima revista\u00a0<a href=\"http:\/\/theaaaamagazine.com\/\">AAAA Magazine<\/a>\u00a0son dos buenas ruedas a seguir.<br \/>\nLa realidad es que las\u00a0Universidades, salvo excepciones como la\u00a0<a href=\"http:\/\/www.arquitecturaurjc.es\/\">Rey Juan Carlos<\/a>, siguen formando arquitectos como si alg\u00fan d\u00eda todo fuera a ser como antes.\u00a0Son dinosaurios lentos, con una capacidad de gesti\u00f3n complicada, que hace que, aunque quieran, no se puedan adaptar a la situaci\u00f3n actual. Todo esto es una tragedia y una falta de respeto enorme para sus alumnos que, en general, no reciben la mejor educaci\u00f3n posible.\u201d<\/p>\n<p><span style=\"color: #0000ff;\"><strong><a style=\"color: #0000ff;\" href=\"https:\/\/www.arquiparados.com\/t580-entrevista-a-stepien-y-barno\" target=\"_blank\" rel=\"noopener noreferrer\">Acceder<\/a><\/strong><\/span><\/p>\n<p>&nbsp;<\/p>\n<p>Entrevista a StepienyBarno<\/p>\n<h5>En Diario de una arquitecta<\/h5>\n<p>Por\u00a0<a href=\"https:\/\/www.diariodeunaarquitecta.com\/author\/admin\/\">Elena de Frutos<\/a><\/p>\n<p>\u201c(\u2026) La principal evoluci\u00f3n ha sido que el blog ha pasado de ser un lugar en el que solo\u00a0compartimos lo que cre\u00edamos interesante, a ser un lugar que, sin perder el esp\u00edritu original, se\u00a0ha convertido en uno de los tres pilares que sustentan nuestra actividad profesional.<\/p>\n<p>Los otros dos pilares, son lo que llamamos las tres Cs (cursos, comisariado y conferencias) y el\u00a0trabajo de Identidad Digital para arquitectos e instituciones del mundillo arquitect\u00f3nico.\u201d<\/p>\n<p><span style=\"color: #0000ff;\"><strong><a style=\"color: #0000ff;\" href=\"https:\/\/www.diariodeunaarquitecta.com\/entrevista-stepienybarno\/\" target=\"_blank\" rel=\"noopener noreferrer\">Acceder<\/a><\/strong><\/span><\/p>\n<p>&nbsp;<\/p>\n<p>Entrevista a StepienyBarno<\/p>\n<p>En Veredes.<\/p>\n<p>\u201c(\u2026) Lo bueno de nuestra historia es que no hemos trazado objetivos previos, sino que hemos ido\u00a0confiando en la vida.\u00a0El destino sabe muchas veces lo que nos conviene mucho mejor que nosotros mismos y las circunstancias han sido propicias para que hayamos acabado desempe\u00f1ando este trabajo. Lo bueno es que, hace cuatro a\u00f1os, no nos pod\u00edamos ni imaginar que nuestros derroteros profesionales iban a ir por aqu\u00ed y, sin embargo, hoy no quisi\u00e9ramos que hubieran ido por otro sitio.<\/p>\n<p>\u00bfFuturo? Probamente s\u00ed; ahora mismo, ya tenemos casi tantos clientes como podemos atender y todav\u00eda\u00a0no hemos usado la viabilidad que el propio blog\u00a0tiene a la hora de llegar a muchos arquitectos. Con m\u00e1s de\u00a0 30.000 visitas al mes y con un 90% de arquitectos entre nuestros lectores, lo normal es que nuestra actividad sigua adelante y podamos crecer con comodidad.<\/p>\n<p>Eso s\u00ed, lo mismo que tampoco hemos buscado especialmente lo que ahora hacemos, nos dejamos las puertas abiertas\u00a0para que dentro de tres o cuatro a\u00f1os estemos metidos en otras historias. Somos\u00a0culos inquietos\u00a0por naturaleza.\u201d<\/p>\n<p><span style=\"color: #0000ff;\"><strong><a style=\"color: #0000ff;\" href=\"https:\/\/veredes.es\/blog\/stepienybarno-%C2%B7-identidad-digital\/\" target=\"_blank\" rel=\"noopener noreferrer\">Acceder<\/a><\/strong><\/span><\/p>\n<p>&nbsp;<\/p>\n<p>Entrevista a StepienyBarno<\/p>\n<h5>En sf23arquitectos<\/h5>\n<p>\u201c(\u2026) \u00bfQu\u00e9 podemos aprender de su blog?<br \/>\nEn nuestro blog, intentamos plasmar lo que no vas interesando en cada momento y luego estamos atentos para ver qu\u00e9 es lo que m\u00e1s interesa a nuestros lectores. Ahora mismo, quiz\u00e1s haya tres temas principales:<br \/>\n1_Una recopilaci\u00f3n de lo que nos parece m\u00e1s importante que est\u00e1 pasando en la red, dentro de nuestro entorno arquitect\u00f3nico.<br \/>\n2_ Escribir post sobre el estado de la profesi\u00f3n y la ense\u00f1anza.<br \/>\n3_ Compartir lo que hemos aprendido sobre Identidad Digital, tanto en art\u00edculos como en nuestros cursos (tanto online como offline).\u201d<\/p>\n<p><span style=\"color: #0000ff;\"><strong><a style=\"color: #0000ff;\" href=\"http:\/\/www.sf23arquitectos.com\/2016\/05\/cuestionando-con-arquibloggers-lorenzo-barno.html\" target=\"_blank\" rel=\"noopener noreferrer\">Acceder<\/a><\/strong><\/span><\/p>\n<p>&nbsp;<\/p>\n<p>Entrevista a StepienyBarno<\/p>\n<h5>En Yo soy Arquitecto (Podcast)<\/h5>\n<p><span style=\"color: #0000ff;\"><strong><a style=\"color: #0000ff;\" href=\"http:\/\/yosoyarquitecto.com\/ysa002\/\" target=\"_blank\" rel=\"noopener noreferrer\">Acceder<\/a><\/strong><\/span><\/p>\n<p>&nbsp;<\/p>\n<p>Entrevista a StepienyBarno<\/p>\n<h5>En Enrique Alario (Podcast)<\/h5>\n<p><span style=\"color: #0000ff;\"><strong><a style=\"color: #0000ff;\" href=\"http:\/\/www.enriquealario.com\/onsite-53-identidad-digital-marca-profesional-lorenzo-barno\/\" target=\"_blank\" rel=\"noopener noreferrer\">Acceder<\/a><\/strong><\/span><\/p>\n<p>&nbsp;<\/p>\n<p>Entrevista a StepienyBarno<\/p>\n<h5>Por Sheila Palomares<\/h5>\n<p>\u201c(\u2026)\u00bfQu\u00e9 cambios os gustar\u00eda que sucedieran en las Escuelas de arquitectura?<\/p>\n<p>Las escuelas de arquitectura con como grandes paquidermos, so\u00f1ando con que el pasado volver\u00e1 un d\u00eda de estos a llamar a nuestras puertas. Pero el pasado, nuestro pasado de burbuja inmobiliaria y encargos sin mover el culo, ya no volver\u00e1. Los tiempos han cambiado y la escuela que primero se d\u00e9 cuenta de ello y lo integre en su formaci\u00f3n se llevar\u00e1 el gato al agua.<\/p>\n<p>Para nosotros hay tres puntos clave sobre los que actuar:<\/p>\n<ol>\n<li>Facilitar la llegada de los chavales al mundo real, habl\u00e1ndoles con claridad de lo que les espera fuera, y dot\u00e1ndoles de herramientas para minimizar el trompazo del desembarco en el mundo real.<\/li>\n<li>Comprender que una Nueva era digital lleg\u00f3 hace tiempo y que sus alumnos son nativos digitales a los que no pueden tratar como si nada hubiera cambiado. Pensamos que lo que ahora ocurre es una falta de respeto tremendo hacia ellos.<\/li>\n<li>Nuevos tiempos han llegado y adem\u00e1s de las posibilidades de la educaci\u00f3n expandida, llegan nuevos modelos de ense\u00f1anza m\u00e1s centrados en ense\u00f1ar a aprender que en sentar c\u00e1tedra. Pero bueno\u2026 con la iglesia hemos topado.\u201d<\/li>\n<\/ol>\n<p><span style=\"color: #0000ff;\"><strong><a style=\"color: #0000ff;\" href=\"https:\/\/veredes.es\/blog\/entrevista-stepienybarno-sheila-palomares\/\" target=\"_blank\" rel=\"noopener noreferrer\">Acceder<\/a><\/strong><\/span><\/p>\n<p>&nbsp;<\/p>\n<p>Entrevista a StepienyBarno<\/p>\n<h5>En Diario de Navarra<\/h5>\n<p>Por Noelia Gorbea<\/p>\n<p><span style=\"color: #0000ff;\"><strong><a style=\"color: #0000ff;\" href=\"https:\/\/www.slideshare.net\/stepienybarno\/entrevista-a-stepienybarno-para-diario-de-navarra\" target=\"_blank\" rel=\"noopener noreferrer\">Acceder<\/a><\/strong><\/span><\/p>\n<p>&nbsp;<\/p>\n<p>&nbsp;<\/p>\n<p>&nbsp;<\/p>\n<p style=\"text-align: center;\"><img loading=\"lazy\" decoding=\"async\" class=\"alignnone size-full wp-image-29589\" src=\"https:\/\/stepienybarno.es\/blog\/wp-content\/uploads\/2017\/10\/stepienybarno-diario-de-navarra-_-entrevista-500-.jpg\" alt=\"stepienybarno-diario-de-navarra-_-entrevista-500-\" width=\"500\" height=\"375\" srcset=\"https:\/\/stepienybarno.es\/blog\/wp-content\/uploads\/2017\/10\/stepienybarno-diario-de-navarra-_-entrevista-500-.jpg 500w, https:\/\/stepienybarno.es\/blog\/wp-content\/uploads\/2017\/10\/stepienybarno-diario-de-navarra-_-entrevista-500--180x135.jpg 180w, https:\/\/stepienybarno.es\/blog\/wp-content\/uploads\/2017\/10\/stepienybarno-diario-de-navarra-_-entrevista-500--316x237.jpg 316w\" sizes=\"(max-width: 500px) 100vw, 500px\" \/><\/p>\n<p>&nbsp;<\/p>\n<blockquote>\n<h5>Tambi\u00e9n te puede interesar:<\/h5>\n<p>#followarch @stepienybarno | Agnieszka Stepien + Lorenzo Barn\u00f3<\/p>\n<p>En Ecosistema Urbano<\/p>\n<p><a href=\"http:\/\/ecosistemaurbano.org\/castellano\/followarch-stepienybarno-agnieszka-stepien-lorenzo-barno\/\" target=\"_blank\" rel=\"noopener noreferrer\">Acceder<\/a><\/p>\n<p>&nbsp;<\/p><\/blockquote>\n<p>&nbsp;<\/p>\n<h3 style=\"text-align: center;\"><span style=\"color: #0000ff;\"><strong>Autores del post: <a style=\"color: #0000ff;\" href=\"https:\/\/stepienybarno.es\/blog\/2011\/09\/04\/las-fortalezas-del-arquitecto\/\">Stepienybarno<\/a> _ Agnieszka Stepien y Lorenzo Barn\u00f3<\/strong><\/span><\/h3>\n<p style=\"text-align: center;\">Y como siempre, si te gust\u00f3 el post,\u00a0estar\u00eda genial que lo compartas\u00a0en tus redes sociales.<\/p>\n<p style=\"text-align: center;\">A su vez, si todav\u00eda no est\u00e1s suscrito a nuestra Newsletter, te animamos a hacerlo en la casilla que tienes al terminar este art\u00edculo.<\/p>\n<p style=\"text-align: center;\">Si te interesa contactar con nosotros para que te ayudemos a mejorar tu visibilidad online y, en consecuencia, mejorar tus oportunidades laborales, no dudes en escribirnos a: <a href=\"mailto:blog@stepienybarno.es\">blog@stepienybarno.es<\/a><\/p>\n<p>&nbsp;<\/p>\n<p><em><span style=\"color: #808080;\">* Este art\u00edculo ha sido escrito con car\u00e1cter divulgativo y sin ning\u00fan tipo de \u00e1nimo de lucro.<\/span><\/em><\/p>\n<p><em><span style=\"color: #808080;\"><a style=\"color: #808080;\" href=\"https:\/\/twitter.com\/stepienybarno\">STEPIENYBARNO EN TWITTER _ @stepienybarno<\/a><\/span><\/em><\/p>\n<p><em><span style=\"color: #808080;\"><a style=\"color: #808080;\" href=\"http:\/\/www.linkedin.com\/company\/stepienybarno\">STEPIENYBARNO EN LINKEDIN<\/a><\/span><\/em><\/p>\n<p><em><span style=\"color: #808080;\"><a style=\"color: #808080;\" href=\"https:\/\/www.facebook.com\/pages\/BLOG-DE-STEPIENYBARNO\/78001079029\">STEPIENYBARNO EN FACEBOOK<\/a><\/span><\/em><\/p>\n<p><em><span style=\"color: #808080;\">* <a style=\"color: #808080;\" href=\"https:\/\/stepienybarno.es\/blog\/2011\/09\/04\/las-fortalezas-del-arquitecto\/\">Stepienybarno<\/a> est\u00e1 formado por Agnieszka Stepien y Lorenzo Barn\u00f3 y desde mayo del 2009 estamos en la red con\u00a0 la presente publicaci\u00f3n digital (Blog) de arquitectura.<\/span><\/em><\/p>\n<p><em><span style=\"color: #808080;\">Nuestra actividad se sustenta en tres pilares b\u00e1sicos: la investigaci\u00f3n, la publicaci\u00f3n y la redacci\u00f3n de proyectos de arquitectura.<\/span><\/em><\/p>\n<p><em><span style=\"color: #808080;\">A su vez, somos socios cofundadores de <a style=\"color: #808080;\" href=\"http:\/\/sinergiasostenible.org\/\">SINERGIA SOSTENIBLE<\/a> y directores del blog de FUNDACI\u00d3N ARQUIA.<\/span><\/em><\/p>\n","protected":false},"excerpt":{"rendered":"<p>Muchas veces nos pregunt\u00e1is sobre los comienzos del blog, sobre<\/p>\n","protected":false},"author":2,"featured_media":29593,"comment_status":"open","ping_status":"closed","sticky":false,"template":"","format":"standard","meta":{"om_disable_all_campaigns":false,"_monsterinsights_skip_tracking":false,"_monsterinsights_sitenote_active":false,"_monsterinsights_sitenote_note":"","_monsterinsights_sitenote_category":0,"_uf_show_specific_survey":0,"_uf_disable_surveys":false,"episode_type":"audio","audio_file":"","cover_image":"","cover_image_id":"","duration":"","filesize":"","date_recorded":"","explicit":"","block":"","filesize_raw":"","footnotes":""},"categories":[4,22],"tags":[60,35],"series":[],"class_list":["post-29588","post","type-post","status-publish","format-standard","has-post-thumbnail","hentry","category-arquilectura","category-identidad-digital-syb","tag-entrevistas","tag-stepienybarno"],"aioseo_notices":[],"episode_featured_image":"https:\/\/stepienybarno.es\/blog\/wp-content\/uploads\/2017\/10\/0.-STEPIENYBARNO-ME-IMPORTAS-TU-STEPIEN-BARNO-NAVARRA-TV-NAVARRATV-.jpg","episode_player_image":"https:\/\/stepienybarno.es\/blog\/wp-content\/uploads\/2020\/11\/stepienybarno-podcast-scaled.jpg","download_link":"","player_link":"","audio_player":false,"episode_data":{"playerMode":"dark","subscribeUrls":[],"rssFeedUrl":"https:\/\/stepienybarno.es\/blog\/feed\/podcast\/podcast-de-stepienybarno","embedCode":"<blockquote class=\"wp-embedded-content\" data-secret=\"UmPAyYL7ZJ\"><a href=\"https:\/\/stepienybarno.es\/blog\/2017\/10\/11\/entrevistas-a-stepienybarno\/\">ENTREVISTAS A STEPIENYBARNO<\/a><\/blockquote><iframe sandbox=\"allow-scripts\" security=\"restricted\" src=\"https:\/\/stepienybarno.es\/blog\/2017\/10\/11\/entrevistas-a-stepienybarno\/embed\/#?secret=UmPAyYL7ZJ\" width=\"500\" height=\"350\" title=\"\u00abENTREVISTAS A STEPIENYBARNO\u00bb \u2014 Blog de STEPIEN Y BARNO - publicaci\u00f3n digital sobre arquitectura\" data-secret=\"UmPAyYL7ZJ\" frameborder=\"0\" marginwidth=\"0\" marginheight=\"0\" scrolling=\"no\" class=\"wp-embedded-content\"><\/iframe><script type=\"text\/javascript\">\n\/* <![CDATA[ *\/\n\/*! This file is auto-generated *\/\n!function(d,l){\"use strict\";l.querySelector&&d.addEventListener&&\"undefined\"!=typeof URL&&(d.wp=d.wp||{},d.wp.receiveEmbedMessage||(d.wp.receiveEmbedMessage=function(e){var t=e.data;if((t||t.secret||t.message||t.value)&&!\/[^a-zA-Z0-9]\/.test(t.secret)){for(var s,r,n,a=l.querySelectorAll('iframe[data-secret=\"'+t.secret+'\"]'),o=l.querySelectorAll('blockquote[data-secret=\"'+t.secret+'\"]'),c=new RegExp(\"^https?:$\",\"i\"),i=0;i<o.length;i++)o[i].style.display=\"none\";for(i=0;i<a.length;i++)s=a[i],e.source===s.contentWindow&&(s.removeAttribute(\"style\"),\"height\"===t.message?(1e3<(r=parseInt(t.value,10))?r=1e3:~~r<200&&(r=200),s.height=r):\"link\"===t.message&&(r=new URL(s.getAttribute(\"src\")),n=new URL(t.value),c.test(n.protocol))&&n.host===r.host&&l.activeElement===s&&(d.top.location.href=t.value))}},d.addEventListener(\"message\",d.wp.receiveEmbedMessage,!1),l.addEventListener(\"DOMContentLoaded\",function(){for(var e,t,s=l.querySelectorAll(\"iframe.wp-embedded-content\"),r=0;r<s.length;r++)(t=(e=s[r]).getAttribute(\"data-secret\"))||(t=Math.random().toString(36).substring(2,12),e.src+=\"#?secret=\"+t,e.setAttribute(\"data-secret\",t)),e.contentWindow.postMessage({message:\"ready\",secret:t},\"*\")},!1)))}(window,document);\n\/* ]]> *\/\n<\/script>\n"},"_links":{"self":[{"href":"https:\/\/stepienybarno.es\/blog\/wp-json\/wp\/v2\/posts\/29588"}],"collection":[{"href":"https:\/\/stepienybarno.es\/blog\/wp-json\/wp\/v2\/posts"}],"about":[{"href":"https:\/\/stepienybarno.es\/blog\/wp-json\/wp\/v2\/types\/post"}],"author":[{"embeddable":true,"href":"https:\/\/stepienybarno.es\/blog\/wp-json\/wp\/v2\/users\/2"}],"replies":[{"embeddable":true,"href":"https:\/\/stepienybarno.es\/blog\/wp-json\/wp\/v2\/comments?post=29588"}],"version-history":[{"count":7,"href":"https:\/\/stepienybarno.es\/blog\/wp-json\/wp\/v2\/posts\/29588\/revisions"}],"predecessor-version":[{"id":41096,"href":"https:\/\/stepienybarno.es\/blog\/wp-json\/wp\/v2\/posts\/29588\/revisions\/41096"}],"wp:featuredmedia":[{"embeddable":true,"href":"https:\/\/stepienybarno.es\/blog\/wp-json\/wp\/v2\/media\/29593"}],"wp:attachment":[{"href":"https:\/\/stepienybarno.es\/blog\/wp-json\/wp\/v2\/media?parent=29588"}],"wp:term":[{"taxonomy":"category","embeddable":true,"href":"https:\/\/stepienybarno.es\/blog\/wp-json\/wp\/v2\/categories?post=29588"},{"taxonomy":"post_tag","embeddable":true,"href":"https:\/\/stepienybarno.es\/blog\/wp-json\/wp\/v2\/tags?post=29588"},{"taxonomy":"series","embeddable":true,"href":"https:\/\/stepienybarno.es\/blog\/wp-json\/wp\/v2\/series?post=29588"}],"curies":[{"name":"wp","href":"https:\/\/api.w.org\/{rel}","templated":true}]}}