{"id":29928,"date":"2017-11-23T08:10:59","date_gmt":"2017-11-23T06:10:59","guid":{"rendered":"https:\/\/www.stepienybarno.es\/blog\/?p=29928"},"modified":"2017-11-22T23:23:10","modified_gmt":"2017-11-22T21:23:10","slug":"galeria-en-el-eixample-proyectodeldia","status":"publish","type":"post","link":"https:\/\/stepienybarno.es\/blog\/2017\/11\/23\/galeria-en-el-eixample-proyectodeldia\/","title":{"rendered":"Galeria en el Eixample #ProyectoDelDia"},"content":{"rendered":"<p><img loading=\"lazy\" decoding=\"async\" class=\"aligncenter size-medium wp-image-29929\" src=\"https:\/\/stepienybarno.es\/blog\/wp-content\/uploads\/2017\/11\/Stepienybarno-blog-stepien-y-barno-galeria-eixample-01-451x550.png\" alt=\"\" width=\"451\" height=\"550\" srcset=\"https:\/\/stepienybarno.es\/blog\/wp-content\/uploads\/2017\/11\/Stepienybarno-blog-stepien-y-barno-galeria-eixample-01-451x550.png 451w, https:\/\/stepienybarno.es\/blog\/wp-content\/uploads\/2017\/11\/Stepienybarno-blog-stepien-y-barno-galeria-eixample-01-148x180.png 148w, https:\/\/stepienybarno.es\/blog\/wp-content\/uploads\/2017\/11\/Stepienybarno-blog-stepien-y-barno-galeria-eixample-01-574x700.png 574w, https:\/\/stepienybarno.es\/blog\/wp-content\/uploads\/2017\/11\/Stepienybarno-blog-stepien-y-barno-galeria-eixample-01-316x385.png 316w, https:\/\/stepienybarno.es\/blog\/wp-content\/uploads\/2017\/11\/Stepienybarno-blog-stepien-y-barno-galeria-eixample-01.png 645w\" sizes=\"(max-width: 451px) 100vw, 451px\" \/><\/p>\n<p>Por: <a href=\"http:\/\/www.bonelldoriga.com\/\" target=\"_blank\" rel=\"noopener\">Bonell + Doriga<\/a><\/p>\n<p>Desde: <a href=\"https:\/\/divisare.com\" target=\"_blank\" rel=\"noopener\">Divisare<\/a><\/p>\n<p><!--more--><\/p>\n<p><img loading=\"lazy\" decoding=\"async\" class=\"aligncenter size-medium wp-image-29930\" src=\"https:\/\/stepienybarno.es\/blog\/wp-content\/uploads\/2017\/11\/Stepienybarno-blog-stepien-y-barno-galeria-eixample-02-411x550.png\" alt=\"\" width=\"411\" height=\"550\" srcset=\"https:\/\/stepienybarno.es\/blog\/wp-content\/uploads\/2017\/11\/Stepienybarno-blog-stepien-y-barno-galeria-eixample-02-411x550.png 411w, https:\/\/stepienybarno.es\/blog\/wp-content\/uploads\/2017\/11\/Stepienybarno-blog-stepien-y-barno-galeria-eixample-02-134x180.png 134w, https:\/\/stepienybarno.es\/blog\/wp-content\/uploads\/2017\/11\/Stepienybarno-blog-stepien-y-barno-galeria-eixample-02-523x700.png 523w, https:\/\/stepienybarno.es\/blog\/wp-content\/uploads\/2017\/11\/Stepienybarno-blog-stepien-y-barno-galeria-eixample-02-299x400.png 299w, https:\/\/stepienybarno.es\/blog\/wp-content\/uploads\/2017\/11\/Stepienybarno-blog-stepien-y-barno-galeria-eixample-02.png 641w\" sizes=\"(max-width: 411px) 100vw, 411px\" \/><\/p>\n<p><img loading=\"lazy\" decoding=\"async\" class=\"aligncenter size-medium wp-image-29931\" src=\"https:\/\/stepienybarno.es\/blog\/wp-content\/uploads\/2017\/11\/Stepienybarno-blog-stepien-y-barno-galeria-eixample-03-454x550.png\" alt=\"\" width=\"454\" height=\"550\" srcset=\"https:\/\/stepienybarno.es\/blog\/wp-content\/uploads\/2017\/11\/Stepienybarno-blog-stepien-y-barno-galeria-eixample-03-454x550.png 454w, https:\/\/stepienybarno.es\/blog\/wp-content\/uploads\/2017\/11\/Stepienybarno-blog-stepien-y-barno-galeria-eixample-03-149x180.png 149w, https:\/\/stepienybarno.es\/blog\/wp-content\/uploads\/2017\/11\/Stepienybarno-blog-stepien-y-barno-galeria-eixample-03-578x700.png 578w, https:\/\/stepienybarno.es\/blog\/wp-content\/uploads\/2017\/11\/Stepienybarno-blog-stepien-y-barno-galeria-eixample-03-316x383.png 316w, https:\/\/stepienybarno.es\/blog\/wp-content\/uploads\/2017\/11\/Stepienybarno-blog-stepien-y-barno-galeria-eixample-03.png 634w\" sizes=\"(max-width: 454px) 100vw, 454px\" \/><\/p>\n<p style=\"text-align: center;\"><strong>Acceder al proyecto <a href=\"http:\/\/bit.ly\/2AoszC2\" target=\"_blank\" rel=\"noopener\">AQU\u00cd<\/a><\/strong><\/p>\n<p>&nbsp;<\/p>\n<p><em>Noticia seleccionada por el Canal de arquitectura STEPIENYBARNO.\u00a0<\/em><\/p>\n<p><a href=\"https:\/\/twitter.com\/stepienybarno\"><em>STEPIENYBARNO EN TWITTER _ @stepienybarno<\/em><\/a><\/p>\n<p><a href=\"http:\/\/www.linkedin.com\/company\/stepienybarno\"><em>STEPIENYBARNO EN LINKEDIN<\/em><\/a><\/p>\n<p><a href=\"https:\/\/www.facebook.com\/StepienybarnoCANAL\"><em>STEPIENYBARNO EN FACEBOOK<\/em><\/a><\/p>\n<p><em>*Stepienybarno est\u00e1 formado por Agnieszka Stepien y Lorenzo Barn\u00f3 y desde mayo del 2009 estamos en la red con la presente publicaci\u00f3n digital (Blog) de arquitectura.<\/em><\/p>\n<p><em>Nuestra actividad se sustenta en tres pilares b\u00e1sicos: la investigaci\u00f3n, la publicaci\u00f3n (comunicaci\u00f3n y difusi\u00f3n) y la redacci\u00f3n de proyectos de arquitectura.<\/em><\/p>\n<p><em>A su vez, somos socios cofundadores de<\/em><em>\u00a0<\/em><a href=\"http:\/\/sinergiasostenible.org\/\"><em>SINERGIA SOSTENIBLE<\/em><\/a><em>,<\/em><em>\u00a0<\/em><em>redactores de<\/em><em>\u00a0<\/em><a href=\"http:\/\/www.laciudadviva.org\/blogs\/?author=45\"><em>LA CIUDAD VIVA<\/em><\/a><em>\u00a0<\/em><em>y directores del blog de<\/em><em>\u00a0<\/em><a href=\"http:\/\/blogfundacion.arquia.es\/\"><em>FUNDACI\u00d3N ARQUIA<\/em><\/a><em>.<\/em><\/p>\n<p><em>* Los editores de esta publicaci\u00f3n digital no nos hacemos cargo de de los comentarios y\u00a0conceptos vertidos en los textos firmados por otras personas, siendo \u00e9stos de responsabilidad exclusiva de sus autores.<\/em><\/p>\n<p><em>* Tu comentario podr\u00e1 ser moderado, por lo tanto, aunque aparezca inmediatamente al ser publicado en la entrada, los editores de esta publicaci\u00f3n digital nos reservamos el derecho tanto de editarlo (si fuera necesario, para hacerlo m\u00e1s legible) como de eliminarlo en el caso de que se usen expresiones incorrectas (descalificaciones, palabras malsonantes\u2026). A su vez, si quieres comentar desde el anonimato puedes hacerlo, aunque, nosotros personalmente, agradecemos que tod@s nos podamos identificar.<\/em><\/p>\n<p>&nbsp;<\/p>\n","protected":false},"excerpt":{"rendered":"<p>Por: Bonell + Doriga Desde: Divisare<\/p>\n","protected":false},"author":10,"featured_media":29929,"comment_status":"open","ping_status":"closed","sticky":false,"template":"","format":"standard","meta":{"om_disable_all_campaigns":false,"_monsterinsights_skip_tracking":false,"_monsterinsights_sitenote_active":false,"_monsterinsights_sitenote_note":"","_monsterinsights_sitenote_category":0,"_uf_show_specific_survey":0,"_uf_disable_surveys":false,"episode_type":"","audio_file":"","cover_image":"","cover_image_id":"","duration":"","filesize":"","date_recorded":"","explicit":"","block":"","filesize_raw":"","footnotes":""},"categories":[3197,244],"tags":[4277,5846,3618],"series":[],"class_list":["post-29928","post","type-post","status-publish","format-standard","has-post-thumbnail","hentry","category-proyectodeldia","category-canal-de-arquitectura","tag-proyecto-de-arquitectura-del-dia","tag-boneldoriga","tag-divisare"],"aioseo_notices":[],"episode_featured_image":"https:\/\/stepienybarno.es\/blog\/wp-content\/uploads\/2017\/11\/Stepienybarno-blog-stepien-y-barno-galeria-eixample-01.png","episode_player_image":"https:\/\/stepienybarno.es\/blog\/wp-content\/uploads\/2020\/11\/stepienybarno-podcast-scaled.jpg","download_link":"","player_link":"","audio_player":false,"episode_data":{"playerMode":"dark","subscribeUrls":[],"rssFeedUrl":"https:\/\/stepienybarno.es\/blog\/feed\/podcast\/podcast-de-stepienybarno","embedCode":"<blockquote class=\"wp-embedded-content\" data-secret=\"JDdzxCxvQi\"><a href=\"https:\/\/stepienybarno.es\/blog\/2017\/11\/23\/galeria-en-el-eixample-proyectodeldia\/\">Galeria en el Eixample #ProyectoDelDia<\/a><\/blockquote><iframe sandbox=\"allow-scripts\" security=\"restricted\" src=\"https:\/\/stepienybarno.es\/blog\/2017\/11\/23\/galeria-en-el-eixample-proyectodeldia\/embed\/#?secret=JDdzxCxvQi\" width=\"500\" height=\"350\" title=\"\u00abGaleria en el Eixample #ProyectoDelDia\u00bb \u2014 Blog de STEPIEN Y BARNO - publicaci\u00f3n digital sobre arquitectura\" data-secret=\"JDdzxCxvQi\" frameborder=\"0\" marginwidth=\"0\" marginheight=\"0\" scrolling=\"no\" class=\"wp-embedded-content\"><\/iframe><script type=\"text\/javascript\">\n\/* <![CDATA[ *\/\n\/*! This file is auto-generated *\/\n!function(d,l){\"use strict\";l.querySelector&&d.addEventListener&&\"undefined\"!=typeof URL&&(d.wp=d.wp||{},d.wp.receiveEmbedMessage||(d.wp.receiveEmbedMessage=function(e){var t=e.data;if((t||t.secret||t.message||t.value)&&!\/[^a-zA-Z0-9]\/.test(t.secret)){for(var s,r,n,a=l.querySelectorAll('iframe[data-secret=\"'+t.secret+'\"]'),o=l.querySelectorAll('blockquote[data-secret=\"'+t.secret+'\"]'),c=new RegExp(\"^https?:$\",\"i\"),i=0;i<o.length;i++)o[i].style.display=\"none\";for(i=0;i<a.length;i++)s=a[i],e.source===s.contentWindow&&(s.removeAttribute(\"style\"),\"height\"===t.message?(1e3<(r=parseInt(t.value,10))?r=1e3:~~r<200&&(r=200),s.height=r):\"link\"===t.message&&(r=new URL(s.getAttribute(\"src\")),n=new URL(t.value),c.test(n.protocol))&&n.host===r.host&&l.activeElement===s&&(d.top.location.href=t.value))}},d.addEventListener(\"message\",d.wp.receiveEmbedMessage,!1),l.addEventListener(\"DOMContentLoaded\",function(){for(var e,t,s=l.querySelectorAll(\"iframe.wp-embedded-content\"),r=0;r<s.length;r++)(t=(e=s[r]).getAttribute(\"data-secret\"))||(t=Math.random().toString(36).substring(2,12),e.src+=\"#?secret=\"+t,e.setAttribute(\"data-secret\",t)),e.contentWindow.postMessage({message:\"ready\",secret:t},\"*\")},!1)))}(window,document);\n\/* ]]> *\/\n<\/script>\n"},"_links":{"self":[{"href":"https:\/\/stepienybarno.es\/blog\/wp-json\/wp\/v2\/posts\/29928"}],"collection":[{"href":"https:\/\/stepienybarno.es\/blog\/wp-json\/wp\/v2\/posts"}],"about":[{"href":"https:\/\/stepienybarno.es\/blog\/wp-json\/wp\/v2\/types\/post"}],"author":[{"embeddable":true,"href":"https:\/\/stepienybarno.es\/blog\/wp-json\/wp\/v2\/users\/10"}],"replies":[{"embeddable":true,"href":"https:\/\/stepienybarno.es\/blog\/wp-json\/wp\/v2\/comments?post=29928"}],"version-history":[{"count":1,"href":"https:\/\/stepienybarno.es\/blog\/wp-json\/wp\/v2\/posts\/29928\/revisions"}],"predecessor-version":[{"id":29932,"href":"https:\/\/stepienybarno.es\/blog\/wp-json\/wp\/v2\/posts\/29928\/revisions\/29932"}],"wp:featuredmedia":[{"embeddable":true,"href":"https:\/\/stepienybarno.es\/blog\/wp-json\/wp\/v2\/media\/29929"}],"wp:attachment":[{"href":"https:\/\/stepienybarno.es\/blog\/wp-json\/wp\/v2\/media?parent=29928"}],"wp:term":[{"taxonomy":"category","embeddable":true,"href":"https:\/\/stepienybarno.es\/blog\/wp-json\/wp\/v2\/categories?post=29928"},{"taxonomy":"post_tag","embeddable":true,"href":"https:\/\/stepienybarno.es\/blog\/wp-json\/wp\/v2\/tags?post=29928"},{"taxonomy":"series","embeddable":true,"href":"https:\/\/stepienybarno.es\/blog\/wp-json\/wp\/v2\/series?post=29928"}],"curies":[{"name":"wp","href":"https:\/\/api.w.org\/{rel}","templated":true}]}}