{"id":30127,"date":"2017-12-11T08:05:33","date_gmt":"2017-12-11T06:05:33","guid":{"rendered":"https:\/\/www.stepienybarno.es\/blog\/?p=30127"},"modified":"2017-12-08T11:47:29","modified_gmt":"2017-12-08T09:47:29","slug":"libe-fdez-torrontegui-%c2%b7-reharq-consultoria-creativa-especializada-en-patrimonio-cultural","status":"publish","type":"post","link":"https:\/\/stepienybarno.es\/blog\/2017\/12\/11\/libe-fdez-torrontegui-%c2%b7-reharq-consultoria-creativa-especializada-en-patrimonio-cultural\/","title":{"rendered":"Libe Fdez. Torr\u00f3ntegui \u00b7 reharq | consultor\u00eda creativa especializada en patrimonio cultural"},"content":{"rendered":"<p><img loading=\"lazy\" decoding=\"async\" class=\"aligncenter size-medium wp-image-30128\" src=\"https:\/\/stepienybarno.es\/blog\/wp-content\/uploads\/2017\/12\/Stepienybarno-blog-stepien-y-barno-lide-reharq-veredes-01-550x367.jpg\" alt=\"\" width=\"550\" height=\"367\" srcset=\"https:\/\/stepienybarno.es\/blog\/wp-content\/uploads\/2017\/12\/Stepienybarno-blog-stepien-y-barno-lide-reharq-veredes-01-550x367.jpg 550w, https:\/\/stepienybarno.es\/blog\/wp-content\/uploads\/2017\/12\/Stepienybarno-blog-stepien-y-barno-lide-reharq-veredes-01-180x120.jpg 180w, https:\/\/stepienybarno.es\/blog\/wp-content\/uploads\/2017\/12\/Stepienybarno-blog-stepien-y-barno-lide-reharq-veredes-01.jpg 1024w, https:\/\/stepienybarno.es\/blog\/wp-content\/uploads\/2017\/12\/Stepienybarno-blog-stepien-y-barno-lide-reharq-veredes-01-316x211.jpg 316w\" sizes=\"(max-width: 550px) 100vw, 550px\" \/><\/p>\n<p>Por:\u00a0Ana Barreiro Blanco y Alberto Alonso Oro<\/p>\n<p>Desde: <a href=\"https:\/\/veredes.es\" target=\"_blank\" rel=\"noopener\">Veredes<\/a><\/p>\n<p><!--more--><\/p>\n<p>\u00bb Tras el periodo vacacional retomamos las entrevistas en la secci\u00f3n Baliza. En esta ocasi\u00f3n nos desplazamos hasta Bilbao para charlar con\u00a0<strong>Libe Fdez. Torr\u00f3ntegui<\/strong>, arquitecta con posgrado en \u201cRehabilitaci\u00f3n y restauraci\u00f3n arquitect\u00f3nica\u201d por la Universidad Polit\u00e9cnica de Catalu\u00f1a (Barcelona, 2012) y fundadora de reharq*. Libe es una entusiasta de la comunicaci\u00f3n que trabaja para que el patrimonio se experimente como lo que es: identidad, cultura, disfrute, tradici\u00f3n y futuro lo que la ha llevado a ser miembro del Consejo de Gobierno de UNESCO Pa\u00eds Vasco y primera corresponsal de Espa\u00f1a para la plataforma social media de Europa Nostra y EHV. (&#8230;) \u00bb<\/p>\n<p>&nbsp;<\/p>\n<p>&nbsp;<\/p>\n<p style=\"text-align: center;\">Accede al art\u00edculo <a href=\"http:\/\/bit.ly\/2kFPUIR\" target=\"_blank\" rel=\"noopener\">AQU\u00cd<\/a><\/p>\n<p>&nbsp;<\/p>\n<p>Noticia seleccionada por el Canal de arquitectura STEPIENYBARNO.<\/p>\n<p><a href=\"https:\/\/twitter.com\/stepienybarno\" target=\"_blank\" rel=\"noopener\">STEPIENYBARNO EN TWITTER<\/a> _ @stepienybarno<\/p>\n<p><a href=\"http:\/\/bit.ly\/2irSukI\" target=\"_blank\" rel=\"noopener\">STEPIENYBARNO EN LINKEDIN<\/a><\/p>\n<p><a href=\"http:\/\/bit.ly\/2rIQLHJ\" target=\"_blank\" rel=\"noopener\">STEPIENYBARNO EN FACEBOOK<\/a><\/p>\n<p>*Stepienybarno est\u00e1 formado por Agnieszka Stepien y Lorenzo Barn\u00f3 y desde mayo del 2009 estamos en la red con la presente publicaci\u00f3n digital (Blog) de arquitectura.<\/p>\n<p>Nuestra actividad se sustenta en tres pilares b\u00e1sicos: la investigaci\u00f3n, la publicaci\u00f3n (comunicaci\u00f3n y difusi\u00f3n) y la redacci\u00f3n de proyectos de arquitectura.<\/p>\n<p>A su vez, somos socios cofundadores de\u00a0SINERGIA SOSTENIBLE,\u00a0redactores de\u00a0LA CIUDAD VIVA\u00a0y directores del blog de\u00a0FUNDACI\u00d3N ARQUIA.<\/p>\n<p>* Los editores de esta publicaci\u00f3n digital no nos hacemos cargo de de los comentarios y\u00a0conceptos vertidos en los textos firmados por otras personas, siendo \u00e9stos de responsabilidad exclusiva de sus autores.<\/p>\n<p>* Tu comentario podr\u00e1 ser moderado, por lo tanto, aunque aparezca inmediatamente al ser publicado en la entrada, los editores de esta publicaci\u00f3n digital nos reservamos el derecho tanto de editarlo (si fuera necesario, para hacerlo m\u00e1s legible) como de eliminarlo en el caso de que se usen expresiones incorrectas (descalificaciones, palabras malsonantes\u2026). A su vez, si quieres comentar desde el anonimato puedes hacerlo, aunque, nosotros personalmente, agradecemos que tod@s nos podamos identificar.<\/p>\n","protected":false},"excerpt":{"rendered":"<p>Por:\u00a0Ana Barreiro Blanco y Alberto Alonso Oro Desde: Veredes<\/p>\n","protected":false},"author":10,"featured_media":30128,"comment_status":"open","ping_status":"closed","sticky":false,"template":"","format":"standard","meta":{"om_disable_all_campaigns":false,"_monsterinsights_skip_tracking":false,"_monsterinsights_sitenote_active":false,"_monsterinsights_sitenote_note":"","_monsterinsights_sitenote_category":0,"_uf_show_specific_survey":0,"_uf_disable_surveys":false,"episode_type":"","audio_file":"","cover_image":"","cover_image_id":"","duration":"","filesize":"","date_recorded":"","explicit":"","block":"","filesize_raw":"","footnotes":""},"categories":[244],"tags":[5075,5074,4200,2765],"series":[],"class_list":["post-30127","post","type-post","status-publish","format-standard","has-post-thumbnail","hentry","category-canal-de-arquitectura","tag-alberto-alonso-oro","tag-ana-barreiro-blanco","tag-libe-fdez-torrontegui","tag-veredes-arquitectura-y-divulgacion"],"aioseo_notices":[],"episode_featured_image":"https:\/\/stepienybarno.es\/blog\/wp-content\/uploads\/2017\/12\/Stepienybarno-blog-stepien-y-barno-lide-reharq-veredes-01.jpg","episode_player_image":"https:\/\/stepienybarno.es\/blog\/wp-content\/uploads\/2020\/11\/stepienybarno-podcast-scaled.jpg","download_link":"","player_link":"","audio_player":false,"episode_data":{"playerMode":"dark","subscribeUrls":[],"rssFeedUrl":"https:\/\/stepienybarno.es\/blog\/feed\/podcast\/podcast-de-stepienybarno","embedCode":"<blockquote class=\"wp-embedded-content\" data-secret=\"qBKoakJZVY\"><a href=\"https:\/\/stepienybarno.es\/blog\/2017\/12\/11\/libe-fdez-torrontegui-%c2%b7-reharq-consultoria-creativa-especializada-en-patrimonio-cultural\/\">Libe Fdez. Torr\u00f3ntegui \u00b7 reharq | consultor\u00eda creativa especializada en patrimonio cultural<\/a><\/blockquote><iframe sandbox=\"allow-scripts\" security=\"restricted\" src=\"https:\/\/stepienybarno.es\/blog\/2017\/12\/11\/libe-fdez-torrontegui-%c2%b7-reharq-consultoria-creativa-especializada-en-patrimonio-cultural\/embed\/#?secret=qBKoakJZVY\" width=\"500\" height=\"350\" title=\"\u00abLibe Fdez. Torr\u00f3ntegui \u00b7 reharq | consultor\u00eda creativa especializada en patrimonio cultural\u00bb \u2014 Blog de STEPIEN Y BARNO - publicaci\u00f3n digital sobre arquitectura\" data-secret=\"qBKoakJZVY\" frameborder=\"0\" marginwidth=\"0\" marginheight=\"0\" scrolling=\"no\" class=\"wp-embedded-content\"><\/iframe><script type=\"text\/javascript\">\n\/* <![CDATA[ *\/\n\/*! This file is auto-generated *\/\n!function(d,l){\"use strict\";l.querySelector&&d.addEventListener&&\"undefined\"!=typeof URL&&(d.wp=d.wp||{},d.wp.receiveEmbedMessage||(d.wp.receiveEmbedMessage=function(e){var t=e.data;if((t||t.secret||t.message||t.value)&&!\/[^a-zA-Z0-9]\/.test(t.secret)){for(var s,r,n,a=l.querySelectorAll('iframe[data-secret=\"'+t.secret+'\"]'),o=l.querySelectorAll('blockquote[data-secret=\"'+t.secret+'\"]'),c=new RegExp(\"^https?:$\",\"i\"),i=0;i<o.length;i++)o[i].style.display=\"none\";for(i=0;i<a.length;i++)s=a[i],e.source===s.contentWindow&&(s.removeAttribute(\"style\"),\"height\"===t.message?(1e3<(r=parseInt(t.value,10))?r=1e3:~~r<200&&(r=200),s.height=r):\"link\"===t.message&&(r=new URL(s.getAttribute(\"src\")),n=new URL(t.value),c.test(n.protocol))&&n.host===r.host&&l.activeElement===s&&(d.top.location.href=t.value))}},d.addEventListener(\"message\",d.wp.receiveEmbedMessage,!1),l.addEventListener(\"DOMContentLoaded\",function(){for(var e,t,s=l.querySelectorAll(\"iframe.wp-embedded-content\"),r=0;r<s.length;r++)(t=(e=s[r]).getAttribute(\"data-secret\"))||(t=Math.random().toString(36).substring(2,12),e.src+=\"#?secret=\"+t,e.setAttribute(\"data-secret\",t)),e.contentWindow.postMessage({message:\"ready\",secret:t},\"*\")},!1)))}(window,document);\n\/* ]]> *\/\n<\/script>\n"},"_links":{"self":[{"href":"https:\/\/stepienybarno.es\/blog\/wp-json\/wp\/v2\/posts\/30127"}],"collection":[{"href":"https:\/\/stepienybarno.es\/blog\/wp-json\/wp\/v2\/posts"}],"about":[{"href":"https:\/\/stepienybarno.es\/blog\/wp-json\/wp\/v2\/types\/post"}],"author":[{"embeddable":true,"href":"https:\/\/stepienybarno.es\/blog\/wp-json\/wp\/v2\/users\/10"}],"replies":[{"embeddable":true,"href":"https:\/\/stepienybarno.es\/blog\/wp-json\/wp\/v2\/comments?post=30127"}],"version-history":[{"count":1,"href":"https:\/\/stepienybarno.es\/blog\/wp-json\/wp\/v2\/posts\/30127\/revisions"}],"predecessor-version":[{"id":30129,"href":"https:\/\/stepienybarno.es\/blog\/wp-json\/wp\/v2\/posts\/30127\/revisions\/30129"}],"wp:featuredmedia":[{"embeddable":true,"href":"https:\/\/stepienybarno.es\/blog\/wp-json\/wp\/v2\/media\/30128"}],"wp:attachment":[{"href":"https:\/\/stepienybarno.es\/blog\/wp-json\/wp\/v2\/media?parent=30127"}],"wp:term":[{"taxonomy":"category","embeddable":true,"href":"https:\/\/stepienybarno.es\/blog\/wp-json\/wp\/v2\/categories?post=30127"},{"taxonomy":"post_tag","embeddable":true,"href":"https:\/\/stepienybarno.es\/blog\/wp-json\/wp\/v2\/tags?post=30127"},{"taxonomy":"series","embeddable":true,"href":"https:\/\/stepienybarno.es\/blog\/wp-json\/wp\/v2\/series?post=30127"}],"curies":[{"name":"wp","href":"https:\/\/api.w.org\/{rel}","templated":true}]}}