{"id":30196,"date":"2017-12-19T09:10:58","date_gmt":"2017-12-19T07:10:58","guid":{"rendered":"https:\/\/www.stepienybarno.es\/blog\/?p=30196"},"modified":"2017-12-17T22:21:44","modified_gmt":"2017-12-17T20:21:44","slug":"casa-de-madera-en-segovia-proyectodeldia","status":"publish","type":"post","link":"https:\/\/stepienybarno.es\/blog\/2017\/12\/19\/casa-de-madera-en-segovia-proyectodeldia\/","title":{"rendered":"Casa de madera en Segovia #ProyectoDelD\u00eda"},"content":{"rendered":"<p>&nbsp;<\/p>\n<p><img loading=\"lazy\" decoding=\"async\" class=\"aligncenter size-medium wp-image-30201\" src=\"https:\/\/stepienybarno.es\/blog\/wp-content\/uploads\/2017\/12\/Stepienybarno-blog-stepien-y-barno-casa-segovia-churtiaga-delaquadra-03-483x550.jpg\" alt=\"\" width=\"483\" height=\"550\" srcset=\"https:\/\/stepienybarno.es\/blog\/wp-content\/uploads\/2017\/12\/Stepienybarno-blog-stepien-y-barno-casa-segovia-churtiaga-delaquadra-03-483x550.jpg 483w, https:\/\/stepienybarno.es\/blog\/wp-content\/uploads\/2017\/12\/Stepienybarno-blog-stepien-y-barno-casa-segovia-churtiaga-delaquadra-03-158x180.jpg 158w, https:\/\/stepienybarno.es\/blog\/wp-content\/uploads\/2017\/12\/Stepienybarno-blog-stepien-y-barno-casa-segovia-churtiaga-delaquadra-03-614x700.jpg 614w, https:\/\/stepienybarno.es\/blog\/wp-content\/uploads\/2017\/12\/Stepienybarno-blog-stepien-y-barno-casa-segovia-churtiaga-delaquadra-03-316x360.jpg 316w, https:\/\/stepienybarno.es\/blog\/wp-content\/uploads\/2017\/12\/Stepienybarno-blog-stepien-y-barno-casa-segovia-churtiaga-delaquadra-03.jpg 632w\" sizes=\"(max-width: 483px) 100vw, 483px\" \/><\/p>\n<p>Por: <a href=\"http:\/\/www.chqs.net\/estudio.htm\" target=\"_blank\" rel=\"noopener\">CH+QS<\/a><\/p>\n<p>Fotograf\u00eda: <a href=\"http:\/\/ultimasreportagens.com\/\" target=\"_blank\" rel=\"noopener\">Fernando Guerra<\/a><\/p>\n<p>Desde: <a href=\"http:\/\/www.arquitecturadecasas.info\/\" target=\"_blank\" rel=\"noopener\">Arquitectura de Casas<\/a><\/p>\n<p><!--more--><\/p>\n<p><img loading=\"lazy\" decoding=\"async\" class=\"aligncenter size-medium wp-image-30199\" src=\"https:\/\/stepienybarno.es\/blog\/wp-content\/uploads\/2017\/12\/Stepienybarno-blog-stepien-y-barno-casa-segovia-churtiaga-delaquadra-01-525x550.jpg\" alt=\"\" width=\"525\" height=\"550\" srcset=\"https:\/\/stepienybarno.es\/blog\/wp-content\/uploads\/2017\/12\/Stepienybarno-blog-stepien-y-barno-casa-segovia-churtiaga-delaquadra-01-525x550.jpg 525w, https:\/\/stepienybarno.es\/blog\/wp-content\/uploads\/2017\/12\/Stepienybarno-blog-stepien-y-barno-casa-segovia-churtiaga-delaquadra-01-172x180.jpg 172w, https:\/\/stepienybarno.es\/blog\/wp-content\/uploads\/2017\/12\/Stepienybarno-blog-stepien-y-barno-casa-segovia-churtiaga-delaquadra-01-668x700.jpg 668w, https:\/\/stepienybarno.es\/blog\/wp-content\/uploads\/2017\/12\/Stepienybarno-blog-stepien-y-barno-casa-segovia-churtiaga-delaquadra-01-316x331.jpg 316w, https:\/\/stepienybarno.es\/blog\/wp-content\/uploads\/2017\/12\/Stepienybarno-blog-stepien-y-barno-casa-segovia-churtiaga-delaquadra-01.jpg 687w\" sizes=\"(max-width: 525px) 100vw, 525px\" \/><\/p>\n<p><img loading=\"lazy\" decoding=\"async\" class=\"aligncenter size-medium wp-image-30200\" src=\"https:\/\/stepienybarno.es\/blog\/wp-content\/uploads\/2017\/12\/Stepienybarno-blog-stepien-y-barno-casa-segovia-churtiaga-delaquadra-02-540x550.jpg\" alt=\"\" width=\"540\" height=\"550\" srcset=\"https:\/\/stepienybarno.es\/blog\/wp-content\/uploads\/2017\/12\/Stepienybarno-blog-stepien-y-barno-casa-segovia-churtiaga-delaquadra-02-540x550.jpg 540w, https:\/\/stepienybarno.es\/blog\/wp-content\/uploads\/2017\/12\/Stepienybarno-blog-stepien-y-barno-casa-segovia-churtiaga-delaquadra-02-177x180.jpg 177w, https:\/\/stepienybarno.es\/blog\/wp-content\/uploads\/2017\/12\/Stepienybarno-blog-stepien-y-barno-casa-segovia-churtiaga-delaquadra-02-687x700.jpg 687w, https:\/\/stepienybarno.es\/blog\/wp-content\/uploads\/2017\/12\/Stepienybarno-blog-stepien-y-barno-casa-segovia-churtiaga-delaquadra-02-316x322.jpg 316w, https:\/\/stepienybarno.es\/blog\/wp-content\/uploads\/2017\/12\/Stepienybarno-blog-stepien-y-barno-casa-segovia-churtiaga-delaquadra-02.jpg 707w\" sizes=\"(max-width: 540px) 100vw, 540px\" \/><\/p>\n<p><img loading=\"lazy\" decoding=\"async\" class=\"aligncenter size-medium wp-image-30202\" src=\"https:\/\/stepienybarno.es\/blog\/wp-content\/uploads\/2017\/12\/Stepienybarno-blog-stepien-y-barno-casa-segovia-churtiaga-delaquadra-04-550x367.jpg\" alt=\"\" width=\"550\" height=\"367\" srcset=\"https:\/\/stepienybarno.es\/blog\/wp-content\/uploads\/2017\/12\/Stepienybarno-blog-stepien-y-barno-casa-segovia-churtiaga-delaquadra-04-550x367.jpg 550w, https:\/\/stepienybarno.es\/blog\/wp-content\/uploads\/2017\/12\/Stepienybarno-blog-stepien-y-barno-casa-segovia-churtiaga-delaquadra-04-180x120.jpg 180w, https:\/\/stepienybarno.es\/blog\/wp-content\/uploads\/2017\/12\/Stepienybarno-blog-stepien-y-barno-casa-segovia-churtiaga-delaquadra-04-316x211.jpg 316w, https:\/\/stepienybarno.es\/blog\/wp-content\/uploads\/2017\/12\/Stepienybarno-blog-stepien-y-barno-casa-segovia-churtiaga-delaquadra-04.jpg 720w\" sizes=\"(max-width: 550px) 100vw, 550px\" \/><\/p>\n<p>&nbsp;<\/p>\n<p style=\"text-align: center;\">Acceder al Art\u00edculo: <a href=\"http:\/\/bit.ly\/2Ctd3BU\" target=\"_blank\" rel=\"noopener\">AQU\u00cd<\/a><\/p>\n<p>&nbsp;<\/p>\n<p>Noticia seleccionada por el Canal de arquitectura STEPIENYBARNO.<\/p>\n<p><a href=\"https:\/\/twitter.com\/stepienybarno\" target=\"_blank\" rel=\"noopener\">STEPIENYBARNO EN TWITTER<\/a> _ @stepienybarno<\/p>\n<p><a href=\"http:\/\/bit.ly\/2irSukI\" target=\"_blank\" rel=\"noopener\">STEPIENYBARNO EN LINKEDIN<\/a><\/p>\n<p><a href=\"http:\/\/bit.ly\/2rIQLHJ\" target=\"_blank\" rel=\"noopener\">STEPIENYBARNO EN FACEBOOK<\/a><\/p>\n<p>*Stepienybarno est\u00e1 formado por Agnieszka Stepien y Lorenzo Barn\u00f3 y desde mayo del 2009 estamos en la red con la presente publicaci\u00f3n digital (Blog) de arquitectura.<\/p>\n<p>Nuestra actividad se sustenta en tres pilares b\u00e1sicos: la investigaci\u00f3n, la publicaci\u00f3n (comunicaci\u00f3n y difusi\u00f3n) y la redacci\u00f3n de proyectos de arquitectura.<\/p>\n<p>A su vez, somos socios cofundadores de\u00a0SINERGIA SOSTENIBLE,\u00a0redactores de\u00a0LA CIUDAD VIVA\u00a0y directores del blog de\u00a0FUNDACI\u00d3N ARQUIA.<\/p>\n<p>* Los editores de esta publicaci\u00f3n digital no nos hacemos cargo de de los comentarios y\u00a0conceptos vertidos en los textos firmados por otras personas, siendo \u00e9stos de responsabilidad exclusiva de sus autores.<\/p>\n<p>* Tu comentario podr\u00e1 ser moderado, por lo tanto, aunque aparezca inmediatamente al ser publicado en la entrada, los editores de esta publicaci\u00f3n digital nos reservamos el derecho tanto de editarlo (si fuera necesario, para hacerlo m\u00e1s legible) como de eliminarlo en el caso de que se usen expresiones incorrectas (descalificaciones, palabras malsonantes\u2026). A su vez, si quieres comentar desde el anonimato puedes hacerlo, aunque, nosotros personalmente, agradecemos que tod@s nos podamos identificar.<\/p>\n","protected":false},"excerpt":{"rendered":"<p>&nbsp; Por: CH+QS Fotograf\u00eda: Fernando Guerra Desde: Arquitectura de Casas<\/p>\n","protected":false},"author":10,"featured_media":30199,"comment_status":"open","ping_status":"closed","sticky":false,"template":"","format":"standard","meta":{"om_disable_all_campaigns":false,"_monsterinsights_skip_tracking":false,"_monsterinsights_sitenote_active":false,"_monsterinsights_sitenote_note":"","_monsterinsights_sitenote_category":0,"_uf_show_specific_survey":0,"_uf_disable_surveys":false,"episode_type":"","audio_file":"","cover_image":"","cover_image_id":"","duration":"","filesize":"","date_recorded":"","explicit":"","block":"","filesize_raw":"","footnotes":""},"categories":[3197,244],"tags":[4277,5889,1445,1215],"series":[],"class_list":["post-30196","post","type-post","status-publish","format-standard","has-post-thumbnail","hentry","category-proyectodeldia","category-canal-de-arquitectura","tag-proyecto-de-arquitectura-del-dia","tag-arquitectura-de-casas","tag-chqs-arquitectos","tag-fernando-guerra"],"aioseo_notices":[],"episode_featured_image":"https:\/\/stepienybarno.es\/blog\/wp-content\/uploads\/2017\/12\/Stepienybarno-blog-stepien-y-barno-casa-segovia-churtiaga-delaquadra-01.jpg","episode_player_image":"https:\/\/stepienybarno.es\/blog\/wp-content\/uploads\/2020\/11\/stepienybarno-podcast-scaled.jpg","download_link":"","player_link":"","audio_player":false,"episode_data":{"playerMode":"dark","subscribeUrls":[],"rssFeedUrl":"https:\/\/stepienybarno.es\/blog\/feed\/podcast\/podcast-de-stepienybarno","embedCode":"<blockquote class=\"wp-embedded-content\" data-secret=\"EV0CMJtJ9a\"><a href=\"https:\/\/stepienybarno.es\/blog\/2017\/12\/19\/casa-de-madera-en-segovia-proyectodeldia\/\">Casa de madera en Segovia #ProyectoDelD\u00eda<\/a><\/blockquote><iframe sandbox=\"allow-scripts\" security=\"restricted\" src=\"https:\/\/stepienybarno.es\/blog\/2017\/12\/19\/casa-de-madera-en-segovia-proyectodeldia\/embed\/#?secret=EV0CMJtJ9a\" width=\"500\" height=\"350\" title=\"\u00abCasa de madera en Segovia #ProyectoDelD\u00eda\u00bb \u2014 Blog de STEPIEN Y BARNO - publicaci\u00f3n digital sobre arquitectura\" data-secret=\"EV0CMJtJ9a\" frameborder=\"0\" marginwidth=\"0\" marginheight=\"0\" scrolling=\"no\" class=\"wp-embedded-content\"><\/iframe><script type=\"text\/javascript\">\n\/* <![CDATA[ *\/\n\/*! This file is auto-generated *\/\n!function(d,l){\"use strict\";l.querySelector&&d.addEventListener&&\"undefined\"!=typeof URL&&(d.wp=d.wp||{},d.wp.receiveEmbedMessage||(d.wp.receiveEmbedMessage=function(e){var t=e.data;if((t||t.secret||t.message||t.value)&&!\/[^a-zA-Z0-9]\/.test(t.secret)){for(var s,r,n,a=l.querySelectorAll('iframe[data-secret=\"'+t.secret+'\"]'),o=l.querySelectorAll('blockquote[data-secret=\"'+t.secret+'\"]'),c=new RegExp(\"^https?:$\",\"i\"),i=0;i<o.length;i++)o[i].style.display=\"none\";for(i=0;i<a.length;i++)s=a[i],e.source===s.contentWindow&&(s.removeAttribute(\"style\"),\"height\"===t.message?(1e3<(r=parseInt(t.value,10))?r=1e3:~~r<200&&(r=200),s.height=r):\"link\"===t.message&&(r=new URL(s.getAttribute(\"src\")),n=new URL(t.value),c.test(n.protocol))&&n.host===r.host&&l.activeElement===s&&(d.top.location.href=t.value))}},d.addEventListener(\"message\",d.wp.receiveEmbedMessage,!1),l.addEventListener(\"DOMContentLoaded\",function(){for(var e,t,s=l.querySelectorAll(\"iframe.wp-embedded-content\"),r=0;r<s.length;r++)(t=(e=s[r]).getAttribute(\"data-secret\"))||(t=Math.random().toString(36).substring(2,12),e.src+=\"#?secret=\"+t,e.setAttribute(\"data-secret\",t)),e.contentWindow.postMessage({message:\"ready\",secret:t},\"*\")},!1)))}(window,document);\n\/* ]]> *\/\n<\/script>\n"},"_links":{"self":[{"href":"https:\/\/stepienybarno.es\/blog\/wp-json\/wp\/v2\/posts\/30196"}],"collection":[{"href":"https:\/\/stepienybarno.es\/blog\/wp-json\/wp\/v2\/posts"}],"about":[{"href":"https:\/\/stepienybarno.es\/blog\/wp-json\/wp\/v2\/types\/post"}],"author":[{"embeddable":true,"href":"https:\/\/stepienybarno.es\/blog\/wp-json\/wp\/v2\/users\/10"}],"replies":[{"embeddable":true,"href":"https:\/\/stepienybarno.es\/blog\/wp-json\/wp\/v2\/comments?post=30196"}],"version-history":[{"count":1,"href":"https:\/\/stepienybarno.es\/blog\/wp-json\/wp\/v2\/posts\/30196\/revisions"}],"predecessor-version":[{"id":30203,"href":"https:\/\/stepienybarno.es\/blog\/wp-json\/wp\/v2\/posts\/30196\/revisions\/30203"}],"wp:featuredmedia":[{"embeddable":true,"href":"https:\/\/stepienybarno.es\/blog\/wp-json\/wp\/v2\/media\/30199"}],"wp:attachment":[{"href":"https:\/\/stepienybarno.es\/blog\/wp-json\/wp\/v2\/media?parent=30196"}],"wp:term":[{"taxonomy":"category","embeddable":true,"href":"https:\/\/stepienybarno.es\/blog\/wp-json\/wp\/v2\/categories?post=30196"},{"taxonomy":"post_tag","embeddable":true,"href":"https:\/\/stepienybarno.es\/blog\/wp-json\/wp\/v2\/tags?post=30196"},{"taxonomy":"series","embeddable":true,"href":"https:\/\/stepienybarno.es\/blog\/wp-json\/wp\/v2\/series?post=30196"}],"curies":[{"name":"wp","href":"https:\/\/api.w.org\/{rel}","templated":true}]}}