{"id":30204,"date":"2017-12-22T09:49:45","date_gmt":"2017-12-22T07:49:45","guid":{"rendered":"https:\/\/www.stepienybarno.es\/blog\/?p=30204"},"modified":"2017-12-22T14:48:50","modified_gmt":"2017-12-22T12:48:50","slug":"arquitectura-popular-a-traves-de-la-lente-de-carlos-flores","status":"publish","type":"post","link":"https:\/\/stepienybarno.es\/blog\/2017\/12\/22\/arquitectura-popular-a-traves-de-la-lente-de-carlos-flores\/","title":{"rendered":"Arquitectura Popular a trav\u00e9s de la lente de Carlos Flores"},"content":{"rendered":"<p><img loading=\"lazy\" decoding=\"async\" class=\"aligncenter size-medium wp-image-30226\" src=\"https:\/\/stepienybarno.es\/blog\/wp-content\/uploads\/2017\/12\/Publicacio\u0301n-Carlos-Flores-2-red-550x367.jpg\" alt=\"\" width=\"550\" height=\"367\" srcset=\"https:\/\/stepienybarno.es\/blog\/wp-content\/uploads\/2017\/12\/Publicacio\u0301n-Carlos-Flores-2-red-550x367.jpg 550w, https:\/\/stepienybarno.es\/blog\/wp-content\/uploads\/2017\/12\/Publicacio\u0301n-Carlos-Flores-2-red-180x120.jpg 180w, https:\/\/stepienybarno.es\/blog\/wp-content\/uploads\/2017\/12\/Publicacio\u0301n-Carlos-Flores-2-red-1024x683.jpg 1024w, https:\/\/stepienybarno.es\/blog\/wp-content\/uploads\/2017\/12\/Publicacio\u0301n-Carlos-Flores-2-red-316x211.jpg 316w\" sizes=\"(max-width: 550px) 100vw, 550px\" \/><\/p>\n<p>Redacci\u00f3n: <a href=\"https:\/\/theaaaamagazine.com\" target=\"_blank\" rel=\"noopener\">Ana Asensio<\/a><\/p>\n<p>Pr\u00f3logo: Emilio Ruiz Trueba y Ruth Dom\u00ednguez<\/p>\n<p>Edici\u00f3n: <a href=\"http:\/\/www.museo-etnografico.com\/\" target=\"_blank\" rel=\"noopener\">Museo Etonogr\u00e1fico de Castilla y Le\u00f3n<\/a><\/p>\n<p>Fotograf\u00edas: <a href=\"http:\/\/milenavillalba.com\/\" target=\"_blank\" rel=\"noopener\">Milena Villalba<\/a> y <a href=\"http:\/\/www.memosesmas.com\/\" target=\"_blank\" rel=\"noopener\">Santiago Vicente<\/a><!--more--><\/p>\n<p>Hoy os traemos algunos fragmentos que aparecen en el libro que ha editado recientemente Ana Asensio a ra\u00edz de la exposici\u00f3n sobre arquitectura popular a trav\u00e9s de la fotograf\u00eda de Carlos Flores.<\/p>\n<p>\u00bb\u00a0\u00abLa capacidad de renovaci\u00f3n de la modernidad depende de que sepa volver a sus or\u00edgenes\u00bb, continuaba Octavio Paz, y para ello hace falta estudiar en profundidad nuestras arquitecturas populares desde las particularidades\u00a0de cada lugar, analizar sus invariantes e interconectarlas y, por supuesto, incorporar a ellas las tecnolog\u00edas actuales (&#8230;)<\/p>\n<p><img loading=\"lazy\" decoding=\"async\" class=\"aligncenter size-medium wp-image-30227\" src=\"https:\/\/stepienybarno.es\/blog\/wp-content\/uploads\/2017\/12\/Publicacio\u0301n-Carlos-Flores-7-red-550x367.jpg\" alt=\"\" width=\"550\" height=\"367\" srcset=\"https:\/\/stepienybarno.es\/blog\/wp-content\/uploads\/2017\/12\/Publicacio\u0301n-Carlos-Flores-7-red-550x367.jpg 550w, https:\/\/stepienybarno.es\/blog\/wp-content\/uploads\/2017\/12\/Publicacio\u0301n-Carlos-Flores-7-red-180x120.jpg 180w, https:\/\/stepienybarno.es\/blog\/wp-content\/uploads\/2017\/12\/Publicacio\u0301n-Carlos-Flores-7-red-1024x683.jpg 1024w, https:\/\/stepienybarno.es\/blog\/wp-content\/uploads\/2017\/12\/Publicacio\u0301n-Carlos-Flores-7-red-316x211.jpg 316w\" sizes=\"(max-width: 550px) 100vw, 550px\" \/><\/p>\n<p>Curiosamente, la arquitectura de este periodo [Movimiento Moderno], tan tachada de estar planteada desde una tabula rasa respecto a arquitecturas precedentes, comparte en cambio numerosas actitudes con la arquitectura popular. (&#8230;)<\/p>\n<p>La mirada de Carlos Flores a las poco vanidosas construcciones de la Espa\u00f1a an\u00f3nima es la de un lector visual entregado, portando m\u00e1s bien la lupa contempor\u00e1 &#8211; nea a esas viejas arquitecturas vivas y cuidadas. (&#8230;)<\/p>\n<p>&nbsp;<\/p>\n<p>Esas \u00abconstrucciones de la comunidad, arraigadas a la tierra, modestas, existencialistas, libres de frivolidad y de modas\u00bb, est\u00e1n levantadas en un ejercicio mental heterog\u00e9neo pero un\u00e1nime, y as\u00ed las revisa Carlos Flores: como la obra de <i>un\u00a0<\/i>arquitecto popular, unificaci\u00f3n de mentes y conocimientos colectivos, en contraposici\u00f3n (o complementaci\u00f3n) del habitual arquitecto profesional, individual. (&#8230;) \u00bb<\/p>\n<p>&nbsp;<\/p>\n<p style=\"text-align: center;\">Puedes saber m\u00e1s sobre la exposici\u00f3n en la web del Museo Etnogr\u00e1fico de Castilla y Le\u00f3n <a href=\"http:\/\/www.museo-etnografico.com\/index.php?id=743&amp;cat=Exposiciones&amp;page=4\" target=\"_blank\" rel=\"noopener\"><strong>AQU\u00cd<\/strong><\/a><\/p>\n<p>&nbsp;<\/p>\n<p>Noticia seleccionada por el Canal de arquitectura STEPIENYBARNO.<\/p>\n<p><a href=\"https:\/\/twitter.com\/stepienybarno\" target=\"_blank\" rel=\"noopener\">STEPIENYBARNO EN TWITTER<\/a> _ @stepienybarno<\/p>\n<p><a href=\"http:\/\/bit.ly\/2irSukI\" target=\"_blank\" rel=\"noopener\">STEPIENYBARNO EN LINKEDIN<\/a><\/p>\n<p><a href=\"http:\/\/bit.ly\/2rIQLHJ\" target=\"_blank\" rel=\"noopener\">STEPIENYBARNO EN FACEBOOK<\/a><\/p>\n<p>*Stepienybarno est\u00e1 formado por Agnieszka Stepien y Lorenzo Barn\u00f3 y desde mayo del 2009 estamos en la red con la presente publicaci\u00f3n digital (Blog) de arquitectura.<\/p>\n<p>Nuestra actividad se sustenta en tres pilares b\u00e1sicos: la investigaci\u00f3n, la publicaci\u00f3n (comunicaci\u00f3n y difusi\u00f3n) y la redacci\u00f3n de proyectos de arquitectura.<\/p>\n<p>A su vez, somos socios cofundadores de\u00a0SINERGIA SOSTENIBLE,\u00a0redactores de\u00a0LA CIUDAD VIVA\u00a0y directores del blog de\u00a0FUNDACI\u00d3N ARQUIA.<\/p>\n<p>* Los editores de esta publicaci\u00f3n digital no nos hacemos cargo de de los comentarios y\u00a0conceptos vertidos en los textos firmados por otras personas, siendo \u00e9stos de responsabilidad exclusiva de sus autores.<\/p>\n<p>* Tu comentario podr\u00e1 ser moderado, por lo tanto, aunque aparezca inmediatamente al ser publicado en la entrada, los editores de esta publicaci\u00f3n digital nos reservamos el derecho tanto de editarlo (si fuera necesario, para hacerlo m\u00e1s legible) como de eliminarlo en el caso de que se usen expresiones incorrectas (descalificaciones, palabras malsonantes\u2026). A su vez, si quieres comentar desde el anonimato puedes hacerlo, aunque, nosotros personalmente, agradecemos que tod@s nos podamos identificar.<\/p>\n","protected":false},"excerpt":{"rendered":"<p>Redacci\u00f3n: Ana Asensio Pr\u00f3logo: Emilio Ruiz Trueba y Ruth Dom\u00ednguez<\/p>\n","protected":false},"author":10,"featured_media":30226,"comment_status":"open","ping_status":"closed","sticky":false,"template":"","format":"standard","meta":{"om_disable_all_campaigns":false,"_monsterinsights_skip_tracking":false,"_monsterinsights_sitenote_active":false,"_monsterinsights_sitenote_note":"","_monsterinsights_sitenote_category":0,"_uf_show_specific_survey":0,"_uf_disable_surveys":false,"episode_type":"","audio_file":"","cover_image":"","cover_image_id":"","duration":"","filesize":"","date_recorded":"","explicit":"","block":"","filesize_raw":"","footnotes":""},"categories":[244],"tags":[2610,5890,5891],"series":[],"class_list":["post-30204","post","type-post","status-publish","format-standard","has-post-thumbnail","hentry","category-canal-de-arquitectura","tag-ana-asensio","tag-arquitectura-popular","tag-museo-etnografico-castilla-y-leon"],"aioseo_notices":[],"episode_featured_image":"https:\/\/stepienybarno.es\/blog\/wp-content\/uploads\/2017\/12\/Publicacio\u0301n-Carlos-Flores-2-red.jpg","episode_player_image":"https:\/\/stepienybarno.es\/blog\/wp-content\/uploads\/2020\/11\/stepienybarno-podcast-scaled.jpg","download_link":"","player_link":"","audio_player":false,"episode_data":{"playerMode":"dark","subscribeUrls":[],"rssFeedUrl":"https:\/\/stepienybarno.es\/blog\/feed\/podcast\/podcast-de-stepienybarno","embedCode":"<blockquote class=\"wp-embedded-content\" data-secret=\"wo5nC2hjHg\"><a href=\"https:\/\/stepienybarno.es\/blog\/2017\/12\/22\/arquitectura-popular-a-traves-de-la-lente-de-carlos-flores\/\">Arquitectura Popular a trav\u00e9s de la lente de Carlos Flores<\/a><\/blockquote><iframe sandbox=\"allow-scripts\" security=\"restricted\" src=\"https:\/\/stepienybarno.es\/blog\/2017\/12\/22\/arquitectura-popular-a-traves-de-la-lente-de-carlos-flores\/embed\/#?secret=wo5nC2hjHg\" width=\"500\" height=\"350\" title=\"\u00abArquitectura Popular a trav\u00e9s de la lente de Carlos Flores\u00bb \u2014 Blog de STEPIEN Y BARNO - publicaci\u00f3n digital sobre arquitectura\" data-secret=\"wo5nC2hjHg\" frameborder=\"0\" marginwidth=\"0\" marginheight=\"0\" scrolling=\"no\" class=\"wp-embedded-content\"><\/iframe><script type=\"text\/javascript\">\n\/* <![CDATA[ *\/\n\/*! This file is auto-generated *\/\n!function(d,l){\"use strict\";l.querySelector&&d.addEventListener&&\"undefined\"!=typeof URL&&(d.wp=d.wp||{},d.wp.receiveEmbedMessage||(d.wp.receiveEmbedMessage=function(e){var t=e.data;if((t||t.secret||t.message||t.value)&&!\/[^a-zA-Z0-9]\/.test(t.secret)){for(var s,r,n,a=l.querySelectorAll('iframe[data-secret=\"'+t.secret+'\"]'),o=l.querySelectorAll('blockquote[data-secret=\"'+t.secret+'\"]'),c=new RegExp(\"^https?:$\",\"i\"),i=0;i<o.length;i++)o[i].style.display=\"none\";for(i=0;i<a.length;i++)s=a[i],e.source===s.contentWindow&&(s.removeAttribute(\"style\"),\"height\"===t.message?(1e3<(r=parseInt(t.value,10))?r=1e3:~~r<200&&(r=200),s.height=r):\"link\"===t.message&&(r=new URL(s.getAttribute(\"src\")),n=new URL(t.value),c.test(n.protocol))&&n.host===r.host&&l.activeElement===s&&(d.top.location.href=t.value))}},d.addEventListener(\"message\",d.wp.receiveEmbedMessage,!1),l.addEventListener(\"DOMContentLoaded\",function(){for(var e,t,s=l.querySelectorAll(\"iframe.wp-embedded-content\"),r=0;r<s.length;r++)(t=(e=s[r]).getAttribute(\"data-secret\"))||(t=Math.random().toString(36).substring(2,12),e.src+=\"#?secret=\"+t,e.setAttribute(\"data-secret\",t)),e.contentWindow.postMessage({message:\"ready\",secret:t},\"*\")},!1)))}(window,document);\n\/* ]]> *\/\n<\/script>\n"},"_links":{"self":[{"href":"https:\/\/stepienybarno.es\/blog\/wp-json\/wp\/v2\/posts\/30204"}],"collection":[{"href":"https:\/\/stepienybarno.es\/blog\/wp-json\/wp\/v2\/posts"}],"about":[{"href":"https:\/\/stepienybarno.es\/blog\/wp-json\/wp\/v2\/types\/post"}],"author":[{"embeddable":true,"href":"https:\/\/stepienybarno.es\/blog\/wp-json\/wp\/v2\/users\/10"}],"replies":[{"embeddable":true,"href":"https:\/\/stepienybarno.es\/blog\/wp-json\/wp\/v2\/comments?post=30204"}],"version-history":[{"count":5,"href":"https:\/\/stepienybarno.es\/blog\/wp-json\/wp\/v2\/posts\/30204\/revisions"}],"predecessor-version":[{"id":30237,"href":"https:\/\/stepienybarno.es\/blog\/wp-json\/wp\/v2\/posts\/30204\/revisions\/30237"}],"wp:featuredmedia":[{"embeddable":true,"href":"https:\/\/stepienybarno.es\/blog\/wp-json\/wp\/v2\/media\/30226"}],"wp:attachment":[{"href":"https:\/\/stepienybarno.es\/blog\/wp-json\/wp\/v2\/media?parent=30204"}],"wp:term":[{"taxonomy":"category","embeddable":true,"href":"https:\/\/stepienybarno.es\/blog\/wp-json\/wp\/v2\/categories?post=30204"},{"taxonomy":"post_tag","embeddable":true,"href":"https:\/\/stepienybarno.es\/blog\/wp-json\/wp\/v2\/tags?post=30204"},{"taxonomy":"series","embeddable":true,"href":"https:\/\/stepienybarno.es\/blog\/wp-json\/wp\/v2\/series?post=30204"}],"curies":[{"name":"wp","href":"https:\/\/api.w.org\/{rel}","templated":true}]}}