{"id":30535,"date":"2018-01-22T09:46:47","date_gmt":"2018-01-22T07:46:47","guid":{"rendered":"https:\/\/www.stepienybarno.es\/blog\/?p=30535"},"modified":"2018-01-22T09:49:50","modified_gmt":"2018-01-22T07:49:50","slug":"arquisinergiasii-a-la-vuelta-de-la-esquina","status":"publish","type":"post","link":"https:\/\/stepienybarno.es\/blog\/2018\/01\/22\/arquisinergiasii-a-la-vuelta-de-la-esquina\/","title":{"rendered":"\u00a1#ARQUISINERGIASII A LA VUELTA DE LA ESQUINA!"},"content":{"rendered":"<p style=\"text-align: center;\"><img loading=\"lazy\" decoding=\"async\" class=\"alignnone size-large wp-image-30536\" src=\"https:\/\/stepienybarno.es\/blog\/wp-content\/uploads\/2018\/01\/arquisinergias-archica\u00f1as-stepienhybarno-fuctura-arquitasa-494x700.jpg\" alt=\"\" width=\"494\" height=\"700\" srcset=\"https:\/\/stepienybarno.es\/blog\/wp-content\/uploads\/2018\/01\/arquisinergias-archica\u00f1as-stepienhybarno-fuctura-arquitasa-494x700.jpg 494w, https:\/\/stepienybarno.es\/blog\/wp-content\/uploads\/2018\/01\/arquisinergias-archica\u00f1as-stepienhybarno-fuctura-arquitasa-127x180.jpg 127w, https:\/\/stepienybarno.es\/blog\/wp-content\/uploads\/2018\/01\/arquisinergias-archica\u00f1as-stepienhybarno-fuctura-arquitasa-388x550.jpg 388w, https:\/\/stepienybarno.es\/blog\/wp-content\/uploads\/2018\/01\/arquisinergias-archica\u00f1as-stepienhybarno-fuctura-arquitasa-283x400.jpg 283w, https:\/\/stepienybarno.es\/blog\/wp-content\/uploads\/2018\/01\/arquisinergias-archica\u00f1as-stepienhybarno-fuctura-arquitasa.jpg 678w\" sizes=\"(max-width: 494px) 100vw, 494px\" \/><\/p>\n<p>Despu\u00e9s del \u00e9xito de la primera edici\u00f3n de Arquisinergias, Fuctura y Arquitasa, promotores del invento, se animan a organizar una nueva edici\u00f3n en m\u00edtico caf\u00e9 Pombo este mi\u00e9rcoles d\u00eda 24 de enero.<\/p>\n<p>El acceso ser\u00e1 gratuito pero s\u00f3lo se podr\u00e1 entrar con invitaci\u00f3n directa de Fuctura y Arquitasa.<\/p>\n<p>Si quieres saber m\u00e1s del evento \u00a1A seguir leyendo!<\/p>\n<p><!--more--><\/p>\n<p>&nbsp;<\/p>\n<blockquote><p><strong>D\u00f3nde:<\/strong> caf\u00e9 Pombo<\/p>\n<p><strong>Cu\u00e1ndo:<\/strong> mi\u00e9rcoles d\u00eda 24 de enero de 2018.<\/p>\n<p><strong>Ponentes:<\/strong><\/p>\n<p>Sabrina Gaudino Di Meo<\/p>\n<p>Ana Mombiedro<\/p>\n<p>Ana Asensio<\/p>\n<p><strong>Moderador:<\/strong> Stepienybarno<\/p>\n<p><strong>Organizaci\u00f3n:<\/strong> Fuctura y Arquitasa<\/p><\/blockquote>\n<p>&nbsp;<\/p>\n<p>V\u00eddeo resumen de la anterior edici\u00f3n:<\/p>\n<div style=\"position: relative; height: 0; padding-bottom: 56.21%;\"><iframe loading=\"lazy\" style=\"position: absolute; width: 100%; height: 100%; left: 0;\" src=\"https:\/\/www.youtube.com\/embed\/BhdsdAmA1oE?ecver=2\" width=\"641\" height=\"360\" frameborder=\"0\" allowfullscreen=\"allowfullscreen\"><\/iframe><\/div>\n<p>&nbsp;<\/p>\n<p>&nbsp;<\/p>\n<p>\u201c(&#8230;) En la segunda edici\u00f3n de\u00a0#Arquisinergias, que se celebrar\u00e1 en el m\u00edtico\u00a0<a href=\"https:\/\/www.cafepombo.com\/\">Caf\u00e9 Pombo<\/a>, de Madrid, donde en otra \u00e9poca se reun\u00edan \u201credes de profesionales, pensadores y artistas\u201d\u00a0para analizar el mundo y tratar de cambiarlo, reuniones inmortalizadas en el conocido cuadro de Solana. Ahora se van a reunir un grupo de destacados profesionales, arquitectos, ingenieros, psic\u00f3logos, soci\u00f3logos, bi\u00f3logos, etc\u2026\u00a0para compartir interesantes experiencias de tres j\u00f3venes arquitectas, que han \u201ciniciado procesos de transformaci\u00f3n\u201d en los \u00e1mbitos de la neurociencia relacionada con la arquitectura, la transformaci\u00f3n urbana desde la participaci\u00f3n ciudadana y otras muchas iniciativas que hemos agrupado bajo el ep\u00edgrafe \u201cExperiencias urbanas viscerales\u201d.\u00a0 A continuaci\u00f3n, habr\u00e1 un coloquio, al que nos incorporaremos, aportando nuestras experiencias.\u201d<\/p>\n<h3 style=\"text-align: center;\"><strong><a href=\"http:\/\/www.arquitasa.com\/experiencias-urbanas-viscerales-arquisinergias2-i-francisco-camino\/\" target=\"_blank\" rel=\"noopener\"><span style=\"color: #0000ff;\">Acceder al post en Arquitasa<\/span><\/a><\/strong><\/h3>\n<p>&nbsp;<\/p>\n<h4 style=\"text-align: center;\"><span style=\"color: #333333;\">\u00bfQuieres inscribirte en nuestro curso de Identidad Digital para arquitectos?<\/span><\/h4>\n<h4 style=\"text-align: center;\"><span style=\"color: #333333;\">En breve, nueva edici\u00f3n:<\/span><\/h4>\n<h4 style=\"text-align: center;\"><span style=\"color: #333333;\"><a href=\"http:\/\/cursoidentidaddigital.stepienybarno.es\/\">http:\/\/cursoidentidaddigital.stepienybarno.es\/<\/a><\/span><\/h4>\n<h4 style=\"text-align: center;\"><span style=\"color: #333333;\">Informaci\u00f3n en: <a href=\"mailto:blog@stepienybarno.es\">blog@stepienybarno.es<\/a><\/span><\/h4>\n<h3 style=\"text-align: center;\"><\/h3>\n<h3 style=\"text-align: center;\"><\/h3>\n<h3 style=\"text-align: center;\"><strong>Autores del post: <a href=\"https:\/\/stepienybarno.es\/blog\/2011\/09\/04\/las-fortalezas-del-arquitecto\/\">Stepienybarno<\/a> _ Agnieszka Stepien y Lorenzo Barn\u00f3<\/strong><\/h3>\n<p>Y como siempre, si te gust\u00f3 el post,\u00a0estar\u00eda genial que lo compartas\u00a0en tus redes sociales.<\/p>\n<p>A su vez, si todav\u00eda no est\u00e1s suscrito a nuestra Newsletter, te animamos a hacerlo en la casilla que tienes al terminar este art\u00edculo.<\/p>\n<p>&nbsp;<\/p>\n<p>Suscribirte a nuestro blog y recibe gratis nuestra gu\u00eda: 10 Ideas para vender m\u00e1s si eres arquitecto<\/p>\n<p>Acceder: <a href=\"http:\/\/bit.ly\/2fkkTS7\">http:\/\/bit.ly\/2fkkTS7<\/a><\/p>\n<p>&nbsp;<\/p>\n<p>Si te interesa contactar con nosotros para que te ayudemos a mejorar tu visibilidad online y, en consecuencia, mejorar tus oportunidades laborales, no dudes en escribirnos a: <a href=\"mailto:blog@stepienybarno.es\">blog@stepienybarno.es<\/a><\/p>\n<p>&nbsp;<\/p>\n<blockquote><p><a href=\"https:\/\/twitter.com\/stepienybarno\">Stepienybarno en TWITTER<\/a><\/p>\n<p><a href=\"https:\/\/twitter.com\/stepienybarno\">@stepienybarno (+ de 16.000 seguidores)<\/a><\/p>\n<p><a href=\"https:\/\/twitter.com\/stepienybarno?lang=es\">https:\/\/twitter.com\/stepienybarno?lang=es<\/a><\/p>\n<p><a href=\"https:\/\/www.facebook.com\/pages\/BLOG-DE-STEPIENYBARNO\/78001079029\">Stepienybarno en FACEBOOK (+ de 24<u>.000 seguidores)<\/u><\/a><\/p>\n<p><a href=\"https:\/\/www.facebook.com\/StepienyBarnoArquitecturaeIdentidadDigital\/\">https:\/\/www.facebook.com\/StepienyBarnoArquitecturaeIdentidadDigital\/<\/a><\/p>\n<p>Acceder a nuestro GRUPO CERRADO DE FACEBOOK sobre Identidad Digital para Arquitectos:<\/p>\n<p><a href=\"https:\/\/www.facebook.com\/groups\/IdentidadDigitalParaArquitectos\/\">https:\/\/www.facebook.com\/groups\/IdentidadDigitalParaArquitectos\/<\/a><\/p>\n<p>Suscr\u00edbete a nuestro canal de YOUTUBE: <a href=\"http:\/\/bit.ly\/2A1UtAd\">http:\/\/bit.ly\/2A1UtAd<\/a><\/p><\/blockquote>\n<p>&nbsp;<\/p>\n<p><span style=\"color: #808080;\"><em>* <a href=\"https:\/\/stepienybarno.es\/blog\/2011\/09\/04\/las-fortalezas-del-arquitecto\/\">Stepienybarno<\/a> est\u00e1 formado por Agnieszka Stepien y Lorenzo Barn\u00f3 y desde mayo del 2009 estamos en la red con\u00a0 la presente publicaci\u00f3n digital (Blog) de arquitectura.<\/em><\/span><\/p>\n<p><span style=\"color: #808080;\"><em>Nuestra actividad se sustenta en tres pilares b\u00e1sicos: la investigaci\u00f3n, la publicaci\u00f3n y la redacci\u00f3n de proyectos de arquitectura.<\/em><\/span><\/p>\n<p><span style=\"color: #808080;\"><em>A su vez, somos socios cofundadores de <a href=\"http:\/\/sinergiasostenible.org\/\">SINERGIA SOSTENIBLE<\/a> y directores del blog de FUNDACI\u00d3N ARQUIA.<\/em><\/span><\/p>\n","protected":false},"excerpt":{"rendered":"<p>Despu\u00e9s del \u00e9xito de la primera edici\u00f3n de Arquisinergias, Fuctura<\/p>\n","protected":false},"author":2,"featured_media":30536,"comment_status":"open","ping_status":"closed","sticky":false,"template":"","format":"standard","meta":{"om_disable_all_campaigns":false,"_monsterinsights_skip_tracking":false,"_monsterinsights_sitenote_active":false,"_monsterinsights_sitenote_note":"","_monsterinsights_sitenote_category":0,"_uf_show_specific_survey":0,"_uf_disable_surveys":false,"episode_type":"","audio_file":"","cover_image":"","cover_image_id":"","duration":"","filesize":"","date_recorded":"","explicit":"","block":"","filesize_raw":"","footnotes":""},"categories":[4],"tags":[4194,2610,4036,5973,3541,5974,4195,921,5975],"series":[],"class_list":["post-30535","post","type-post","status-publish","format-standard","has-post-thumbnail","hentry","category-arquilectura","tag-arquisinergias","tag-ana-asensio","tag-ana-mombiedro","tag-arquisinergiasii","tag-arquitasa","tag-cafe-pombo","tag-fuctura","tag-plataforma-arquitectura","tag-sabrina-gaudino-di-meo"],"aioseo_notices":[],"episode_featured_image":"https:\/\/stepienybarno.es\/blog\/wp-content\/uploads\/2018\/01\/arquisinergias-archica\u00f1as-stepienhybarno-fuctura-arquitasa.jpg","episode_player_image":"https:\/\/stepienybarno.es\/blog\/wp-content\/uploads\/2020\/11\/stepienybarno-podcast-scaled.jpg","download_link":"","player_link":"","audio_player":false,"episode_data":{"playerMode":"dark","subscribeUrls":[],"rssFeedUrl":"https:\/\/stepienybarno.es\/blog\/feed\/podcast\/podcast-de-stepienybarno","embedCode":"<blockquote class=\"wp-embedded-content\" data-secret=\"meODc9mnsU\"><a href=\"https:\/\/stepienybarno.es\/blog\/2018\/01\/22\/arquisinergiasii-a-la-vuelta-de-la-esquina\/\">\u00a1#ARQUISINERGIASII A LA VUELTA DE LA ESQUINA!<\/a><\/blockquote><iframe sandbox=\"allow-scripts\" security=\"restricted\" src=\"https:\/\/stepienybarno.es\/blog\/2018\/01\/22\/arquisinergiasii-a-la-vuelta-de-la-esquina\/embed\/#?secret=meODc9mnsU\" width=\"500\" height=\"350\" title=\"\u00ab\u00a1#ARQUISINERGIASII A LA VUELTA DE LA ESQUINA!\u00bb \u2014 Blog de STEPIEN Y BARNO - publicaci\u00f3n digital sobre arquitectura\" data-secret=\"meODc9mnsU\" frameborder=\"0\" marginwidth=\"0\" marginheight=\"0\" scrolling=\"no\" class=\"wp-embedded-content\"><\/iframe><script type=\"text\/javascript\">\n\/* <![CDATA[ *\/\n\/*! This file is auto-generated *\/\n!function(d,l){\"use strict\";l.querySelector&&d.addEventListener&&\"undefined\"!=typeof URL&&(d.wp=d.wp||{},d.wp.receiveEmbedMessage||(d.wp.receiveEmbedMessage=function(e){var t=e.data;if((t||t.secret||t.message||t.value)&&!\/[^a-zA-Z0-9]\/.test(t.secret)){for(var s,r,n,a=l.querySelectorAll('iframe[data-secret=\"'+t.secret+'\"]'),o=l.querySelectorAll('blockquote[data-secret=\"'+t.secret+'\"]'),c=new RegExp(\"^https?:$\",\"i\"),i=0;i<o.length;i++)o[i].style.display=\"none\";for(i=0;i<a.length;i++)s=a[i],e.source===s.contentWindow&&(s.removeAttribute(\"style\"),\"height\"===t.message?(1e3<(r=parseInt(t.value,10))?r=1e3:~~r<200&&(r=200),s.height=r):\"link\"===t.message&&(r=new URL(s.getAttribute(\"src\")),n=new URL(t.value),c.test(n.protocol))&&n.host===r.host&&l.activeElement===s&&(d.top.location.href=t.value))}},d.addEventListener(\"message\",d.wp.receiveEmbedMessage,!1),l.addEventListener(\"DOMContentLoaded\",function(){for(var e,t,s=l.querySelectorAll(\"iframe.wp-embedded-content\"),r=0;r<s.length;r++)(t=(e=s[r]).getAttribute(\"data-secret\"))||(t=Math.random().toString(36).substring(2,12),e.src+=\"#?secret=\"+t,e.setAttribute(\"data-secret\",t)),e.contentWindow.postMessage({message:\"ready\",secret:t},\"*\")},!1)))}(window,document);\n\/* ]]> *\/\n<\/script>\n"},"_links":{"self":[{"href":"https:\/\/stepienybarno.es\/blog\/wp-json\/wp\/v2\/posts\/30535"}],"collection":[{"href":"https:\/\/stepienybarno.es\/blog\/wp-json\/wp\/v2\/posts"}],"about":[{"href":"https:\/\/stepienybarno.es\/blog\/wp-json\/wp\/v2\/types\/post"}],"author":[{"embeddable":true,"href":"https:\/\/stepienybarno.es\/blog\/wp-json\/wp\/v2\/users\/2"}],"replies":[{"embeddable":true,"href":"https:\/\/stepienybarno.es\/blog\/wp-json\/wp\/v2\/comments?post=30535"}],"version-history":[{"count":3,"href":"https:\/\/stepienybarno.es\/blog\/wp-json\/wp\/v2\/posts\/30535\/revisions"}],"predecessor-version":[{"id":30539,"href":"https:\/\/stepienybarno.es\/blog\/wp-json\/wp\/v2\/posts\/30535\/revisions\/30539"}],"wp:featuredmedia":[{"embeddable":true,"href":"https:\/\/stepienybarno.es\/blog\/wp-json\/wp\/v2\/media\/30536"}],"wp:attachment":[{"href":"https:\/\/stepienybarno.es\/blog\/wp-json\/wp\/v2\/media?parent=30535"}],"wp:term":[{"taxonomy":"category","embeddable":true,"href":"https:\/\/stepienybarno.es\/blog\/wp-json\/wp\/v2\/categories?post=30535"},{"taxonomy":"post_tag","embeddable":true,"href":"https:\/\/stepienybarno.es\/blog\/wp-json\/wp\/v2\/tags?post=30535"},{"taxonomy":"series","embeddable":true,"href":"https:\/\/stepienybarno.es\/blog\/wp-json\/wp\/v2\/series?post=30535"}],"curies":[{"name":"wp","href":"https:\/\/api.w.org\/{rel}","templated":true}]}}