{"id":30596,"date":"2018-01-27T20:46:15","date_gmt":"2018-01-27T18:46:15","guid":{"rendered":"https:\/\/www.stepienybarno.es\/blog\/?p=30596"},"modified":"2018-01-27T20:46:15","modified_gmt":"2018-01-27T18:46:15","slug":"los-tres-proyectos-que-mas-han-gustado-esta-semana-proyectodelasemana","status":"publish","type":"post","link":"https:\/\/stepienybarno.es\/blog\/2018\/01\/27\/los-tres-proyectos-que-mas-han-gustado-esta-semana-proyectodelasemana\/","title":{"rendered":"Los tres proyectos que m\u00e1s han gustado esta semana #ProyectoDeLaSemana"},"content":{"rendered":"<p><img loading=\"lazy\" decoding=\"async\" class=\"aligncenter size-medium wp-image-30597\" src=\"https:\/\/stepienybarno.es\/blog\/wp-content\/uploads\/2018\/01\/Stepienybarno-4-enero-ProyectoDeLaSemana-01-550x367.jpg\" alt=\"\" width=\"550\" height=\"367\" srcset=\"https:\/\/stepienybarno.es\/blog\/wp-content\/uploads\/2018\/01\/Stepienybarno-4-enero-ProyectoDeLaSemana-01-550x367.jpg 550w, https:\/\/stepienybarno.es\/blog\/wp-content\/uploads\/2018\/01\/Stepienybarno-4-enero-ProyectoDeLaSemana-01-180x120.jpg 180w, https:\/\/stepienybarno.es\/blog\/wp-content\/uploads\/2018\/01\/Stepienybarno-4-enero-ProyectoDeLaSemana-01-1024x683.jpg 1024w, https:\/\/stepienybarno.es\/blog\/wp-content\/uploads\/2018\/01\/Stepienybarno-4-enero-ProyectoDeLaSemana-01-316x211.jpg 316w, https:\/\/stepienybarno.es\/blog\/wp-content\/uploads\/2018\/01\/Stepienybarno-4-enero-ProyectoDeLaSemana-01.jpg 1500w\" sizes=\"(max-width: 550px) 100vw, 550px\" \/><\/p>\n<p>Comenzamos una nueva secci\u00f3n en StepienyBarno, al final de cada semana recogeremos a los 3 proyectos que m\u00e1s os han gustado.<\/p>\n<p>\u00a1A ver qu\u00e9 os parece!<\/p>\n<p><!--more--><\/p>\n<p>1 | Casa Ktima<\/p>\n<p style=\"padding-left: 30px;\">Por: <a href=\"http:\/\/www.camilorebelo.com\/\" target=\"_blank\" rel=\"noopener\">Camilo Rebelo<\/a> + Susana Martins<\/p>\n<p style=\"padding-left: 30px;\">Fotograf\u00eda: <a href=\"http:\/\/www.umclaudio.com\/\" target=\"_blank\" rel=\"noopener\">Claudio Reis<\/a><\/p>\n<p style=\"padding-left: 30px;\">Desde: <a href=\"http:\/\/www.plataformaarquitectura.cl\/\" target=\"_blank\" rel=\"noopener\">Plataforma Arquitectura<\/a><\/p>\n<p><img loading=\"lazy\" decoding=\"async\" class=\"aligncenter size-medium wp-image-30581\" src=\"https:\/\/stepienybarno.es\/blog\/wp-content\/uploads\/2018\/01\/Stepienybarno-casaktima-camilorebelo-susanamartins-ProyectodelDia-01-550x367.jpg\" alt=\"\" width=\"550\" height=\"367\" srcset=\"https:\/\/stepienybarno.es\/blog\/wp-content\/uploads\/2018\/01\/Stepienybarno-casaktima-camilorebelo-susanamartins-ProyectodelDia-01-550x367.jpg 550w, https:\/\/stepienybarno.es\/blog\/wp-content\/uploads\/2018\/01\/Stepienybarno-casaktima-camilorebelo-susanamartins-ProyectodelDia-01-180x120.jpg 180w, https:\/\/stepienybarno.es\/blog\/wp-content\/uploads\/2018\/01\/Stepienybarno-casaktima-camilorebelo-susanamartins-ProyectodelDia-01-1024x683.jpg 1024w, https:\/\/stepienybarno.es\/blog\/wp-content\/uploads\/2018\/01\/Stepienybarno-casaktima-camilorebelo-susanamartins-ProyectodelDia-01-316x211.jpg 316w, https:\/\/stepienybarno.es\/blog\/wp-content\/uploads\/2018\/01\/Stepienybarno-casaktima-camilorebelo-susanamartins-ProyectodelDia-01.jpg 1500w\" sizes=\"(max-width: 550px) 100vw, 550px\" \/><\/p>\n<p style=\"padding-left: 30px; text-align: center;\">Acceder al Proyecto <a href=\"http:\/\/bit.ly\/2FgOdpW\" target=\"_blank\" rel=\"noopener\">AQU\u00cd<\/a><\/p>\n<p>&nbsp;<\/p>\n<p>2 | Centro de D\u00eda para enfermos de Alzheimer<\/p>\n<p style=\"padding-left: 30px;\">Por: VRa\u00a0(Rub\u00e9n Garc\u00eda Rubio y Sonsoles Vela Navarro)<\/p>\n<p style=\"padding-left: 30px;\">Fotograf\u00eda: <a href=\"http:\/\/javibravo.com\/\" target=\"_blank\" rel=\"noopener\">Javier Bravo<\/a><\/p>\n<p style=\"padding-left: 30px;\">Desde: <a href=\"http:\/\/cajondearquitecto.com\/\" target=\"_blank\" rel=\"noopener\">Cajon de Arquitecto<\/a><\/p>\n<p><img loading=\"lazy\" decoding=\"async\" class=\"size-medium wp-image-30542 aligncenter\" src=\"https:\/\/stepienybarno.es\/blog\/wp-content\/uploads\/2018\/01\/Stepienybarno-Centro-de-dia-alzheimer-VRa-ProyectoDelDi\u0301a-02-367x550.jpg\" alt=\"\" width=\"367\" height=\"550\" srcset=\"https:\/\/stepienybarno.es\/blog\/wp-content\/uploads\/2018\/01\/Stepienybarno-Centro-de-dia-alzheimer-VRa-ProyectoDelDi\u0301a-02-367x550.jpg 367w, https:\/\/stepienybarno.es\/blog\/wp-content\/uploads\/2018\/01\/Stepienybarno-Centro-de-dia-alzheimer-VRa-ProyectoDelDi\u0301a-02-120x180.jpg 120w, https:\/\/stepienybarno.es\/blog\/wp-content\/uploads\/2018\/01\/Stepienybarno-Centro-de-dia-alzheimer-VRa-ProyectoDelDi\u0301a-02-467x700.jpg 467w, https:\/\/stepienybarno.es\/blog\/wp-content\/uploads\/2018\/01\/Stepienybarno-Centro-de-dia-alzheimer-VRa-ProyectoDelDi\u0301a-02-224x336.jpg 224w, https:\/\/stepienybarno.es\/blog\/wp-content\/uploads\/2018\/01\/Stepienybarno-Centro-de-dia-alzheimer-VRa-ProyectoDelDi\u0301a-02-267x400.jpg 267w, https:\/\/stepienybarno.es\/blog\/wp-content\/uploads\/2018\/01\/Stepienybarno-Centro-de-dia-alzheimer-VRa-ProyectoDelDi\u0301a-02.jpg 614w\" sizes=\"(max-width: 367px) 100vw, 367px\" \/><\/p>\n<p style=\"padding-left: 30px; text-align: center;\">Acceder al Proyecto <a href=\"http:\/\/bit.ly\/2rt7Wkj\" target=\"_blank\" rel=\"noopener\">AQU\u00cd<\/a><\/p>\n<p>&nbsp;<\/p>\n<p>3 | Nueva Sede Norvento<\/p>\n<p style=\"padding-left: 30px;\">Por: <a href=\"http:\/\/www.fmangado.es\/\" target=\"_blank\" rel=\"noopener\">Francisco Mangado<\/a><\/p>\n<p style=\"padding-left: 30px;\">Fotograf\u00eda: <a href=\"http:\/\/www.juanrodriguezphotography.com\/inicio.htm\" target=\"_blank\" rel=\"noopener\">Juan Rodr\u00edguez<\/a><\/p>\n<p style=\"padding-left: 30px;\">Desde: <a href=\"http:\/\/hicarquitectura.com\/\" target=\"_blank\" rel=\"noopener\">HIC arquitectura<\/a><\/p>\n<p><img loading=\"lazy\" decoding=\"async\" class=\"aligncenter size-medium wp-image-30575\" src=\"https:\/\/stepienybarno.es\/blog\/wp-content\/uploads\/2018\/01\/Stepienybarno-sedenorvento-franciscomangado-ProyectodelDia-01-550x367.jpg\" alt=\"\" width=\"550\" height=\"367\" srcset=\"https:\/\/stepienybarno.es\/blog\/wp-content\/uploads\/2018\/01\/Stepienybarno-sedenorvento-franciscomangado-ProyectodelDia-01-550x367.jpg 550w, https:\/\/stepienybarno.es\/blog\/wp-content\/uploads\/2018\/01\/Stepienybarno-sedenorvento-franciscomangado-ProyectodelDia-01-180x120.jpg 180w, https:\/\/stepienybarno.es\/blog\/wp-content\/uploads\/2018\/01\/Stepienybarno-sedenorvento-franciscomangado-ProyectodelDia-01-1024x683.jpg 1024w, https:\/\/stepienybarno.es\/blog\/wp-content\/uploads\/2018\/01\/Stepienybarno-sedenorvento-franciscomangado-ProyectodelDia-01-316x211.jpg 316w, https:\/\/stepienybarno.es\/blog\/wp-content\/uploads\/2018\/01\/Stepienybarno-sedenorvento-franciscomangado-ProyectodelDia-01.jpg 1200w\" sizes=\"(max-width: 550px) 100vw, 550px\" \/><\/p>\n<p style=\"padding-left: 30px; text-align: center;\">Acceder al Proyecto <a href=\"http:\/\/bit.ly\/2n5GDHq\" target=\"_blank\" rel=\"noopener\">AQU\u00cd<\/a><\/p>\n<p>&nbsp;<\/p>\n<p>&nbsp;<\/p>\n<p>\u00a1Esperamos que hay\u00e1is disfrutado recordando estos proyectos!,<\/p>\n<p>seguimos la pr\u00f3xima semana.<\/p>\n<p>&nbsp;<\/p>\n<p>Noticia seleccionada por el Canal de arquitectura STEPIENYBARNO.<\/p>\n<p><a href=\"https:\/\/twitter.com\/stepienybarno\" target=\"_blank\" rel=\"noopener\">STEPIENYBARNO EN TWITTER<\/a> _ @stepienybarno<\/p>\n<p><a href=\"http:\/\/bit.ly\/2irSukI\" target=\"_blank\" rel=\"noopener\">STEPIENYBARNO EN LINKEDIN<\/a><\/p>\n<p><a href=\"http:\/\/bit.ly\/2rIQLHJ\" target=\"_blank\" rel=\"noopener\">STEPIENYBARNO EN FACEBOOK<\/a><\/p>\n<p>*Stepienybarno est\u00e1 formado por Agnieszka Stepien y Lorenzo Barn\u00f3 y desde mayo del 2009 estamos en la red con la presente publicaci\u00f3n digital (Blog) de arquitectura.<\/p>\n<p>Nuestra actividad se sustenta en tres pilares b\u00e1sicos: la investigaci\u00f3n, la publicaci\u00f3n (comunicaci\u00f3n y difusi\u00f3n) y la redacci\u00f3n de proyectos de arquitectura.<\/p>\n<p>A su vez, somos socios cofundadores de\u00a0SINERGIA SOSTENIBLE,\u00a0redactores de\u00a0LA CIUDAD VIVA\u00a0y directores del blog de\u00a0FUNDACI\u00d3N ARQUIA.<\/p>\n<p>* Los editores de esta publicaci\u00f3n digital no nos hacemos cargo de de los comentarios y\u00a0conceptos vertidos en los textos firmados por otras personas, siendo \u00e9stos de responsabilidad exclusiva de sus autores.<\/p>\n<p>* Tu comentario podr\u00e1 ser moderado, por lo tanto, aunque aparezca inmediatamente al ser publicado en la entrada, los editores de esta publicaci\u00f3n digital nos reservamos el derecho tanto de editarlo (si fuera necesario, para hacerlo m\u00e1s legible) como de eliminarlo en el caso de que se usen expresiones incorrectas (descalificaciones, palabras malsonantes\u2026). A su vez, si quieres comentar desde el anonimato puedes hacerlo, aunque, nosotros personalmente, agradecemos que tod@s nos podamos identificar.<\/p>\n","protected":false},"excerpt":{"rendered":"<p>Comenzamos una nueva secci\u00f3n en StepienyBarno, al final de cada<\/p>\n","protected":false},"author":10,"featured_media":30597,"comment_status":"open","ping_status":"closed","sticky":false,"template":"","format":"standard","meta":{"om_disable_all_campaigns":false,"_monsterinsights_skip_tracking":false,"_monsterinsights_sitenote_active":false,"_monsterinsights_sitenote_note":"","_monsterinsights_sitenote_category":0,"_uf_show_specific_survey":0,"_uf_disable_surveys":false,"episode_type":"","audio_file":"","cover_image":"","cover_image_id":"","duration":"","filesize":"","date_recorded":"","explicit":"","block":"","filesize_raw":"","footnotes":""},"categories":[3197,244],"tags":[5988,4277,5976,1027,5985,641,2220,5834,3781,921,5977,5978,3317,5989],"series":[],"class_list":["post-30596","post","type-post","status-publish","format-standard","has-post-thumbnail","hentry","category-proyectodeldia","category-canal-de-arquitectura","tag-proyectodelasemana","tag-proyecto-de-arquitectura-del-dia","tag-cajon-de-arquitecto","tag-camilo-rebelo","tag-claudio-reis","tag-francisco-mangado","tag-hic-arquitectura","tag-javier-bravo","tag-juan-rodriguez","tag-plataforma-arquitectura","tag-ruben-garcia-rubio","tag-sonsoles-vela-navarro","tag-susana-martins","tag-vra"],"aioseo_notices":[],"episode_featured_image":"https:\/\/stepienybarno.es\/blog\/wp-content\/uploads\/2018\/01\/Stepienybarno-4-enero-ProyectoDeLaSemana-01.jpg","episode_player_image":"https:\/\/stepienybarno.es\/blog\/wp-content\/uploads\/2020\/11\/stepienybarno-podcast-scaled.jpg","download_link":"","player_link":"","audio_player":false,"episode_data":{"playerMode":"dark","subscribeUrls":[],"rssFeedUrl":"https:\/\/stepienybarno.es\/blog\/feed\/podcast\/podcast-de-stepienybarno","embedCode":"<blockquote class=\"wp-embedded-content\" data-secret=\"yKNlnjmkw1\"><a href=\"https:\/\/stepienybarno.es\/blog\/2018\/01\/27\/los-tres-proyectos-que-mas-han-gustado-esta-semana-proyectodelasemana\/\">Los tres proyectos que m\u00e1s han gustado esta semana #ProyectoDeLaSemana<\/a><\/blockquote><iframe sandbox=\"allow-scripts\" security=\"restricted\" src=\"https:\/\/stepienybarno.es\/blog\/2018\/01\/27\/los-tres-proyectos-que-mas-han-gustado-esta-semana-proyectodelasemana\/embed\/#?secret=yKNlnjmkw1\" width=\"500\" height=\"350\" title=\"\u00abLos tres proyectos que m\u00e1s han gustado esta semana #ProyectoDeLaSemana\u00bb \u2014 Blog de STEPIEN Y BARNO - publicaci\u00f3n digital sobre arquitectura\" data-secret=\"yKNlnjmkw1\" frameborder=\"0\" marginwidth=\"0\" marginheight=\"0\" scrolling=\"no\" class=\"wp-embedded-content\"><\/iframe><script type=\"text\/javascript\">\n\/* <![CDATA[ *\/\n\/*! This file is auto-generated *\/\n!function(d,l){\"use strict\";l.querySelector&&d.addEventListener&&\"undefined\"!=typeof URL&&(d.wp=d.wp||{},d.wp.receiveEmbedMessage||(d.wp.receiveEmbedMessage=function(e){var t=e.data;if((t||t.secret||t.message||t.value)&&!\/[^a-zA-Z0-9]\/.test(t.secret)){for(var s,r,n,a=l.querySelectorAll('iframe[data-secret=\"'+t.secret+'\"]'),o=l.querySelectorAll('blockquote[data-secret=\"'+t.secret+'\"]'),c=new RegExp(\"^https?:$\",\"i\"),i=0;i<o.length;i++)o[i].style.display=\"none\";for(i=0;i<a.length;i++)s=a[i],e.source===s.contentWindow&&(s.removeAttribute(\"style\"),\"height\"===t.message?(1e3<(r=parseInt(t.value,10))?r=1e3:~~r<200&&(r=200),s.height=r):\"link\"===t.message&&(r=new URL(s.getAttribute(\"src\")),n=new URL(t.value),c.test(n.protocol))&&n.host===r.host&&l.activeElement===s&&(d.top.location.href=t.value))}},d.addEventListener(\"message\",d.wp.receiveEmbedMessage,!1),l.addEventListener(\"DOMContentLoaded\",function(){for(var e,t,s=l.querySelectorAll(\"iframe.wp-embedded-content\"),r=0;r<s.length;r++)(t=(e=s[r]).getAttribute(\"data-secret\"))||(t=Math.random().toString(36).substring(2,12),e.src+=\"#?secret=\"+t,e.setAttribute(\"data-secret\",t)),e.contentWindow.postMessage({message:\"ready\",secret:t},\"*\")},!1)))}(window,document);\n\/* ]]> *\/\n<\/script>\n"},"_links":{"self":[{"href":"https:\/\/stepienybarno.es\/blog\/wp-json\/wp\/v2\/posts\/30596"}],"collection":[{"href":"https:\/\/stepienybarno.es\/blog\/wp-json\/wp\/v2\/posts"}],"about":[{"href":"https:\/\/stepienybarno.es\/blog\/wp-json\/wp\/v2\/types\/post"}],"author":[{"embeddable":true,"href":"https:\/\/stepienybarno.es\/blog\/wp-json\/wp\/v2\/users\/10"}],"replies":[{"embeddable":true,"href":"https:\/\/stepienybarno.es\/blog\/wp-json\/wp\/v2\/comments?post=30596"}],"version-history":[{"count":1,"href":"https:\/\/stepienybarno.es\/blog\/wp-json\/wp\/v2\/posts\/30596\/revisions"}],"predecessor-version":[{"id":30598,"href":"https:\/\/stepienybarno.es\/blog\/wp-json\/wp\/v2\/posts\/30596\/revisions\/30598"}],"wp:featuredmedia":[{"embeddable":true,"href":"https:\/\/stepienybarno.es\/blog\/wp-json\/wp\/v2\/media\/30597"}],"wp:attachment":[{"href":"https:\/\/stepienybarno.es\/blog\/wp-json\/wp\/v2\/media?parent=30596"}],"wp:term":[{"taxonomy":"category","embeddable":true,"href":"https:\/\/stepienybarno.es\/blog\/wp-json\/wp\/v2\/categories?post=30596"},{"taxonomy":"post_tag","embeddable":true,"href":"https:\/\/stepienybarno.es\/blog\/wp-json\/wp\/v2\/tags?post=30596"},{"taxonomy":"series","embeddable":true,"href":"https:\/\/stepienybarno.es\/blog\/wp-json\/wp\/v2\/series?post=30596"}],"curies":[{"name":"wp","href":"https:\/\/api.w.org\/{rel}","templated":true}]}}