{"id":30958,"date":"2018-02-23T08:29:51","date_gmt":"2018-02-23T06:29:51","guid":{"rendered":"https:\/\/www.stepienybarno.es\/blog\/?p=30958"},"modified":"2018-02-23T09:56:25","modified_gmt":"2018-02-23T07:56:25","slug":"la-revolucion-digital","status":"publish","type":"post","link":"https:\/\/stepienybarno.es\/blog\/2018\/02\/23\/la-revolucion-digital\/","title":{"rendered":"LA REVOLUCI\u00d3N DIGITAL"},"content":{"rendered":"<p>&nbsp;<\/p>\n<p>En m\u00e1s de un post de este blog hemos puesto encima de la mesa la distancia que separa a los arquitectos de la sociedad. A su vez, no son pocas las veces que hemos hablado de c\u00f3mo el mundo 2.0 afecta a nuestro particular mundillo arquitect\u00f3nico. Por ello, desde <a href=\"https:\/\/stepienybarno.es\/blog\/\">Stepienybarno<\/a>, quisi\u00e9ramos dejar entrever las posibilidades que nos brindan las nuevas tecnolog\u00edas y la red para acercar \u00a0la arquitectura a la ciudadan\u00eda.<\/p>\n<p>Estamos hablando del comienzo de una nueva era, una era digital, que no va s\u00f3lo de redes sociales. Se trata de un cambio neur\u00e1lgico en nuestro mundo. Permanecer ajenos a \u00e9l, seguramente no es una opci\u00f3n viable. Dejarse llevar por las prisas y la locura de la red, tampoco.<br \/>\nAs\u00ed, hoy m\u00e1s que nunca, necesitamos una visi\u00f3n cr\u00edtica de lo que estamos viviendo.<\/p>\n<p>\u00bfNos acompa\u00f1as?<\/p>\n<p><!--more--><\/p>\n<h4><strong>1_ REVOBINANDO<\/strong><\/h4>\n<p>Pero antes de entrar en materia creemos conveniente hacer un breve viaje en el tiempo. La piedra fue el soporte m\u00e1s antiguo de escritura, pero fue la madera quien se convirti\u00f3 en el soporte de los primeros libros. M\u00e1s adelante, con la aparici\u00f3n del pergamino y finalmente el papel, <strong>se fueron sucediendo, lentamente, los siglos en que monjes metidos en sus scriptorium se dedicaban a copiar libros sin descanso. A este conocimiento s\u00f3lo ten\u00eda acceso un selecto n\u00famero de personas.<\/strong> Pero, a mediados del siglo XV un inquieto herrero llamado <strong><em>Johann Gutenberg<\/em><\/strong> ret\u00f3 a un monje a copiar un manuscrito b\u00edblico en la mitad de tiempo del que \u00e9l mismo necesitar\u00eda para hacerlo. En este preciso momento se dio a luz a la imprenta moderna. Desde este hito hist\u00f3rico hasta que <strong><em>Guillermo Marconi<\/em><\/strong> realizara la primera transmisi\u00f3n por<strong> radio<\/strong>, pasaron la friolera de 350 a\u00f1os. Cien a\u00f1os despu\u00e9s, a principios de siglo XX, por fin, lleg\u00f3 la <strong>televisi\u00f3n<\/strong> que, de alguna manera, cambi\u00f3 la forma de habitar de medio mundo, cogiendo cada vez m\u00e1s protagonismo en nuestro d\u00eda a d\u00eda. Los siguientes cambios que se sucedieron siguieron siendo lentos en el tiempo: 13 a\u00f1os hasta que apareci\u00f3 el primer anuncio, en Espa\u00f1a no lleg\u00f3 la tele hasta mediados de los cincuenta y las im\u00e1genes en color se hicieron de rogar hasta veinte a\u00f1os despu\u00e9s.<\/p>\n<p style=\"text-align: center;\"><img loading=\"lazy\" decoding=\"async\" class=\"alignnone size-full wp-image-30963\" src=\"https:\/\/stepienybarno.es\/blog\/wp-content\/uploads\/2018\/02\/1.-Johann-Gutenberg-LA-CIUDAD-VIVA-Stepienybarno-LA-REVOLUCI\u00d3N-DIGITAL.jpg\" alt=\"\" width=\"500\" height=\"355\" srcset=\"https:\/\/stepienybarno.es\/blog\/wp-content\/uploads\/2018\/02\/1.-Johann-Gutenberg-LA-CIUDAD-VIVA-Stepienybarno-LA-REVOLUCI\u00d3N-DIGITAL.jpg 500w, https:\/\/stepienybarno.es\/blog\/wp-content\/uploads\/2018\/02\/1.-Johann-Gutenberg-LA-CIUDAD-VIVA-Stepienybarno-LA-REVOLUCI\u00d3N-DIGITAL-180x128.jpg 180w, https:\/\/stepienybarno.es\/blog\/wp-content\/uploads\/2018\/02\/1.-Johann-Gutenberg-LA-CIUDAD-VIVA-Stepienybarno-LA-REVOLUCI\u00d3N-DIGITAL-316x224.jpg 316w\" sizes=\"(max-width: 500px) 100vw, 500px\" \/><\/p>\n<p>&nbsp;<\/p>\n<p>Pero cuando parec\u00eda que nuestra vida de consumidores pasivos de pel\u00edculas llenas de anuncios, telebasura y, porque no reconocerlo, alg\u00fan buen programa de \u201cLa dos\u201d, iba a durar eternamente, <strong>a finales del siglo pasado apareci\u00f3 Internet con un potencial, hasta entonces, inimaginable.<\/strong><\/p>\n<p><strong>A partir de aqu\u00ed, el nuevo medio de comunicaci\u00f3n ha evolucionado a la velocidad de la luz.<\/strong> Hasta el 2003 la red estuvo comandada por portales y p\u00e1ginas que funcionaban en <strong>una sola direcci\u00f3n<\/strong>; es decir, el lector no ten\u00eda un papel activo. Eran los tiempos <strong>1.0.<\/strong><\/p>\n<p>Pero el verdadero despegue se produjo con la aparici\u00f3n de foros, comunidades y blogs en los que cada usuario de manera c\u00f3moda y sin, pr\u00e1cticamente, conocimientos inform\u00e1ticos ya pod\u00eda ser un <strong>nuevo emisor de contenido<\/strong> <strong>produci\u00e9ndose un di\u00e1logo en dos direcciones<\/strong> <strong>y, sobre todo, \u00a0de manera horizontal.<\/strong><\/p>\n<p><strong>Ahora s\u00ed, hab\u00edan llegado los tiempos del 2.0, que fueron abriendo el camino a la eclosi\u00f3n de las redes sociales.<\/strong><\/p>\n<p>Montarnos en este tren supers\u00f3nico es algo inevitable y subirse en marcha, cada vez, ser\u00e1 m\u00e1s dif\u00edcil. Ahora bien, cu\u00e1l es el papel que juega Internet en el d\u00eda a d\u00eda, dentro de nuestro mundo (arquitectura \u2013 arquitectos \u2013 ciudad &#8211; ciudadan\u00eda) es una pregunta que nos quisi\u00e9ramos hacer hoy, para ver qu\u00e9 podemos sacar en claro.<\/p>\n<p>&nbsp;<\/p>\n<h4><strong>2_ INTERACCI\u00d3N<\/strong><\/h4>\n<p>Vemos que se ha producido una evoluci\u00f3n en la que el saber ha pasado de ser privilegio de unos pocos, a convertirse en un \u201cobjeto de consumo masivo\u201d (pero en una sola direcci\u00f3n) para finalmente poder ser \u201csocializado\u201d de manera generalizada.<\/p>\n<p>De hecho, a d\u00eda de hoy, tenemos delante de nuestras narices una nueva era en la que, como bien explica <strong><em>Juan Freire<\/em><\/strong>, podemos aprovechar toda la informaci\u00f3n y convertirla en <strong>una inteligencia colectiva<\/strong> que hibride el \u201c<em>mundo anal\u00f3gico<\/em>\u201d con el mundo digital.<\/p>\n<p style=\"text-align: center;\">\u00a0<img loading=\"lazy\" decoding=\"async\" class=\"alignnone size-large wp-image-30962\" src=\"https:\/\/stepienybarno.es\/blog\/wp-content\/uploads\/2018\/02\/2.-SER-RED-DOBLE-VIA-juan-freire-LA-CIUDAD-VIVA-Stepienybarno-LA-REVOLUCI\u00d3N-DIGITAL.jpg\" alt=\"\" width=\"500\" height=\"197\" srcset=\"https:\/\/stepienybarno.es\/blog\/wp-content\/uploads\/2018\/02\/2.-SER-RED-DOBLE-VIA-juan-freire-LA-CIUDAD-VIVA-Stepienybarno-LA-REVOLUCI\u00d3N-DIGITAL.jpg 500w, https:\/\/stepienybarno.es\/blog\/wp-content\/uploads\/2018\/02\/2.-SER-RED-DOBLE-VIA-juan-freire-LA-CIUDAD-VIVA-Stepienybarno-LA-REVOLUCI\u00d3N-DIGITAL-180x71.jpg 180w, https:\/\/stepienybarno.es\/blog\/wp-content\/uploads\/2018\/02\/2.-SER-RED-DOBLE-VIA-juan-freire-LA-CIUDAD-VIVA-Stepienybarno-LA-REVOLUCI\u00d3N-DIGITAL-316x125.jpg 316w\" sizes=\"(max-width: 500px) 100vw, 500px\" \/><\/p>\n<p>&nbsp;<\/p>\n<p>Las <strong>redes sociales<\/strong> no son un fin es s\u00ed mismas sino una manera de complementar y potenciar los lazos que se forjan fueran del entorno online. Esta \u201csociedad red\u201d debe apostar por la innovaci\u00f3n tecnol\u00f3gica, organizativa y, por supuesto, social. Lo local cada vez adquiere m\u00e1s relevancia gracias a Internet, llegando a \u201cpotenciar el sentimiento de pertenencia e interrelaci\u00f3n\u201d.<\/p>\n<p><strong>A m\u00e1s interacci\u00f3n, tanto en la red como fuera de ella, m\u00e1s posibilidades de cambios concretos tendremos.<\/strong><\/p>\n<p>Ya no es buena idea seguir pensando en t\u00e9rminos 1.0, \u201cproteger mi conocimiento, no insertarme en redes que no controlo, no dialogar con mi entorno fueron buenas ideas en el pasado, pero son p\u00e9simas estrategias en la actualidad. <strong>Pasamos de un mundo del genio individual y de la obra como producto final a otro en que la creaci\u00f3n es colaborativa, y debemos prestar tanta o m\u00e1s atenci\u00f3n al proceso que al producto.\u201d <\/strong><\/p>\n<p>Y este punto creemos que es la clave. Se lleva hablando muchos a\u00f1os de <strong>participaci\u00f3n ciudadana<\/strong> y, all\u00e1 por los setenta y ochenta, se hicieron grandes gestas, pero durante los noventa y principios del siglo XX, se ha tergiversado la idea misma de participaci\u00f3n. Incluir al ciudadano en las decisiones no ha dejado de ser un mero mecanismo de <strong>venta pol\u00edtica<\/strong>, que no hace sino calmar algunas conciencias y acallar m\u00e1s de una voz.<\/p>\n<p>&nbsp;<\/p>\n<p>Pero a d\u00eda de hoy, y gracias a todo el movimiento que se gener\u00f3 en torno al #15M <strong>se est\u00e1n encontrando nuevos mecanismos que, realmente, meten en juego a toda la sociedad.<\/strong><\/p>\n<p>Ahora, <strong>llega un momento de transici\u00f3n en el que la comunicaci\u00f3n en la red y la capacidad que tengamos de crear verdaderas \u00e1goras digitales har\u00e1 mantener viva la energ\u00eda de pasados momentos<\/strong> para que, tarde o temprano, se vuelvan a tomar las calles de una manera, seguramente, mucho m\u00e1s potente e, incluso, m\u00e1s efectiva.<\/p>\n<p>Lo que estamos sufriendo por parte de nuestros gobernantes no es de recibo y bien haremos en usar el mundo 2.0 para poner freno a tanta locura (ver<a href=\"http:\/\/cadenaser.com\/ser\/2018\/02\/22\/internacional\/1519281450_815733.html\"> aqu\u00ed<\/a>).<\/p>\n<p>&nbsp;<\/p>\n<p>Durante este tiempo, los t\u00e9cnicos quiz\u00e1s tengamos un papel nuevo que jugar\u00a0 si somos capaces de que la sociedad nos vea como unos aut\u00e9nticos <strong>\u201cfacilitadores\u201d de procesos.<\/strong> Es importante que no pensemos que somos necesarios por tener un t\u00edtulo, sino que nuestros servicios sean reclamados para acortar la distancia entre quienes toman las decisiones y quienes demandan un nuevo rumbo para la sociedad.<\/p>\n<p>En este sentido, nuestros amigos de <strong>Paisaje Transversal<\/strong> comentan:<\/p>\n<p>\u201c(\u2026) estamos empezando a disfrutar de\u00a0dise\u00f1os colaborativos del espacio p\u00fablico\u00a0que consiguen reactivar la vida social, rehabilitar tejido urbano deprimido, recuperar lugares comunes abandonados y, en definitiva,\u00a0mejorar la salud urbana.\u00a0A su vez, estamos viendo t\u00e1cticas urbanas, proyectos reversibles, que visibilizan potenciales transformaciones de viarios generando inter\u00e9s entre la poblaci\u00f3n y movilizando un\u00a0cambio del imaginario colectivo.\u201d<\/p>\n<p><a href=\"http:\/\/blogfundacion.arquia.es\/2017\/12\/el-papel-de-los-jovenes-urbanistas-en-la-transformacion-de-las-ciudades\/\" target=\"_blank\" rel=\"noopener\">Acceder al post<\/a><\/p>\n<p>&nbsp;<\/p>\n<h4><strong>3_ M\u00c1S COMUNICACI\u00d3N Y MENOS DIFUSI\u00d3N<\/strong><\/h4>\n<p>Si aprovechamos las nuevas plataformas de comunicaci\u00f3n que nos brinda la red, quiz\u00e1s obtengamos resultados sorprendes en poco tiempo. <strong>Es fundamental que los arquitectos generen una arquitectura que implique al ciudadano.<\/strong><\/p>\n<p>Pero aun ciudad que sea para todos y todas. Como bien apunta <strong>Zaida Muxi<\/strong> desde el blog de Fundaci\u00f3n Arquia:<\/p>\n<p>\u201c(\u2026) <strong>La visibilizaci\u00f3n moderna de las mujeres, la participaci\u00f3n social ampliada y la propia reivindicaci\u00f3n humana, definen el empoderamiento y el poder\u00edo de las mujeres y han puesto en crisis el paradigma del mundo patriarcal.<\/strong>\u00a0El universal s\u00edmbolo imaginario y pol\u00edtico de lo humano, el ser, el sujeto, no puede m\u00e1s expresar s\u00f3lo a los hombres y lo masculino en un claro hegemonismo simb\u00f3lico y pol\u00edtico masculino.\u201d<\/p>\n<p><a href=\"http:\/\/blogfundacion.arquia.es\/2018\/02\/ciudad-futura-ciudad-inclusiva\/\" target=\"_blank\" rel=\"noopener\">(Acceder al post)<\/a><\/p>\n<p>&nbsp;<\/p>\n<p>Si no somos capaces de captar la esencia de nuestra sociedad, seguiremos proyectando fr\u00edas y duras arquitecturas. Pensamos que, no estar\u00eda de m\u00e1s seguir el ejemplo del\u00a0 catedr\u00e1tico en filosof\u00eda <strong><em>Peter Sloterdeijk <\/em><\/strong>cuando dice que le gustar\u00eda compararse como un piano que, \u201cde repente, empieza a tocar por s\u00ed solo. <strong>Un piano autom\u00e1tico del esp\u00edritu del tiempo.<\/strong> Recibo f\u00e1cilmente los tonos, pero no por ello dejo de realizar una criba bastante estricta\u201d. Sin embargo, parece que los arquitectos seguimos sin dejarnos contagiar por el \u201cesp\u00edritu de nuestro tiempo\u201d.<\/p>\n<p>Estamos convencidos que, si queremos comunicarnos m\u00ednimamente entre arquitectos y el ciudadano de pie, tendremos que pararnos a entender unos cuantos conceptos, que por elementales no dejan de ser cruciales.<\/p>\n<p>En el prestigioso libro \u201c<em>Manual de relaciones p\u00fablicas eficaces\u201d<\/em>, puede leerse \u201cel mito de la comunicaci\u00f3n sugiere que remitir un mensaje es lo mismo que comunicar un mensaje. En el fondo, <strong>se confunde la comunicaci\u00f3n con la difusi\u00f3n<\/strong>\u201d.<\/p>\n<p>Es decir, que si seguimos confundiendo los conceptos ser\u00e1 m\u00e1s complicado entablar ese necesario di\u00e1logo. En la misma publicaci\u00f3n se rescata la cita de <strong><em>Wilbur Schramm <\/em><\/strong>que viene a decir, \u201cla comunicaci\u00f3n humana es algo que no tiene vida propia. No hay magia en ella, salvo la que la gente involucrada en la relaci\u00f3n le confiere. <strong>Un mensaje no tiene significado, excepto el que le dan las personas.<\/strong> Por lo tanto, cuando se estudia comunicaci\u00f3n se estudia a la gente, la relaci\u00f3n con los dem\u00e1s, influenciar y ser influenciado, informar y ser informado.\u201d<\/p>\n<p>As\u00ed que, no tiene mucho sentido que los arquitectos sigamos encerrados bajo un caparaz\u00f3n mientras que sacamos brillo a nuestro supuesto conocimiento. Debemos salir a la calle para, <strong>buscar los mejores canales para difundir nuestro mensaje,<\/strong> <strong>aprender a comunicar para qu\u00e9 servimos<\/strong> (y qu\u00e9 hemos venido haciendo durante estos \u00faltimos a\u00f1os) y, sobre todo, <strong>relacionarnos sin distancia<\/strong> con el com\u00fan de los mortales. Seguir sacando el l\u00e1piz 6H para hacer nuestros geniales dibujos cuando intentamos explicar nuestras ideas, en muchos casos, no\u00a0 hace otra cosa que\u00a0 marcar una distancia innecesaria. Creemos que es importante cambiar el \u201cYo arquitecto, os ense\u00f1o a vosotros c\u00f3mo se han de hacer las cosas\u201d por \u201cvoy a intentar como arquitecto y con vuestra ayuda facilitar que vuestros sue\u00f1os y necesidades se hagan realidad\u201d.\u00a0 <strong>Se trata de bajarnos de nuestra peana y aprender los unos de los otros.<\/strong> \u00a0Si hacemos, realmente, bien esta tarea y aplacamos nuestro potente ego, podremos sentar nuevas bases de comunicaci\u00f3n.<\/p>\n<p style=\"text-align: center;\"><img loading=\"lazy\" decoding=\"async\" class=\"alignnone size-full wp-image-30960\" src=\"https:\/\/stepienybarno.es\/blog\/wp-content\/uploads\/2018\/02\/3.-web1vsweb2-copia-LA-CIUDAD-VIVA-Stepienybarno-LA-REVOLUCI\u00d3N-DIGITAL.jpg\" alt=\"\" width=\"500\" height=\"568\" srcset=\"https:\/\/stepienybarno.es\/blog\/wp-content\/uploads\/2018\/02\/3.-web1vsweb2-copia-LA-CIUDAD-VIVA-Stepienybarno-LA-REVOLUCI\u00d3N-DIGITAL.jpg 500w, https:\/\/stepienybarno.es\/blog\/wp-content\/uploads\/2018\/02\/3.-web1vsweb2-copia-LA-CIUDAD-VIVA-Stepienybarno-LA-REVOLUCI\u00d3N-DIGITAL-158x180.jpg 158w, https:\/\/stepienybarno.es\/blog\/wp-content\/uploads\/2018\/02\/3.-web1vsweb2-copia-LA-CIUDAD-VIVA-Stepienybarno-LA-REVOLUCI\u00d3N-DIGITAL-484x550.jpg 484w, https:\/\/stepienybarno.es\/blog\/wp-content\/uploads\/2018\/02\/3.-web1vsweb2-copia-LA-CIUDAD-VIVA-Stepienybarno-LA-REVOLUCI\u00d3N-DIGITAL-316x359.jpg 316w\" sizes=\"(max-width: 500px) 100vw, 500px\" \/><\/p>\n<p>&nbsp;<\/p>\n<p>Para ello, creemos que es fundamental aprovechar el \u00a0cambio que se ha producido con la entrada del siglo XXI en la red, al cambiar del 1.0 al 2.0.<\/p>\n<p>Si profundizamos en\u00a0 la idea de difusi\u00f3n y de comunicaci\u00f3n a la red, podemos hacer un paralelismo r\u00e1pido y pensar que <strong>la web 1.0 lo que hac\u00eda era difundir informaci\u00f3n, mientras que la Web 2.0 facilita que se realicen canales de comunicaci\u00f3n reales, en los que la informaci\u00f3n se convierta r\u00e1pidamente en conocimiento, gracias la horizontalidad con la que se producen las relaciones. <\/strong><\/p>\n<p>Las nuevas tecnolog\u00edas no son solo herramientas. \u00c9stas y en especial Internet han cambiado el mundo y, por tanto, a la sociedad que lo habita. Estamos hablando de un acontecimiento hist\u00f3rico que, seg\u00fan muchas voces, puede tener una\u00a0 magnitud similar a <strong>la Revoluci\u00f3n Industrial<\/strong>. \u00a0Es decir, estamos ante una verdadera <strong>Revoluci\u00f3n digital.<\/strong><\/p>\n<p>Por todo ello, creemos que a nuestro colectivo de arquitectos le conviene estar a ras de suelo y meter los pies en el barro (cuando lo haya), quitarnos el traje de los domingos e intentar ser respetuosos con quienes conviven con nuestra arquitectura, es decir, con pr\u00e1cticamente el pleno de la poblaci\u00f3n.<\/p>\n<p>&nbsp;<\/p>\n<p style=\"text-align: center;\"><img loading=\"lazy\" decoding=\"async\" class=\"alignnone size-full wp-image-30959\" src=\"https:\/\/stepienybarno.es\/blog\/wp-content\/uploads\/2018\/02\/4.-LA-CIUDAD-VIVA-Stepienybarno-LA-REVOLUCI\u00d3N-DIGITAL.jpg\" alt=\"\" width=\"500\" height=\"281\" srcset=\"https:\/\/stepienybarno.es\/blog\/wp-content\/uploads\/2018\/02\/4.-LA-CIUDAD-VIVA-Stepienybarno-LA-REVOLUCI\u00d3N-DIGITAL.jpg 500w, https:\/\/stepienybarno.es\/blog\/wp-content\/uploads\/2018\/02\/4.-LA-CIUDAD-VIVA-Stepienybarno-LA-REVOLUCI\u00d3N-DIGITAL-180x101.jpg 180w, https:\/\/stepienybarno.es\/blog\/wp-content\/uploads\/2018\/02\/4.-LA-CIUDAD-VIVA-Stepienybarno-LA-REVOLUCI\u00d3N-DIGITAL-316x178.jpg 316w\" sizes=\"(max-width: 500px) 100vw, 500px\" \/><\/p>\n<p>&nbsp;<\/p>\n<p>Estamos hablando de que lo que llegan no son cambios ligeros; es una innovaci\u00f3n disruptiva constante que nos afecta a todos los niveles. En palabras de Henning Meyer:<\/p>\n<p>\u201c(\u2026) Sea cual sea el impacto global de la revoluci\u00f3n digital, lo que es indudable es que <strong>dejar\u00e1 obsoletos algunos trabajos.<\/strong> A este respecto, en el contexto de la citada sustituci\u00f3n hallamos dos subtendencias que deben ser consideradas.<\/p>\n<p>El primer supuesto tiene lugar cuando un trabajo existente es simplemente\u00a0reemplazado por un <strong>robot<\/strong> o un ordenador; el segundo es menos evidente y tiene lugar cuando\u00a0la <strong>reorganizaci\u00f3n y la externalizaci\u00f3n de una tarea\u00a0concreta<\/strong> lleva a la p\u00e9rdida de un puesto de trabajo. Esta \u00faltima define lo que en ingl\u00e9s se conoce como gig economy (o la \u201ceconom\u00eda de trabajillos\u201d), en la que determinadas tareas las siguen realizando los humanos, pero externalizadas mediante plataformas en l\u00ednea ya que con la conectividad global, ya no es necesaria la proximidad f\u00edsica para la prestaci\u00f3n de servicios.\u201d <a href=\"http:\/\/www.lavanguardia.com\/tecnologia\/20170617\/423420228136\/revolucion-digital-cidob-disrupcion-trabajo.html\" target=\"_blank\" rel=\"noopener\">(Acceder al art\u00edculo)<\/a><\/p>\n<p>As\u00ed, el mundo laboral que hoy conocemos poco tendr\u00e1 que ver con lo que veremos en pocos a\u00f1os. Todo ello, trae tantas amenazas como oportunidades, y, en nuestra opini\u00f3n, que nos vaya bien depender\u00e1 en gran parte de la capacidad que tengamos de <strong>generar comunidad<\/strong>, tanto dentro como fuera de la red.<\/p>\n<p>&nbsp;<\/p>\n<p>Pero para conseguirlo, es fundamental garantizar <strong>que la red sea un lugar neutral que aloje todas estas esperanzas que hemos puesto encima de la mesa creando en un futuro cercano una verdadera \u00e1gora digital<\/strong>. As\u00ed que, para terminar os dejamos con las palabras de <strong><em>Andoni Guti\u00e9rrez-Rub\u00ed<\/em><\/strong>, \u201cSi perdemos la libertad en la red, el futuro puede ser muy sombr\u00edo y amenazador. Conf\u00edo en la capacidad de defensa de la multitud, en su fuerza organizada desde la no jerarqu\u00eda.\u201d<\/p>\n<p>\u00a1Que as\u00ed sea!<\/p>\n<h3 style=\"text-align: center;\"><span style=\"color: #808080;\"><strong>Autores del post: <a href=\"https:\/\/stepienybarno.es\/blog\/2011\/09\/04\/las-fortalezas-del-arquitecto\/\">Stepienybarno<\/a> _ Agnieszka Stepien y Lorenzo Barn\u00f3<\/strong><\/span><\/h3>\n<p>&nbsp;<\/p>\n<pre>Tambi\u00e9n te puede interesar:\r\n\r\nCONSTRUYENDO PUENTES ENTRE LA SOCIEDAD Y LOS ARQUITECTOS.\r\n\r\n<a href=\"https:\/\/stepienybarno.es\/blog\/2018\/02\/07\/construyendo-puentes-entre-la-sociedad-y-los-arquitectos\/\">https:\/\/stepienybarno.es\/blog\/2018\/02\/07\/construyendo-puentes-entre-la-sociedad-y-los-arquitectos\/<\/a><\/pre>\n<p>&nbsp;<\/p>\n<h6 style=\"text-align: center;\"><span style=\"color: #808080;\">Parte de este post publicado originalmente en la Plataforma de La Ciudad Viva.<\/span><\/h6>\n<p style=\"text-align: center;\">Y como siempre, si te gust\u00f3 el post,\u00a0estar\u00eda genial que lo compartas\u00a0en tus redes sociales.<\/p>\n<p style=\"text-align: center;\">A su vez, si todav\u00eda no est\u00e1s suscrito a nuestra Newsletter, te animamos a hacerlo en la casilla que tienes al terminar este art\u00edculo.<\/p>\n<p style=\"text-align: center;\">Si te interesa contactar con nosotros para que te ayudemos a mejorar tu visibilidad online y, en consecuencia, mejorar tus oportunidades laborales, no dudes en escribirnos a: <a href=\"mailto:blog@stepienybarno.es\">blog@stepienybarno.es<\/a><\/p>\n<p>&nbsp;<\/p>\n<p>* <em><span style=\"color: #808080;\">Este art\u00edculo ha sido escrito con car\u00e1cter divulgativo y sin ning\u00fan tipo de \u00e1nimo de lucro.<\/span><\/em><\/p>\n<p><em><span style=\"color: #808080;\"><a href=\"https:\/\/twitter.com\/stepienybarno\">STEPIENYBARNO EN TWITTER _ @stepienybarno<\/a><\/span><\/em><\/p>\n<p><em><span style=\"color: #808080;\"><a href=\"http:\/\/www.linkedin.com\/company\/stepienybarno\">STEPIENYBARNO EN LINKEDIN<\/a><\/span><\/em><\/p>\n<p><em><span style=\"color: #808080;\"><a href=\"https:\/\/www.facebook.com\/pages\/BLOG-DE-STEPIENYBARNO\/78001079029\">STEPIENYBARNO EN FACEBOOK<\/a><\/span><\/em><\/p>\n<p><em><span style=\"color: #808080;\">* <a href=\"https:\/\/stepienybarno.es\/blog\/2011\/09\/04\/las-fortalezas-del-arquitecto\/\">Stepienybarno<\/a> est\u00e1 formado por Agnieszka Stepien y Lorenzo Barn\u00f3 y desde mayo del 2009 estamos en la red con\u00a0 la presente publicaci\u00f3n digital (Blog) de arquitectura.<\/span><\/em><\/p>\n<p><em><span style=\"color: #808080;\">Nuestra actividad se sustenta en tres pilares b\u00e1sicos: la investigaci\u00f3n, la publicaci\u00f3n y la redacci\u00f3n de proyectos de arquitectura.<\/span><\/em><\/p>\n<p><em><span style=\"color: #808080;\">A su vez, somos socios cofundadores de <a href=\"http:\/\/sinergiasostenible.org\/\">SINERGIA SOSTENIBLE<\/a>, redactores de <a href=\"http:\/\/www.laciudadviva.org\/blogs\/?author=45\">LA CIUDAD VIVA<\/a> y directores del blog de FUNDACI\u00d3N ARQUIA.<\/span><\/em><\/p>\n","protected":false},"excerpt":{"rendered":"<p>&nbsp; En m\u00e1s de un post de este blog hemos<\/p>\n","protected":false},"author":2,"featured_media":30961,"comment_status":"open","ping_status":"closed","sticky":false,"template":"","format":"standard","meta":{"om_disable_all_campaigns":false,"_monsterinsights_skip_tracking":false,"_monsterinsights_sitenote_active":false,"_monsterinsights_sitenote_note":"","_monsterinsights_sitenote_category":0,"_uf_show_specific_survey":0,"_uf_disable_surveys":false,"episode_type":"","audio_file":"","cover_image":"","cover_image_id":"","duration":"","filesize":"","date_recorded":"","explicit":"","block":"","filesize_raw":"","footnotes":""},"categories":[34,27],"tags":[4615,514,243,6062],"series":[],"class_list":["post-30958","post","type-post","status-publish","format-standard","has-post-thumbnail","hentry","category-actualidad","category-nueva-era-digital","tag-2-0","tag-juan-freire","tag-paisaje-transversal","tag-revolucion-digital"],"aioseo_notices":[],"episode_featured_image":"https:\/\/stepienybarno.es\/blog\/wp-content\/uploads\/2018\/02\/0.-LA-REVOLUCI\u00d3N-DIGITAL-ARQUITECTURA-COMUNICACION-SOCIEDAD-LA-CIUDAD-VIVA-STEPIENYBARNO.jpg","episode_player_image":"https:\/\/stepienybarno.es\/blog\/wp-content\/uploads\/2020\/11\/stepienybarno-podcast-scaled.jpg","download_link":"","player_link":"","audio_player":false,"episode_data":{"playerMode":"dark","subscribeUrls":[],"rssFeedUrl":"https:\/\/stepienybarno.es\/blog\/feed\/podcast\/podcast-de-stepienybarno","embedCode":"<blockquote class=\"wp-embedded-content\" data-secret=\"jLTfldJxiK\"><a href=\"https:\/\/stepienybarno.es\/blog\/2018\/02\/23\/la-revolucion-digital\/\">LA REVOLUCI\u00d3N DIGITAL<\/a><\/blockquote><iframe sandbox=\"allow-scripts\" security=\"restricted\" src=\"https:\/\/stepienybarno.es\/blog\/2018\/02\/23\/la-revolucion-digital\/embed\/#?secret=jLTfldJxiK\" width=\"500\" height=\"350\" title=\"\u00abLA REVOLUCI\u00d3N DIGITAL\u00bb \u2014 Blog de STEPIEN Y BARNO - publicaci\u00f3n digital sobre arquitectura\" data-secret=\"jLTfldJxiK\" frameborder=\"0\" marginwidth=\"0\" marginheight=\"0\" scrolling=\"no\" class=\"wp-embedded-content\"><\/iframe><script type=\"text\/javascript\">\n\/* <![CDATA[ *\/\n\/*! This file is auto-generated *\/\n!function(d,l){\"use strict\";l.querySelector&&d.addEventListener&&\"undefined\"!=typeof URL&&(d.wp=d.wp||{},d.wp.receiveEmbedMessage||(d.wp.receiveEmbedMessage=function(e){var t=e.data;if((t||t.secret||t.message||t.value)&&!\/[^a-zA-Z0-9]\/.test(t.secret)){for(var s,r,n,a=l.querySelectorAll('iframe[data-secret=\"'+t.secret+'\"]'),o=l.querySelectorAll('blockquote[data-secret=\"'+t.secret+'\"]'),c=new RegExp(\"^https?:$\",\"i\"),i=0;i<o.length;i++)o[i].style.display=\"none\";for(i=0;i<a.length;i++)s=a[i],e.source===s.contentWindow&&(s.removeAttribute(\"style\"),\"height\"===t.message?(1e3<(r=parseInt(t.value,10))?r=1e3:~~r<200&&(r=200),s.height=r):\"link\"===t.message&&(r=new URL(s.getAttribute(\"src\")),n=new URL(t.value),c.test(n.protocol))&&n.host===r.host&&l.activeElement===s&&(d.top.location.href=t.value))}},d.addEventListener(\"message\",d.wp.receiveEmbedMessage,!1),l.addEventListener(\"DOMContentLoaded\",function(){for(var e,t,s=l.querySelectorAll(\"iframe.wp-embedded-content\"),r=0;r<s.length;r++)(t=(e=s[r]).getAttribute(\"data-secret\"))||(t=Math.random().toString(36).substring(2,12),e.src+=\"#?secret=\"+t,e.setAttribute(\"data-secret\",t)),e.contentWindow.postMessage({message:\"ready\",secret:t},\"*\")},!1)))}(window,document);\n\/* ]]> *\/\n<\/script>\n"},"_links":{"self":[{"href":"https:\/\/stepienybarno.es\/blog\/wp-json\/wp\/v2\/posts\/30958"}],"collection":[{"href":"https:\/\/stepienybarno.es\/blog\/wp-json\/wp\/v2\/posts"}],"about":[{"href":"https:\/\/stepienybarno.es\/blog\/wp-json\/wp\/v2\/types\/post"}],"author":[{"embeddable":true,"href":"https:\/\/stepienybarno.es\/blog\/wp-json\/wp\/v2\/users\/2"}],"replies":[{"embeddable":true,"href":"https:\/\/stepienybarno.es\/blog\/wp-json\/wp\/v2\/comments?post=30958"}],"version-history":[{"count":3,"href":"https:\/\/stepienybarno.es\/blog\/wp-json\/wp\/v2\/posts\/30958\/revisions"}],"predecessor-version":[{"id":30968,"href":"https:\/\/stepienybarno.es\/blog\/wp-json\/wp\/v2\/posts\/30958\/revisions\/30968"}],"wp:featuredmedia":[{"embeddable":true,"href":"https:\/\/stepienybarno.es\/blog\/wp-json\/wp\/v2\/media\/30961"}],"wp:attachment":[{"href":"https:\/\/stepienybarno.es\/blog\/wp-json\/wp\/v2\/media?parent=30958"}],"wp:term":[{"taxonomy":"category","embeddable":true,"href":"https:\/\/stepienybarno.es\/blog\/wp-json\/wp\/v2\/categories?post=30958"},{"taxonomy":"post_tag","embeddable":true,"href":"https:\/\/stepienybarno.es\/blog\/wp-json\/wp\/v2\/tags?post=30958"},{"taxonomy":"series","embeddable":true,"href":"https:\/\/stepienybarno.es\/blog\/wp-json\/wp\/v2\/series?post=30958"}],"curies":[{"name":"wp","href":"https:\/\/api.w.org\/{rel}","templated":true}]}}