{"id":31391,"date":"2018-03-26T11:23:28","date_gmt":"2018-03-26T09:23:28","guid":{"rendered":"https:\/\/www.stepienybarno.es\/blog\/?p=31391"},"modified":"2018-03-26T11:23:45","modified_gmt":"2018-03-26T09:23:45","slug":"la-arquitectura-humanista-de-la-mexicana-tatiana-bilbao","status":"publish","type":"post","link":"https:\/\/stepienybarno.es\/blog\/2018\/03\/26\/la-arquitectura-humanista-de-la-mexicana-tatiana-bilbao\/","title":{"rendered":"La arquitectura humanista de la mexicana Tatiana Bilbao"},"content":{"rendered":"<p tabindex=\"-1\" data-para-count=\"240\" data-total-count=\"240\" data-intl-total-words=\"40\"><img loading=\"lazy\" decoding=\"async\" class=\"aligncenter size-medium wp-image-31400\" src=\"https:\/\/stepienybarno.es\/blog\/wp-content\/uploads\/2018\/03\/Stepienybarno-tatiana-bilbao-nytimes-PostdelDia-01-550x366.png\" alt=\"\" width=\"550\" height=\"366\" srcset=\"https:\/\/stepienybarno.es\/blog\/wp-content\/uploads\/2018\/03\/Stepienybarno-tatiana-bilbao-nytimes-PostdelDia-01-550x366.png 550w, https:\/\/stepienybarno.es\/blog\/wp-content\/uploads\/2018\/03\/Stepienybarno-tatiana-bilbao-nytimes-PostdelDia-01-180x120.png 180w, https:\/\/stepienybarno.es\/blog\/wp-content\/uploads\/2018\/03\/Stepienybarno-tatiana-bilbao-nytimes-PostdelDia-01-1024x682.png 1024w, https:\/\/stepienybarno.es\/blog\/wp-content\/uploads\/2018\/03\/Stepienybarno-tatiana-bilbao-nytimes-PostdelDia-01-316x210.png 316w, https:\/\/stepienybarno.es\/blog\/wp-content\/uploads\/2018\/03\/Stepienybarno-tatiana-bilbao-nytimes-PostdelDia-01.png 1218w\" sizes=\"(max-width: 550px) 100vw, 550px\" \/><\/p>\n<p tabindex=\"-1\" data-para-count=\"240\" data-total-count=\"240\" data-intl-total-words=\"40\">Desde: <a href=\"https:\/\/www.nytimes.com\" target=\"_blank\" rel=\"noopener\">The New York Times<\/a><\/p>\n<p tabindex=\"-1\" data-para-count=\"240\" data-total-count=\"240\" data-intl-total-words=\"40\"><!--more--><\/p>\n<p id=\"story-continues-2\" class=\"story-body-text story-content\" tabindex=\"-1\" data-para-count=\"240\" data-total-count=\"240\" data-intl-total-words=\"40\">\u00abCuando la arquitecta Tatiana Bilbao recibi\u00f3 el encargo de dise\u00f1ar casas para las comunidades rurales m\u00e1s pobres de M\u00e9xico, su equipo trabaj\u00f3 tres meses en el proyecto antes de darse cuenta de que les faltaba algo.<\/p>\n<p id=\"story-continues-3\" class=\"story-body-text story-content\" tabindex=\"-1\" data-para-count=\"246\" data-total-count=\"486\" data-intl-total-words=\"77\">\u201cLes dije: \u2018Chicos, esto me parece bien, pero realmente no conocemos a una sola persona que viva en un espacio como este&#8217;\u201d, recuerda Bilbao. \u201cPensamos que esto es lo que quieren, pero \u00bfpor qu\u00e9 no les preguntamos?\u201d.<\/p>\n<p id=\"story-continues-4\" class=\"story-body-text story-content\" tabindex=\"-1\" data-para-count=\"373\" data-total-count=\"859\" data-intl-total-words=\"142\">Y eso es lo que hicieron. El grupo entrevist\u00f3 a cientos de personas para dise\u00f1ar el modelo de una estructura que costara menos de 8000 d\u00f3lares y construy\u00f3 dos prototipos en los bosques del sur de M\u00e9xico. Luego adaptaron el plan para construir casas a veintitr\u00e9s familias que quedaron sin hogar por\u00a0<a href=\"http:\/\/cnnespanol.cnn.com\/2015\/05\/25\/tornado-en-ciudad-acuna-deja-muertos\/\" target=\"_blank\" rel=\"noopener\">un tornado en 2015<\/a>\u00a0en Ciudad Acu\u00f1a, Coahuila, en el norte del pa\u00eds. (&#8230;) \u00ab<\/p>\n<p style=\"text-align: center;\" tabindex=\"-1\" data-para-count=\"373\" data-total-count=\"859\" data-intl-total-words=\"142\">Acceder al Art\u00edculo <a href=\"https:\/\/nyti.ms\/2G8qdKE\" target=\"_blank\" rel=\"noopener\">AQU\u00cd<\/a><\/p>\n<p>\u00bfQuieres inscribirte en nuestro curso de Identidad Digital para arquitectos?<\/p>\n<p>En breve, nueva edici\u00f3n:<\/p>\n<p><a href=\"http:\/\/cursoidentidaddigital.stepienybarno.es\/\">http:\/\/cursoidentidaddigital.stepienybarno.es\/<\/a><\/p>\n<p>Informaci\u00f3n en:\u00a0<a href=\"mailto:blog@stepienybarno.es\">blog@stepienybarno.es<\/a><\/p>\n<p>&nbsp;<\/p>\n<p>&nbsp;<\/p>\n<h5><strong>Autores del post:\u00a0<a href=\"https:\/\/stepienybarno.es\/blog\/2011\/09\/04\/las-fortalezas-del-arquitecto\/\">Stepienybarno<\/a>\u00a0_ Agnieszka Stepien y Lorenzo Barn\u00f3<\/strong><\/h5>\n<h5>Y como siempre, si te gust\u00f3 el post,\u00a0estar\u00eda genial que lo compartas\u00a0en tus redes sociales.<\/h5>\n<h5>A su vez, si todav\u00eda no est\u00e1s suscrito a nuestra Newsletter, te animamos a hacerlo en la casilla que tienes al terminar este art\u00edculo.<\/h5>\n<p>&nbsp;<\/p>\n<blockquote><p>Suscribirte a nuestro blog y recibe gratis nuestra gu\u00eda: 10 Ideas para vender m\u00e1s si eres arquitecto<\/p>\n<p>Acceder:\u00a0<a href=\"http:\/\/bit.ly\/2fkkTS7\">http:\/\/bit.ly\/2fkkTS7<\/a><\/p>\n<p>&nbsp;<\/p>\n<p>Si te interesa contactar con nosotros para que te ayudemos a mejorar tu visibilidad online y, en consecuencia, mejorar tus oportunidades laborales, no dudes en escribirnos a:\u00a0<a href=\"mailto:blog@stepienybarno.es\">blog@stepienybarno.es<\/a><\/p><\/blockquote>\n<p>&nbsp;<\/p>\n<p><em><a href=\"https:\/\/twitter.com\/stepienybarno\">Stepienybarno en TWITTER<\/a><\/em><\/p>\n<p><em><a href=\"https:\/\/twitter.com\/stepienybarno\">@stepienybarno (+ de 16.000 seguidores)<\/a><\/em><\/p>\n<p><em><a href=\"https:\/\/twitter.com\/stepienybarno?lang=es\">https:\/\/twitter.com\/stepienybarno?lang=es<\/a><\/em><\/p>\n<p><em><a href=\"https:\/\/www.facebook.com\/pages\/BLOG-DE-STEPIENYBARNO\/78001079029\">Stepienybarno en FACEBOOK (+ de 24<u>.000 seguidores)<\/u><\/a><\/em><\/p>\n<p><em><a href=\"https:\/\/www.facebook.com\/StepienyBarnoArquitecturaeIdentidadDigital\/\">https:\/\/www.facebook.com\/StepienyBarnoArquitecturaeIdentidadDigital\/<\/a><\/em><\/p>\n<p><em>Acceder a nuestro GRUPO CERRADO DE FACEBOOK sobre Identidad Digital para Arquitectos:<\/em><\/p>\n<p><em><a href=\"https:\/\/www.facebook.com\/groups\/IdentidadDigitalParaArquitectos\/\">https:\/\/www.facebook.com\/groups\/IdentidadDigitalParaArquitectos\/<\/a><\/em><\/p>\n<p><em>Suscr\u00edbete a nuestro canal de YOUTUBE:\u00a0<a href=\"http:\/\/bit.ly\/2A1UtAd\">http:\/\/bit.ly\/2A1UtAd<\/a><\/em><\/p>\n<p>&nbsp;<\/p>\n<p>*\u00a0<a href=\"https:\/\/stepienybarno.es\/blog\/2011\/09\/04\/las-fortalezas-del-arquitecto\/\">Stepienybarno<\/a>\u00a0est\u00e1 formado por Agnieszka Stepien y Lorenzo Barn\u00f3 y desde mayo del 2009 estamos en la red con\u00a0 la presente publicaci\u00f3n digital (Blog) de arquitectura.<\/p>\n<p>Nuestra actividad se sustenta en tres pilares b\u00e1sicos: la investigaci\u00f3n, la publicaci\u00f3n y la redacci\u00f3n de proyectos de arquitectura.<\/p>\n<p>A su vez, somos socios cofundadores de\u00a0<a href=\"http:\/\/sinergiasostenible.org\/\">SINERGIA SOSTENIBLE<\/a>\u00a0y directores del blog de FUNDACI\u00d3N ARQUIA.<\/p>\n","protected":false},"excerpt":{"rendered":"<p>Desde: The New York Times<\/p>\n","protected":false},"author":10,"featured_media":31400,"comment_status":"open","ping_status":"closed","sticky":false,"template":"","format":"standard","meta":{"om_disable_all_campaigns":false,"_monsterinsights_skip_tracking":false,"_monsterinsights_sitenote_active":false,"_monsterinsights_sitenote_note":"","_monsterinsights_sitenote_category":0,"_uf_show_specific_survey":0,"_uf_disable_surveys":false,"episode_type":"","audio_file":"","cover_image":"","cover_image_id":"","duration":"","filesize":"","date_recorded":"","explicit":"","block":"","filesize_raw":"","footnotes":""},"categories":[244],"tags":[4658,6167],"series":[],"class_list":["post-31391","post","type-post","status-publish","format-standard","has-post-thumbnail","hentry","category-canal-de-arquitectura","tag-tatiana-bilbao","tag-the-new-york-times"],"aioseo_notices":[],"episode_featured_image":"https:\/\/stepienybarno.es\/blog\/wp-content\/uploads\/2018\/03\/Stepienybarno-tatiana-bilbao-nytimes-PostdelDia-01.png","episode_player_image":"https:\/\/stepienybarno.es\/blog\/wp-content\/uploads\/2020\/11\/stepienybarno-podcast-scaled.jpg","download_link":"","player_link":"","audio_player":false,"episode_data":{"playerMode":"dark","subscribeUrls":[],"rssFeedUrl":"https:\/\/stepienybarno.es\/blog\/feed\/podcast\/podcast-de-stepienybarno","embedCode":"<blockquote class=\"wp-embedded-content\" data-secret=\"iEwmEZ0SYq\"><a href=\"https:\/\/stepienybarno.es\/blog\/2018\/03\/26\/la-arquitectura-humanista-de-la-mexicana-tatiana-bilbao\/\">La arquitectura humanista de la mexicana Tatiana Bilbao<\/a><\/blockquote><iframe sandbox=\"allow-scripts\" security=\"restricted\" src=\"https:\/\/stepienybarno.es\/blog\/2018\/03\/26\/la-arquitectura-humanista-de-la-mexicana-tatiana-bilbao\/embed\/#?secret=iEwmEZ0SYq\" width=\"500\" height=\"350\" title=\"\u00abLa arquitectura humanista de la mexicana Tatiana Bilbao\u00bb \u2014 Blog de STEPIEN Y BARNO - publicaci\u00f3n digital sobre arquitectura\" data-secret=\"iEwmEZ0SYq\" frameborder=\"0\" marginwidth=\"0\" marginheight=\"0\" scrolling=\"no\" class=\"wp-embedded-content\"><\/iframe><script type=\"text\/javascript\">\n\/* <![CDATA[ *\/\n\/*! This file is auto-generated *\/\n!function(d,l){\"use strict\";l.querySelector&&d.addEventListener&&\"undefined\"!=typeof URL&&(d.wp=d.wp||{},d.wp.receiveEmbedMessage||(d.wp.receiveEmbedMessage=function(e){var t=e.data;if((t||t.secret||t.message||t.value)&&!\/[^a-zA-Z0-9]\/.test(t.secret)){for(var s,r,n,a=l.querySelectorAll('iframe[data-secret=\"'+t.secret+'\"]'),o=l.querySelectorAll('blockquote[data-secret=\"'+t.secret+'\"]'),c=new RegExp(\"^https?:$\",\"i\"),i=0;i<o.length;i++)o[i].style.display=\"none\";for(i=0;i<a.length;i++)s=a[i],e.source===s.contentWindow&&(s.removeAttribute(\"style\"),\"height\"===t.message?(1e3<(r=parseInt(t.value,10))?r=1e3:~~r<200&&(r=200),s.height=r):\"link\"===t.message&&(r=new URL(s.getAttribute(\"src\")),n=new URL(t.value),c.test(n.protocol))&&n.host===r.host&&l.activeElement===s&&(d.top.location.href=t.value))}},d.addEventListener(\"message\",d.wp.receiveEmbedMessage,!1),l.addEventListener(\"DOMContentLoaded\",function(){for(var e,t,s=l.querySelectorAll(\"iframe.wp-embedded-content\"),r=0;r<s.length;r++)(t=(e=s[r]).getAttribute(\"data-secret\"))||(t=Math.random().toString(36).substring(2,12),e.src+=\"#?secret=\"+t,e.setAttribute(\"data-secret\",t)),e.contentWindow.postMessage({message:\"ready\",secret:t},\"*\")},!1)))}(window,document);\n\/* ]]> *\/\n<\/script>\n"},"_links":{"self":[{"href":"https:\/\/stepienybarno.es\/blog\/wp-json\/wp\/v2\/posts\/31391"}],"collection":[{"href":"https:\/\/stepienybarno.es\/blog\/wp-json\/wp\/v2\/posts"}],"about":[{"href":"https:\/\/stepienybarno.es\/blog\/wp-json\/wp\/v2\/types\/post"}],"author":[{"embeddable":true,"href":"https:\/\/stepienybarno.es\/blog\/wp-json\/wp\/v2\/users\/10"}],"replies":[{"embeddable":true,"href":"https:\/\/stepienybarno.es\/blog\/wp-json\/wp\/v2\/comments?post=31391"}],"version-history":[{"count":2,"href":"https:\/\/stepienybarno.es\/blog\/wp-json\/wp\/v2\/posts\/31391\/revisions"}],"predecessor-version":[{"id":31402,"href":"https:\/\/stepienybarno.es\/blog\/wp-json\/wp\/v2\/posts\/31391\/revisions\/31402"}],"wp:featuredmedia":[{"embeddable":true,"href":"https:\/\/stepienybarno.es\/blog\/wp-json\/wp\/v2\/media\/31400"}],"wp:attachment":[{"href":"https:\/\/stepienybarno.es\/blog\/wp-json\/wp\/v2\/media?parent=31391"}],"wp:term":[{"taxonomy":"category","embeddable":true,"href":"https:\/\/stepienybarno.es\/blog\/wp-json\/wp\/v2\/categories?post=31391"},{"taxonomy":"post_tag","embeddable":true,"href":"https:\/\/stepienybarno.es\/blog\/wp-json\/wp\/v2\/tags?post=31391"},{"taxonomy":"series","embeddable":true,"href":"https:\/\/stepienybarno.es\/blog\/wp-json\/wp\/v2\/series?post=31391"}],"curies":[{"name":"wp","href":"https:\/\/api.w.org\/{rel}","templated":true}]}}