{"id":31409,"date":"2018-03-27T10:34:04","date_gmt":"2018-03-27T08:34:04","guid":{"rendered":"https:\/\/www.stepienybarno.es\/blog\/?p=31409"},"modified":"2018-03-27T10:34:04","modified_gmt":"2018-03-27T08:34:04","slug":"en-el-centenario-de-oiza-2","status":"publish","type":"post","link":"https:\/\/stepienybarno.es\/blog\/2018\/03\/27\/en-el-centenario-de-oiza-2\/","title":{"rendered":"\u201cEn el centenario de O\u00edza\u2026\u201d"},"content":{"rendered":"<p><img loading=\"lazy\" decoding=\"async\" class=\"aligncenter size-medium wp-image-31411\" src=\"https:\/\/stepienybarno.es\/blog\/wp-content\/uploads\/2018\/03\/Stepienybarno-en-el-centenario-de-oiza-PostdelDia-01-550x391.jpg\" alt=\"\" width=\"550\" height=\"391\" srcset=\"https:\/\/stepienybarno.es\/blog\/wp-content\/uploads\/2018\/03\/Stepienybarno-en-el-centenario-de-oiza-PostdelDia-01-550x391.jpg 550w, https:\/\/stepienybarno.es\/blog\/wp-content\/uploads\/2018\/03\/Stepienybarno-en-el-centenario-de-oiza-PostdelDia-01-180x128.jpg 180w, https:\/\/stepienybarno.es\/blog\/wp-content\/uploads\/2018\/03\/Stepienybarno-en-el-centenario-de-oiza-PostdelDia-01-984x700.jpg 984w, https:\/\/stepienybarno.es\/blog\/wp-content\/uploads\/2018\/03\/Stepienybarno-en-el-centenario-de-oiza-PostdelDia-01-316x225.jpg 316w, https:\/\/stepienybarno.es\/blog\/wp-content\/uploads\/2018\/03\/Stepienybarno-en-el-centenario-de-oiza-PostdelDia-01.jpg 1400w\" sizes=\"(max-width: 550px) 100vw, 550px\" \/><\/p>\n<p>Por: <a href=\"https:\/\/twitter.com\/ro_almonacid?lang=es\" target=\"_blank\" rel=\"noopener\">Rodrigo Almonacid\u00a0<\/a><\/p>\n<p>Desde: <a href=\"http:\/\/blogfundacion.arquia.es\/\" target=\"_blank\" rel=\"noopener\">Blog Fundaci\u00f3n Arquia<\/a><\/p>\n<p><!--more--><\/p>\n<p>Las efem\u00e9rides arquitect\u00f3nicas nos brindan la ocasi\u00f3n de rememorar a figuras u obras que muchas veces nos resultan anodinas al colectivo de los arquitectos. Sin embargo, la excusa del estreno de un nuevo a\u00f1o nos acerca esta vez a\u00a0<strong>uno de los arquitectos m\u00e1s decisivos y admirados de nuestra arquitectura moderna espa\u00f1ola: Francisco Javier S\u00e1enz de O\u00edza<\/strong>\u00a0(C\u00e1seda, 1918 \u2013 Madrid, 2000).<\/p>\n<p>Disc\u00edpulo aventajado de Torres Balb\u00e1s y Modesto L\u00f3pez Otero en la Escuela de Arquitectura de Madrid, es premio al mejor expediente acad\u00e9mico de su promoci\u00f3n (1946), m\u00e9rito que le lleva a ser\u00a0<strong>becado para conocer la arquitectura de los Estados Unidos en 1948<\/strong>. Ese viaje<sup data-num=\" 1\">\u00a0<\/sup><sup data-num=\"1\">1<\/sup>\u00a0no solo ser\u00eda una especie de epifan\u00eda para el arquitecto navarro, sino tambi\u00e9n para el resto de la arquitectura moderna espa\u00f1ola en la posguerra, de la que \u00e9l se erige como uno de sus estandartes frente al trasnochado academicismo imperante en la autarqu\u00eda.<\/p>\n<p>&nbsp;<\/p>\n<p style=\"text-align: center;\">Acceder al Art\u00edculo <a href=\"http:\/\/bit.ly\/2n52DlB\" target=\"_blank\" rel=\"noopener\">AQU\u00cd<\/a><\/p>\n<p>&nbsp;<\/p>\n<p>&nbsp;<\/p>\n<p>\u00bfQuieres inscribirte en nuestro curso de Identidad Digital para arquitectos?<\/p>\n<p>En breve, nueva edici\u00f3n:<\/p>\n<p><a href=\"http:\/\/cursoidentidaddigital.stepienybarno.es\/\">http:\/\/cursoidentidaddigital.stepienybarno.es\/<\/a><\/p>\n<p>Informaci\u00f3n en:\u00a0<a href=\"mailto:blog@stepienybarno.es\">blog@stepienybarno.es<\/a><\/p>\n<p>&nbsp;<\/p>\n<p>&nbsp;<\/p>\n<h5><strong>Autores del post:\u00a0<a href=\"https:\/\/stepienybarno.es\/blog\/2011\/09\/04\/las-fortalezas-del-arquitecto\/\">Stepienybarno<\/a>\u00a0_ Agnieszka Stepien y Lorenzo Barn\u00f3<\/strong><\/h5>\n<h5>Y como siempre, si te gust\u00f3 el post,\u00a0estar\u00eda genial que lo compartas\u00a0en tus redes sociales.<\/h5>\n<h5>A su vez, si todav\u00eda no est\u00e1s suscrito a nuestra Newsletter, te animamos a hacerlo en la casilla que tienes al terminar este art\u00edculo.<\/h5>\n<p>&nbsp;<\/p>\n<blockquote><p>Suscribirte a nuestro blog y recibe gratis nuestra gu\u00eda: 10 Ideas para vender m\u00e1s si eres arquitecto<\/p>\n<p>Acceder:\u00a0<a href=\"http:\/\/bit.ly\/2fkkTS7\">http:\/\/bit.ly\/2fkkTS7<\/a><\/p>\n<p>&nbsp;<\/p>\n<p>Si te interesa contactar con nosotros para que te ayudemos a mejorar tu visibilidad online y, en consecuencia, mejorar tus oportunidades laborales, no dudes en escribirnos a:\u00a0<a href=\"mailto:blog@stepienybarno.es\">blog@stepienybarno.es<\/a><\/p><\/blockquote>\n<p>&nbsp;<\/p>\n<p><em><a href=\"https:\/\/twitter.com\/stepienybarno\">Stepienybarno en TWITTER<\/a><\/em><\/p>\n<p><em><a href=\"https:\/\/twitter.com\/stepienybarno\">@stepienybarno (+ de 16.000 seguidores)<\/a><\/em><\/p>\n<p><em><a href=\"https:\/\/twitter.com\/stepienybarno?lang=es\">https:\/\/twitter.com\/stepienybarno?lang=es<\/a><\/em><\/p>\n<p><em><a href=\"https:\/\/www.facebook.com\/pages\/BLOG-DE-STEPIENYBARNO\/78001079029\">Stepienybarno en FACEBOOK (+ de 24<u>.000 seguidores)<\/u><\/a><\/em><\/p>\n<p><em><a href=\"https:\/\/www.facebook.com\/StepienyBarnoArquitecturaeIdentidadDigital\/\">https:\/\/www.facebook.com\/StepienyBarnoArquitecturaeIdentidadDigital\/<\/a><\/em><\/p>\n<p><em>Acceder a nuestro GRUPO CERRADO DE FACEBOOK sobre Identidad Digital para Arquitectos:<\/em><\/p>\n<p><em><a href=\"https:\/\/www.facebook.com\/groups\/IdentidadDigitalParaArquitectos\/\">https:\/\/www.facebook.com\/groups\/IdentidadDigitalParaArquitectos\/<\/a><\/em><\/p>\n<p><em>Suscr\u00edbete a nuestro canal de YOUTUBE:\u00a0<a href=\"http:\/\/bit.ly\/2A1UtAd\">http:\/\/bit.ly\/2A1UtAd<\/a><\/em><\/p>\n<p>&nbsp;<\/p>\n<p>*\u00a0<a href=\"https:\/\/stepienybarno.es\/blog\/2011\/09\/04\/las-fortalezas-del-arquitecto\/\">Stepienybarno<\/a>\u00a0est\u00e1 formado por Agnieszka Stepien y Lorenzo Barn\u00f3 y desde mayo del 2009 estamos en la red con\u00a0 la presente publicaci\u00f3n digital (Blog) de arquitectura.<\/p>\n<p>Nuestra actividad se sustenta en tres pilares b\u00e1sicos: la investigaci\u00f3n, la publicaci\u00f3n y la redacci\u00f3n de proyectos de arquitectura.<\/p>\n<p>A su vez, somos socios cofundadores de\u00a0<a href=\"http:\/\/sinergiasostenible.org\/\">SINERGIA SOSTENIBLE<\/a>\u00a0y directores del blog de FUNDACI\u00d3N ARQUIA.<\/p>\n<p>&nbsp;<\/p>\n","protected":false},"excerpt":{"rendered":"<p>Por: Rodrigo Almonacid\u00a0 Desde: Blog Fundaci\u00f3n Arquia<\/p>\n","protected":false},"author":10,"featured_media":31411,"comment_status":"open","ping_status":"closed","sticky":false,"template":"","format":"standard","meta":{"om_disable_all_campaigns":false,"_monsterinsights_skip_tracking":false,"_monsterinsights_sitenote_active":false,"_monsterinsights_sitenote_note":"","_monsterinsights_sitenote_category":0,"_uf_show_specific_survey":0,"_uf_disable_surveys":false,"episode_type":"","audio_file":"","cover_image":"","cover_image_id":"","duration":"","filesize":"","date_recorded":"","explicit":"","block":"","filesize_raw":"","footnotes":""},"categories":[244],"tags":[6020,3320,1978,2279],"series":[],"class_list":["post-31409","post","type-post","status-publish","format-standard","has-post-thumbnail","hentry","category-canal-de-arquitectura","tag-centenariooiza2018","tag-blog-fundacion-arquia","tag-francisco-javier-saenz-de-oiza","tag-rodrigo-almonacid"],"aioseo_notices":[],"episode_featured_image":"https:\/\/stepienybarno.es\/blog\/wp-content\/uploads\/2018\/03\/Stepienybarno-en-el-centenario-de-oiza-PostdelDia-01.jpg","episode_player_image":"https:\/\/stepienybarno.es\/blog\/wp-content\/uploads\/2020\/11\/stepienybarno-podcast-scaled.jpg","download_link":"","player_link":"","audio_player":false,"episode_data":{"playerMode":"dark","subscribeUrls":[],"rssFeedUrl":"https:\/\/stepienybarno.es\/blog\/feed\/podcast\/podcast-de-stepienybarno","embedCode":"<blockquote class=\"wp-embedded-content\" data-secret=\"DkIzw3FgAQ\"><a href=\"https:\/\/stepienybarno.es\/blog\/2018\/03\/27\/en-el-centenario-de-oiza-2\/\">\u201cEn el centenario de O\u00edza\u2026\u201d<\/a><\/blockquote><iframe sandbox=\"allow-scripts\" security=\"restricted\" src=\"https:\/\/stepienybarno.es\/blog\/2018\/03\/27\/en-el-centenario-de-oiza-2\/embed\/#?secret=DkIzw3FgAQ\" width=\"500\" height=\"350\" title=\"\u00ab\u201cEn el centenario de O\u00edza\u2026\u201d\u00bb \u2014 Blog de STEPIEN Y BARNO - publicaci\u00f3n digital sobre arquitectura\" data-secret=\"DkIzw3FgAQ\" frameborder=\"0\" marginwidth=\"0\" marginheight=\"0\" scrolling=\"no\" class=\"wp-embedded-content\"><\/iframe><script type=\"text\/javascript\">\n\/* <![CDATA[ *\/\n\/*! This file is auto-generated *\/\n!function(d,l){\"use strict\";l.querySelector&&d.addEventListener&&\"undefined\"!=typeof URL&&(d.wp=d.wp||{},d.wp.receiveEmbedMessage||(d.wp.receiveEmbedMessage=function(e){var t=e.data;if((t||t.secret||t.message||t.value)&&!\/[^a-zA-Z0-9]\/.test(t.secret)){for(var s,r,n,a=l.querySelectorAll('iframe[data-secret=\"'+t.secret+'\"]'),o=l.querySelectorAll('blockquote[data-secret=\"'+t.secret+'\"]'),c=new RegExp(\"^https?:$\",\"i\"),i=0;i<o.length;i++)o[i].style.display=\"none\";for(i=0;i<a.length;i++)s=a[i],e.source===s.contentWindow&&(s.removeAttribute(\"style\"),\"height\"===t.message?(1e3<(r=parseInt(t.value,10))?r=1e3:~~r<200&&(r=200),s.height=r):\"link\"===t.message&&(r=new URL(s.getAttribute(\"src\")),n=new URL(t.value),c.test(n.protocol))&&n.host===r.host&&l.activeElement===s&&(d.top.location.href=t.value))}},d.addEventListener(\"message\",d.wp.receiveEmbedMessage,!1),l.addEventListener(\"DOMContentLoaded\",function(){for(var e,t,s=l.querySelectorAll(\"iframe.wp-embedded-content\"),r=0;r<s.length;r++)(t=(e=s[r]).getAttribute(\"data-secret\"))||(t=Math.random().toString(36).substring(2,12),e.src+=\"#?secret=\"+t,e.setAttribute(\"data-secret\",t)),e.contentWindow.postMessage({message:\"ready\",secret:t},\"*\")},!1)))}(window,document);\n\/* ]]> *\/\n<\/script>\n"},"_links":{"self":[{"href":"https:\/\/stepienybarno.es\/blog\/wp-json\/wp\/v2\/posts\/31409"}],"collection":[{"href":"https:\/\/stepienybarno.es\/blog\/wp-json\/wp\/v2\/posts"}],"about":[{"href":"https:\/\/stepienybarno.es\/blog\/wp-json\/wp\/v2\/types\/post"}],"author":[{"embeddable":true,"href":"https:\/\/stepienybarno.es\/blog\/wp-json\/wp\/v2\/users\/10"}],"replies":[{"embeddable":true,"href":"https:\/\/stepienybarno.es\/blog\/wp-json\/wp\/v2\/comments?post=31409"}],"version-history":[{"count":1,"href":"https:\/\/stepienybarno.es\/blog\/wp-json\/wp\/v2\/posts\/31409\/revisions"}],"predecessor-version":[{"id":31414,"href":"https:\/\/stepienybarno.es\/blog\/wp-json\/wp\/v2\/posts\/31409\/revisions\/31414"}],"wp:featuredmedia":[{"embeddable":true,"href":"https:\/\/stepienybarno.es\/blog\/wp-json\/wp\/v2\/media\/31411"}],"wp:attachment":[{"href":"https:\/\/stepienybarno.es\/blog\/wp-json\/wp\/v2\/media?parent=31409"}],"wp:term":[{"taxonomy":"category","embeddable":true,"href":"https:\/\/stepienybarno.es\/blog\/wp-json\/wp\/v2\/categories?post=31409"},{"taxonomy":"post_tag","embeddable":true,"href":"https:\/\/stepienybarno.es\/blog\/wp-json\/wp\/v2\/tags?post=31409"},{"taxonomy":"series","embeddable":true,"href":"https:\/\/stepienybarno.es\/blog\/wp-json\/wp\/v2\/series?post=31409"}],"curies":[{"name":"wp","href":"https:\/\/api.w.org\/{rel}","templated":true}]}}