{"id":31460,"date":"2018-04-03T11:58:34","date_gmt":"2018-04-03T09:58:34","guid":{"rendered":"https:\/\/www.stepienybarno.es\/blog\/?p=31460"},"modified":"2018-04-03T11:58:34","modified_gmt":"2018-04-03T09:58:34","slug":"de-ruta-por-los-pueblos-racionalistas-de-espana","status":"publish","type":"post","link":"https:\/\/stepienybarno.es\/blog\/2018\/04\/03\/de-ruta-por-los-pueblos-racionalistas-de-espana\/","title":{"rendered":"De ruta por los pueblos racionalistas de Espa\u00f1a"},"content":{"rendered":"<p><img loading=\"lazy\" decoding=\"async\" class=\"aligncenter size-medium wp-image-31469\" src=\"https:\/\/stepienybarno.es\/blog\/wp-content\/uploads\/2018\/04\/Stepienybarno-pueblos-racionalistas-ad-PostdelDi\u0301a-02-440x550.jpg\" alt=\"\" width=\"440\" height=\"550\" srcset=\"https:\/\/stepienybarno.es\/blog\/wp-content\/uploads\/2018\/04\/Stepienybarno-pueblos-racionalistas-ad-PostdelDi\u0301a-02-440x550.jpg 440w, https:\/\/stepienybarno.es\/blog\/wp-content\/uploads\/2018\/04\/Stepienybarno-pueblos-racionalistas-ad-PostdelDi\u0301a-02-144x180.jpg 144w, https:\/\/stepienybarno.es\/blog\/wp-content\/uploads\/2018\/04\/Stepienybarno-pueblos-racionalistas-ad-PostdelDi\u0301a-02-560x700.jpg 560w, https:\/\/stepienybarno.es\/blog\/wp-content\/uploads\/2018\/04\/Stepienybarno-pueblos-racionalistas-ad-PostdelDi\u0301a-02-316x395.jpg 316w, https:\/\/stepienybarno.es\/blog\/wp-content\/uploads\/2018\/04\/Stepienybarno-pueblos-racionalistas-ad-PostdelDi\u0301a-02.jpg 600w\" sizes=\"(max-width: 440px) 100vw, 440px\" \/><\/p>\n<p>Desde: <a href=\"http:\/\/www.revistaad.es\/\" target=\"_blank\" rel=\"noopener\">Revista AD <\/a><\/p>\n<p><!--more--><\/p>\n<p>La Guerra Civil acababa de terminar, la dictadura hab\u00eda dejado sumida a Espa\u00f1a en el m\u00e1s profundo aislamiento internacional y el campo estaba tan devastado que era incapaz de abastecer a la poblaci\u00f3n de las ciudades. Este desolador contexto fue el caldo de cultivo perfecto para que fructificara el Instituto Nacional de Colonizaci\u00f3n, un organismo de base aut\u00e1rquica creado en 1939 para reorganizar el sector agr\u00edcola. La idea part\u00eda de un ambicioso programa inconcluso de la II Rep\u00fablica que ya contemplaba construir nuevas infraestructuras hidr\u00e1ulicas y multitud de pueblos para labradores.<\/p>\n<p>&nbsp;<\/p>\n<p>Contaron para ello con casi 80 arquitectos, entre ellos profesionales tan destacados como\u00a0<strong><a href=\"http:\/\/www.alejandrodelasota.org\/\">Alejandro de la Sota<\/a><\/strong>\u00a0(autor de joyas como el gimnasio del\u00a0<a href=\"http:\/\/www.revistaad.es\/arquitectura\/articulos\/que-maravilla\/17195\">Colegio Maravillas<\/a>o la recientemente desaparecida\u00a0<a href=\"http:\/\/www.revistaad.es\/arquitectura\/articulos\/una-demolicion-vergonzosa\/18604\">Casa Guzm\u00e1n<\/a>, en Algete),\u00a0<strong>Carlos Arniches<\/strong>(<a href=\"http:\/\/www.revistaad.es\/arquitectura\/articulos\/fundacion-ico\/16650\">Hip\u00f3dromo de La Zarzuela<\/a>),\u00a0<strong>Jos\u00e9 Antonio Corrales<\/strong>\u00a0(<a href=\"http:\/\/www.revistaad.es\/arquitectura\/articulos\/casa-huarte\/16601\">Casa Huarte<\/a>, en Madrid) o\u00a0<a href=\"http:\/\/www.fernandezdelamo.com\/\"><strong>Jos\u00e9 Luis Fern\u00e1ndez del Amo<\/strong><\/a>\u00a0(Club Na\u00fatico de Campoamor, Alicante), que planificaron y ejecutaron, desde la m\u00e1xima intelectualidad, toda una red de n\u00facleos urbanos que por su modernidad contrastaban con la ortodoxia herreriana imperante en las edificaciones de la capital. De Navarra a C\u00e1diz y de Badajoz a Almer\u00eda, estos proyectistas colonizaron el pa\u00eds con 300 villas en las que, a pesar de la escasez de medios, gozaron de cierta libertad.<\/p>\n<p>&nbsp;<\/p>\n<p><img loading=\"lazy\" decoding=\"async\" class=\"aligncenter size-medium wp-image-31468\" src=\"https:\/\/stepienybarno.es\/blog\/wp-content\/uploads\/2018\/04\/Stepienybarno-pueblos-racionalistas-ad-PostdelDi\u0301a-01-550x541.jpg\" alt=\"\" width=\"550\" height=\"541\" srcset=\"https:\/\/stepienybarno.es\/blog\/wp-content\/uploads\/2018\/04\/Stepienybarno-pueblos-racionalistas-ad-PostdelDi\u0301a-01-550x541.jpg 550w, https:\/\/stepienybarno.es\/blog\/wp-content\/uploads\/2018\/04\/Stepienybarno-pueblos-racionalistas-ad-PostdelDi\u0301a-01-180x177.jpg 180w, https:\/\/stepienybarno.es\/blog\/wp-content\/uploads\/2018\/04\/Stepienybarno-pueblos-racionalistas-ad-PostdelDi\u0301a-01-316x311.jpg 316w, https:\/\/stepienybarno.es\/blog\/wp-content\/uploads\/2018\/04\/Stepienybarno-pueblos-racionalistas-ad-PostdelDi\u0301a-01.jpg 600w\" sizes=\"(max-width: 550px) 100vw, 550px\" \/><\/p>\n<p>&nbsp;<\/p>\n<p style=\"text-align: center;\">Acceder al Art\u00edculo <a href=\"http:\/\/bit.ly\/2JcZMBq\" target=\"_blank\" rel=\"noopener\">AQU\u00cd<\/a><\/p>\n<p>&nbsp;<\/p>\n<p>&nbsp;<\/p>\n<p>\u00bfQuieres inscribirte en nuestro curso de Identidad Digital para arquitectos?<\/p>\n<p>En breve, nueva edici\u00f3n:<\/p>\n<p><a href=\"http:\/\/cursoidentidaddigital.stepienybarno.es\/\">http:\/\/cursoidentidaddigital.stepienybarno.es\/<\/a><\/p>\n<p>Informaci\u00f3n en:\u00a0<a href=\"mailto:blog@stepienybarno.es\">blog@stepienybarno.es<\/a><\/p>\n<p>&nbsp;<\/p>\n<p>&nbsp;<\/p>\n<h5><strong>Autores del post:\u00a0<a href=\"https:\/\/stepienybarno.es\/blog\/2011\/09\/04\/las-fortalezas-del-arquitecto\/\">Stepienybarno<\/a>\u00a0_ Agnieszka Stepien y Lorenzo Barn\u00f3<\/strong><\/h5>\n<h5>Y como siempre, si te gust\u00f3 el post,\u00a0estar\u00eda genial que lo compartas\u00a0en tus redes sociales.<\/h5>\n<h5>A su vez, si todav\u00eda no est\u00e1s suscrito a nuestra Newsletter, te animamos a hacerlo en la casilla que tienes al terminar este art\u00edculo.<\/h5>\n<p>&nbsp;<\/p>\n<blockquote><p>Suscribirte a nuestro blog y recibe gratis nuestra gu\u00eda: 10 Ideas para vender m\u00e1s si eres arquitecto<\/p>\n<p>Acceder:\u00a0<a href=\"http:\/\/bit.ly\/2fkkTS7\">http:\/\/bit.ly\/2fkkTS7<\/a><\/p>\n<p>&nbsp;<\/p>\n<p>Si te interesa contactar con nosotros para que te ayudemos a mejorar tu visibilidad online y, en consecuencia, mejorar tus oportunidades laborales, no dudes en escribirnos a:\u00a0<a href=\"mailto:blog@stepienybarno.es\">blog@stepienybarno.es<\/a><\/p><\/blockquote>\n<p>&nbsp;<\/p>\n<p><em><a href=\"https:\/\/twitter.com\/stepienybarno\">Stepienybarno en TWITTER<\/a><\/em><\/p>\n<p><em><a href=\"https:\/\/twitter.com\/stepienybarno\">@stepienybarno (+ de 16.000 seguidores)<\/a><\/em><\/p>\n<p><em><a href=\"https:\/\/twitter.com\/stepienybarno?lang=es\">https:\/\/twitter.com\/stepienybarno?lang=es<\/a><\/em><\/p>\n<p><em><a href=\"https:\/\/www.facebook.com\/pages\/BLOG-DE-STEPIENYBARNO\/78001079029\">Stepienybarno en FACEBOOK (+ de 24<u>.000 seguidores)<\/u><\/a><\/em><\/p>\n<p><em><a href=\"https:\/\/www.facebook.com\/StepienyBarnoArquitecturaeIdentidadDigital\/\">https:\/\/www.facebook.com\/StepienyBarnoArquitecturaeIdentidadDigital\/<\/a><\/em><\/p>\n<p><em>Acceder a nuestro GRUPO CERRADO DE FACEBOOK sobre Identidad Digital para Arquitectos:<\/em><\/p>\n<p><em><a href=\"https:\/\/www.facebook.com\/groups\/IdentidadDigitalParaArquitectos\/\">https:\/\/www.facebook.com\/groups\/IdentidadDigitalParaArquitectos\/<\/a><\/em><\/p>\n<p><em>Suscr\u00edbete a nuestro canal de YOUTUBE:\u00a0<a href=\"http:\/\/bit.ly\/2A1UtAd\">http:\/\/bit.ly\/2A1UtAd<\/a><\/em><\/p>\n<p>&nbsp;<\/p>\n<p>*\u00a0<a href=\"https:\/\/stepienybarno.es\/blog\/2011\/09\/04\/las-fortalezas-del-arquitecto\/\">Stepienybarno<\/a>\u00a0est\u00e1 formado por Agnieszka Stepien y Lorenzo Barn\u00f3 y desde mayo del 2009 estamos en la red con\u00a0 la presente publicaci\u00f3n digital (Blog) de arquitectura.<\/p>\n<p>Nuestra actividad se sustenta en tres pilares b\u00e1sicos: la investigaci\u00f3n, la publicaci\u00f3n y la redacci\u00f3n de proyectos de arquitectura.<\/p>\n<p>A su vez, somos socios cofundadores de\u00a0<a href=\"http:\/\/sinergiasostenible.org\/\">SINERGIA SOSTENIBLE<\/a>\u00a0y directores del blog de FUNDACI\u00d3N ARQUIA.<\/p>\n<p>&nbsp;<\/p>\n","protected":false},"excerpt":{"rendered":"<p>Desde: Revista AD<\/p>\n","protected":false},"author":10,"featured_media":31469,"comment_status":"open","ping_status":"closed","sticky":false,"template":"","format":"standard","meta":{"om_disable_all_campaigns":false,"_monsterinsights_skip_tracking":false,"_monsterinsights_sitenote_active":false,"_monsterinsights_sitenote_note":"","_monsterinsights_sitenote_category":0,"_uf_show_specific_survey":0,"_uf_disable_surveys":false,"episode_type":"","audio_file":"","cover_image":"","cover_image_id":"","duration":"","filesize":"","date_recorded":"","explicit":"","block":"","filesize_raw":"","footnotes":""},"categories":[244],"tags":[598,6183,6184,5207,1516,6182],"series":[],"class_list":["post-31460","post","type-post","status-publish","format-standard","has-post-thumbnail","hentry","category-canal-de-arquitectura","tag-alejandro-de-la-sota","tag-arquitectura-racionalista","tag-carlos-arniches","tag-jose-antonio-corrales","tag-jose-luis-fernandez-del-amo","tag-revisa-ad"],"aioseo_notices":[],"episode_featured_image":"https:\/\/stepienybarno.es\/blog\/wp-content\/uploads\/2018\/04\/Stepienybarno-pueblos-racionalistas-ad-PostdelDi\u0301a-02.jpg","episode_player_image":"https:\/\/stepienybarno.es\/blog\/wp-content\/uploads\/2020\/11\/stepienybarno-podcast-scaled.jpg","download_link":"","player_link":"","audio_player":false,"episode_data":{"playerMode":"dark","subscribeUrls":[],"rssFeedUrl":"https:\/\/stepienybarno.es\/blog\/feed\/podcast\/podcast-de-stepienybarno","embedCode":"<blockquote class=\"wp-embedded-content\" data-secret=\"uaAXTSMoZ0\"><a href=\"https:\/\/stepienybarno.es\/blog\/2018\/04\/03\/de-ruta-por-los-pueblos-racionalistas-de-espana\/\">De ruta por los pueblos racionalistas de Espa\u00f1a<\/a><\/blockquote><iframe sandbox=\"allow-scripts\" security=\"restricted\" src=\"https:\/\/stepienybarno.es\/blog\/2018\/04\/03\/de-ruta-por-los-pueblos-racionalistas-de-espana\/embed\/#?secret=uaAXTSMoZ0\" width=\"500\" height=\"350\" title=\"\u00abDe ruta por los pueblos racionalistas de Espa\u00f1a\u00bb \u2014 Blog de STEPIEN Y BARNO - publicaci\u00f3n digital sobre arquitectura\" data-secret=\"uaAXTSMoZ0\" frameborder=\"0\" marginwidth=\"0\" marginheight=\"0\" scrolling=\"no\" class=\"wp-embedded-content\"><\/iframe><script type=\"text\/javascript\">\n\/* <![CDATA[ *\/\n\/*! This file is auto-generated *\/\n!function(d,l){\"use strict\";l.querySelector&&d.addEventListener&&\"undefined\"!=typeof URL&&(d.wp=d.wp||{},d.wp.receiveEmbedMessage||(d.wp.receiveEmbedMessage=function(e){var t=e.data;if((t||t.secret||t.message||t.value)&&!\/[^a-zA-Z0-9]\/.test(t.secret)){for(var s,r,n,a=l.querySelectorAll('iframe[data-secret=\"'+t.secret+'\"]'),o=l.querySelectorAll('blockquote[data-secret=\"'+t.secret+'\"]'),c=new RegExp(\"^https?:$\",\"i\"),i=0;i<o.length;i++)o[i].style.display=\"none\";for(i=0;i<a.length;i++)s=a[i],e.source===s.contentWindow&&(s.removeAttribute(\"style\"),\"height\"===t.message?(1e3<(r=parseInt(t.value,10))?r=1e3:~~r<200&&(r=200),s.height=r):\"link\"===t.message&&(r=new URL(s.getAttribute(\"src\")),n=new URL(t.value),c.test(n.protocol))&&n.host===r.host&&l.activeElement===s&&(d.top.location.href=t.value))}},d.addEventListener(\"message\",d.wp.receiveEmbedMessage,!1),l.addEventListener(\"DOMContentLoaded\",function(){for(var e,t,s=l.querySelectorAll(\"iframe.wp-embedded-content\"),r=0;r<s.length;r++)(t=(e=s[r]).getAttribute(\"data-secret\"))||(t=Math.random().toString(36).substring(2,12),e.src+=\"#?secret=\"+t,e.setAttribute(\"data-secret\",t)),e.contentWindow.postMessage({message:\"ready\",secret:t},\"*\")},!1)))}(window,document);\n\/* ]]> *\/\n<\/script>\n"},"_links":{"self":[{"href":"https:\/\/stepienybarno.es\/blog\/wp-json\/wp\/v2\/posts\/31460"}],"collection":[{"href":"https:\/\/stepienybarno.es\/blog\/wp-json\/wp\/v2\/posts"}],"about":[{"href":"https:\/\/stepienybarno.es\/blog\/wp-json\/wp\/v2\/types\/post"}],"author":[{"embeddable":true,"href":"https:\/\/stepienybarno.es\/blog\/wp-json\/wp\/v2\/users\/10"}],"replies":[{"embeddable":true,"href":"https:\/\/stepienybarno.es\/blog\/wp-json\/wp\/v2\/comments?post=31460"}],"version-history":[{"count":1,"href":"https:\/\/stepienybarno.es\/blog\/wp-json\/wp\/v2\/posts\/31460\/revisions"}],"predecessor-version":[{"id":31472,"href":"https:\/\/stepienybarno.es\/blog\/wp-json\/wp\/v2\/posts\/31460\/revisions\/31472"}],"wp:featuredmedia":[{"embeddable":true,"href":"https:\/\/stepienybarno.es\/blog\/wp-json\/wp\/v2\/media\/31469"}],"wp:attachment":[{"href":"https:\/\/stepienybarno.es\/blog\/wp-json\/wp\/v2\/media?parent=31460"}],"wp:term":[{"taxonomy":"category","embeddable":true,"href":"https:\/\/stepienybarno.es\/blog\/wp-json\/wp\/v2\/categories?post=31460"},{"taxonomy":"post_tag","embeddable":true,"href":"https:\/\/stepienybarno.es\/blog\/wp-json\/wp\/v2\/tags?post=31460"},{"taxonomy":"series","embeddable":true,"href":"https:\/\/stepienybarno.es\/blog\/wp-json\/wp\/v2\/series?post=31460"}],"curies":[{"name":"wp","href":"https:\/\/api.w.org\/{rel}","templated":true}]}}