{"id":31536,"date":"2018-04-09T11:03:23","date_gmt":"2018-04-09T09:03:23","guid":{"rendered":"https:\/\/www.stepienybarno.es\/blog\/?p=31536"},"modified":"2018-04-09T11:03:23","modified_gmt":"2018-04-09T09:03:23","slug":"la-gentrificacion-o-conquistar-barrios-sin-derramar-sangre-2","status":"publish","type":"post","link":"https:\/\/stepienybarno.es\/blog\/2018\/04\/09\/la-gentrificacion-o-conquistar-barrios-sin-derramar-sangre-2\/","title":{"rendered":"la gentrificaci\u00f3n, o conquistar barrios sin derramar sangre"},"content":{"rendered":"<p><img loading=\"lazy\" decoding=\"async\" class=\"aligncenter size-medium wp-image-31540\" src=\"https:\/\/stepienybarno.es\/blog\/wp-content\/uploads\/2018\/04\/Stepienybarno-gentrificacion-francisco-camino-PostdelDia-01-550x264.jpg\" alt=\"\" width=\"550\" height=\"264\" srcset=\"https:\/\/stepienybarno.es\/blog\/wp-content\/uploads\/2018\/04\/Stepienybarno-gentrificacion-francisco-camino-PostdelDia-01-550x264.jpg 550w, https:\/\/stepienybarno.es\/blog\/wp-content\/uploads\/2018\/04\/Stepienybarno-gentrificacion-francisco-camino-PostdelDia-01-180x86.jpg 180w, https:\/\/stepienybarno.es\/blog\/wp-content\/uploads\/2018\/04\/Stepienybarno-gentrificacion-francisco-camino-PostdelDia-01.jpg 1024w, https:\/\/stepienybarno.es\/blog\/wp-content\/uploads\/2018\/04\/Stepienybarno-gentrificacion-francisco-camino-PostdelDia-01-316x152.jpg 316w\" sizes=\"(max-width: 550px) 100vw, 550px\" \/><\/p>\n<p>&nbsp;<\/p>\n<p>Por: <a href=\"http:\/\/franciscocaminoarias.com\/\" target=\"_blank\" rel=\"noopener\">Francisco Camino Arias<\/a><\/p>\n<p><!--more--><\/p>\n<p>\u00bb\u00a0En los barrios de la ciudad tradicional conviv\u00edan las diferentes clases sociales, desarroll\u00e1ndose \u00a0conjuntamente los diversos usos de la actividad humana. Tras la revoluci\u00f3n industrial y de manera m\u00e1s acusada despu\u00e9s de II Guerra Mundial, se produjo lo que despu\u00e9s se conoci\u00f3 como \u201c<strong><em>sectorizaci\u00f3n<\/em><\/strong><em>\u201d.\u00a0\u00a0<\/em>\u00a0Esto es, se empezaron a diferenciar unas porciones de la ciudad de las otras, seg\u00fan las actividades principales desarrolladas en cada una de ellas. Pero sobre todo comenzaron a diferenciarse por la clase social predominante que habitaba en cada barrio.<\/p>\n<p>En el lenguaje coloquial empez\u00f3 a ser habitual hablar de\u00a0<strong><a href=\"https:\/\/www.youtube.com\/watch?v=mOytN0Z3jHw\" target=\"_blank\" rel=\"noopener\">\u201c<em>barrios altos<\/em><\/a>\u201d<\/strong>, \u201c<em>barrios bajos<\/em>\u201d, \u201c<em>barrios obreros<\/em>\u201d, etc\u2026. La referida sectorizaci\u00f3n, unas veces fue planificada y otras se desarroll\u00f3 de una manera espont\u00e1nea, provocando, muchas veces, segregaci\u00f3n de usos y de personas. Cada barrio pas\u00f3 a estar habitado predominantemente por una clase social determinada. Esto suced\u00eda tanto en los barrios de nueva creaci\u00f3n, como en determinadas zonas consolidadas de la ciudad tradicional. (&#8230;) \u00bb<\/p>\n<p>&nbsp;<\/p>\n<p style=\"text-align: center;\">Acceder al Post <a href=\"http:\/\/bit.ly\/2uW7Vaq\" target=\"_blank\" rel=\"noopener\">AQU\u00cd<\/a><\/p>\n<p>&nbsp;<\/p>\n<p>\u00bfQuieres inscribirte en nuestro curso de Identidad Digital para arquitectos?<\/p>\n<p>En breve, nueva edici\u00f3n:<\/p>\n<p><a href=\"http:\/\/cursoidentidaddigital.stepienybarno.es\/\">http:\/\/cursoidentidaddigital.stepienybarno.es\/<\/a><\/p>\n<p>Informaci\u00f3n en:\u00a0<a href=\"mailto:blog@stepienybarno.es\">blog@stepienybarno.es<\/a><\/p>\n<p>&nbsp;<\/p>\n<p>&nbsp;<\/p>\n<h5><strong>Autores del post:\u00a0<a href=\"https:\/\/stepienybarno.es\/blog\/2011\/09\/04\/las-fortalezas-del-arquitecto\/\">Stepienybarno<\/a>\u00a0_ Agnieszka Stepien y Lorenzo Barn\u00f3<\/strong><\/h5>\n<h5>Y como siempre, si te gust\u00f3 el post,\u00a0estar\u00eda genial que lo compartas\u00a0en tus redes sociales.<\/h5>\n<h5>A su vez, si todav\u00eda no est\u00e1s suscrito a nuestra Newsletter, te animamos a hacerlo en la casilla que tienes al terminar este art\u00edculo.<\/h5>\n<p>&nbsp;<\/p>\n<blockquote><p>Suscribirte a nuestro blog y recibe gratis nuestra gu\u00eda: 10 Ideas para vender m\u00e1s si eres arquitecto<\/p>\n<p>Acceder:\u00a0<a href=\"http:\/\/bit.ly\/2fkkTS7\">http:\/\/bit.ly\/2fkkTS7<\/a><\/p>\n<p>&nbsp;<\/p>\n<p>Si te interesa contactar con nosotros para que te ayudemos a mejorar tu visibilidad online y, en consecuencia, mejorar tus oportunidades laborales, no dudes en escribirnos a:\u00a0<a href=\"mailto:blog@stepienybarno.es\">blog@stepienybarno.es<\/a><\/p><\/blockquote>\n<p>&nbsp;<\/p>\n<p><em><a href=\"https:\/\/twitter.com\/stepienybarno\">Stepienybarno en TWITTER<\/a><\/em><\/p>\n<p><em><a href=\"https:\/\/twitter.com\/stepienybarno\">@stepienybarno (+ de 16.000 seguidores)<\/a><\/em><\/p>\n<p><em><a href=\"https:\/\/twitter.com\/stepienybarno?lang=es\">https:\/\/twitter.com\/stepienybarno?lang=es<\/a><\/em><\/p>\n<p><em><a href=\"https:\/\/www.facebook.com\/pages\/BLOG-DE-STEPIENYBARNO\/78001079029\">Stepienybarno en FACEBOOK (+ de 24<u>.000 seguidores)<\/u><\/a><\/em><\/p>\n<p><em><a href=\"https:\/\/www.facebook.com\/StepienyBarnoArquitecturaeIdentidadDigital\/\">https:\/\/www.facebook.com\/StepienyBarnoArquitecturaeIdentidadDigital\/<\/a><\/em><\/p>\n<p><em>Acceder a nuestro GRUPO CERRADO DE FACEBOOK sobre Identidad Digital para Arquitectos:<\/em><\/p>\n<p><em><a href=\"https:\/\/www.facebook.com\/groups\/IdentidadDigitalParaArquitectos\/\">https:\/\/www.facebook.com\/groups\/IdentidadDigitalParaArquitectos\/<\/a><\/em><\/p>\n<p><em>Suscr\u00edbete a nuestro canal de YOUTUBE:\u00a0<a href=\"http:\/\/bit.ly\/2A1UtAd\">http:\/\/bit.ly\/2A1UtAd<\/a><\/em><\/p>\n<p>&nbsp;<\/p>\n<p>*\u00a0<a href=\"https:\/\/stepienybarno.es\/blog\/2011\/09\/04\/las-fortalezas-del-arquitecto\/\">Stepienybarno<\/a>\u00a0est\u00e1 formado por Agnieszka Stepien y Lorenzo Barn\u00f3 y desde mayo del 2009 estamos en la red con\u00a0 la presente publicaci\u00f3n digital (Blog) de arquitectura.<\/p>\n<p>Nuestra actividad se sustenta en tres pilares b\u00e1sicos: la investigaci\u00f3n, la publicaci\u00f3n y la redacci\u00f3n de proyectos de arquitectura.<\/p>\n<p>A su vez, somos socios cofundadores de\u00a0<a href=\"http:\/\/sinergiasostenible.org\/\">SINERGIA SOSTENIBLE<\/a>\u00a0y directores del blog de FUNDACI\u00d3N ARQUIA.<\/p>\n","protected":false},"excerpt":{"rendered":"<p>&nbsp; Por: Francisco Camino Arias<\/p>\n","protected":false},"author":10,"featured_media":31540,"comment_status":"open","ping_status":"closed","sticky":false,"template":"","format":"standard","meta":{"om_disable_all_campaigns":false,"_monsterinsights_skip_tracking":false,"_monsterinsights_sitenote_active":false,"_monsterinsights_sitenote_note":"","_monsterinsights_sitenote_category":0,"_uf_show_specific_survey":0,"_uf_disable_surveys":false,"episode_type":"","audio_file":"","cover_image":"","cover_image_id":"","duration":"","filesize":"","date_recorded":"","explicit":"","block":"","filesize_raw":"","footnotes":""},"categories":[244],"tags":[6205,3159,3521],"series":[],"class_list":["post-31536","post","type-post","status-publish","format-standard","has-post-thumbnail","hentry","category-canal-de-arquitectura","tag-ciudad-tradicional","tag-francisco-camino","tag-gentrificacion"],"aioseo_notices":[],"episode_featured_image":"https:\/\/stepienybarno.es\/blog\/wp-content\/uploads\/2018\/04\/Stepienybarno-gentrificacion-francisco-camino-PostdelDia-01.jpg","episode_player_image":"https:\/\/stepienybarno.es\/blog\/wp-content\/uploads\/2020\/11\/stepienybarno-podcast-scaled.jpg","download_link":"","player_link":"","audio_player":false,"episode_data":{"playerMode":"dark","subscribeUrls":[],"rssFeedUrl":"https:\/\/stepienybarno.es\/blog\/feed\/podcast\/podcast-de-stepienybarno","embedCode":"<blockquote class=\"wp-embedded-content\" data-secret=\"7UCr8HanhV\"><a href=\"https:\/\/stepienybarno.es\/blog\/2018\/04\/09\/la-gentrificacion-o-conquistar-barrios-sin-derramar-sangre-2\/\">la gentrificaci\u00f3n, o conquistar barrios sin derramar sangre<\/a><\/blockquote><iframe sandbox=\"allow-scripts\" security=\"restricted\" src=\"https:\/\/stepienybarno.es\/blog\/2018\/04\/09\/la-gentrificacion-o-conquistar-barrios-sin-derramar-sangre-2\/embed\/#?secret=7UCr8HanhV\" width=\"500\" height=\"350\" title=\"\u00abla gentrificaci\u00f3n, o conquistar barrios sin derramar sangre\u00bb \u2014 Blog de STEPIEN Y BARNO - publicaci\u00f3n digital sobre arquitectura\" data-secret=\"7UCr8HanhV\" frameborder=\"0\" marginwidth=\"0\" marginheight=\"0\" scrolling=\"no\" class=\"wp-embedded-content\"><\/iframe><script type=\"text\/javascript\">\n\/* <![CDATA[ *\/\n\/*! This file is auto-generated *\/\n!function(d,l){\"use strict\";l.querySelector&&d.addEventListener&&\"undefined\"!=typeof URL&&(d.wp=d.wp||{},d.wp.receiveEmbedMessage||(d.wp.receiveEmbedMessage=function(e){var t=e.data;if((t||t.secret||t.message||t.value)&&!\/[^a-zA-Z0-9]\/.test(t.secret)){for(var s,r,n,a=l.querySelectorAll('iframe[data-secret=\"'+t.secret+'\"]'),o=l.querySelectorAll('blockquote[data-secret=\"'+t.secret+'\"]'),c=new RegExp(\"^https?:$\",\"i\"),i=0;i<o.length;i++)o[i].style.display=\"none\";for(i=0;i<a.length;i++)s=a[i],e.source===s.contentWindow&&(s.removeAttribute(\"style\"),\"height\"===t.message?(1e3<(r=parseInt(t.value,10))?r=1e3:~~r<200&&(r=200),s.height=r):\"link\"===t.message&&(r=new URL(s.getAttribute(\"src\")),n=new URL(t.value),c.test(n.protocol))&&n.host===r.host&&l.activeElement===s&&(d.top.location.href=t.value))}},d.addEventListener(\"message\",d.wp.receiveEmbedMessage,!1),l.addEventListener(\"DOMContentLoaded\",function(){for(var e,t,s=l.querySelectorAll(\"iframe.wp-embedded-content\"),r=0;r<s.length;r++)(t=(e=s[r]).getAttribute(\"data-secret\"))||(t=Math.random().toString(36).substring(2,12),e.src+=\"#?secret=\"+t,e.setAttribute(\"data-secret\",t)),e.contentWindow.postMessage({message:\"ready\",secret:t},\"*\")},!1)))}(window,document);\n\/* ]]> *\/\n<\/script>\n"},"_links":{"self":[{"href":"https:\/\/stepienybarno.es\/blog\/wp-json\/wp\/v2\/posts\/31536"}],"collection":[{"href":"https:\/\/stepienybarno.es\/blog\/wp-json\/wp\/v2\/posts"}],"about":[{"href":"https:\/\/stepienybarno.es\/blog\/wp-json\/wp\/v2\/types\/post"}],"author":[{"embeddable":true,"href":"https:\/\/stepienybarno.es\/blog\/wp-json\/wp\/v2\/users\/10"}],"replies":[{"embeddable":true,"href":"https:\/\/stepienybarno.es\/blog\/wp-json\/wp\/v2\/comments?post=31536"}],"version-history":[{"count":1,"href":"https:\/\/stepienybarno.es\/blog\/wp-json\/wp\/v2\/posts\/31536\/revisions"}],"predecessor-version":[{"id":31541,"href":"https:\/\/stepienybarno.es\/blog\/wp-json\/wp\/v2\/posts\/31536\/revisions\/31541"}],"wp:featuredmedia":[{"embeddable":true,"href":"https:\/\/stepienybarno.es\/blog\/wp-json\/wp\/v2\/media\/31540"}],"wp:attachment":[{"href":"https:\/\/stepienybarno.es\/blog\/wp-json\/wp\/v2\/media?parent=31536"}],"wp:term":[{"taxonomy":"category","embeddable":true,"href":"https:\/\/stepienybarno.es\/blog\/wp-json\/wp\/v2\/categories?post=31536"},{"taxonomy":"post_tag","embeddable":true,"href":"https:\/\/stepienybarno.es\/blog\/wp-json\/wp\/v2\/tags?post=31536"},{"taxonomy":"series","embeddable":true,"href":"https:\/\/stepienybarno.es\/blog\/wp-json\/wp\/v2\/series?post=31536"}],"curies":[{"name":"wp","href":"https:\/\/api.w.org\/{rel}","templated":true}]}}