{"id":31790,"date":"2018-05-04T07:46:55","date_gmt":"2018-05-04T05:46:55","guid":{"rendered":"https:\/\/www.stepienybarno.es\/blog\/?p=31790"},"modified":"2018-05-04T07:59:11","modified_gmt":"2018-05-04T05:59:11","slug":"curso-presencial-de-productividad-para-arquitectos-y-arquitectas-en-madrid","status":"publish","type":"post","link":"https:\/\/stepienybarno.es\/blog\/2018\/05\/04\/curso-presencial-de-productividad-para-arquitectos-y-arquitectas-en-madrid\/","title":{"rendered":"CURSO PRESENCIAL DE PRODUCTIVIDAD PARA ARQUITECTOS Y ARQUITECTAS EN MADRID."},"content":{"rendered":"<p>Aunque la mayor\u00eda de las veces nuestros cursos est\u00e1n enfocados en el tema de la Identidad Digital, desde hace unos a\u00f1os, tambi\u00e9n tenemos muy presente el mundo de la productividad.<\/p>\n<p>As\u00ed, desde que la eficiencia personal entr\u00f3 en nuestras vidas, hay un antes y un despu\u00e9s.<\/p>\n<p>Por ello, queremos compartir lo aprendido con tod@s vosotr@s y que, de esta forma, tambi\u00e9n pod\u00e1is beneficiaros de las bondades de vivir sin tanto estr\u00e9s, haciendo lo que realmente tenemos que hacer de la manera m\u00e1s eficaz posible.<\/p>\n<p>Adem\u00e1s, nuestro mundillo arquitect\u00f3nico tiene varios vicios que nos sientan fatal; por lo tanto, conviene no despistarnos con el tema y pararnos a darle una vuelta.<\/p>\n<p>Sin ninguna duda, el tiempo invertido en estos menesteres es una inversi\u00f3n segura.<\/p>\n<p><!--more--><\/p>\n<h3 style=\"text-align: center;\"><span style=\"color: #0000ff;\"><strong>CURSO PRESENCIAL DE PRODUCTIVIDAD PARA ARQUITECTOS Y ARQUITECTAS EN MADRID.<\/strong><\/span><\/h3>\n<h3 style=\"text-align: center;\"><span style=\"color: #0000ff;\"><strong>Claves para ser m\u00e1s\u00a0 eficiente\u00a0 en el d\u00eda a d\u00eda del\u00a0 arquitect@<\/strong><\/span><\/h3>\n<p>&nbsp;<\/p>\n<pre><strong>D\u00f3nde:<\/strong> Espacio Finsa21 (C\/Maudes, 21) \r\n\"Zona Cuatro Caminos - Nuevos Ministerios\" (Madrid).\r\n\r\n<strong>Cu\u00e1ndo<\/strong>: durante las tardes del <strong>21 y 22 de MAYO del 2018.<\/strong>\r\n\r\n<strong>Horario:<\/strong> 16.00 \u2013 20.00\r\n\r\n<strong>Directores del taller:<\/strong> Stepienybarno.\r\n\r\n<strong>Facilitador: <\/strong>Lorenzo Barn\u00f3 de Stepienybarno<\/pre>\n<p>&nbsp;<\/p>\n<blockquote><p>\u201cLo que m\u00e1s te ha gustado del curso ha sido su contenido, o mejor dicho la suma y combinaci\u00f3n de los contenidos.\u201d Ver\u00f3nica S\u00e1nchez (n\u00b4UNDO)<\/p><\/blockquote>\n<p>&nbsp;<\/p>\n<h3><span style=\"color: #0000ff;\"><strong>1_ FORMATO DEL \u00a0CURSO<\/strong><\/span><\/h3>\n<p><span style=\"color: #0000ff;\"><strong>1.1_ OBJETIVO<\/strong><\/span><\/p>\n<p>\u00bfEst\u00e1s cansado de que siempre <strong>te falte tiempo<\/strong> para hacer lo que realmente quieres?<\/p>\n<p>Si este es tu caso, te contamos dos noticias, una buena y una mala.<\/p>\n<p>La <strong>mala noticia<\/strong> es que solucionarlo tambi\u00e9n lleva tiempo; no se puede hacer por arte de magia.<\/p>\n<p>La <strong>buena noticia<\/strong> es que es posible cambiar esta deriva y, usando las <strong>t\u00e9cnicas y herramientas <\/strong>precisas, tu vida puede mejorar mucho. Porque si mejoramos nuestra productividad, no s\u00f3lo mejoramos nuestro rendimiento laboral, sino que afecta a todas las esferas de nuestra vida.<\/p>\n<p>El tema es tan apasionante como complejo; para nada son cuatro ideas que las aplicas y ya est\u00e1. Como cantaba Sabina: \u201c<strong>que no te vendan amor sin espinas<\/strong>\u201d, pues aqu\u00ed ocurre igual. Si os met\u00e9is de lleno con el tema, los resultados ser\u00e1n entre buenos y espectaculares; pero, el trayecto para conseguirlo no ser\u00e1 ni sencillo ni inmediato.<\/p>\n<p>Si aun as\u00ed est\u00e1s dispuesto a la aventura, <strong>esperamos que este CURSO\/TALLER te ayude a ser m\u00e1s eficiente con tu tiempo<\/strong>, que hagas <strong>lo que realmente tienes que hacer<\/strong> y, por supuesto, que lo hagas <strong>con el menor estr\u00e9s posible.<\/strong><\/p>\n<p>&nbsp;<\/p>\n<p>En general, tendemos a desear <strong>m\u00e1s tiempo<\/strong> para nosotros y para nuestras cosas; pero, la verdad es que, todos tenemos 24 horas y es cuesti\u00f3n de c\u00f3mo las aprovechemos. Seguramente, si nos dieran m\u00e1s tiempo al d\u00eda, volver\u00edamos a querer m\u00e1s. Se trata de aprender a <strong>ser eficiente<\/strong> con el tiempo y no de aprender a gestionar el tiempo. De hecho, <strong>el tiempo no se gestiona<\/strong>, se gestionan prioridades y, en \u00faltima instancia, a un@ misam@.<\/p>\n<p>Con este CURSO, pretendemos compartir contigo muchos trucos que a nosotros nos han servido para evitar distracciones y como dec\u00edan las abuelas, <strong>estar a lo que estamos.<\/strong><\/p>\n<p>&nbsp;<\/p>\n<p>Sin embargo, para nosotros no siempre fue as\u00ed; hubo un d\u00eda en el que no \u00e9ramos tan eficaces con nuestra productividad y ha sido gracias a <strong>peque\u00f1os cambios y nuevos h\u00e1bitos <\/strong>por los que hemos conseguido organizarnos cada vez mejor.<\/p>\n<p>Los arquitectos tendemos a <strong>planificar mucho<\/strong> y esto es bueno por un lado, pero por otro, si nos pasamos, puede ser peligroso. \u00a0Nos conviene hacer peque\u00f1os cambios y aprender a decir que no. <strong>Decir no<\/strong>; no a muchas cosas que nos proponen y no, a muchas cosas que se nos ocurren; es decir nos proponemos nosotr@s mism@s.<\/p>\n<p>La tendencia habitual de meterse en mil fregados, s\u00f3lo trae <strong>distracci\u00f3n y p\u00e9rdida de foco.<\/strong> Y en esto los arquitectos tenemos mucho que aprender. Es cierto que somos buenos avanzando en muchos frentes a la vez, pero perdemos el potencial de concretar acciones desde una perspectiva m\u00e1s focalizada.<\/p>\n<p>&nbsp;<\/p>\n<p>Los arquitectos tenemos una tendencia alucinante hacia el trabajo incansable. Esto lo hemos aprendido en <strong>la escuela<\/strong> y a la que nos descuidamos estamos trabajando el fin de semana.<\/p>\n<p>Sin embargo, lo que nosotros proponemos es <strong>trabajar con mayor foco e inteligencia<\/strong>, no trabajar todav\u00eda m\u00e1s duro. Como ves este no es un curso para trabajar m\u00e1s, m\u00e1s bien se podr\u00eda decir que es para trabajar menos, pero llegando a mucho m\u00e1s. No va de conseguir la luna, sino de hacer lo que realmente toca, con el menor estr\u00e9s posible.<\/p>\n<p>&nbsp;<\/p>\n<p><img loading=\"lazy\" decoding=\"async\" class=\"alignnone size-full wp-image-31793\" src=\"https:\/\/stepienybarno.es\/blog\/wp-content\/uploads\/2018\/05\/1.jpg\" alt=\"\" width=\"650\" height=\"441\" srcset=\"https:\/\/stepienybarno.es\/blog\/wp-content\/uploads\/2018\/05\/1.jpg 650w, https:\/\/stepienybarno.es\/blog\/wp-content\/uploads\/2018\/05\/1-180x122.jpg 180w, https:\/\/stepienybarno.es\/blog\/wp-content\/uploads\/2018\/05\/1-550x373.jpg 550w, https:\/\/stepienybarno.es\/blog\/wp-content\/uploads\/2018\/05\/1-316x214.jpg 316w\" sizes=\"(max-width: 650px) 100vw, 650px\" \/><\/p>\n<p>&nbsp;<\/p>\n<p>As\u00ed que, si quieres vivir m\u00e1s tranquil@ y aprovechar mejor tu tiempo, est\u00e1s de enhorabuena, pues este curso te ayudar\u00e1 a ello.<\/p>\n<p>Si adem\u00e1s eres arquitect@ o est\u00e1s cercano al mundillo de la <strong>arquitectura<\/strong>, mejor que mejor; nosotros somos arquitectos y te vamos a entender de maravilla.<\/p>\n<p>De hecho, gran parte de lo que nos pasa a los arquitectos, s\u00f3lo se puede entender si eres uno de los nuestros. Nuestra forma de hacer las cosas es bastante particular y conviene ser consciente de ello, antes de proponer nuevos h\u00e1bitos.<\/p>\n<p>&nbsp;<\/p>\n<blockquote><p>\u201cLa labor de Stepienybarno ha sido impecable, siempre atentos a todo lo que necesit\u00e1bamos. Todo ha estado claro para que pudi\u00e9ramos digerirlo bien a pesar de la gran cantidad de material que nos ha hecho llegar Stepienybarno. Un 10!\u201d<\/p>\n<p>Pablo Iranzo, participante del curso de Identidad Digital.<\/p><\/blockquote>\n<p>&nbsp;<\/p>\n<p>&nbsp;<\/p>\n<p><span style=\"color: #0000ff;\"><strong>1.2_ ESTRUCTURA DEL CURSO<\/strong><\/span><\/p>\n<p>\u00bf<strong>A QUIEN VA DIRIGIDO<\/strong>?<\/p>\n<p>Es importante recalcar que es un curso hecho y dirigido <strong>por arquitectos<\/strong> (Lorenzo es arquitecto t\u00e9cnico y arquitecto y Agnieszka es Ingeniera civil y arquitecto)<strong> para<\/strong>\u00a0 <strong>arquitectos o gente muy cercana al mundo de la arquitectura, construcci\u00f3n y sostenibilidad.<\/strong><\/p>\n<p>El nivel de este curso ser\u00e1 b\u00e1sico-medio, por lo que puedes apuntarte aunque tu contacto con el mundo de la productividad sea escaso o nulo.<\/p>\n<p>&nbsp;<\/p>\n<p>La otra gran noticia es que ser m\u00e1s eficiente, en gran parte es cuesti\u00f3n de rutinas, de acostumbrar a nuestro cerebro a seguir determinados patrones y a abandonar todo aquello que nos separa de nuestro estado natural de eficacia. Como ves esto es algo que nos afecta a tod@s.<\/p>\n<p>Puede ser que est\u00e9s comenzando o que ya lleves varios a\u00f1os en el mundo laboral, en cualquiera de los dos casos, seguramente, te conviene<strong> pararte en seco y replantearte este tema<\/strong>. El tiempo que vas a usar para aprender c\u00f3mo mejorar tu productividad, es la<strong> inversi\u00f3n<\/strong> m\u00e1s segura que har\u00e1s en tu vida.<\/p>\n<p>Nosotros, desde Stepienybarno, llevamos muchos a\u00f1os con este tema encima de la mesa y te podemos asegurar que hay un antes y un despu\u00e9s. Desde que la productividad se instal\u00f3 en nuestras vidas, todo fluye de otra manera.<\/p>\n<p>&nbsp;<\/p>\n<p>Eso s\u00ed, si no quieres invertir este <strong>tiempo<\/strong> o, por alguna misteriosa raz\u00f3n te gusta ser improductivo, este no es tu curso.<\/p>\n<p>Si, por el contrario, quieres una vida en el que t\u00fa seas el capit\u00e1n de tu tiempo y no sean las urgencias las que comanden tu d\u00eda a d\u00eda, este s\u00ed es tu curso.<\/p>\n<p>&nbsp;<\/p>\n<p>\u00bf<strong>QU\u00c9 TRAEN LOS ALUMNOS<\/strong>?<\/p>\n<p><strong>1_<\/strong> Ilusi\u00f3n y ganas.<\/p>\n<p><strong>2_<\/strong> Dudas.<\/p>\n<p><strong>3_<\/strong> Inquietud.<\/p>\n<p>&nbsp;<\/p>\n<p>\u00bf<strong>QU\u00c9 SE LLEVAN LOS ALUMNOS<\/strong>?<\/p>\n<ol>\n<li>Ense\u00f1aremos a nuestros compa\u00f1eros cu\u00e1les son las claves para mejorar su rendimiento laboral y ser m\u00e1s <strong>eficientes<\/strong> con su tiempo.<\/li>\n<li>Se hablar\u00e1 de <strong>productividad y de nuestro mundo arquitect\u00f3nico<\/strong>. Habr\u00e1 espacio para ver cu\u00e1les son \u201cnuestros males\u201d, pero tambi\u00e9n cu\u00e1les son las soluciones a los mismos.<\/li>\n<li>Se aclarar\u00e1 c\u00f3mo se deben forjar nuevos <strong>h\u00e1bitos<\/strong> que nos ayuden a ser m\u00e1s eficientes y a trabajar con un umbral de estr\u00e9s m\u00ednimo.<\/li>\n<\/ol>\n<p><strong>\u00a0<\/strong><\/p>\n<p><strong>METODOLOG\u00cdA:<\/strong><\/p>\n<p>No se trata de que Stepienybarno estemos hablando sin parar sobre lo que hay que hacer o no. Nuestra metodolog\u00eda educativa no es la habitual; apostamos por un trato cercano y por din\u00e1micas importadas del Design Thinking o sistemas educativos alternativos.<\/p>\n<p>Queremos un <strong>conocimiento eficaz, \u00fatil<\/strong> y, sobre todo, <strong>enfocado en el nuevo contexto profesional en que nos movemos<\/strong>.<\/p>\n<p>Hablaremos de temas te\u00f3ricos, pero bajaremos estas ideas a tierra en todo momento.<\/p>\n<p>&nbsp;<\/p>\n<p>Nosotros, por suerte, hemos recorrido un camino y sabemos ciertas cosas. Todo lo aprendido lo contaremos por si te puede servir: A su vez, remarcar que, desde nuestra experiencia, vemos que lo que\u00a0 a unos les es \u00fatil a otros no.<\/p>\n<p>Por eso, creemos m\u00e1s en un <strong>taller intensivo interactivo<\/strong>, en el que podremos aprender los unos de los otros\u00a0 y que nosotros seamos los facilitadores.<\/p>\n<p>Esta forma de ense\u00f1ar es la que hemos aplicado durante m\u00e1s de cuatro a\u00f1os en nuestros talleres offline y online y es la que vemos que mejores resultados da. El protagonista es el participante del taller, y nosotros \u201cs\u00f3lo\u201d lo vamos a poner f\u00e1cil.<\/p>\n<p>&nbsp;<\/p>\n<p style=\"text-align: center;\"><img loading=\"lazy\" decoding=\"async\" class=\"alignnone size-full wp-image-31791\" src=\"https:\/\/stepienybarno.es\/blog\/wp-content\/uploads\/2018\/05\/2.-CURSO-DE-IDENTIDAD-DIGITAL-PARA-ARQUITECTOS-Finsa-STEPIENYBARNO.jpg\" alt=\"\" width=\"650\" height=\"432\" srcset=\"https:\/\/stepienybarno.es\/blog\/wp-content\/uploads\/2018\/05\/2.-CURSO-DE-IDENTIDAD-DIGITAL-PARA-ARQUITECTOS-Finsa-STEPIENYBARNO.jpg 650w, https:\/\/stepienybarno.es\/blog\/wp-content\/uploads\/2018\/05\/2.-CURSO-DE-IDENTIDAD-DIGITAL-PARA-ARQUITECTOS-Finsa-STEPIENYBARNO-180x120.jpg 180w, https:\/\/stepienybarno.es\/blog\/wp-content\/uploads\/2018\/05\/2.-CURSO-DE-IDENTIDAD-DIGITAL-PARA-ARQUITECTOS-Finsa-STEPIENYBARNO-550x366.jpg 550w, https:\/\/stepienybarno.es\/blog\/wp-content\/uploads\/2018\/05\/2.-CURSO-DE-IDENTIDAD-DIGITAL-PARA-ARQUITECTOS-Finsa-STEPIENYBARNO-316x210.jpg 316w\" sizes=\"(max-width: 650px) 100vw, 650px\" \/><\/p>\n<p>&nbsp;<\/p>\n<p><span style=\"color: #0000ff;\"><strong>1.3_ TEMARIO DEL CURSO:<\/strong><\/span><\/p>\n<p><strong>M\u00d3DULO 1_ Cuesti\u00f3n de buenos h\u00e1bitos<\/strong><\/p>\n<p>1.1_ Aprendiendo a focalizar y priorizar.<\/p>\n<p>1.2_ Estrategias para una eficiencia m\u00e1xima.<\/p>\n<p>1.3_ Hacer lo importante.<\/p>\n<p>&nbsp;<\/p>\n<p><strong>M\u00d3DULO 2_ M\u00e1s tiempo, menos estr\u00e9s<\/strong><\/p>\n<p>2.1_ Los efectos devastadores de la procrastinaci\u00f3n.<\/p>\n<p>2.2_\u00a0 Efectividad personal y profesional.<\/p>\n<p>2.3 _ Agendas y reuniones.<\/p>\n<p>&nbsp;<\/p>\n<p><strong>M\u00d3DULO 3_ La efectividad hol\u00edstica.<\/strong><\/p>\n<p>3.1_ Productividad saludable.<\/p>\n<p>3.2_ Herramientas digitales para aumentar la productividad. Inbox zero.<\/p>\n<p>3.3_ Creatividad y productividad.<\/p>\n<p>&nbsp;<\/p>\n<p>Anexo: Breve introducci\u00f3n a GTD<\/p>\n<p><strong>\u00a0<\/strong><\/p>\n<blockquote><p>\u201c(\u2026) Lo que m\u00e1s me ha gustado del curso ha sido la sensaci\u00f3n de\u00a0esperanza e ilusi\u00f3n\u00a0que ha dejado en m\u00ed. La labor de Stepienybarno ha sido inmejorable, nos han translimitado un mont\u00f3n de entusiasmo y much\u00edsimos conocimientos. He visto unos beneficios inmediatos y a medio plazo tambi\u00e9n con la realizaci\u00f3n del curso. Beneficios de eficiencia, conocimiento y personales\u201d.<\/p>\n<p>Amparo G\u00f3mez<\/p><\/blockquote>\n<p>&nbsp;<\/p>\n<h3><span style=\"color: #0000ff;\"><strong>\u00a02_\u00a0<\/strong><strong>INVERSI\u00d3N ECON\u00d3MICA e INSCRIPCI\u00d3N.<\/strong><\/span><\/h3>\n<p>Se trata de una m\u00ednima inversi\u00f3n econ\u00f3mica en funci\u00f3n de lo que te llevar\u00e1s cuando lo termines las dos sesiones.<\/p>\n<p>El precio est\u00e1 muy por debajo de la media del precio de otros cursos de nivel similar.<\/p>\n<p><strong>\u00a0 <\/strong><\/p>\n<p>&#8211; Hasta <strong>el<span style=\"color: #0000ff;\"> 11 de mayo<\/span><\/strong> de 2018<\/p>\n<p><strong>Si eres estudiante*: 90 euros <\/strong><\/p>\n<p><strong>Si NO eres estudiante: 120 euros<\/strong><\/p>\n<p>&nbsp;<\/p>\n<p>&#8211; Hasta <strong>el <span style=\"color: #0000ff;\">18 de mayo<\/span><\/strong> de 2018<\/p>\n<p><strong>Si eres estudiante*: 135 euros <\/strong><\/p>\n<p><strong>Si NO eres estudiante: 180 euros<\/strong><\/p>\n<p>* No estar en posesi\u00f3n de un t\u00edtulo universitario.<\/p>\n<p>&nbsp;<\/p>\n<p><strong>Para inscribirte al curso solo tienes que mandar un correo a\u00a0 <\/strong><strong><a href=\"mailto:blog@stepienybarno.es\">blog@stepienybarno.es<\/a><\/strong><\/p>\n<p>Cuando lo mandes, te sugerimos que lo encabeces:<\/p>\n<p>Curso arquitecto productivo (Finsa21-stepienybarno)<\/p>\n<p>&nbsp;<\/p>\n<p>\u00a1Ah!! y no olvides decirnos tu nombre y apellido completo.<\/p>\n<p>Hazlo cuanto antes pues las <strong>\u00a1PLAZAS son MUY LIMITADAS!<\/strong><\/p>\n<p>Tambi\u00e9n, es importante que en un par de p\u00e1rrafos nos mandes una \u201ccarta de motivaci\u00f3n\u201d sobre lo que esperas de un curso como el que os presentamos.<\/p>\n<p>&nbsp;<\/p>\n<blockquote><p>\u201cEl curso nos ha servido para empezar a pensar una nueva estrategia de marketing en el estudio, un an\u00e1lisis de lo que somos y lo qu\u00e9 queremos ser, y replantearnos nuestra marca.\u201d Marco Souto<\/p><\/blockquote>\n<p><strong>\u00a0<\/strong><\/p>\n<h3><strong style=\"color: #0000ff;\">3_ SOBRE LOS FACILITADORES DEL CURSO<\/strong><\/h3>\n<p style=\"text-align: center;\"><img loading=\"lazy\" decoding=\"async\" class=\"alignnone size-full wp-image-31792\" src=\"https:\/\/stepienybarno.es\/blog\/wp-content\/uploads\/2018\/05\/3.-CURSO-DE-IDENTIDAD-DIGITAL-PARA-ARQUITECTOS-Finsa-STEPIENYBARNO.jpg\" alt=\"\" width=\"650\" height=\"500\" srcset=\"https:\/\/stepienybarno.es\/blog\/wp-content\/uploads\/2018\/05\/3.-CURSO-DE-IDENTIDAD-DIGITAL-PARA-ARQUITECTOS-Finsa-STEPIENYBARNO.jpg 650w, https:\/\/stepienybarno.es\/blog\/wp-content\/uploads\/2018\/05\/3.-CURSO-DE-IDENTIDAD-DIGITAL-PARA-ARQUITECTOS-Finsa-STEPIENYBARNO-180x138.jpg 180w, https:\/\/stepienybarno.es\/blog\/wp-content\/uploads\/2018\/05\/3.-CURSO-DE-IDENTIDAD-DIGITAL-PARA-ARQUITECTOS-Finsa-STEPIENYBARNO-550x423.jpg 550w, https:\/\/stepienybarno.es\/blog\/wp-content\/uploads\/2018\/05\/3.-CURSO-DE-IDENTIDAD-DIGITAL-PARA-ARQUITECTOS-Finsa-STEPIENYBARNO-316x243.jpg 316w\" sizes=\"(max-width: 650px) 100vw, 650px\" \/><\/p>\n<p>Agnieszka Stepien y Lorenzo Barn\u00f3 desde el 2009 est\u00e1n dando guerra en la <strong>red <\/strong>y desde el 2003 tienen su propio <strong>estudio de arquitectura.<\/strong><\/p>\n<p>La labor principal que desempe\u00f1an es ayudar a otros arquitectos a mejorar su <strong>visibilidad<\/strong> en la red, mejorar su Identidad Digital y, en consecuencia, tener m\u00e1s oportunidades laborales.<\/p>\n<p>Para ello, trabajan codo con codo con arquitect@s que quieren un <strong>asesoramiento personalizado<\/strong> y dan <strong>cursos, tanto offline como online<\/strong>, sobre temas relacionados con la marca, la estrategia empresarial, y la comunicaci\u00f3n online.<\/p>\n<p>A su vez, desde hace ocho a\u00f1os son los responsables del <strong>blog de Stepienybarno<\/strong>, uno de los <strong>m\u00e1s influyentes<\/strong> <strong>del mundo <\/strong>en lengua castellana dentro del mundo de la arquitectura.<\/p>\n<p>&nbsp;<\/p>\n<p style=\"text-align: center;\">Desde hace tiempo publican art\u00edculos relacionados con el mundo de los arquitectos y la productividad que puedes seguir en la serie: #ArquitectoProductivo<\/p>\n<p style=\"text-align: center;\"><a href=\"https:\/\/stepienybarno.es\/blog\/category\/arquitectoproductivo\/\" target=\"_blank\" rel=\"noopener\">https:\/\/stepienybarno.es\/blog\/category\/arquitectoproductivo\/<\/a><\/p>\n<p>&nbsp;<\/p>\n<p>Han dado <strong>charlas, cursos y conferencias<\/strong> en multitud de <strong>Universidades y Colegios de arquitectos.\u00a0 <\/strong>Clientes suyos han sido y son, entidades importantes como <strong>FINSA, COAR,<\/strong> <strong>Arquitasa, ASA, COAC, Roca Gallery, Asesorarq, hna o Fundaci\u00f3n Arquia<\/strong>. De hecho, con este \u00faltimo cliente tienen una relaci\u00f3n muy estrecha que va desde la difusi\u00f3n de eventos puntuales como Arquia\/pr\u00f3xima, Arquia Maestros, SizaxSiza, hasta llevar<strong> la direcci\u00f3n del prestigioso blog de Fundaci\u00f3n Arquia.<\/strong><\/p>\n<p>A su vez, han sido <strong>organizadores<\/strong> de diferentes eventos, como congresos (Equiciudad) o jornadas y talleres. Tambi\u00e9n han sido son <strong>comisarios<\/strong> del ciclo \u201c<strong>La realidad del Arquitecto<\/strong>\u201d, organizado por <strong>hna.<\/strong> Estas actividades se compaginan con sus respectivas <strong>investigaciones doctorales<\/strong>\u00a0 en las que profundizan sobre el entorno digital de la arquitectura.<\/p>\n<p>&nbsp;<\/p>\n<p><img loading=\"lazy\" decoding=\"async\" class=\"size-full wp-image-31784 aligncenter\" src=\"https:\/\/stepienybarno.es\/blog\/wp-content\/uploads\/2018\/05\/STEPIENYBARNO-logo_blanco_350.jpg\" alt=\"\" width=\"350\" height=\"350\" srcset=\"https:\/\/stepienybarno.es\/blog\/wp-content\/uploads\/2018\/05\/STEPIENYBARNO-logo_blanco_350.jpg 350w, https:\/\/stepienybarno.es\/blog\/wp-content\/uploads\/2018\/05\/STEPIENYBARNO-logo_blanco_350-180x180.jpg 180w, https:\/\/stepienybarno.es\/blog\/wp-content\/uploads\/2018\/05\/STEPIENYBARNO-logo_blanco_350-224x224.jpg 224w, https:\/\/stepienybarno.es\/blog\/wp-content\/uploads\/2018\/05\/STEPIENYBARNO-logo_blanco_350-316x316.jpg 316w\" sizes=\"(max-width: 350px) 100vw, 350px\" \/><\/p>\n<p style=\"text-align: center;\"><strong>Autores del post: <a href=\"https:\/\/stepienybarno.es\/blog\/2011\/09\/04\/las-fortalezas-del-arquitecto\/\">Stepienybarno<\/a> _ Agnieszka Stepien y Lorenzo Barn\u00f3<\/strong><\/p>\n<p style=\"text-align: center;\">Y como siempre, si te gust\u00f3 el post,\u00a0estar\u00eda genial que lo compartas\u00a0en tus redes sociales.<\/p>\n<p style=\"text-align: center;\">A su vez, si todav\u00eda no est\u00e1s suscrito a nuestra Newsletter, te animamos a hacerlo en la casilla que tienes al terminar este art\u00edculo.<\/p>\n<p style=\"text-align: center;\">Suscribirte a nuestro blog y recibe gratis nuestra gu\u00eda: 10 Ideas para vender m\u00e1s si eres arquitecto<\/p>\n<p style=\"text-align: center;\">Acceder: <a href=\"http:\/\/bit.ly\/2fkkTS7\">http:\/\/bit.ly\/2fkkTS7<\/a><\/p>\n<p>&nbsp;<\/p>\n<p>Si te interesa contactar con nosotros para que te ayudemos a mejorar tu visibilidad online y, en consecuencia, mejorar tus oportunidades laborales, no dudes en escribirnos a: <a href=\"mailto:blog@stepienybarno.es\">blog@stepienybarno.es<\/a><\/p>\n<p>&nbsp;<\/p>\n<p><span style=\"color: #808080;\"><em><a href=\"https:\/\/twitter.com\/stepienybarno\">Stepienybarno en TWITTER<\/a><\/em><\/span><\/p>\n<p><span style=\"color: #808080;\"><em><a href=\"https:\/\/twitter.com\/stepienybarno\">@stepienybarno (+ de 16.000 seguidores)<\/a><\/em><\/span><\/p>\n<p><span style=\"color: #808080;\"><em><a href=\"https:\/\/twitter.com\/stepienybarno?lang=es\">https:\/\/twitter.com\/stepienybarno?lang=es<\/a><\/em><\/span><\/p>\n<p><span style=\"color: #808080;\"><em><a href=\"https:\/\/www.facebook.com\/pages\/BLOG-DE-STEPIENYBARNO\/78001079029\">Stepienybarno en FACEBOOK (+ de 24<u>.000 seguidores)<\/u><\/a><\/em><\/span><\/p>\n<p><span style=\"color: #808080;\"><em><a href=\"https:\/\/www.facebook.com\/StepienyBarnoArquitecturaeIdentidadDigital\/\">https:\/\/www.facebook.com\/StepienyBarnoArquitecturaeIdentidadDigital\/<\/a><\/em><\/span><\/p>\n<p><span style=\"color: #808080;\"><em>Acceder a nuestro GRUPO CERRADO DE FACEBOOK sobre Identidad Digital para Arquitectos:<\/em><\/span><\/p>\n<p><span style=\"color: #808080;\"><em><a href=\"https:\/\/www.facebook.com\/groups\/IdentidadDigitalParaArquitectos\/\">https:\/\/www.facebook.com\/groups\/IdentidadDigitalParaArquitectos\/<\/a><\/em><\/span><\/p>\n<p><span style=\"color: #808080;\"><em>Suscr\u00edbete a nuestro canal de YOUTUBE: <a href=\"http:\/\/bit.ly\/2A1UtAd\">http:\/\/bit.ly\/2A1UtAd<\/a><\/em><\/span><\/p>\n<p>&nbsp;<\/p>\n<p>* <a href=\"https:\/\/stepienybarno.es\/blog\/2011\/09\/04\/las-fortalezas-del-arquitecto\/\">Stepienybarno<\/a> est\u00e1 formado por Agnieszka Stepien y Lorenzo Barn\u00f3 y desde mayo del 2009 estamos en la red con\u00a0 la presente publicaci\u00f3n digital (Blog) de arquitectura.<\/p>\n<p>Nuestra actividad se sustenta en tres pilares b\u00e1sicos: la investigaci\u00f3n, la publicaci\u00f3n y la redacci\u00f3n de proyectos de arquitectura.<\/p>\n<p>A su vez, somos socios cofundadores de <a href=\"http:\/\/sinergiasostenible.org\/\">SINERGIA SOSTENIBLE<\/a> y directores del blog de FUNDACI\u00d3N ARQUIA.<\/p>\n","protected":false},"excerpt":{"rendered":"<p>Aunque la mayor\u00eda de las veces nuestros cursos est\u00e1n enfocados<\/p>\n","protected":false},"author":2,"featured_media":31791,"comment_status":"open","ping_status":"closed","sticky":false,"template":"","format":"standard","meta":{"om_disable_all_campaigns":false,"_monsterinsights_skip_tracking":false,"_monsterinsights_sitenote_active":false,"_monsterinsights_sitenote_note":"","_monsterinsights_sitenote_category":0,"_uf_show_specific_survey":0,"_uf_disable_surveys":false,"episode_type":"","audio_file":"","cover_image":"","cover_image_id":"","duration":"","filesize":"","date_recorded":"","explicit":"","block":"","filesize_raw":"","footnotes":""},"categories":[4018],"tags":[4278,4087,1909,3438],"series":[],"class_list":["post-31790","post","type-post","status-publish","format-standard","has-post-thumbnail","hentry","category-arquitectoproductivo","tag-arquitectoproductivo","tag-arquitecto-productivo","tag-cursos","tag-productividad"],"aioseo_notices":[],"episode_featured_image":"https:\/\/stepienybarno.es\/blog\/wp-content\/uploads\/2018\/05\/2.-CURSO-DE-IDENTIDAD-DIGITAL-PARA-ARQUITECTOS-Finsa-STEPIENYBARNO.jpg","episode_player_image":"https:\/\/stepienybarno.es\/blog\/wp-content\/uploads\/2020\/11\/stepienybarno-podcast-scaled.jpg","download_link":"","player_link":"","audio_player":false,"episode_data":{"playerMode":"dark","subscribeUrls":[],"rssFeedUrl":"https:\/\/stepienybarno.es\/blog\/feed\/podcast\/podcast-de-stepienybarno","embedCode":"<blockquote class=\"wp-embedded-content\" data-secret=\"6yFmhdwKUP\"><a href=\"https:\/\/stepienybarno.es\/blog\/2018\/05\/04\/curso-presencial-de-productividad-para-arquitectos-y-arquitectas-en-madrid\/\">CURSO PRESENCIAL DE PRODUCTIVIDAD PARA ARQUITECTOS Y ARQUITECTAS EN MADRID.<\/a><\/blockquote><iframe sandbox=\"allow-scripts\" security=\"restricted\" src=\"https:\/\/stepienybarno.es\/blog\/2018\/05\/04\/curso-presencial-de-productividad-para-arquitectos-y-arquitectas-en-madrid\/embed\/#?secret=6yFmhdwKUP\" width=\"500\" height=\"350\" title=\"\u00abCURSO PRESENCIAL DE PRODUCTIVIDAD PARA ARQUITECTOS Y ARQUITECTAS EN MADRID.\u00bb \u2014 Blog de STEPIEN Y BARNO - publicaci\u00f3n digital sobre arquitectura\" data-secret=\"6yFmhdwKUP\" frameborder=\"0\" marginwidth=\"0\" marginheight=\"0\" scrolling=\"no\" class=\"wp-embedded-content\"><\/iframe><script type=\"text\/javascript\">\n\/* <![CDATA[ *\/\n\/*! This file is auto-generated *\/\n!function(d,l){\"use strict\";l.querySelector&&d.addEventListener&&\"undefined\"!=typeof URL&&(d.wp=d.wp||{},d.wp.receiveEmbedMessage||(d.wp.receiveEmbedMessage=function(e){var t=e.data;if((t||t.secret||t.message||t.value)&&!\/[^a-zA-Z0-9]\/.test(t.secret)){for(var s,r,n,a=l.querySelectorAll('iframe[data-secret=\"'+t.secret+'\"]'),o=l.querySelectorAll('blockquote[data-secret=\"'+t.secret+'\"]'),c=new RegExp(\"^https?:$\",\"i\"),i=0;i<o.length;i++)o[i].style.display=\"none\";for(i=0;i<a.length;i++)s=a[i],e.source===s.contentWindow&&(s.removeAttribute(\"style\"),\"height\"===t.message?(1e3<(r=parseInt(t.value,10))?r=1e3:~~r<200&&(r=200),s.height=r):\"link\"===t.message&&(r=new URL(s.getAttribute(\"src\")),n=new URL(t.value),c.test(n.protocol))&&n.host===r.host&&l.activeElement===s&&(d.top.location.href=t.value))}},d.addEventListener(\"message\",d.wp.receiveEmbedMessage,!1),l.addEventListener(\"DOMContentLoaded\",function(){for(var e,t,s=l.querySelectorAll(\"iframe.wp-embedded-content\"),r=0;r<s.length;r++)(t=(e=s[r]).getAttribute(\"data-secret\"))||(t=Math.random().toString(36).substring(2,12),e.src+=\"#?secret=\"+t,e.setAttribute(\"data-secret\",t)),e.contentWindow.postMessage({message:\"ready\",secret:t},\"*\")},!1)))}(window,document);\n\/* ]]> *\/\n<\/script>\n"},"_links":{"self":[{"href":"https:\/\/stepienybarno.es\/blog\/wp-json\/wp\/v2\/posts\/31790"}],"collection":[{"href":"https:\/\/stepienybarno.es\/blog\/wp-json\/wp\/v2\/posts"}],"about":[{"href":"https:\/\/stepienybarno.es\/blog\/wp-json\/wp\/v2\/types\/post"}],"author":[{"embeddable":true,"href":"https:\/\/stepienybarno.es\/blog\/wp-json\/wp\/v2\/users\/2"}],"replies":[{"embeddable":true,"href":"https:\/\/stepienybarno.es\/blog\/wp-json\/wp\/v2\/comments?post=31790"}],"version-history":[{"count":8,"href":"https:\/\/stepienybarno.es\/blog\/wp-json\/wp\/v2\/posts\/31790\/revisions"}],"predecessor-version":[{"id":31801,"href":"https:\/\/stepienybarno.es\/blog\/wp-json\/wp\/v2\/posts\/31790\/revisions\/31801"}],"wp:featuredmedia":[{"embeddable":true,"href":"https:\/\/stepienybarno.es\/blog\/wp-json\/wp\/v2\/media\/31791"}],"wp:attachment":[{"href":"https:\/\/stepienybarno.es\/blog\/wp-json\/wp\/v2\/media?parent=31790"}],"wp:term":[{"taxonomy":"category","embeddable":true,"href":"https:\/\/stepienybarno.es\/blog\/wp-json\/wp\/v2\/categories?post=31790"},{"taxonomy":"post_tag","embeddable":true,"href":"https:\/\/stepienybarno.es\/blog\/wp-json\/wp\/v2\/tags?post=31790"},{"taxonomy":"series","embeddable":true,"href":"https:\/\/stepienybarno.es\/blog\/wp-json\/wp\/v2\/series?post=31790"}],"curies":[{"name":"wp","href":"https:\/\/api.w.org\/{rel}","templated":true}]}}