{"id":32129,"date":"2018-06-11T12:29:05","date_gmt":"2018-06-11T10:29:05","guid":{"rendered":"https:\/\/www.stepienybarno.es\/blog\/?p=32129"},"modified":"2018-06-11T19:40:18","modified_gmt":"2018-06-11T17:40:18","slug":"entrevista-con-stefan-junestrand-dr-arquitecto-y-director-del-iv-congreso-edificios-inteligentes","status":"publish","type":"post","link":"https:\/\/stepienybarno.es\/blog\/2018\/06\/11\/entrevista-con-stefan-junestrand-dr-arquitecto-y-director-del-iv-congreso-edificios-inteligentes\/","title":{"rendered":"ENTREVISTA CON STEFAN JUNESTRAND DR. ARQUITECTO Y DIRECTOR DEL IV CONGRESO EDIFICIOS INTELIGENTES"},"content":{"rendered":"<div id=\"attachment_32130\" style=\"width: 660px\" class=\"wp-caption aligncenter\"><img loading=\"lazy\" decoding=\"async\" aria-describedby=\"caption-attachment-32130\" class=\"wp-image-32130 size-full\" src=\"https:\/\/stepienybarno.es\/blog\/wp-content\/uploads\/2018\/06\/Stepienybarno-stepien-y-barno-arquitectura-Stefan-Junestrand-Congreso-Edificios-Inteligentes-3-2017-650.jpg\" alt=\"Stefan Junestrand moderando una Mesa Redonda en el III Congreso Edificios Inteligentes.\" width=\"650\" height=\"420\" srcset=\"https:\/\/stepienybarno.es\/blog\/wp-content\/uploads\/2018\/06\/Stepienybarno-stepien-y-barno-arquitectura-Stefan-Junestrand-Congreso-Edificios-Inteligentes-3-2017-650.jpg 650w, https:\/\/stepienybarno.es\/blog\/wp-content\/uploads\/2018\/06\/Stepienybarno-stepien-y-barno-arquitectura-Stefan-Junestrand-Congreso-Edificios-Inteligentes-3-2017-650-180x116.jpg 180w, https:\/\/stepienybarno.es\/blog\/wp-content\/uploads\/2018\/06\/Stepienybarno-stepien-y-barno-arquitectura-Stefan-Junestrand-Congreso-Edificios-Inteligentes-3-2017-650-550x355.jpg 550w, https:\/\/stepienybarno.es\/blog\/wp-content\/uploads\/2018\/06\/Stepienybarno-stepien-y-barno-arquitectura-Stefan-Junestrand-Congreso-Edificios-Inteligentes-3-2017-650-316x204.jpg 316w\" sizes=\"(max-width: 650px) 100vw, 650px\" \/><p id=\"caption-attachment-32130\" class=\"wp-caption-text\"><em>Stefan Junestrand moderando una Mesa Redonda en el III Congreso Edificios Inteligentes.<\/em><\/p><\/div>\n<h5><\/h5>\n<h5><strong>El pr\u00f3ximo 19 junio se celebra en el Colegio de Arquitectos de Madrid el 4\u00ba Congreso Edificios Inteligentes \u00bfCu\u00e1l es su objetivo? \u00bfPor qu\u00e9 asistir?<\/strong><\/h5>\n<p>&nbsp;<\/p>\n<p>El Congreso desde sus inicios aborda el concepto del Edificio Inteligente desde un punto de vista integral y es un evento profesional de car\u00e1cter multidisciplinar dirigido a todos los actores vinculados con el dise\u00f1o, construcci\u00f3n, gesti\u00f3n y mantenimiento de edificios.<\/p>\n<p>Asistir al Congreso permite conocer de primera mano la situaci\u00f3n actual y el pr\u00f3ximo futuro de normativas, tecnolog\u00edas y el mercado de los Edificios Inteligentes en Espa\u00f1a; aprender de experiencias y opiniones sobre los m\u00e1s importantes proyectos, sistemas y soluciones para Edificios Inteligentes;\u00a0 participar en el intercambio de conocimiento e ideas con los principales profesionales del sector; y hacer Networking con los diferentes profesionales implicados en el dise\u00f1o, construcci\u00f3n y promoci\u00f3n de edificios en Espa\u00f1a.<\/p>\n<p>Sin duda, participar\u00e1n en el Congreso profesionales de gran capacidad de influencia y prescripci\u00f3n de los principales sectores relacionados con la edificaci\u00f3n y los servicios asociados.<\/p>\n<p>&nbsp;<\/p>\n<h5><strong><span lang=\"es-ES\">As\u00ed fue la edici\u00f3n anterior del Congreso:<\/span><\/strong><\/h5>\n<p>&nbsp;<\/p>\n<p><center><iframe loading=\"lazy\" src=\"\/\/player.vimeo.com\/video\/228061689?autoplay=1&amp;\" width=\"650\" height=\"366\" frameborder=\"0\" allowfullscreen=\"allowfullscreen\"><\/iframe><\/center><\/p>\n<p style=\"text-align: center;\"><em><span style=\"color: #808080;\"><span lang=\"es-ES\"><a href=\"https:\/\/www.casadomo.com\/2017\/08\/03\/video-3-congreso-edificios-inteligentes\" target=\"_blank\" rel=\"noopener\">https:\/\/www.casadomo.com\/2017\/08\/03\/video-3-congreso-edificios-inteligentes<\/a><\/span><\/span><\/em><\/p>\n<h5><\/h5>\n<h5><span lang=\"es-ES\"><b>\u00bfPor qu\u00e9 consideras que un arquitecto debe asistir?<\/b><\/span><\/h5>\n<p>&nbsp;<\/p>\n<div id=\"attachment_32131\" style=\"width: 660px\" class=\"wp-caption aligncenter\"><img loading=\"lazy\" decoding=\"async\" aria-describedby=\"caption-attachment-32131\" class=\"wp-image-32131 size-full\" src=\"https:\/\/stepienybarno.es\/blog\/wp-content\/uploads\/2018\/06\/Stepienybarno-stepien-y-barno-arquitectura-Auditorio-Congreso-Edificios-Inteligentes-3-2017-650.jpg\" alt=\"El Auditorio del COAM durante el III Congreso Edificios Inteligentes.\" width=\"650\" height=\"391\" srcset=\"https:\/\/stepienybarno.es\/blog\/wp-content\/uploads\/2018\/06\/Stepienybarno-stepien-y-barno-arquitectura-Auditorio-Congreso-Edificios-Inteligentes-3-2017-650.jpg 650w, https:\/\/stepienybarno.es\/blog\/wp-content\/uploads\/2018\/06\/Stepienybarno-stepien-y-barno-arquitectura-Auditorio-Congreso-Edificios-Inteligentes-3-2017-650-180x108.jpg 180w, https:\/\/stepienybarno.es\/blog\/wp-content\/uploads\/2018\/06\/Stepienybarno-stepien-y-barno-arquitectura-Auditorio-Congreso-Edificios-Inteligentes-3-2017-650-550x331.jpg 550w, https:\/\/stepienybarno.es\/blog\/wp-content\/uploads\/2018\/06\/Stepienybarno-stepien-y-barno-arquitectura-Auditorio-Congreso-Edificios-Inteligentes-3-2017-650-316x190.jpg 316w\" sizes=\"(max-width: 650px) 100vw, 650px\" \/><p id=\"caption-attachment-32131\" class=\"wp-caption-text\"><em>El Auditorio del COAM durante el III Congreso Edificios Inteligentes. <\/em><\/p><\/div>\n<p>Como ya he comentado antes, el programa del <a href=\"https:\/\/www.congreso-edificiosinteligentes.es\/\" target=\"_blank\" rel=\"noopener\">IV Congreso Edificios Inteligentes<\/a> est\u00e1 caracterizado por su alto nivel t\u00e9cnico y de m\u00e1xima relevancia para todos los profesionales relacionados con el sector de la Edificaci\u00f3n. En ese sentido, la presencia de los arquitectos cobra gran importancia dado que la tecnolog\u00eda y la inteligencia deben formar parte integral del proceso de dise\u00f1o de cualquier proyecto. Por ello animo al colectivo de arquitectos a adentrarse en el concepto de Edificio Inteligente y la asistencia al Congreso puede ser un buen punto de partida.<\/p>\n<p>&nbsp;<\/p>\n<div id=\"attachment_32132\" style=\"width: 660px\" class=\"wp-caption aligncenter\"><img loading=\"lazy\" decoding=\"async\" aria-describedby=\"caption-attachment-32132\" class=\"wp-image-32132 size-full\" src=\"https:\/\/stepienybarno.es\/blog\/wp-content\/uploads\/2018\/06\/Stepienybarno-stepien-y-barno-arquitectura-Networking-Congreso-Edificios-Inteligentes-3-2017-650.jpg\" alt=\"Networking durante la Comida en el III Congreso Edificios Inteligentes.\" width=\"650\" height=\"375\" srcset=\"https:\/\/stepienybarno.es\/blog\/wp-content\/uploads\/2018\/06\/Stepienybarno-stepien-y-barno-arquitectura-Networking-Congreso-Edificios-Inteligentes-3-2017-650.jpg 650w, https:\/\/stepienybarno.es\/blog\/wp-content\/uploads\/2018\/06\/Stepienybarno-stepien-y-barno-arquitectura-Networking-Congreso-Edificios-Inteligentes-3-2017-650-180x104.jpg 180w, https:\/\/stepienybarno.es\/blog\/wp-content\/uploads\/2018\/06\/Stepienybarno-stepien-y-barno-arquitectura-Networking-Congreso-Edificios-Inteligentes-3-2017-650-550x317.jpg 550w, https:\/\/stepienybarno.es\/blog\/wp-content\/uploads\/2018\/06\/Stepienybarno-stepien-y-barno-arquitectura-Networking-Congreso-Edificios-Inteligentes-3-2017-650-316x182.jpg 316w\" sizes=\"(max-width: 650px) 100vw, 650px\" \/><p id=\"caption-attachment-32132\" class=\"wp-caption-text\"><em>Networking durante la Comida en el III Congreso Edificios Inteligentes.<\/em><\/p><\/div>\n<h5><\/h5>\n<h5><span lang=\"es-ES\"><b>En concreto \u00bfC\u00f3mo se desarrollar\u00e1 el programa del IV Congreso Edificios Inteligentes? \u00bfQu\u00e9 destacar\u00edas?<\/b><\/span><\/h5>\n<p>&nbsp;<\/p>\n<p>El congreso se desarrollar\u00e1 durante un d\u00eda completo y en su inauguraci\u00f3n participar\u00e1n Francisco Javier Mart\u00edn Ramiro, Subdirector General de Arquitectura y Edificaci\u00f3n del Ministerio de Fomento y Llu\u00eds Comer\u00f3n, Presidente del Consejo Superior de Colegios de Arquitectos de Espa\u00f1a, adem\u00e1s de yo mismo como Director del evento.<\/p>\n<p>A continuaci\u00f3n, Jes\u00fas Ca\u00f1adas, Coordinador CTN 178\/GT del Grupo de trabajo Smart Building, de SESIAD, impartir\u00e1 una ponencia Magistral centrada en el \u201cNodo IoT\u201d de la nueva Norma UNE 178108 de Smart Buildings y su relaci\u00f3n con la Norma UNE 178104 de las Ciudades Inteligentes. Sin duda un tema de gran inter\u00e9s que facilitar\u00e1 la conectividad entre edificios y ciudades y convertir\u00e1 a nuestros edificios en fuentes de datos para el funcionamiento adecuado de nuestras ciudades.<\/p>\n<p>Tendremos tambi\u00e9n tiempo para el debate sobre este tema con una Mesa Redonda que analizar\u00e1 los \u201cRetos y Oportunidades del Nodo IoT (Norma UNE 178108: Smart Buildings) y su relaci\u00f3n con las Ciudades Inteligentes (Norma UNE 178104)\u201d. En esta Mesa se va a exponer, desde la perspectiva de estas normas espec\u00edficas, aspectos como: la conexi\u00f3n entre el edificio y la ciudad inteligente a trav\u00e9s del Nodo IoT; la comunicaci\u00f3n del Nodo IoT con los elementos en el Smart Building; y especificaciones necesarias para el desarrollo del Nodo IoT como producto.<\/p>\n<p>Posteriormente en otra Mesa Redonda se hablar\u00e1 de \u201cSmart Hotel: la mejora de la gesti\u00f3n y nuevas experiencias del usuario\u201d, centr\u00e1ndose en cuestiones como las nuevas experiencias de usuario que ofrecen las tecnolog\u00edas tanto en los espacios comunes como en las habitaciones; y las mejoras en la gesti\u00f3n y mantenimiento de los hoteles gracias a la Conectividad, Big Data, Inteligencia Artificial, etc. Participar\u00e1n representantes de: ITH, KONE y diferentes cadenas hoteleras.<\/p>\n<p>El programa se completar\u00e1 con 12 Ponencias Orales seleccionadas de entre las cerca de 40 comunicaciones finales enviadas al Congreso, y que abarcan tem\u00e1ticas muy\u00a0<span style=\"color: #0d0d0d;\"><span lang=\"es-ES\">variadas y de m\u00e1xima actualidad como: el Smartness Indicator seg\u00fan la norma EPBD, tecnolog\u00edas interoperables bajo el est\u00e1ndar IFC, etc.<\/span><\/span><\/p>\n<p>&nbsp;<\/p>\n<h5><strong><span lang=\"es-ES\">El programa completo est\u00e1 disponible en: <a href=\"http:\/\/www.congreso-edificiosinteligentes.es\/programa\" target=\"_blank\" rel=\"noopener\">www.congreso-edificiosinteligentes.es\/programa<\/a> <\/span><\/strong><\/h5>\n<p>&nbsp;<\/p>\n<div id=\"attachment_32133\" style=\"width: 660px\" class=\"wp-caption aligncenter\"><img loading=\"lazy\" decoding=\"async\" aria-describedby=\"caption-attachment-32133\" class=\"wp-image-32133 size-full\" src=\"https:\/\/stepienybarno.es\/blog\/wp-content\/uploads\/2018\/06\/Stepienybarno-stepien-y-barno-arquitectura-Mesa-Redonda-Detalle-Congreso-Edificios-Inteligentes-3-2017-650.jpg\" alt=\"Detalle de Mesa Redonda sobre el valor de los Edificios Inteligentes en el sector Inmobiliario durante el III Congreso Edificios Inteligentes.\" width=\"650\" height=\"415\" srcset=\"https:\/\/stepienybarno.es\/blog\/wp-content\/uploads\/2018\/06\/Stepienybarno-stepien-y-barno-arquitectura-Mesa-Redonda-Detalle-Congreso-Edificios-Inteligentes-3-2017-650.jpg 650w, https:\/\/stepienybarno.es\/blog\/wp-content\/uploads\/2018\/06\/Stepienybarno-stepien-y-barno-arquitectura-Mesa-Redonda-Detalle-Congreso-Edificios-Inteligentes-3-2017-650-180x115.jpg 180w, https:\/\/stepienybarno.es\/blog\/wp-content\/uploads\/2018\/06\/Stepienybarno-stepien-y-barno-arquitectura-Mesa-Redonda-Detalle-Congreso-Edificios-Inteligentes-3-2017-650-550x351.jpg 550w, https:\/\/stepienybarno.es\/blog\/wp-content\/uploads\/2018\/06\/Stepienybarno-stepien-y-barno-arquitectura-Mesa-Redonda-Detalle-Congreso-Edificios-Inteligentes-3-2017-650-316x202.jpg 316w\" sizes=\"(max-width: 650px) 100vw, 650px\" \/><p id=\"caption-attachment-32133\" class=\"wp-caption-text\"><em>Detalle de Mesa Redonda sobre el valor de los Edificios Inteligentes en el sector Inmobiliario durante el III Congreso Edificios Inteligentes.<\/em><\/p><\/div>\n<h5><\/h5>\n<h5><span lang=\"es-ES\"><b>\u00bfQui\u00e9n decide el programa y las tem\u00e1ticas que son m\u00e1s relevantes en cada edici\u00f3n de Congreso Edificios Inteligentes?<\/b><\/span><\/h5>\n<p>&nbsp;<\/p>\n<p><span lang=\"es-ES\">El Programa del Congreso Edificios Inteligentes est\u00e1 coordinado por un Comit\u00e9 T\u00e9cnico que vela por la calidad, representatividad y diversidad del contenido y est\u00e1 conformado por 40 de los representantes m\u00e1s relevantes de Administraciones P\u00fablicas, Colegios Profesionales, Asociaciones, Centros Tecnol\u00f3gicos, etc.<\/span><\/p>\n<p><span lang=\"es-ES\">Cada a\u00f1o se seleccionan las tem\u00e1ticas m\u00e1s actuales, con el objetivo de que est\u00e9n presentes temas muy variados, como t\u00e9cnicos, normativos y oportunidades de negocio, contemplando soluciones tanto para la Nueva Edificaci\u00f3n como para la Rehabilitaci\u00f3n.<\/span><\/p>\n<p><span lang=\"es-ES\">Tambi\u00e9n es el Comit\u00e9 T\u00e9cnico el que decide las comunicaciones que se publican en el \u201cLibro de Comunicaciones y proyectos\u201d que se entrega a todos los profesionales que asisten al evento y que en esta edici\u00f3n incluye 36 art\u00edculos de m\u00e1xima relevancia para los Edificios Inteligentes.<\/span><\/p>\n<p><span lang=\"es-ES\">En este video se puede ver c\u00f3mo funciona el trabajo del Comit\u00e9 T\u00e9cnico y comprobar la profesionalidad de sus miembros: <\/span><\/p>\n<p><center><iframe loading=\"lazy\" src=\"\/\/player.vimeo.com\/video\/271096593?autoplay=1&amp;\" width=\"650\" height=\"366\" frameborder=\"0\" allowfullscreen=\"allowfullscreen\"><\/iframe><\/center><\/p>\n<p style=\"text-align: center;\"><span style=\"font-size: small;\"><em><span style=\"font-family: 'Segoe UI', serif;\"><span lang=\"es-ES\"><a href=\"http:\/\/www.casadomo.com\/videoteca\/segundo-comite-tecnico-4-congreso-edificios-inteligentes\" target=\"_blank\" rel=\"noopener\">www.casadomo.com\/videoteca\/segundo-comite-tecnico-4-congreso-edificios-inteligentes<\/a>\u00a0 <\/span><\/span><\/em><\/span><\/p>\n<h5><\/h5>\n<h5><span lang=\"es-ES\"><b>Finalmente, \u00bfqu\u00e9 tiene que hacer un profesional que quiera asistir al IV Congreso Edificios Inteligentes? \u00bfQu\u00e9 incluye la cuota de inscripci\u00f3n?<\/b><\/span><\/h5>\n<p>&nbsp;<\/p>\n<p><span style=\"color: #000000;\"><span lang=\"es-ES\">El plazo de inscripci\u00f3n est\u00e1 abierto hasta el 15 de junio,<\/span><\/span><b> <\/b><span style=\"color: #000000;\"><span lang=\"es-ES\">si antes no se completa el aforo<\/span><\/span><span style=\"color: #000000;\"><span lang=\"es-ES\"><b>. <\/b><\/span><\/span><span lang=\"es-ES\">La cuota de inscripci\u00f3n incluye: la asistencia al congreso, un carpeta con la documentaci\u00f3n, el Libro de Comunicaciones y Proyectos, caf\u00e9 y comida. <\/span><\/p>\n<p><span lang=\"es-ES\">Ofrecemos condiciones especiales en la inscripci\u00f3n para apoyos institucionales, colaboradores, patrocinadores, as\u00ed como ventajas para para estudiantes y <\/span><span style=\"color: #0d0d0d;\"><span lang=\"es-ES\">desempleados. <\/span><\/span><\/p>\n<blockquote>\n<h5><strong><span style=\"color: #0d0d0d;\"><span lang=\"es-ES\">Los lectores del blog de stepienybarno.es disponen de un c\u00f3digo de descuento del 20% que han de utilizar en el momento de la inscripci\u00f3n on-line en:<\/span><\/span> <span style=\"color: #0d0d0d;\"><span lang=\"es-ES\"><a href=\"http:\/\/www.congreso-edificiosinteligentes.es\/inscripciones\/\" target=\"_blank\" rel=\"noopener\">www.congreso-edificiosinteligentes.es\/inscripciones\/<\/a> introduciendo el c\u00f3digo: 4cei-syb<\/span><\/span><\/strong><\/h5>\n<\/blockquote>\n<h5><\/h5>\n<h5><strong><span lang=\"es-ES\">Ver 8 Razones para asistir al congreso:<\/span><\/strong><\/h5>\n<p>&nbsp;<\/p>\n<div id=\"attachment_32134\" style=\"width: 660px\" class=\"wp-caption aligncenter\"><a href=\"https:\/\/mailchi.mp\/grupotecmared\/8-razones-para-asistir-al-iv-congreso-edificios-inteligentes-19-junio-2018-en-madrid\" target=\"_blank\" rel=\"noopener\"><img loading=\"lazy\" decoding=\"async\" aria-describedby=\"caption-attachment-32134\" class=\"wp-image-32134 size-full\" src=\"https:\/\/stepienybarno.es\/blog\/wp-content\/uploads\/2018\/06\/Stepienybarno-stepien-y-barno-arquitectura-8-Razones-Asistir-Edificios-Inteligentes-4-2018-650.jpg\" alt=\"8 Razones para asistir al IV Congreso Edificios Inteligentes.\" width=\"650\" height=\"367\" srcset=\"https:\/\/stepienybarno.es\/blog\/wp-content\/uploads\/2018\/06\/Stepienybarno-stepien-y-barno-arquitectura-8-Razones-Asistir-Edificios-Inteligentes-4-2018-650.jpg 650w, https:\/\/stepienybarno.es\/blog\/wp-content\/uploads\/2018\/06\/Stepienybarno-stepien-y-barno-arquitectura-8-Razones-Asistir-Edificios-Inteligentes-4-2018-650-180x102.jpg 180w, https:\/\/stepienybarno.es\/blog\/wp-content\/uploads\/2018\/06\/Stepienybarno-stepien-y-barno-arquitectura-8-Razones-Asistir-Edificios-Inteligentes-4-2018-650-550x311.jpg 550w, https:\/\/stepienybarno.es\/blog\/wp-content\/uploads\/2018\/06\/Stepienybarno-stepien-y-barno-arquitectura-8-Razones-Asistir-Edificios-Inteligentes-4-2018-650-316x178.jpg 316w\" sizes=\"(max-width: 650px) 100vw, 650px\" \/><\/a><p id=\"caption-attachment-32134\" class=\"wp-caption-text\"><em>8 Razones para asistir al IV Congreso Edificios Inteligentes.<\/em><\/p><\/div>\n<p>&nbsp;<\/p>\n<p class=\"ydp71582641yiv3558793476ydp6f88aaayiv0433416557MsoNormal\"><b><span lang=\"ES\">SOBRE GRUPO TECMA RED S.L.<\/span><\/b><\/p>\n<p class=\"ydp71582641yiv3558793476ydp6f88aaayiv0433416557MsoNormal\"><span lang=\"ES\"><b>Grupo Tecma Red<\/b><\/span> <span lang=\"ES\">es la empresa l\u00edder en informaci\u00f3n, comunicaci\u00f3n y generaci\u00f3n de conocimiento sobre Energ\u00eda, Sostenibilidad y Nuevas Tecnolog\u00edas en la Edificaci\u00f3n y la Ciudad.<\/span><\/p>\n<p class=\"ydp71582641yiv3558793476ydp6f88aaayiv0433416557MsoNormal\"><span lang=\"ES\">Grupo Tecma Red ha creado y gestiona actualmente los portales:<\/span><\/p>\n<ul type=\"disc\">\n<li class=\"ydp71582641yiv3558793476ydp6f88aaayiv0433416557MsoNormal\"><span lang=\"ES\"><b>CASADOMO<\/b><\/span><span lang=\"ES\">&#8211; Todo sobre Edificios Inteligentes<\/span><\/li>\n<li class=\"ydp71582641yiv3558793476ydp6f88aaayiv0433416557MsoNormal\"><span lang=\"ES\"><b>CONSTRUIBLE<\/b><\/span> <span lang=\"ES\">&#8211; Todo sobre Construcci\u00f3n Sostenible<\/span><\/li>\n<li class=\"ydp71582641yiv3558793476ydp6f88aaayiv0433416557MsoNormal\"><span lang=\"ES\"><b>ESEFICIENCIA<\/b><\/span><span lang=\"ES\">&#8211; Todo sobre Eficiencia y Servicios Energ\u00e9ticos<\/span><\/li>\n<li class=\"ydp71582641yiv3558793476ydp6f88aaayiv0433416557MsoNormal\"><span lang=\"ES\"><b>ESMARTCITY<\/b><\/span><span lang=\"ES\">&#8211; Todo sobre Ciudades Inteligentes<\/span><\/li>\n<li class=\"ydp71582641yiv3558793476ydp6f88aaayiv0433416557MsoNormal\"><span lang=\"ES\"><b>SMARTGRIDSINFO<\/b><\/span> <span lang=\"ES\">&#8211; Todo sobre Redes El\u00e9ctricas Inteligentes<\/span><\/li>\n<\/ul>\n<p class=\"ydp71582641yiv3558793476ydp6f88aaayiv0433416557MsoNormal\"><b><span lang=\"ES\">\u00a0<\/span><\/b><\/p>\n<p class=\"ydp71582641yiv3558793476ydp6f88aaayiv0433416557MsoNormal\"><span lang=\"ES\">Grupo Tecma Red organiza tambi\u00e9n eventos profesionales como: Jornadas, Workshops, Congresos, como por ejemplo:<\/span><\/p>\n<ul type=\"disc\">\n<li class=\"ydp71582641yiv3558793476ydp6f88aaayiv0433416557MsoNormal\"><span lang=\"ES\"><b>Congreso Ciudades Inteligentes<\/b><\/span><\/li>\n<li class=\"ydp71582641yiv3558793476ydp6f88aaayiv0433416557MsoNormal\"><span lang=\"ES\"><b>Congreso Edificios Energ\u00eda Casi Nula<\/b><\/span><\/li>\n<li class=\"ydp71582641yiv3558793476ydp6f88aaayiv0433416557MsoNormal\"><span lang=\"ES\"><b>Congreso Edificios Inteligentes<\/b><\/span><\/li>\n<li class=\"ydp71582641yiv3558793476ydp6f88aaayiv0433416557MsoNormal\"><span lang=\"ES\"><b><span lang=\"SV\">Congreso Smart Grids<\/span><\/b><\/span><\/li>\n<\/ul>\n<p class=\"ydp71582641yiv3558793476ydp6f88aaayiv0433416557MsoNormal\"><b><span lang=\"EN-US\">\u00a0<\/span><\/b><\/p>\n<p class=\"ydp71582641yiv3558793476ydp6f88aaayiv0433416557MsoNormal\"><b><span lang=\"ES\">Sigue a Grupo Tecma Red:<\/span><\/b><\/p>\n<ul type=\"disc\">\n<li class=\"ydp71582641yiv3558793476ydp6f88aaayiv0433416557MsoNormal\"><span lang=\"ES\">Twitter:<\/span> <span lang=\"ES\"><a href=\"https:\/\/twitter.com\/grupotecmared\" target=\"_blank\" rel=\"nofollow noopener\">https:\/\/twitter.com\/grupotecmared<\/a><\/span><\/li>\n<li class=\"ydp71582641yiv3558793476ydp6f88aaayiv0433416557MsoNormal\"><span lang=\"ES\">Linkedin:<\/span> <span lang=\"ES\"><a href=\"https:\/\/www.linkedin.com\/company\/2133978\" target=\"_blank\" rel=\"nofollow noopener\">https:\/\/www.linkedin.com\/company\/2133978<\/a><\/span><\/li>\n<li class=\"ydp71582641yiv3558793476ydp6f88aaayiv0433416557MsoNormal\"><span lang=\"ES\">Newsletters y Notas de Prensa:<\/span> <span lang=\"ES\"><a href=\"http:\/\/eepurl.com\/bdl9A1\" target=\"_blank\" rel=\"nofollow noopener\">http:\/\/eepurl.com\/bdl9A1<\/a><\/span><\/li>\n<\/ul>\n<h6><\/h6>\n<p>&nbsp;<\/p>\n<h6 style=\"text-align: center;\">*Este post ha sido publicado dentro de nuestra secci\u00f3n de Posts patrocinados.<\/h6>\n<h6 style=\"text-align: center;\">Si te interesa aparecer en nuestro blog tienes toda informaci\u00f3n<a href=\"https:\/\/stepienybarno.es\/blog\/contacto\/publicitarte-en-stepienybarno\/\">\u00a0por aqu\u00ed<\/a><\/h6>\n<p style=\"text-align: center;\">Y como siempre, si te gust\u00f3 el post,\u00a0estar\u00eda genial que lo compartas\u00a0en tus redes sociales.<\/p>\n<p style=\"text-align: center;\">A su vez, si todav\u00eda no est\u00e1s suscrito a nuestra Newsletter, te animamos a hacerlo en la casilla que tienes al terminar este art\u00edculo.<\/p>\n<p style=\"text-align: center;\">Si te interesa contactar con nosotros para que te ayudemos a mejorar tu visibilidad online y, en consecuencia, mejorar tus oportunidades laborales, no dudes en escribirnos a:\u00a0<a href=\"mailto:blog@stepienybarno.es\">blog@stepienybarno.es<\/a><\/p>\n<p>&nbsp;<\/p>\n<p><em><a href=\"https:\/\/twitter.com\/stepienybarno\">STEPIENYBARNO EN TWITTER _ @stepienybarno<\/a><\/em><\/p>\n<p><em><a href=\"http:\/\/www.linkedin.com\/company\/stepienybarno\">STEPIENYBARNO EN LINKEDIN<\/a><\/em><\/p>\n<p><em><a href=\"https:\/\/www.facebook.com\/pages\/BLOG-DE-STEPIENYBARNO\/78001079029\">STEPIENYBARNO EN FACEBOOK<\/a><\/em><\/p>\n<p>&nbsp;<\/p>\n<p><em>*\u00a0<a href=\"https:\/\/stepienybarno.es\/blog\/2011\/09\/04\/las-fortalezas-del-arquitecto\/\">Stepienybarno<\/a>\u00a0est\u00e1 formado por Agnieszka Stepien y Lorenzo Barn\u00f3 y desde mayo del 2009 estamos en la red con\u00a0 la presente publicaci\u00f3n digital (Blog) de arquitectura.<\/em><\/p>\n<p><em>Nuestra actividad se sustenta en tres pilares b\u00e1sicos: la investigaci\u00f3n, la publicaci\u00f3n y la redacci\u00f3n de proyectos de arquitectura.<\/em><\/p>\n<p><em>A su vez, somos socios cofundadores de\u00a0<a href=\"http:\/\/sinergiasostenible.org\/\">SINERGIA SOSTENIBLE<\/a>, redactores de\u00a0<a href=\"http:\/\/www.laciudadviva.org\/blogs\/?author=45\">LA CIUDAD VIVA<\/a>\u00a0y directores del blog de FUNDACI\u00d3N ARQUIA.<\/em><\/p>\n","protected":false},"excerpt":{"rendered":"<p>El pr\u00f3ximo 19 junio se celebra en el Colegio de<\/p>\n","protected":false},"author":2,"featured_media":32134,"comment_status":"open","ping_status":"closed","sticky":false,"template":"","format":"standard","meta":{"om_disable_all_campaigns":false,"_monsterinsights_skip_tracking":false,"_monsterinsights_sitenote_active":false,"_monsterinsights_sitenote_note":"","_monsterinsights_sitenote_category":0,"_uf_show_specific_survey":0,"_uf_disable_surveys":false,"episode_type":"","audio_file":"","cover_image":"","cover_image_id":"","duration":"","filesize":"","date_recorded":"","explicit":"","block":"","filesize_raw":"","footnotes":""},"categories":[34,5774],"tags":[6377,1835,5452,3167],"series":[],"class_list":["post-32129","post","type-post","status-publish","format-standard","has-post-thumbnail","hentry","category-actualidad","category-publicidad","tag-casadomo","tag-congreso","tag-congreso-edificios-inteligentes","tag-post-patrocinado"],"aioseo_notices":[],"episode_featured_image":"https:\/\/stepienybarno.es\/blog\/wp-content\/uploads\/2018\/06\/Stepienybarno-stepien-y-barno-arquitectura-8-Razones-Asistir-Edificios-Inteligentes-4-2018-650.jpg","episode_player_image":"https:\/\/stepienybarno.es\/blog\/wp-content\/uploads\/2020\/11\/stepienybarno-podcast-scaled.jpg","download_link":"","player_link":"","audio_player":false,"episode_data":{"playerMode":"dark","subscribeUrls":[],"rssFeedUrl":"https:\/\/stepienybarno.es\/blog\/feed\/podcast\/podcast-de-stepienybarno","embedCode":"<blockquote class=\"wp-embedded-content\" data-secret=\"2Goh59zwW0\"><a href=\"https:\/\/stepienybarno.es\/blog\/2018\/06\/11\/entrevista-con-stefan-junestrand-dr-arquitecto-y-director-del-iv-congreso-edificios-inteligentes\/\">ENTREVISTA CON STEFAN JUNESTRAND DR. ARQUITECTO Y DIRECTOR DEL IV CONGRESO EDIFICIOS INTELIGENTES<\/a><\/blockquote><iframe sandbox=\"allow-scripts\" security=\"restricted\" src=\"https:\/\/stepienybarno.es\/blog\/2018\/06\/11\/entrevista-con-stefan-junestrand-dr-arquitecto-y-director-del-iv-congreso-edificios-inteligentes\/embed\/#?secret=2Goh59zwW0\" width=\"500\" height=\"350\" title=\"\u00abENTREVISTA CON STEFAN JUNESTRAND DR. ARQUITECTO Y DIRECTOR DEL IV CONGRESO EDIFICIOS INTELIGENTES\u00bb \u2014 Blog de STEPIEN Y BARNO - publicaci\u00f3n digital sobre arquitectura\" data-secret=\"2Goh59zwW0\" frameborder=\"0\" marginwidth=\"0\" marginheight=\"0\" scrolling=\"no\" class=\"wp-embedded-content\"><\/iframe><script type=\"text\/javascript\">\n\/* <![CDATA[ *\/\n\/*! This file is auto-generated *\/\n!function(d,l){\"use strict\";l.querySelector&&d.addEventListener&&\"undefined\"!=typeof URL&&(d.wp=d.wp||{},d.wp.receiveEmbedMessage||(d.wp.receiveEmbedMessage=function(e){var t=e.data;if((t||t.secret||t.message||t.value)&&!\/[^a-zA-Z0-9]\/.test(t.secret)){for(var s,r,n,a=l.querySelectorAll('iframe[data-secret=\"'+t.secret+'\"]'),o=l.querySelectorAll('blockquote[data-secret=\"'+t.secret+'\"]'),c=new RegExp(\"^https?:$\",\"i\"),i=0;i<o.length;i++)o[i].style.display=\"none\";for(i=0;i<a.length;i++)s=a[i],e.source===s.contentWindow&&(s.removeAttribute(\"style\"),\"height\"===t.message?(1e3<(r=parseInt(t.value,10))?r=1e3:~~r<200&&(r=200),s.height=r):\"link\"===t.message&&(r=new URL(s.getAttribute(\"src\")),n=new URL(t.value),c.test(n.protocol))&&n.host===r.host&&l.activeElement===s&&(d.top.location.href=t.value))}},d.addEventListener(\"message\",d.wp.receiveEmbedMessage,!1),l.addEventListener(\"DOMContentLoaded\",function(){for(var e,t,s=l.querySelectorAll(\"iframe.wp-embedded-content\"),r=0;r<s.length;r++)(t=(e=s[r]).getAttribute(\"data-secret\"))||(t=Math.random().toString(36).substring(2,12),e.src+=\"#?secret=\"+t,e.setAttribute(\"data-secret\",t)),e.contentWindow.postMessage({message:\"ready\",secret:t},\"*\")},!1)))}(window,document);\n\/* ]]> *\/\n<\/script>\n"},"_links":{"self":[{"href":"https:\/\/stepienybarno.es\/blog\/wp-json\/wp\/v2\/posts\/32129"}],"collection":[{"href":"https:\/\/stepienybarno.es\/blog\/wp-json\/wp\/v2\/posts"}],"about":[{"href":"https:\/\/stepienybarno.es\/blog\/wp-json\/wp\/v2\/types\/post"}],"author":[{"embeddable":true,"href":"https:\/\/stepienybarno.es\/blog\/wp-json\/wp\/v2\/users\/2"}],"replies":[{"embeddable":true,"href":"https:\/\/stepienybarno.es\/blog\/wp-json\/wp\/v2\/comments?post=32129"}],"version-history":[{"count":27,"href":"https:\/\/stepienybarno.es\/blog\/wp-json\/wp\/v2\/posts\/32129\/revisions"}],"predecessor-version":[{"id":32161,"href":"https:\/\/stepienybarno.es\/blog\/wp-json\/wp\/v2\/posts\/32129\/revisions\/32161"}],"wp:featuredmedia":[{"embeddable":true,"href":"https:\/\/stepienybarno.es\/blog\/wp-json\/wp\/v2\/media\/32134"}],"wp:attachment":[{"href":"https:\/\/stepienybarno.es\/blog\/wp-json\/wp\/v2\/media?parent=32129"}],"wp:term":[{"taxonomy":"category","embeddable":true,"href":"https:\/\/stepienybarno.es\/blog\/wp-json\/wp\/v2\/categories?post=32129"},{"taxonomy":"post_tag","embeddable":true,"href":"https:\/\/stepienybarno.es\/blog\/wp-json\/wp\/v2\/tags?post=32129"},{"taxonomy":"series","embeddable":true,"href":"https:\/\/stepienybarno.es\/blog\/wp-json\/wp\/v2\/series?post=32129"}],"curies":[{"name":"wp","href":"https:\/\/api.w.org\/{rel}","templated":true}]}}