{"id":32279,"date":"2018-06-27T11:30:51","date_gmt":"2018-06-27T09:30:51","guid":{"rendered":"https:\/\/www.stepienybarno.es\/blog\/?p=32279"},"modified":"2018-06-27T11:30:51","modified_gmt":"2018-06-27T09:30:51","slug":"esta-semana-alvaro-siza-cumplio-85-anos-compartimos-5-de-sus-proyectos-que-mas-nos-gustan","status":"publish","type":"post","link":"https:\/\/stepienybarno.es\/blog\/2018\/06\/27\/esta-semana-alvaro-siza-cumplio-85-anos-compartimos-5-de-sus-proyectos-que-mas-nos-gustan\/","title":{"rendered":"Esta semana \u00c1lvaro Siza cumpli\u00f3 85 a\u00f1os, compartimos 5 de sus proyectos que mas nos gustan"},"content":{"rendered":"<p><img loading=\"lazy\" decoding=\"async\" class=\"aligncenter size-medium wp-image-32283\" src=\"https:\/\/stepienybarno.es\/blog\/wp-content\/uploads\/2018\/06\/Stepienybarno-alvarosiza-ProyectoDelDia-01-550x330.jpg\" alt=\"\" width=\"550\" height=\"330\" srcset=\"https:\/\/stepienybarno.es\/blog\/wp-content\/uploads\/2018\/06\/Stepienybarno-alvarosiza-ProyectoDelDia-01-550x330.jpg 550w, https:\/\/stepienybarno.es\/blog\/wp-content\/uploads\/2018\/06\/Stepienybarno-alvarosiza-ProyectoDelDia-01-180x108.jpg 180w, https:\/\/stepienybarno.es\/blog\/wp-content\/uploads\/2018\/06\/Stepienybarno-alvarosiza-ProyectoDelDia-01-1024x614.jpg 1024w, https:\/\/stepienybarno.es\/blog\/wp-content\/uploads\/2018\/06\/Stepienybarno-alvarosiza-ProyectoDelDia-01-316x190.jpg 316w, https:\/\/stepienybarno.es\/blog\/wp-content\/uploads\/2018\/06\/Stepienybarno-alvarosiza-ProyectoDelDia-01.jpg 2000w\" sizes=\"(max-width: 550px) 100vw, 550px\" \/><\/p>\n<p>El pasado lunes 25 de junio fue el cumplea\u00f1os de \u00c1lvaro Siza y desde StepienyBarno quer\u00edamos hacerle un peque\u00f1o homenaje compartiendo 5 de sus proyectos que nos encantan.<\/p>\n<p><!--more--><\/p>\n<p>\u00a1All\u00e1 vamos!<\/p>\n<p>&nbsp;<\/p>\n<h4><strong>PISCINAS DAS MAR\u00c9S<\/strong><\/h4>\n<p class=\"entry-title\" style=\"padding-left: 60px;\"><a href=\"http:\/\/bit.ly\/2Iudm1T\" target=\"_blank\" rel=\"noopener\">SI VAN A OPORTO Y SOLO PUEDEN VER UNA COSA, VISITEN LAS PISCINAS DAS MAR\u00c9S DE \u00c1LVARO SIZA<\/a><\/p>\n<p><img loading=\"lazy\" decoding=\"async\" class=\"aligncenter size-medium wp-image-32280\" src=\"https:\/\/stepienybarno.es\/blog\/wp-content\/uploads\/2018\/06\/Stepienybarno-alvarosiza-piscinadasmares-ProyectoDelDia-01-550x386.jpg\" alt=\"\" width=\"550\" height=\"386\" srcset=\"https:\/\/stepienybarno.es\/blog\/wp-content\/uploads\/2018\/06\/Stepienybarno-alvarosiza-piscinadasmares-ProyectoDelDia-01-550x386.jpg 550w, https:\/\/stepienybarno.es\/blog\/wp-content\/uploads\/2018\/06\/Stepienybarno-alvarosiza-piscinadasmares-ProyectoDelDia-01-180x126.jpg 180w, https:\/\/stepienybarno.es\/blog\/wp-content\/uploads\/2018\/06\/Stepienybarno-alvarosiza-piscinadasmares-ProyectoDelDia-01-998x700.jpg 998w, https:\/\/stepienybarno.es\/blog\/wp-content\/uploads\/2018\/06\/Stepienybarno-alvarosiza-piscinadasmares-ProyectoDelDia-01-316x222.jpg 316w, https:\/\/stepienybarno.es\/blog\/wp-content\/uploads\/2018\/06\/Stepienybarno-alvarosiza-piscinadasmares-ProyectoDelDia-01.jpg 1024w\" sizes=\"(max-width: 550px) 100vw, 550px\" \/><\/p>\n<h4><strong>PABELL\u00d3N DE PORTUGAL<\/strong><\/h4>\n<p style=\"padding-left: 60px;\"><a href=\"https:\/\/stepienybarno.es\/blog\/2009\/09\/28\/pabellon-de-portugal-de-alvaro-siza\/\" target=\"_blank\" rel=\"noopener\">PABELL\u00d3N DE PORTUGAL DE \u00c1LVARO SIZA<\/a><\/p>\n<p><img loading=\"lazy\" decoding=\"async\" class=\"aligncenter size-full wp-image-32281\" src=\"https:\/\/stepienybarno.es\/blog\/wp-content\/uploads\/2018\/06\/Stepienybarno-alvarosiza-pabellonportugal-ProyectoDelDia-01.jpg\" alt=\"\" width=\"500\" height=\"375\" srcset=\"https:\/\/stepienybarno.es\/blog\/wp-content\/uploads\/2018\/06\/Stepienybarno-alvarosiza-pabellonportugal-ProyectoDelDia-01.jpg 500w, https:\/\/stepienybarno.es\/blog\/wp-content\/uploads\/2018\/06\/Stepienybarno-alvarosiza-pabellonportugal-ProyectoDelDia-01-180x135.jpg 180w, https:\/\/stepienybarno.es\/blog\/wp-content\/uploads\/2018\/06\/Stepienybarno-alvarosiza-pabellonportugal-ProyectoDelDia-01-316x237.jpg 316w\" sizes=\"(max-width: 500px) 100vw, 500px\" \/><\/p>\n<p>&nbsp;<\/p>\n<h4><strong>MUSEO DE SERRALVES<\/strong><\/h4>\n<p style=\"padding-left: 60px;\"><a href=\"http:\/\/bit.ly\/2Kpfvh7\" target=\"_blank\" rel=\"noopener\">SERRALVES MUSEUM OF CONTEMPORARY ART<\/a><\/p>\n<p><img loading=\"lazy\" decoding=\"async\" class=\"aligncenter size-medium wp-image-32282\" src=\"https:\/\/stepienybarno.es\/blog\/wp-content\/uploads\/2018\/06\/Stepienybarno-alvarosiza-museoserralves-ProyectoDelDia-01-550x366.png\" alt=\"\" width=\"550\" height=\"366\" srcset=\"https:\/\/stepienybarno.es\/blog\/wp-content\/uploads\/2018\/06\/Stepienybarno-alvarosiza-museoserralves-ProyectoDelDia-01-550x366.png 550w, https:\/\/stepienybarno.es\/blog\/wp-content\/uploads\/2018\/06\/Stepienybarno-alvarosiza-museoserralves-ProyectoDelDia-01-180x120.png 180w, https:\/\/stepienybarno.es\/blog\/wp-content\/uploads\/2018\/06\/Stepienybarno-alvarosiza-museoserralves-ProyectoDelDia-01-316x211.png 316w, https:\/\/stepienybarno.es\/blog\/wp-content\/uploads\/2018\/06\/Stepienybarno-alvarosiza-museoserralves-ProyectoDelDia-01.png 716w\" sizes=\"(max-width: 550px) 100vw, 550px\" \/><\/p>\n<p>PARROQUIA DE SANTA MAR\u00cdA EN MARCO DE CANAVEZES<\/p>\n<p style=\"padding-left: 60px;\"><a href=\"http:\/\/bit.ly\/2lDE5Qg\" target=\"_blank\" rel=\"noopener\">\u00bfLA IGLESIA DE UN LAICO?<\/a><\/p>\n<p><img loading=\"lazy\" decoding=\"async\" class=\"aligncenter size-medium wp-image-32284\" src=\"https:\/\/stepienybarno.es\/blog\/wp-content\/uploads\/2018\/06\/Stepienybarno-alvarosiza-canavezes-ProyectoDelDia-01-550x269.png\" alt=\"\" width=\"550\" height=\"269\" srcset=\"https:\/\/stepienybarno.es\/blog\/wp-content\/uploads\/2018\/06\/Stepienybarno-alvarosiza-canavezes-ProyectoDelDia-01-550x269.png 550w, https:\/\/stepienybarno.es\/blog\/wp-content\/uploads\/2018\/06\/Stepienybarno-alvarosiza-canavezes-ProyectoDelDia-01-180x88.png 180w, https:\/\/stepienybarno.es\/blog\/wp-content\/uploads\/2018\/06\/Stepienybarno-alvarosiza-canavezes-ProyectoDelDia-01-316x155.png 316w, https:\/\/stepienybarno.es\/blog\/wp-content\/uploads\/2018\/06\/Stepienybarno-alvarosiza-canavezes-ProyectoDelDia-01.png 945w\" sizes=\"(max-width: 550px) 100vw, 550px\" \/><\/p>\n<p>CASA DEL CH\u00c1<\/p>\n<p style=\"padding-left: 60px;\"><a href=\"http:\/\/bit.ly\/2Kmf1vd\" target=\"_blank\" rel=\"noopener\">LA RENOVADA CASA DEL CH\u00c1 DE SIZA, AHORA ES EL RESTAURANTE DEL CHEF RUI PAULA<\/a><\/p>\n<p>&nbsp;<\/p>\n<p><img loading=\"lazy\" decoding=\"async\" class=\"aligncenter size-medium wp-image-32286\" src=\"https:\/\/stepienybarno.es\/blog\/wp-content\/uploads\/2018\/06\/Stepienybarno-alvarosiza-casacha-ProyectoDelDia-01-550x366.png\" alt=\"\" width=\"550\" height=\"366\" srcset=\"https:\/\/stepienybarno.es\/blog\/wp-content\/uploads\/2018\/06\/Stepienybarno-alvarosiza-casacha-ProyectoDelDia-01-550x366.png 550w, https:\/\/stepienybarno.es\/blog\/wp-content\/uploads\/2018\/06\/Stepienybarno-alvarosiza-casacha-ProyectoDelDia-01-180x120.png 180w, https:\/\/stepienybarno.es\/blog\/wp-content\/uploads\/2018\/06\/Stepienybarno-alvarosiza-casacha-ProyectoDelDia-01-1024x681.png 1024w, https:\/\/stepienybarno.es\/blog\/wp-content\/uploads\/2018\/06\/Stepienybarno-alvarosiza-casacha-ProyectoDelDia-01-316x210.png 316w, https:\/\/stepienybarno.es\/blog\/wp-content\/uploads\/2018\/06\/Stepienybarno-alvarosiza-casacha-ProyectoDelDia-01.png 1049w\" sizes=\"(max-width: 550px) 100vw, 550px\" \/><\/p>\n<p>&nbsp;<\/p>\n<p>&nbsp;<\/p>\n<p>\u00bfQu\u00e9 os han parecido? \u00bfCu\u00e1les son vuestros 5 favoritos?<\/p>\n<p>\u00a1Much\u00edsimas felicidades Maestro!<\/p>\n<p>&nbsp;<\/p>\n<blockquote><p>Recopilaci\u00f3n de algunos post sobre el maestro en Stepienybarno:<\/p>\n<p>PABELL\u00d3N DE PORTUGAL DE ALVARO SIZA<\/p>\n<p><a href=\"https:\/\/stepienybarno.es\/blog\/2009\/09\/28\/pabellon-de-portugal-de-alvaro-siza\/\">https:\/\/stepienybarno.es\/blog\/2009\/09\/28\/pabellon-de-portugal-de-alvaro-siza\/<\/a><\/p>\n<p>\u00c1LVARO SIZA EN SIBERIA<\/p>\n<p><a href=\"https:\/\/stepienybarno.es\/blog\/2012\/01\/04\/alvaro-siza-en-siberia\/\">https:\/\/stepienybarno.es\/blog\/2012\/01\/04\/alvaro-siza-en-siberia\/<\/a><\/p>\n<p>AALTO Y SIZA SE SUMAN A LA FIESTA DEL D\u00cdA DEL LIBRO!<\/p>\n<p><a href=\"https:\/\/stepienybarno.es\/blog\/2014\/04\/23\/aalto-y-siza-se-suman-a-la-fiesta-del-dia-del-libro\/\">https:\/\/stepienybarno.es\/blog\/2014\/04\/23\/aalto-y-siza-se-suman-a-la-fiesta-del-dia-del-libro\/<\/a><\/p>\n<p>ENTREVISTA A ALVARO SIZA<\/p>\n<p><a href=\"https:\/\/stepienybarno.es\/blog\/2011\/10\/04\/entrevista-a-alvaro-siza\/\">https:\/\/stepienybarno.es\/blog\/2011\/10\/04\/entrevista-a-alvaro-siza\/<\/a><\/p>\n<p>EL MUSEO DE ARTE CONTEMPOR\u00c1NEO DE SANTIAGO DE COMPOSTELA<\/p>\n<p><a href=\"https:\/\/stepienybarno.es\/blog\/2013\/03\/13\/el-museo-de-arte-contemporaneo-de-santiago-de-compostela-_-alvaro-siza\/\">https:\/\/stepienybarno.es\/blog\/2013\/03\/13\/el-museo-de-arte-contemporaneo-de-santiago-de-compostela-_-alvaro-siza\/<\/a><\/p>\n<p>ALVARO SIZA \u2013 VIVIR UNA CASA<\/p>\n<p><a href=\"https:\/\/stepienybarno.es\/blog\/2009\/10\/25\/alvaro-siza-vivir-una-casa\/\">https:\/\/stepienybarno.es\/blog\/2009\/10\/25\/alvaro-siza-vivir-una-casa\/<\/a><\/p>\n<p>LA \u00c9TICA DETR\u00c1S DEL OFICIO<\/p>\n<p><a href=\"https:\/\/stepienybarno.es\/blog\/2014\/03\/17\/la-etica-detras-del-oficio\/\">https:\/\/stepienybarno.es\/blog\/2014\/03\/17\/la-etica-detras-del-oficio\/<\/a><\/p>\n<p>Bocetos de Siza.<\/p>\n<p><a href=\"https:\/\/stepienybarno.es\/blog\/2012\/07\/26\/79-cumpleanos-de-alvaro-siza\/\">https:\/\/stepienybarno.es\/blog\/2012\/07\/26\/79-cumpleanos-de-alvaro-siza\/<\/a><\/p>\n<p>ESCRITOS DE \u00c1LVARO SIZA<\/p>\n<p><a href=\"https:\/\/stepienybarno.es\/blog\/2012\/06\/04\/escritos-de-alvaro-siza\/\">https:\/\/stepienybarno.es\/blog\/2012\/06\/04\/escritos-de-alvaro-siza\/<\/a><\/p>\n<p>CITAS de ALVARO SIZA, para pasar un buen fin de semana<\/p>\n<p><a href=\"https:\/\/stepienybarno.es\/blog\/2010\/11\/13\/citas-de-alvaro-siza-para-pasar-un-buen-fin-de-semana\/\">https:\/\/stepienybarno.es\/blog\/2010\/11\/13\/citas-de-alvaro-siza-para-pasar-un-buen-fin-de-semana\/<\/a><\/p><\/blockquote>\n","protected":false},"excerpt":{"rendered":"<p>El pasado lunes 25 de junio fue el cumplea\u00f1os de<\/p>\n","protected":false},"author":10,"featured_media":32283,"comment_status":"open","ping_status":"closed","sticky":false,"template":"","format":"standard","meta":{"om_disable_all_campaigns":false,"_monsterinsights_skip_tracking":false,"_monsterinsights_sitenote_active":false,"_monsterinsights_sitenote_note":"","_monsterinsights_sitenote_category":0,"_uf_show_specific_survey":0,"_uf_disable_surveys":false,"episode_type":"","audio_file":"","cover_image":"","cover_image_id":"","duration":"","filesize":"","date_recorded":"","explicit":"","block":"","filesize_raw":"","footnotes":""},"categories":[244],"tags":[121,2635,6434,6432,3618,2968,2871,6430,6433,6431,3111,5885,6435],"series":[],"class_list":["post-32279","post","type-post","status-publish","format-standard","has-post-thumbnail","hentry","category-canal-de-arquitectura","tag-alvaro-siza","tag-anton-capitel","tag-canavezes","tag-casa-del-cha","tag-divisare","tag-jotdown","tag-metalocus","tag-museo-serralves","tag-oporto","tag-pabellon-de-portugal","tag-piscinas-das-mares","tag-upm","tag-xyz"],"aioseo_notices":[],"episode_featured_image":"https:\/\/stepienybarno.es\/blog\/wp-content\/uploads\/2018\/06\/Stepienybarno-alvarosiza-ProyectoDelDia-01.jpg","episode_player_image":"https:\/\/stepienybarno.es\/blog\/wp-content\/uploads\/2020\/11\/stepienybarno-podcast-scaled.jpg","download_link":"","player_link":"","audio_player":false,"episode_data":{"playerMode":"dark","subscribeUrls":[],"rssFeedUrl":"https:\/\/stepienybarno.es\/blog\/feed\/podcast\/podcast-de-stepienybarno","embedCode":"<blockquote class=\"wp-embedded-content\" data-secret=\"r2nJa3RWpq\"><a href=\"https:\/\/stepienybarno.es\/blog\/2018\/06\/27\/esta-semana-alvaro-siza-cumplio-85-anos-compartimos-5-de-sus-proyectos-que-mas-nos-gustan\/\">Esta semana \u00c1lvaro Siza cumpli\u00f3 85 a\u00f1os, compartimos 5 de sus proyectos que mas nos gustan<\/a><\/blockquote><iframe sandbox=\"allow-scripts\" security=\"restricted\" src=\"https:\/\/stepienybarno.es\/blog\/2018\/06\/27\/esta-semana-alvaro-siza-cumplio-85-anos-compartimos-5-de-sus-proyectos-que-mas-nos-gustan\/embed\/#?secret=r2nJa3RWpq\" width=\"500\" height=\"350\" title=\"\u00abEsta semana \u00c1lvaro Siza cumpli\u00f3 85 a\u00f1os, compartimos 5 de sus proyectos que mas nos gustan\u00bb \u2014 Blog de STEPIEN Y BARNO - publicaci\u00f3n digital sobre arquitectura\" data-secret=\"r2nJa3RWpq\" frameborder=\"0\" marginwidth=\"0\" marginheight=\"0\" scrolling=\"no\" class=\"wp-embedded-content\"><\/iframe><script type=\"text\/javascript\">\n\/* <![CDATA[ *\/\n\/*! This file is auto-generated *\/\n!function(d,l){\"use strict\";l.querySelector&&d.addEventListener&&\"undefined\"!=typeof URL&&(d.wp=d.wp||{},d.wp.receiveEmbedMessage||(d.wp.receiveEmbedMessage=function(e){var t=e.data;if((t||t.secret||t.message||t.value)&&!\/[^a-zA-Z0-9]\/.test(t.secret)){for(var s,r,n,a=l.querySelectorAll('iframe[data-secret=\"'+t.secret+'\"]'),o=l.querySelectorAll('blockquote[data-secret=\"'+t.secret+'\"]'),c=new RegExp(\"^https?:$\",\"i\"),i=0;i<o.length;i++)o[i].style.display=\"none\";for(i=0;i<a.length;i++)s=a[i],e.source===s.contentWindow&&(s.removeAttribute(\"style\"),\"height\"===t.message?(1e3<(r=parseInt(t.value,10))?r=1e3:~~r<200&&(r=200),s.height=r):\"link\"===t.message&&(r=new URL(s.getAttribute(\"src\")),n=new URL(t.value),c.test(n.protocol))&&n.host===r.host&&l.activeElement===s&&(d.top.location.href=t.value))}},d.addEventListener(\"message\",d.wp.receiveEmbedMessage,!1),l.addEventListener(\"DOMContentLoaded\",function(){for(var e,t,s=l.querySelectorAll(\"iframe.wp-embedded-content\"),r=0;r<s.length;r++)(t=(e=s[r]).getAttribute(\"data-secret\"))||(t=Math.random().toString(36).substring(2,12),e.src+=\"#?secret=\"+t,e.setAttribute(\"data-secret\",t)),e.contentWindow.postMessage({message:\"ready\",secret:t},\"*\")},!1)))}(window,document);\n\/* ]]> *\/\n<\/script>\n"},"_links":{"self":[{"href":"https:\/\/stepienybarno.es\/blog\/wp-json\/wp\/v2\/posts\/32279"}],"collection":[{"href":"https:\/\/stepienybarno.es\/blog\/wp-json\/wp\/v2\/posts"}],"about":[{"href":"https:\/\/stepienybarno.es\/blog\/wp-json\/wp\/v2\/types\/post"}],"author":[{"embeddable":true,"href":"https:\/\/stepienybarno.es\/blog\/wp-json\/wp\/v2\/users\/10"}],"replies":[{"embeddable":true,"href":"https:\/\/stepienybarno.es\/blog\/wp-json\/wp\/v2\/comments?post=32279"}],"version-history":[{"count":2,"href":"https:\/\/stepienybarno.es\/blog\/wp-json\/wp\/v2\/posts\/32279\/revisions"}],"predecessor-version":[{"id":32289,"href":"https:\/\/stepienybarno.es\/blog\/wp-json\/wp\/v2\/posts\/32279\/revisions\/32289"}],"wp:featuredmedia":[{"embeddable":true,"href":"https:\/\/stepienybarno.es\/blog\/wp-json\/wp\/v2\/media\/32283"}],"wp:attachment":[{"href":"https:\/\/stepienybarno.es\/blog\/wp-json\/wp\/v2\/media?parent=32279"}],"wp:term":[{"taxonomy":"category","embeddable":true,"href":"https:\/\/stepienybarno.es\/blog\/wp-json\/wp\/v2\/categories?post=32279"},{"taxonomy":"post_tag","embeddable":true,"href":"https:\/\/stepienybarno.es\/blog\/wp-json\/wp\/v2\/tags?post=32279"},{"taxonomy":"series","embeddable":true,"href":"https:\/\/stepienybarno.es\/blog\/wp-json\/wp\/v2\/series?post=32279"}],"curies":[{"name":"wp","href":"https:\/\/api.w.org\/{rel}","templated":true}]}}