{"id":32779,"date":"2018-08-15T12:17:47","date_gmt":"2018-08-15T10:17:47","guid":{"rendered":"https:\/\/www.stepienybarno.es\/blog\/?p=32779"},"modified":"2018-08-16T07:47:35","modified_gmt":"2018-08-16T05:47:35","slug":"rafael-moneo-el-ultimo-arquitecto-que-dibujaba-sus-edificios","status":"publish","type":"post","link":"https:\/\/stepienybarno.es\/blog\/2018\/08\/15\/rafael-moneo-el-ultimo-arquitecto-que-dibujaba-sus-edificios\/","title":{"rendered":"Rafael Moneo, el \u00faltimo arquitecto que dibujaba sus edificios"},"content":{"rendered":"<p><img loading=\"lazy\" decoding=\"async\" class=\"aligncenter size-medium wp-image-32782\" src=\"https:\/\/stepienybarno.es\/blog\/wp-content\/uploads\/2018\/08\/Stepienybarno-moneo-ProyectoDelDia-01-550x412.jpg\" alt=\"\" width=\"550\" height=\"412\" srcset=\"https:\/\/stepienybarno.es\/blog\/wp-content\/uploads\/2018\/08\/Stepienybarno-moneo-ProyectoDelDia-01-550x412.jpg 550w, https:\/\/stepienybarno.es\/blog\/wp-content\/uploads\/2018\/08\/Stepienybarno-moneo-ProyectoDelDia-01-180x135.jpg 180w, https:\/\/stepienybarno.es\/blog\/wp-content\/uploads\/2018\/08\/Stepienybarno-moneo-ProyectoDelDia-01-316x237.jpg 316w, https:\/\/stepienybarno.es\/blog\/wp-content\/uploads\/2018\/08\/Stepienybarno-moneo-ProyectoDelDia-01.jpg 854w\" sizes=\"(max-width: 550px) 100vw, 550px\" \/><\/p>\n<h5 style=\"text-align: center;\">Desde: <a href=\"http:\/\/www.elespanol.com\" target=\"_blank\" rel=\"noopener\">El Espa\u00f1ol<\/a><\/h5>\n<h5 style=\"text-align: center;\">Autor:\u00a0<a class=\"account-group js-account-group js-action-profile js-user-profile-link js-nav\" href=\"https:\/\/twitter.com\/dgllana\" data-user-id=\"180272447\"><span class=\"FullNameGroup\"><strong class=\"fullname show-popup-with-id u-textTruncate \" data-aria-label-part=\"\">David Garc\u00eda-Asenjo<\/strong>\u200f<\/span><b><\/b><\/a><\/h5>\n<div class=\"ProfileTweet-action ProfileTweet-action--more js-more-ProfileTweet-actions\"><\/div>\n<p><!--more--><\/p>\n<p id=\"paragraph_1\" class=\"western\" lang=\"es-ES\">\u00abEl 9 de mayo de 2012\u00a0<strong>Rafael Moneo<\/strong>\u00a0cumpli\u00f3 75 a\u00f1os. Ese mismo d\u00eda fue galardonado con el Premio Pr\u00edncipe de Asturias de las Artes. Se reconoc\u00eda as\u00ed su trayectoria, y era el momento para que esta empezara a ser documentada y mostrada al p\u00fablico. La Fundaci\u00f3n Barri\u00e9 de A Coru\u00f1a tom\u00f3 la iniciativa y decidi\u00f3 realizar la exposici\u00f3n retrospectiva\u00a0<em>Rafael Moneo. Una reflexi\u00f3n te\u00f3rica desde la profesi\u00f3n. Materiales de archivo (1961-2013),\u00a0<\/em>la m\u00e1s completa muestra del trabajo del arquitecto.<\/p>\n<p id=\"paragraph_2\" class=\"western\" lang=\"es-ES\">El propio Moneo encarg\u00f3 el comisariado de la misma a\u00a0<strong>Francisco Gonz\u00e1lez de Canales<\/strong>, un joven arquitecto sevillano afincado en Londres que llevaba tiempo estudiando su producci\u00f3n te\u00f3rica. Se expone esta retrospectiva ahora en el Museo Thyssen, uniendo as\u00ed la celebraci\u00f3n de dos aniversarios, el vig\u00e9simo quinto del museo y el octog\u00e9simo del arquitecto que proyect\u00f3 la remodelaci\u00f3n del Palacio que lo acoge. (&#8230;) \u00ab<\/p>\n<p>&nbsp;<\/p>\n<p style=\"text-align: center;\">Acceder al Art\u00edculo <a href=\"http:\/\/bit.ly\/2nFIhQN\" target=\"_blank\" rel=\"noopener\">AQU\u00cd<\/a><\/p>\n<p>&nbsp;<\/p>\n<p>\u00bfQuieres inscribirte en nuestro curso de Identidad Digital para arquitectos?<\/p>\n<p>En breve, nueva edici\u00f3n:<\/p>\n<p><a href=\"http:\/\/cursoidentidaddigital.stepienybarno.es\/\">http:\/\/cursoidentidaddigital.stepienybarno.es\/<\/a><\/p>\n<p>Informaci\u00f3n en:\u00a0<a href=\"mailto:blog@stepienybarno.es\">blog@stepienybarno.es<\/a><\/p>\n<p>&nbsp;<\/p>\n<p>&nbsp;<\/p>\n<h5><strong>Autores del post:\u00a0<a href=\"https:\/\/stepienybarno.es\/blog\/2011\/09\/04\/las-fortalezas-del-arquitecto\/\">Stepienybarno<\/a>\u00a0_ Agnieszka Stepien y Lorenzo Barn\u00f3<\/strong><\/h5>\n<h5>Y como siempre, si te gust\u00f3 el post,\u00a0estar\u00eda genial que lo compartas\u00a0en tus redes sociales.<\/h5>\n<h5>A su vez, si todav\u00eda no est\u00e1s suscrito a nuestra Newsletter, te animamos a hacerlo en la casilla que tienes al terminar este art\u00edculo.<\/h5>\n<p>&nbsp;<\/p>\n<blockquote><p>Suscribirte a nuestro blog y recibe gratis nuestra gu\u00eda: 10 Ideas para vender m\u00e1s si eres arquitecto<\/p>\n<p>Acceder:\u00a0<a href=\"http:\/\/bit.ly\/2fkkTS7\">http:\/\/bit.ly\/2fkkTS7<\/a><\/p>\n<p>&nbsp;<\/p>\n<p>Si te interesa contactar con nosotros para que te ayudemos a mejorar tu visibilidad online y, en consecuencia, mejorar tus oportunidades laborales, no dudes en escribirnos a:\u00a0<a href=\"mailto:blog@stepienybarno.es\">blog@stepienybarno.es<\/a><\/p><\/blockquote>\n<p>&nbsp;<\/p>\n<p><em><a href=\"https:\/\/twitter.com\/stepienybarno\">Stepienybarno en TWITTER<\/a><\/em><\/p>\n<p><em><a href=\"https:\/\/twitter.com\/stepienybarno\">@stepienybarno (+ de 16.000 seguidores)<\/a><\/em><\/p>\n<p><em><a href=\"https:\/\/twitter.com\/stepienybarno?lang=es\">https:\/\/twitter.com\/stepienybarno?lang=es<\/a><\/em><\/p>\n<p><em><a href=\"https:\/\/www.facebook.com\/pages\/BLOG-DE-STEPIENYBARNO\/78001079029\">Stepienybarno en FACEBOOK (+ de 24<u>.000 seguidores)<\/u><\/a><\/em><\/p>\n<p><em><a href=\"https:\/\/www.facebook.com\/StepienyBarnoArquitecturaeIdentidadDigital\/\">https:\/\/www.facebook.com\/StepienyBarnoArquitecturaeIdentidadDigital\/<\/a><\/em><\/p>\n<p><em>Acceder a nuestro GRUPO CERRADO DE FACEBOOK sobre Identidad Digital para Arquitectos:<\/em><\/p>\n<p><em><a href=\"https:\/\/www.facebook.com\/groups\/IdentidadDigitalParaArquitectos\/\">https:\/\/www.facebook.com\/groups\/IdentidadDigitalParaArquitectos\/<\/a><\/em><\/p>\n<p><em>Suscr\u00edbete a nuestro canal de YOUTUBE:\u00a0<a href=\"http:\/\/bit.ly\/2A1UtAd\">http:\/\/bit.ly\/2A1UtAd<\/a><\/em><\/p>\n<p>&nbsp;<\/p>\n<p>*\u00a0<a href=\"https:\/\/stepienybarno.es\/blog\/2011\/09\/04\/las-fortalezas-del-arquitecto\/\">Stepienybarno<\/a>\u00a0est\u00e1 formado por Agnieszka Stepien y Lorenzo Barn\u00f3 y desde mayo del 2009 estamos en la red con\u00a0 la presente publicaci\u00f3n digital (Blog) de arquitectura.<\/p>\n<p>Nuestra actividad se sustenta en tres pilares b\u00e1sicos: la investigaci\u00f3n, la publicaci\u00f3n y la redacci\u00f3n de proyectos de arquitectura.<\/p>\n<p>A su vez, somos socios cofundadores de\u00a0<a href=\"http:\/\/sinergiasostenible.org\/\">SINERGIA SOSTENIBLE<\/a>\u00a0y directores del blog de FUNDACI\u00d3N ARQUIA.<\/p>\n","protected":false},"excerpt":{"rendered":"<p>Desde: El Espa\u00f1ol Autor:\u00a0David Garc\u00eda-Asenjo\u200f<\/p>\n","protected":false},"author":10,"featured_media":32782,"comment_status":"open","ping_status":"closed","sticky":false,"template":"","format":"standard","meta":{"om_disable_all_campaigns":false,"_monsterinsights_skip_tracking":false,"_monsterinsights_sitenote_active":false,"_monsterinsights_sitenote_note":"","_monsterinsights_sitenote_category":0,"_uf_show_specific_survey":0,"_uf_disable_surveys":false,"episode_type":"","audio_file":"","cover_image":"","cover_image_id":"","duration":"","filesize":"","date_recorded":"","explicit":"","block":"","filesize_raw":"","footnotes":""},"categories":[244],"tags":[4747,6573,336],"series":[],"class_list":["post-32779","post","type-post","status-publish","format-standard","has-post-thumbnail","hentry","category-canal-de-arquitectura","tag-el-espanol","tag-franciso-gonzalez-de-canales","tag-rafael-moneo"],"aioseo_notices":[],"episode_featured_image":"https:\/\/stepienybarno.es\/blog\/wp-content\/uploads\/2018\/08\/Stepienybarno-moneo-ProyectoDelDia-01.jpg","episode_player_image":"https:\/\/stepienybarno.es\/blog\/wp-content\/uploads\/2020\/11\/stepienybarno-podcast-scaled.jpg","download_link":"","player_link":"","audio_player":false,"episode_data":{"playerMode":"dark","subscribeUrls":[],"rssFeedUrl":"https:\/\/stepienybarno.es\/blog\/feed\/podcast\/podcast-de-stepienybarno","embedCode":"<blockquote class=\"wp-embedded-content\" data-secret=\"QroQio3miq\"><a href=\"https:\/\/stepienybarno.es\/blog\/2018\/08\/15\/rafael-moneo-el-ultimo-arquitecto-que-dibujaba-sus-edificios\/\">Rafael Moneo, el \u00faltimo arquitecto que dibujaba sus edificios<\/a><\/blockquote><iframe sandbox=\"allow-scripts\" security=\"restricted\" src=\"https:\/\/stepienybarno.es\/blog\/2018\/08\/15\/rafael-moneo-el-ultimo-arquitecto-que-dibujaba-sus-edificios\/embed\/#?secret=QroQio3miq\" width=\"500\" height=\"350\" title=\"\u00abRafael Moneo, el \u00faltimo arquitecto que dibujaba sus edificios\u00bb \u2014 Blog de STEPIEN Y BARNO - publicaci\u00f3n digital sobre arquitectura\" data-secret=\"QroQio3miq\" frameborder=\"0\" marginwidth=\"0\" marginheight=\"0\" scrolling=\"no\" class=\"wp-embedded-content\"><\/iframe><script type=\"text\/javascript\">\n\/* <![CDATA[ *\/\n\/*! This file is auto-generated *\/\n!function(d,l){\"use strict\";l.querySelector&&d.addEventListener&&\"undefined\"!=typeof URL&&(d.wp=d.wp||{},d.wp.receiveEmbedMessage||(d.wp.receiveEmbedMessage=function(e){var t=e.data;if((t||t.secret||t.message||t.value)&&!\/[^a-zA-Z0-9]\/.test(t.secret)){for(var s,r,n,a=l.querySelectorAll('iframe[data-secret=\"'+t.secret+'\"]'),o=l.querySelectorAll('blockquote[data-secret=\"'+t.secret+'\"]'),c=new RegExp(\"^https?:$\",\"i\"),i=0;i<o.length;i++)o[i].style.display=\"none\";for(i=0;i<a.length;i++)s=a[i],e.source===s.contentWindow&&(s.removeAttribute(\"style\"),\"height\"===t.message?(1e3<(r=parseInt(t.value,10))?r=1e3:~~r<200&&(r=200),s.height=r):\"link\"===t.message&&(r=new URL(s.getAttribute(\"src\")),n=new URL(t.value),c.test(n.protocol))&&n.host===r.host&&l.activeElement===s&&(d.top.location.href=t.value))}},d.addEventListener(\"message\",d.wp.receiveEmbedMessage,!1),l.addEventListener(\"DOMContentLoaded\",function(){for(var e,t,s=l.querySelectorAll(\"iframe.wp-embedded-content\"),r=0;r<s.length;r++)(t=(e=s[r]).getAttribute(\"data-secret\"))||(t=Math.random().toString(36).substring(2,12),e.src+=\"#?secret=\"+t,e.setAttribute(\"data-secret\",t)),e.contentWindow.postMessage({message:\"ready\",secret:t},\"*\")},!1)))}(window,document);\n\/* ]]> *\/\n<\/script>\n"},"_links":{"self":[{"href":"https:\/\/stepienybarno.es\/blog\/wp-json\/wp\/v2\/posts\/32779"}],"collection":[{"href":"https:\/\/stepienybarno.es\/blog\/wp-json\/wp\/v2\/posts"}],"about":[{"href":"https:\/\/stepienybarno.es\/blog\/wp-json\/wp\/v2\/types\/post"}],"author":[{"embeddable":true,"href":"https:\/\/stepienybarno.es\/blog\/wp-json\/wp\/v2\/users\/10"}],"replies":[{"embeddable":true,"href":"https:\/\/stepienybarno.es\/blog\/wp-json\/wp\/v2\/comments?post=32779"}],"version-history":[{"count":2,"href":"https:\/\/stepienybarno.es\/blog\/wp-json\/wp\/v2\/posts\/32779\/revisions"}],"predecessor-version":[{"id":32792,"href":"https:\/\/stepienybarno.es\/blog\/wp-json\/wp\/v2\/posts\/32779\/revisions\/32792"}],"wp:featuredmedia":[{"embeddable":true,"href":"https:\/\/stepienybarno.es\/blog\/wp-json\/wp\/v2\/media\/32782"}],"wp:attachment":[{"href":"https:\/\/stepienybarno.es\/blog\/wp-json\/wp\/v2\/media?parent=32779"}],"wp:term":[{"taxonomy":"category","embeddable":true,"href":"https:\/\/stepienybarno.es\/blog\/wp-json\/wp\/v2\/categories?post=32779"},{"taxonomy":"post_tag","embeddable":true,"href":"https:\/\/stepienybarno.es\/blog\/wp-json\/wp\/v2\/tags?post=32779"},{"taxonomy":"series","embeddable":true,"href":"https:\/\/stepienybarno.es\/blog\/wp-json\/wp\/v2\/series?post=32779"}],"curies":[{"name":"wp","href":"https:\/\/api.w.org\/{rel}","templated":true}]}}